{"id":203199,"date":"2026-03-05T18:25:00","date_gmt":"2026-03-05T21:25:00","guid":{"rendered":"https:\/\/www.correiobraziliense.com.br\/cbradar\/?p=203199"},"modified":"2026-03-04T19:43:41","modified_gmt":"2026-03-04T22:43:41","slug":"agua-de-chia-com-limao-pode-melhorar-digestao-e-aumentar-saciedade","status":"publish","type":"post","link":"https:\/\/www.correiobraziliense.com.br\/cbradar\/agua-de-chia-com-limao-pode-melhorar-digestao-e-aumentar-saciedade\/","title":{"rendered":"\u00c1gua de chia com lim\u00e3o pode melhorar digest\u00e3o e aumentar saciedade"},"content":{"rendered":"\n<p>A <strong>\u00c1gua de Chia com Lim\u00e3o<\/strong> tem se destacado como uma aliada na sa\u00fade digestiva e no gerenciamento de peso. Esse elixir simples, mas potente, associa as fibras da chia \u00e0s propriedades do lim\u00e3o, melhorando o funcionamento intestinal e oferecendo m\u00faltiplos benef\u00edcios ao organismo. Rica em nutrientes essenciais, sua fama cresce entre aqueles que priorizam h\u00e1bitos alimentares equilibrados e saud\u00e1veis, sem abrir m\u00e3o da praticidade no dia a dia.<\/p>\n\n\n\n<h2 class=\"wp-block-heading\">Como a chia contribui para a sa\u00fade intestinal?<\/h2>\n\n\n\n<p>A chia \u00e9 composta por uma quantidade significativa de fibras diet\u00e9ticas, fundamentais para a sa\u00fade digestiva. Ao entrar em contato com a \u00e1gua, forma um gel que aumenta de volume no trato gastrointestinal, ajudando a eliminar res\u00edduos e toxinas e favorecendo um tr\u00e2nsito intestinal regular.<\/p>\n\n\n\n<p>Esse processo contribui para prevenir a constipa\u00e7\u00e3o e pode ser visto como uma forma natural de promover uma digest\u00e3o mais eficiente. Al\u00e9m disso, o consumo frequente de fibras est\u00e1 associado \u00e0 melhora da microbiota intestinal, o que impacta positivamente a imunidade e o bem-estar geral.<\/p>\n\n\n\n<p>Para compreender melhor como a <strong>Chia<\/strong> pode influenciar o funcionamento intestinal, assista ao v\u00eddeo a seguir, no qual o m\u00e9dico <strong>Dr. Fernando Lemos<\/strong> explica o assunto de forma clara e did\u00e1tica no canal <strong>Planeta Intestino<\/strong>.<\/p>\n\n\n\n<iframe loading=\"lazy\" width=\"1396\" height=\"785\" src=\"https:\/\/www.youtube.com\/embed\/m_rVASzbTkQ\" title=\"CHIA e INTESTINO - O que voc\u00ea PRECISA SABER!\" frameborder=\"0\" allow=\"accelerometer; autoplay; clipboard-write; encrypted-media; gyroscope; picture-in-picture; web-share\" referrerpolicy=\"strict-origin-when-cross-origin\" allowfullscreen><\/iframe>\n\n\n\n<h2 class=\"wp-block-heading\">De que forma a bebida auxilia na redu\u00e7\u00e3o de peso?<\/h2>\n\n\n\n<p>A \u00e1gua de chia com lim\u00e3o auxilia na perda de peso principalmente por suas propriedades saciantes. O gel formado pelas fibras permanece no est\u00f4mago por mais tempo, prolongando a sensa\u00e7\u00e3o de saciedade e levando a uma menor ingest\u00e3o cal\u00f3rica nas refei\u00e7\u00f5es seguintes.<\/p>\n\n\n\n<p>Al\u00e9m disso, a chia ajuda a estabilizar os n\u00edveis de a\u00e7\u00facar no sangue, evitando picos de glicose que estimulam a fome. O lim\u00e3o complementa a bebida com vitamina C e antioxidantes, que podem apoiar o metabolismo e uma digest\u00e3o mais eficiente quando inseridos em um estilo de vida saud\u00e1vel.<\/p>\n\n\n<div class=\"wp-block-image\">\n<figure class=\"aligncenter size-large\"><img decoding=\"async\" width=\"1024\" height=\"576\" src=\"https:\/\/www.correiobraziliense.com.br\/cbradar\/wp-content\/uploads\/2025\/07\/Chia_1751892422657-1024x576.jpg\" alt=\"\" class=\"wp-image-65921\" srcset=\"https:\/\/www.correiobraziliense.com.br\/cbradar\/wp-content\/uploads\/2025\/07\/Chia_1751892422657-1024x576.jpg 1024w, https:\/\/www.correiobraziliense.com.br\/cbradar\/wp-content\/uploads\/2025\/07\/Chia_1751892422657-300x169.jpg 300w, https:\/\/www.correiobraziliense.com.br\/cbradar\/wp-content\/uploads\/2025\/07\/Chia_1751892422657-768x432.jpg 768w, https:\/\/www.correiobraziliense.com.br\/cbradar\/wp-content\/uploads\/2025\/07\/Chia_1751892422657-750x422.jpg 750w, https:\/\/www.correiobraziliense.com.br\/cbradar\/wp-content\/uploads\/2025\/07\/Chia_1751892422657-1140x641.jpg 1140w, https:\/\/www.correiobraziliense.com.br\/cbradar\/wp-content\/uploads\/2025\/07\/Chia_1751892422657.jpg 1280w\" sizes=\"(max-width: 1024px) 100vw, 1024px\" \/><figcaption class=\"wp-element-caption\">Chia &#8211; Cr\u00e9ditos: depositphotos.com \/ AntonMatyukha<\/figcaption><\/figure><\/div>\n\n\n<h2 class=\"wp-block-heading\">O que os estudos indicam sobre os benef\u00edcios da chia?<\/h2>\n\n\n\n<p>Estudos cient\u00edficos demonstram que o consumo regular de sementes de chia pode trazer benef\u00edcios significativos para a sa\u00fade metab\u00f3lica. Em an\u00e1lises cl\u00ednicas, h\u00e1 evid\u00eancias de redu\u00e7\u00e3o de medidas corporais, como circunfer\u00eancia da cintura, e melhora de certos marcadores de inflama\u00e7\u00e3o.<\/p>\n\n\n\n<p>Para facilitar o entendimento, alguns dos potenciais benef\u00edcios observados em pesquisas incluem:<\/p>\n\n\n\n<style>\n  .make-wrap{\n    max-width: 760px;\n    margin: 26px auto;\n    padding: 18px;\n    border-radius: 18px;\n    background: linear-gradient(135deg,#fff7fb 0%,#f6f2ff 100%);\n    border: 1px solid #f7d4ea;\n    box-shadow: 0 8px 20px rgba(236,72,153,.12);\n    font-family: system-ui, -apple-system, Segoe UI, Roboto, Helvetica, Arial, sans-serif;\n  }\n\n  .make-title{\n    display:flex; \n    align-items:center; \n    gap:10px;\n    margin:0 0 12px 4px;\n    font-size:1.2rem; \n    font-weight:900; \n    color:#9d174d;\n  }\n\n  .make-table{\n    width:100%;\n    border-collapse:separate;\n    border-spacing:0;\n    overflow:hidden;\n    border-radius:16px;\n    border:1px solid #f7d4ea;\n    background:#fff;\n    font-size:.92rem;\n  }\n\n  .make-table thead th{\n    background:linear-gradient(90deg,#fde7f3 0%,#f8e9ff 100%);\n    padding:12px;\n    color:#7a1e63;\n    font-weight:800;\n    text-align:left;\n    border-bottom:1px solid #f7d4ea;\n  }\n\n  .make-table tbody td{\n    padding:12px;\n    color:#374151;\n    vertical-align:top;\n    border-bottom:1px dashed #f7d4ea;\n  }\n\n  .make-table tbody tr:nth-child(odd){\n    background:#fffaff;\n  }\n\n  .price{\n    display:inline-flex;\n    align-items:center;\n    background:#fff7ed;\n    color:#b45309;\n    padding:6px 10px;\n    border-radius:10px;\n    border:1px solid #fed7aa;\n    font-weight:700;\n    white-space:nowrap;\n  }\n\n  .badge{\n    display:inline-block;\n    background:#fde7f3;\n    color:#c026d3;\n    border:1px solid #fecdd3;\n    padding:4px 10px;\n    border-radius:999px;\n    font-weight:700;\n    font-size:.78rem;\n  }\n\n  @media (max-width:720px){\n    .make-table thead{display:none}\n    .make-table, .make-table tbody, .make-table tr, .make-table td{\n      display:block; \n      width:100%;\n    }\n    .make-table tr{\n      margin-bottom:12px;\n      border:1px solid #f7d4ea;\n      border-radius:14px;\n      overflow:hidden;\n      background:#fff;\n    }\n    .make-table td[data-label]:before{\n      content:attr(data-label);\n      display:block;\n      font-weight:800;\n      color:#7a1e63;\n      margin-bottom:4px;\n    }\n    .make-table tbody td:last-child{border-bottom:none}\n  }\n<\/style>\n\n<div class=\"make-wrap\">\n  <h3 class=\"make-title\">\ud83d\udc9a\ud83e\udd57 Poss\u00edveis Benef\u00edcios Metab\u00f3licos da Alimenta\u00e7\u00e3o Equilibrada<\/h3>\n\n  <table class=\"make-table\">\n    <thead>\n      <tr>\n        <th>Benef\u00edcio<\/th>\n        <th>Descri\u00e7\u00e3o<\/th>\n      <\/tr>\n    <\/thead>\n    <tbody>\n      <tr>\n        <td data-label=\"Benef\u00edcio\"><span class=\"badge\">Perfis Lip\u00eddicos<\/span><\/td>\n        <td data-label=\"Descri\u00e7\u00e3o\">Melhora de perfis lip\u00eddicos, como redu\u00e7\u00e3o do colesterol LDL em alguns indiv\u00edduos.<\/td>\n      <\/tr>\n      <tr>\n        <td data-label=\"Benef\u00edcio\"><span class=\"badge\">Controle Glic\u00eamico<\/span><\/td>\n        <td data-label=\"Descri\u00e7\u00e3o\">Apoio ao controle glic\u00eamico, especialmente quando associada a uma dieta equilibrada.<\/td>\n      <\/tr>\n      <tr>\n        <td data-label=\"Benef\u00edcio\"><span class=\"badge\">Saciedade e Peso<\/span><\/td>\n        <td data-label=\"Descri\u00e7\u00e3o\">Contribui\u00e7\u00e3o para a saciedade e poss\u00edvel aux\u00edlio na perda e manuten\u00e7\u00e3o do peso.<\/td>\n      <\/tr>\n      <tr>\n        <td data-label=\"Benef\u00edcio\"><span class=\"badge\">Prote\u00e7\u00e3o Cardiometab\u00f3lica<\/span><\/td>\n        <td data-label=\"Descri\u00e7\u00e3o\">Potencial efeito protetor contra doen\u00e7as cardiovasculares e metab\u00f3licas.<\/td>\n      <\/tr>\n    <\/tbody>\n  <\/table>\n\n  <p style=\"margin-top:14px; color:#6b7280; font-size:.9rem;\">\n    \ud83d\udca1 <strong>Dica:<\/strong> Combinar uma alimenta\u00e7\u00e3o balanceada com atividade f\u00edsica regular pode potencializar esses benef\u00edcios para a sa\u00fade metab\u00f3lica.\n  <\/p>\n<\/div>\n\n\n\n\n<h2 class=\"wp-block-heading\">Como preparar e consumir a \u00e1gua de chia com lim\u00e3o?<\/h2>\n\n\n\n<p>Para preparar a \u00e1gua de chia com lim\u00e3o, misture 1 a 2 colheres de sopa de sementes de chia em um copo de \u00e1gua e deixe repousar at\u00e9 formar uma gelatina. Em seguida, esprema o suco de meio lim\u00e3o na mistura, mexendo bem para distribuir os ingredientes.<\/p>\n\n\n\n<p>Essa bebida tende a ser mais eficaz se consumida em jejum ou antes das refei\u00e7\u00f5es, pois suas propriedades saciantes atuam com mais intensidade. Para potencializar os efeitos das fibras e evitar desconfortos, \u00e9 essencial manter-se bem hidratado ao longo do dia.<\/p>\n\n\n\n<h2 class=\"wp-block-heading\">Quais s\u00e3o as principais precau\u00e7\u00f5es ao consumir a bebida?<\/h2>\n\n\n\n<p>Apesar dos benef\u00edcios, \u00e9 importante moderar o consumo para evitar incha\u00e7o abdominal ou gases, comuns quando h\u00e1 aumento brusco de fibras na alimenta\u00e7\u00e3o. Pessoas com condi\u00e7\u00f5es digestivas espec\u00edficas, como dificuldade para engolir, devem ter cuidado, pois as sementes se expandem em contato com l\u00edquidos.<\/p>\n\n\n\n<p>Al\u00e9m disso, indiv\u00edduos com gastrite ou refluxo podem n\u00e3o tolerar bem o lim\u00e3o em jejum e devem adaptar o hor\u00e1rio de consumo. Vale lembrar que o sucesso na perda de peso exige uma abordagem multifacetada, que inclui dieta balanceada, atividade f\u00edsica regular, sono adequado e acompanhamento profissional quando necess\u00e1rio.<\/p>\n\n\n<a href=\"https:\/\/www.instagram.com\/dra.annaluisabf\/\" target=\"_blank\" rel=\"noopener\" style=\"text-decoration: none; color: inherit;\">\n    <span style=\"display: inline-block; border: 1px solid #ccc; border-radius: 10px; padding: 15px; max-width: 550px; font-family: sans-serif; box-shadow: 0 2px 5px rgba(0,0,0,0.1); width: 100%;\">\n\n      <!-- T\u00edtulo -->\n      <span style=\"display: block; margin: 0 0 15px 0; font-weight: bold; color: #2c3e50; text-align: center;\">\n        Entre em contato:\n      <\/span>\n\n      <!-- Linha do perfil -->\n      <span style=\"display: flex; align-items: center; gap: 15px;\">\n        <img decoding=\"async\"\n          src=\"https:\/\/www.correiobraziliense.com.br\/cbradar\/wp-content\/uploads\/2025\/08\/dra_anna_luisa.jpeg\"\n          alt=\"Foto da Dra. Anna Lu\u00edsa\"\n          style=\"border-radius: 50%; width: 80px; height: 80px; object-fit: cover;\"\n        \/>\n        <span style=\"display: flex; flex-direction: column;\">\n          <span style=\"font-size: 18px; font-weight: 700; color: #2c3e50;\">Dra. Anna Lu\u00edsa Barbosa Fernandes<\/span>\n          <span style=\"color: #555;\">CRM-GO 33.271<\/span>\n        <\/span>\n      <\/span>\n\n      <!-- Redes -->\n      <span style=\"display: flex; align-items: center; gap: 10px; margin-top: 12px;\">\n        <img decoding=\"async\" src=\"https:\/\/cdn-icons-png.flaticon.com\/24\/1384\/1384063.png\" alt=\"Instagram\" width=\"24\" height=\"24\" \/>\n        <span style=\"text-decoration: underline; color: #2c3e50;\">@dra.annaluisabf<\/span>\n      <\/span>\n\n    <\/span>\n  <\/a>","protected":false},"excerpt":{"rendered":"<p>A \u00c1gua de Chia com Lim\u00e3o tem se destacado como uma aliada na sa\u00fade digestiva e no gerenciamento de peso. Esse elixir simples, mas potente, associa as fibras da chia \u00e0s propriedades do lim\u00e3o, melhorando o funcionamento intestinal e oferecendo m\u00faltiplos benef\u00edcios ao organismo. Rica em nutrientes essenciais, sua fama cresce entre aqueles que priorizam [&hellip;]<\/p>\n","protected":false},"author":14,"featured_media":65922,"comment_status":"open","ping_status":"open","sticky":false,"template":"","format":"standard","meta":{"_yoast_wpseo_focuskw":"\u00c1gua de Chia com Lim\u00e3o","_yoast_wpseo_title":"","_yoast_wpseo_metadesc":"\u00c1gua de chia com lim\u00e3o pode melhorar digest\u00e3o e aumentar saciedade. Descubra como preparar e aproveitar os benef\u00edcios.","jnews-multi-image_gallery":[],"jnews_single_post":{"format":"standard"},"jnews_primary_category":[],"jnews_social_meta":[],"jnews_override_counter":[],"footnotes":""},"categories":[4404],"post_tag":[120,247,1318],"class_list":["post-203199","post","type-post","status-publish","format-standard","has-post-thumbnail","hentry","category-saude","tag-bem-estar","tag-qualidade-de-vida","tag-saude-2"],"yoast_head":"<!-- This site is optimized with the Yoast SEO plugin v24.6 - https:\/\/yoast.com\/wordpress\/plugins\/seo\/ -->\n<title>\u00c1gua de chia com lim\u00e3o pode melhorar digest\u00e3o e aumentar saciedade - Correio Braziliense - Radar<\/title>\n<meta name=\"description\" content=\"\u00c1gua de chia com lim\u00e3o pode melhorar digest\u00e3o e aumentar saciedade. Descubra como preparar e aproveitar os benef\u00edcios.\" \/>\n<meta name=\"robots\" content=\"index, follow, max-snippet:-1, max-image-preview:large, max-video-preview:-1\" \/>\n<link rel=\"canonical\" href=\"https:\/\/www.correiobraziliense.com.br\/cbradar\/agua-de-chia-com-limao-pode-melhorar-digestao-e-aumentar-saciedade\/\" \/>\n<meta property=\"og:locale\" content=\"pt_BR\" \/>\n<meta property=\"og:type\" content=\"article\" \/>\n<meta property=\"og:title\" content=\"\u00c1gua de chia com lim\u00e3o pode melhorar digest\u00e3o e aumentar saciedade - Correio Braziliense - Radar\" \/>\n<meta property=\"og:description\" content=\"\u00c1gua de chia com lim\u00e3o pode melhorar digest\u00e3o e aumentar saciedade. Descubra como preparar e aproveitar os benef\u00edcios.\" \/>\n<meta property=\"og:url\" content=\"https:\/\/www.correiobraziliense.com.br\/cbradar\/agua-de-chia-com-limao-pode-melhorar-digestao-e-aumentar-saciedade\/\" \/>\n<meta property=\"og:site_name\" content=\"Correio Braziliense - Radar\" \/>\n<meta property=\"article:published_time\" content=\"2026-03-05T21:25:00+00:00\" \/>\n<meta property=\"og:image\" content=\"https:\/\/www.correiobraziliense.com.br\/cbradar\/wp-content\/uploads\/2025\/07\/Chia_1751892457928.jpg\" \/>\n\t<meta property=\"og:image:width\" content=\"1280\" \/>\n\t<meta property=\"og:image:height\" content=\"720\" \/>\n\t<meta property=\"og:image:type\" content=\"image\/jpeg\" \/>\n<meta name=\"author\" content=\"guilherme_saude\" \/>\n<meta name=\"twitter:card\" content=\"summary_large_image\" \/>\n<meta name=\"twitter:label1\" content=\"Escrito por\" \/>\n\t<meta name=\"twitter:data1\" content=\"guilherme_saude\" \/>\n\t<meta name=\"twitter:label2\" content=\"Est. tempo de leitura\" \/>\n\t<meta name=\"twitter:data2\" content=\"5 minutos\" \/>\n<!-- \/ Yoast SEO plugin. -->","yoast_head_json":{"title":"\u00c1gua de chia com lim\u00e3o pode melhorar digest\u00e3o e aumentar saciedade - Correio Braziliense - Radar","description":"\u00c1gua de chia com lim\u00e3o pode melhorar digest\u00e3o e aumentar saciedade. Descubra como preparar e aproveitar os benef\u00edcios.","robots":{"index":"index","follow":"follow","max-snippet":"max-snippet:-1","max-image-preview":"max-image-preview:large","max-video-preview":"max-video-preview:-1"},"canonical":"https:\/\/www.correiobraziliense.com.br\/cbradar\/agua-de-chia-com-limao-pode-melhorar-digestao-e-aumentar-saciedade\/","og_locale":"pt_BR","og_type":"article","og_title":"\u00c1gua de chia com lim\u00e3o pode melhorar digest\u00e3o e aumentar saciedade - Correio Braziliense - Radar","og_description":"\u00c1gua de chia com lim\u00e3o pode melhorar digest\u00e3o e aumentar saciedade. Descubra como preparar e aproveitar os benef\u00edcios.","og_url":"https:\/\/www.correiobraziliense.com.br\/cbradar\/agua-de-chia-com-limao-pode-melhorar-digestao-e-aumentar-saciedade\/","og_site_name":"Correio Braziliense - Radar","article_published_time":"2026-03-05T21:25:00+00:00","og_image":[{"width":1280,"height":720,"url":"https:\/\/www.correiobraziliense.com.br\/cbradar\/wp-content\/uploads\/2025\/07\/Chia_1751892457928.jpg","type":"image\/jpeg"}],"author":"guilherme_saude","twitter_card":"summary_large_image","twitter_misc":{"Escrito por":"guilherme_saude","Est. tempo de leitura":"5 minutos"},"schema":{"@context":"https:\/\/schema.org","@graph":[{"@type":"WebPage","@id":"https:\/\/www.correiobraziliense.com.br\/cbradar\/agua-de-chia-com-limao-pode-melhorar-digestao-e-aumentar-saciedade\/","url":"https:\/\/www.correiobraziliense.com.br\/cbradar\/agua-de-chia-com-limao-pode-melhorar-digestao-e-aumentar-saciedade\/","name":"\u00c1gua de chia com lim\u00e3o pode melhorar digest\u00e3o e aumentar saciedade - Correio Braziliense - Radar","isPartOf":{"@id":"https:\/\/www.correiobraziliense.com.br\/cbradar\/#website"},"primaryImageOfPage":{"@id":"https:\/\/www.correiobraziliense.com.br\/cbradar\/agua-de-chia-com-limao-pode-melhorar-digestao-e-aumentar-saciedade\/#primaryimage"},"image":{"@id":"https:\/\/www.correiobraziliense.com.br\/cbradar\/agua-de-chia-com-limao-pode-melhorar-digestao-e-aumentar-saciedade\/#primaryimage"},"thumbnailUrl":"https:\/\/www.correiobraziliense.com.br\/cbradar\/wp-content\/uploads\/2025\/07\/Chia_1751892457928.jpg","datePublished":"2026-03-05T21:25:00+00:00","author":{"@id":"https:\/\/www.correiobraziliense.com.br\/cbradar\/#\/schema\/person\/5aa4bf3c8fa699c267933611de12978b"},"description":"\u00c1gua de chia com lim\u00e3o pode melhorar digest\u00e3o e aumentar saciedade. Descubra como preparar e aproveitar os benef\u00edcios.","breadcrumb":{"@id":"https:\/\/www.correiobraziliense.com.br\/cbradar\/agua-de-chia-com-limao-pode-melhorar-digestao-e-aumentar-saciedade\/#breadcrumb"},"inLanguage":"pt-BR","potentialAction":[{"@type":"ReadAction","target":["https:\/\/www.correiobraziliense.com.br\/cbradar\/agua-de-chia-com-limao-pode-melhorar-digestao-e-aumentar-saciedade\/"]}]},{"@type":"ImageObject","inLanguage":"pt-BR","@id":"https:\/\/www.correiobraziliense.com.br\/cbradar\/agua-de-chia-com-limao-pode-melhorar-digestao-e-aumentar-saciedade\/#primaryimage","url":"https:\/\/www.correiobraziliense.com.br\/cbradar\/wp-content\/uploads\/2025\/07\/Chia_1751892457928.jpg","contentUrl":"https:\/\/www.correiobraziliense.com.br\/cbradar\/wp-content\/uploads\/2025\/07\/Chia_1751892457928.jpg","width":1280,"height":720,"caption":"Pouca gente entende por que esses alimentos s\u00e3o t\u00e3o nutritivos - Cr\u00e9ditos: depositphotos.com \/ AntonMatyukha"},{"@type":"BreadcrumbList","@id":"https:\/\/www.correiobraziliense.com.br\/cbradar\/agua-de-chia-com-limao-pode-melhorar-digestao-e-aumentar-saciedade\/#breadcrumb","itemListElement":[{"@type":"ListItem","position":1,"name":"In\u00edcio","item":"https:\/\/www.correiobraziliense.com.br\/cbradar\/"},{"@type":"ListItem","position":2,"name":"\u00c1gua de chia com lim\u00e3o pode melhorar digest\u00e3o e aumentar saciedade"}]},{"@type":"WebSite","@id":"https:\/\/www.correiobraziliense.com.br\/cbradar\/#website","url":"https:\/\/www.correiobraziliense.com.br\/cbradar\/","name":"Correio Braziliense - Radar","description":"Acompanhe as \u00faltimas not\u00edcias e fique bem informado sobre tudo o que acontece no Brasil e no mundo.","potentialAction":[{"@type":"SearchAction","target":{"@type":"EntryPoint","urlTemplate":"https:\/\/www.correiobraziliense.com.br\/cbradar\/?s={search_term_string}"},"query-input":{"@type":"PropertyValueSpecification","valueRequired":true,"valueName":"search_term_string"}}],"inLanguage":"pt-BR"},{"@type":"Person","@id":"https:\/\/www.correiobraziliense.com.br\/cbradar\/#\/schema\/person\/5aa4bf3c8fa699c267933611de12978b","name":"guilherme_saude","image":{"@type":"ImageObject","inLanguage":"pt-BR","@id":"https:\/\/www.correiobraziliense.com.br\/cbradar\/#\/schema\/person\/image\/","url":"https:\/\/secure.gravatar.com\/avatar\/df9adfb835d344bc0af109d41756253f?s=96&d=mm&r=g","contentUrl":"https:\/\/secure.gravatar.com\/avatar\/df9adfb835d344bc0af109d41756253f?s=96&d=mm&r=g","caption":"guilherme_saude"},"url":"https:\/\/www.correiobraziliense.com.br\/cbradar\/author\/guilherme_saude\/"}]}},"_links":{"self":[{"href":"https:\/\/www.correiobraziliense.com.br\/cbradar\/wp-json\/wp\/v2\/posts\/203199","targetHints":{"allow":["GET"]}}],"collection":[{"href":"https:\/\/www.correiobraziliense.com.br\/cbradar\/wp-json\/wp\/v2\/posts"}],"about":[{"href":"https:\/\/www.correiobraziliense.com.br\/cbradar\/wp-json\/wp\/v2\/types\/post"}],"author":[{"embeddable":true,"href":"https:\/\/www.correiobraziliense.com.br\/cbradar\/wp-json\/wp\/v2\/users\/14"}],"replies":[{"embeddable":true,"href":"https:\/\/www.correiobraziliense.com.br\/cbradar\/wp-json\/wp\/v2\/comments?post=203199"}],"version-history":[{"count":1,"href":"https:\/\/www.correiobraziliense.com.br\/cbradar\/wp-json\/wp\/v2\/posts\/203199\/revisions"}],"predecessor-version":[{"id":203202,"href":"https:\/\/www.correiobraziliense.com.br\/cbradar\/wp-json\/wp\/v2\/posts\/203199\/revisions\/203202"}],"wp:featuredmedia":[{"embeddable":true,"href":"https:\/\/www.correiobraziliense.com.br\/cbradar\/wp-json\/wp\/v2\/media\/65922"}],"wp:attachment":[{"href":"https:\/\/www.correiobraziliense.com.br\/cbradar\/wp-json\/wp\/v2\/media?parent=203199"}],"wp:term":[{"taxonomy":"category","embeddable":true,"href":"https:\/\/www.correiobraziliense.com.br\/cbradar\/wp-json\/wp\/v2\/categories?post=203199"},{"taxonomy":"post_tag","embeddable":true,"href":"https:\/\/www.correiobraziliense.com.br\/cbradar\/wp-json\/wp\/v2\/post_tag?post=203199"}],"curies":[{"name":"wp","href":"https:\/\/api.w.org\/{rel}","templated":true}]}}