{"id":203204,"date":"2026-03-05T20:25:00","date_gmt":"2026-03-05T23:25:00","guid":{"rendered":"https:\/\/www.correiobraziliense.com.br\/cbradar\/?p=203204"},"modified":"2026-03-04T19:49:30","modified_gmt":"2026-03-04T22:49:30","slug":"acordar-entre-3h-e-4h-da-manha-pode-revelar-algo-sobre-seu-sono","status":"publish","type":"post","link":"https:\/\/www.correiobraziliense.com.br\/cbradar\/acordar-entre-3h-e-4h-da-manha-pode-revelar-algo-sobre-seu-sono\/","title":{"rendered":"Acordar entre 3h e 4h da manh\u00e3 pode revelar algo sobre seu sono"},"content":{"rendered":"\n<p>Muitas pessoas se encontram despertando entre 3h e 4h da manh\u00e3 sem um motivo aparente. Esse fen\u00f4meno pode estar vinculado aos ciclos naturais do sono, quando o corpo passa da fase de sono profundo para ciclos mais leves, tornando-se mais suscet\u00edvel a pequenos est\u00edmulos que podem interromper o descanso.<\/p>\n\n\n\n<h2 class=\"wp-block-heading\">Quais processos biol\u00f3gicos influenciam o despertar noturno?<\/h2>\n\n\n\n<p>Nesse per\u00edodo da madrugada, o corpo experimenta um aumento gradual dos n\u00edveis de cortisol, enquanto a temperatura corporal come\u00e7a a subir. A produ\u00e7\u00e3o de melatonina, o horm\u00f4nio do sono, atinge seu pico, indicando que o organismo est\u00e1 se preparando para o despertar matinal e deixando o sono mais fr\u00e1gil.<\/p>\n\n\n\n<iframe loading=\"lazy\" width=\"1396\" height=\"785\" src=\"https:\/\/www.youtube.com\/embed\/DBY12KSB-x0\" title=\"PARE DE ACORDAR A NOITE! Mude h\u00e1bitos e melhore seu SONO.\" frameborder=\"0\" allow=\"accelerometer; autoplay; clipboard-write; encrypted-media; gyroscope; picture-in-picture; web-share\" referrerpolicy=\"strict-origin-when-cross-origin\" allowfullscreen><\/iframe>\n\n\n\n<h2 class=\"wp-block-heading\">Quais fatores contribuem para o despertar no meio da noite?<\/h2>\n\n\n\n<p>Identificar os fatores que causam o despertar noturno \u00e9 fundamental para lidar com o problema de forma eficaz. Esses elementos podem envolver quest\u00f5es emocionais, h\u00e1bitos di\u00e1rios e condi\u00e7\u00f5es de sa\u00fade que interferem na continuidade do sono.<\/p>\n\n\n\n<style>\n  .make-wrap{\n    max-width: 760px;\n    margin: 26px auto;\n    padding: 18px;\n    border-radius: 18px;\n    background: linear-gradient(135deg,#fff7fb 0%,#f6f2ff 100%);\n    border: 1px solid #f7d4ea;\n    box-shadow: 0 8px 20px rgba(236,72,153,.12);\n    font-family: system-ui, -apple-system, Segoe UI, Roboto, Helvetica, Arial, sans-serif;\n  }\n\n  .make-title{\n    display:flex; \n    align-items:center; \n    gap:10px;\n    margin:0 0 12px 4px;\n    font-size:1.2rem; \n    font-weight:900; \n    color:#9d174d;\n  }\n\n  .make-table{\n    width:100%;\n    border-collapse:separate;\n    border-spacing:0;\n    overflow:hidden;\n    border-radius:16px;\n    border:1px solid #f7d4ea;\n    background:#fff;\n    font-size:.92rem;\n  }\n\n  .make-table thead th{\n    background:linear-gradient(90deg,#fde7f3 0%,#f8e9ff 100%);\n    padding:12px;\n    color:#7a1e63;\n    font-weight:800;\n    text-align:left;\n    border-bottom:1px solid #f7d4ea;\n  }\n\n  .make-table tbody td{\n    padding:12px;\n    color:#374151;\n    vertical-align:top;\n    border-bottom:1px dashed #f7d4ea;\n  }\n\n  .make-table tbody tr:nth-child(odd){\n    background:#fffaff;\n  }\n\n  .price{\n    display:inline-flex;\n    align-items:center;\n    background:#fff7ed;\n    color:#b45309;\n    padding:6px 10px;\n    border-radius:10px;\n    border:1px solid #fed7aa;\n    font-weight:700;\n    white-space:nowrap;\n  }\n\n  .badge{\n    display:inline-block;\n    background:#fde7f3;\n    color:#c026d3;\n    border:1px solid #fecdd3;\n    padding:4px 10px;\n    border-radius:999px;\n    font-weight:700;\n    font-size:.78rem;\n  }\n\n  @media (max-width:720px){\n    .make-table thead{display:none}\n    .make-table, .make-table tbody, .make-table tr, .make-table td{\n      display:block; \n      width:100%;\n    }\n    .make-table tr{\n      margin-bottom:12px;\n      border:1px solid #f7d4ea;\n      border-radius:14px;\n      overflow:hidden;\n      background:#fff;\n    }\n    .make-table td[data-label]:before{\n      content:attr(data-label);\n      display:block;\n      font-weight:800;\n      color:#7a1e63;\n      margin-bottom:4px;\n    }\n    .make-table tbody td:last-child{border-bottom:none}\n  }\n<\/style>\n\n<div class=\"make-wrap\">\n  <h3 class=\"make-title\">\ud83c\udf19\ud83d\ude34 Fatores que Podem Causar Despertares Noturnos<\/h3>\n\n  <table class=\"make-table\">\n    <thead>\n      <tr>\n        <th>Fator<\/th>\n        <th>Descri\u00e7\u00e3o<\/th>\n      <\/tr>\n    <\/thead>\n    <tbody>\n      <tr>\n        <td data-label=\"Fator\"><span class=\"badge\">Estresse e Ansiedade<\/span><\/td>\n        <td data-label=\"Descri\u00e7\u00e3o\">O excesso de preocupa\u00e7\u00f5es mant\u00e9m o c\u00e9rebro em alerta, facilitando o despertar.<\/td>\n      <\/tr>\n      <tr>\n        <td data-label=\"Fator\"><span class=\"badge\">Rotina de Sono Irregular<\/span><\/td>\n        <td data-label=\"Descri\u00e7\u00e3o\">Alterar constantemente o hor\u00e1rio de dormir e acordar pode desregular o ciclo circadiano.<\/td>\n      <\/tr>\n      <tr>\n        <td data-label=\"Fator\"><span class=\"badge\">Exposi\u00e7\u00e3o a Telas<\/span><\/td>\n        <td data-label=\"Descri\u00e7\u00e3o\">A luz azul emitida por dispositivos eletr\u00f4nicos pode inibir a produ\u00e7\u00e3o normal de melatonina.<\/td>\n      <\/tr>\n      <tr>\n        <td data-label=\"Fator\"><span class=\"badge\">Dieta e H\u00e1bitos Noturnos<\/span><\/td>\n        <td data-label=\"Descri\u00e7\u00e3o\">Consumo de refei\u00e7\u00f5es pesadas, cafe\u00edna ou bebidas alco\u00f3licas antes de dormir pode interromper o sono.<\/td>\n      <\/tr>\n      <tr>\n        <td data-label=\"Fator\"><span class=\"badge\">Condi\u00e7\u00f5es M\u00e9dicas<\/span><\/td>\n        <td data-label=\"Descri\u00e7\u00e3o\">Transtornos como apneia do sono, refluxo gastroesof\u00e1gico ou dor cr\u00f4nica tendem a fragmentar o sono sem que a pessoa perceba.<\/td>\n      <\/tr>\n    <\/tbody>\n  <\/table>\n\n  <p style=\"margin-top:14px; color:#6b7280; font-size:.9rem;\">\n    \ud83d\udca1 <strong>Dica:<\/strong> Manter hor\u00e1rios regulares para dormir, reduzir telas \u00e0 noite e adotar h\u00e1bitos relaxantes pode ajudar a melhorar a qualidade do sono.\n  <\/p>\n<\/div>\n\n\n\n\n<h2 class=\"wp-block-heading\">Quais s\u00e3o os impactos do despertar noturno na sa\u00fade?<\/h2>\n\n\n\n<p>Al\u00e9m do cansa\u00e7o diurno, despertares frequentes podem afetar a sa\u00fade f\u00edsica e mental de diversas maneiras. Pesquisas apontam que interrup\u00e7\u00f5es no sono aumentam a atividade do sistema nervoso, alteram o metabolismo e podem provocar inflama\u00e7\u00f5es, prejudicando a recupera\u00e7\u00e3o do organismo.<\/p>\n\n\n\n<p>Consequ\u00eancias de curto prazo incluem aumento do estresse, dores corporais, altera\u00e7\u00f5es de humor e dificuldades cognitivas, como falta de concentra\u00e7\u00e3o e lapsos de mem\u00f3ria. A longo prazo, o problema pode favorecer o surgimento de hipertens\u00e3o, doen\u00e7as cardiovasculares e piora de transtornos emocionais j\u00e1 existentes.<\/p>\n\n\n<div class=\"wp-block-image\">\n<figure class=\"aligncenter size-large\"><img decoding=\"async\" width=\"1024\" height=\"576\" src=\"https:\/\/www.correiobraziliense.com.br\/cbradar\/wp-content\/uploads\/2026\/03\/acordar-noite_1772664443528-1024x576.jpg\" alt=\"\" class=\"wp-image-203209\" srcset=\"https:\/\/www.correiobraziliense.com.br\/cbradar\/wp-content\/uploads\/2026\/03\/acordar-noite_1772664443528-1024x576.jpg 1024w, https:\/\/www.correiobraziliense.com.br\/cbradar\/wp-content\/uploads\/2026\/03\/acordar-noite_1772664443528-300x169.jpg 300w, https:\/\/www.correiobraziliense.com.br\/cbradar\/wp-content\/uploads\/2026\/03\/acordar-noite_1772664443528-768x432.jpg 768w, https:\/\/www.correiobraziliense.com.br\/cbradar\/wp-content\/uploads\/2026\/03\/acordar-noite_1772664443528-750x422.jpg 750w, https:\/\/www.correiobraziliense.com.br\/cbradar\/wp-content\/uploads\/2026\/03\/acordar-noite_1772664443528-1140x641.jpg 1140w, https:\/\/www.correiobraziliense.com.br\/cbradar\/wp-content\/uploads\/2026\/03\/acordar-noite_1772664443528.jpg 1280w\" sizes=\"(max-width: 1024px) 100vw, 1024px\" \/><figcaption class=\"wp-element-caption\">O sinal do corpo ao acordar \u00e0s 3h que muitos ignoram &#8211; Cr\u00e9ditos: depositphotos.com \/ HayDmitriy<\/figcaption><\/figure><\/div>\n\n\n<h2 class=\"wp-block-heading\">Quais estrat\u00e9gias ajudam a melhorar a qualidade do sono?<\/h2>\n\n\n\n<p>Alguns ajustes na rotina di\u00e1ria podem reduzir os despertares noturnos e favorecer um sono mais profundo. Essas mudan\u00e7as envolvem tanto a organiza\u00e7\u00e3o do dia quanto o preparo adequado do corpo e da mente para o descanso noturno.<\/p>\n\n\n\n<ol class=\"wp-block-list\">\n<li>Manter uma rotina regular de sono, acordando e dormindo no mesmo hor\u00e1rio diariamente.<\/li>\n\n\n\n<li>Evitar o uso de dispositivos eletr\u00f4nicos perto da hora de dormir.<\/li>\n\n\n\n<li>Exercitar-se regularmente, preferencialmente pela manh\u00e3, e buscar exposi\u00e7\u00e3o \u00e0 luz solar.<\/li>\n\n\n\n<li>Criar um ambiente de sono prop\u00edcio, mantendo o quarto escuro, silencioso e com temperatura agrad\u00e1vel.<\/li>\n\n\n\n<li>Registrar pensamentos e preocupa\u00e7\u00f5es antes de dormir para aliviar a mente e reduzir a rumina\u00e7\u00e3o.<\/li>\n<\/ol>\n\n\n\n<h2 class=\"wp-block-heading\">Quando \u00e9 necess\u00e1rio consultar um especialista do sono?<\/h2>\n\n\n\n<p>Se o despertar noturno se tornar frequente, durar semanas ou meses e interferir de forma clara na qualidade de vida, uma consulta m\u00e9dica pode ser necess\u00e1ria. O profissional de sa\u00fade avaliar\u00e1 h\u00e1bitos, hist\u00f3rico cl\u00ednico e, se preciso, solicitar\u00e1 exames espec\u00edficos para investigar dist\u00farbios do sono.<\/p>\n\n\n\n<p>Um especialista pode diagnosticar e tratar poss\u00edveis causas subjacentes, como problemas respirat\u00f3rios, altera\u00e7\u00f5es hormonais ou ins\u00f4nia cr\u00f4nica, orientando interven\u00e7\u00f5es personalizadas. Ao compreender as origens do problema e adotar solu\u00e7\u00f5es adequadas, torna-se mais vi\u00e1vel restaurar um ciclo de sono saud\u00e1vel e reparador.<\/p>\n\n\n<a href=\"https:\/\/www.instagram.com\/dra.annaluisabf\/\" target=\"_blank\" rel=\"noopener\" style=\"text-decoration: none; color: inherit;\">\n    <span style=\"display: inline-block; border: 1px solid #ccc; border-radius: 10px; padding: 15px; max-width: 550px; font-family: sans-serif; box-shadow: 0 2px 5px rgba(0,0,0,0.1); width: 100%;\">\n\n      <!-- T\u00edtulo -->\n      <span style=\"display: block; margin: 0 0 15px 0; font-weight: bold; color: #2c3e50; text-align: center;\">\n        Entre em contato:\n      <\/span>\n\n      <!-- Linha do perfil -->\n      <span style=\"display: flex; align-items: center; gap: 15px;\">\n        <img decoding=\"async\"\n          src=\"https:\/\/www.correiobraziliense.com.br\/cbradar\/wp-content\/uploads\/2025\/08\/dra_anna_luisa.jpeg\"\n          alt=\"Foto da Dra. Anna Lu\u00edsa\"\n          style=\"border-radius: 50%; width: 80px; height: 80px; object-fit: cover;\"\n        \/>\n        <span style=\"display: flex; flex-direction: column;\">\n          <span style=\"font-size: 18px; font-weight: 700; color: #2c3e50;\">Dra. Anna Lu\u00edsa Barbosa Fernandes<\/span>\n          <span style=\"color: #555;\">CRM-GO 33.271<\/span>\n        <\/span>\n      <\/span>\n\n      <!-- Redes -->\n      <span style=\"display: flex; align-items: center; gap: 10px; margin-top: 12px;\">\n        <img decoding=\"async\" src=\"https:\/\/cdn-icons-png.flaticon.com\/24\/1384\/1384063.png\" alt=\"Instagram\" width=\"24\" height=\"24\" \/>\n        <span style=\"text-decoration: underline; color: #2c3e50;\">@dra.annaluisabf<\/span>\n      <\/span>\n\n    <\/span>\n  <\/a>","protected":false},"excerpt":{"rendered":"<p>Muitas pessoas se encontram despertando entre 3h e 4h da manh\u00e3 sem um motivo aparente. Esse fen\u00f4meno pode estar vinculado aos ciclos naturais do sono, quando o corpo passa da fase de sono profundo para ciclos mais leves, tornando-se mais suscet\u00edvel a pequenos est\u00edmulos que podem interromper o descanso. Quais processos biol\u00f3gicos influenciam o despertar [&hellip;]<\/p>\n","protected":false},"author":14,"featured_media":203210,"comment_status":"open","ping_status":"open","sticky":false,"template":"","format":"standard","meta":{"_yoast_wpseo_focuskw":"Acordar entre 3h e 4h da manh\u00e3","_yoast_wpseo_title":"","_yoast_wpseo_metadesc":"Acordar \u00e0s 3h da manh\u00e3 pode estar ligado ao ciclo natural do sono. Entenda as causas mais comuns.","jnews-multi-image_gallery":[],"jnews_single_post":{"format":"standard"},"jnews_primary_category":[],"jnews_social_meta":[],"jnews_override_counter":[],"footnotes":""},"categories":[4404],"post_tag":[120,247,1318],"class_list":["post-203204","post","type-post","status-publish","format-standard","has-post-thumbnail","hentry","category-saude","tag-bem-estar","tag-qualidade-de-vida","tag-saude-2"],"yoast_head":"<!-- This site is optimized with the Yoast SEO plugin v24.6 - https:\/\/yoast.com\/wordpress\/plugins\/seo\/ -->\n<title>Acordar entre 3h e 4h da manh\u00e3 pode revelar algo sobre seu sono - Correio Braziliense - Radar<\/title>\n<meta name=\"description\" content=\"Acordar \u00e0s 3h da manh\u00e3 pode estar ligado ao ciclo natural do sono. Entenda as causas mais comuns.\" \/>\n<meta name=\"robots\" content=\"index, follow, max-snippet:-1, max-image-preview:large, max-video-preview:-1\" \/>\n<link rel=\"canonical\" href=\"https:\/\/www.correiobraziliense.com.br\/cbradar\/acordar-entre-3h-e-4h-da-manha-pode-revelar-algo-sobre-seu-sono\/\" \/>\n<meta property=\"og:locale\" content=\"pt_BR\" \/>\n<meta property=\"og:type\" content=\"article\" \/>\n<meta property=\"og:title\" content=\"Acordar entre 3h e 4h da manh\u00e3 pode revelar algo sobre seu sono - Correio Braziliense - Radar\" \/>\n<meta property=\"og:description\" content=\"Acordar \u00e0s 3h da manh\u00e3 pode estar ligado ao ciclo natural do sono. Entenda as causas mais comuns.\" \/>\n<meta property=\"og:url\" content=\"https:\/\/www.correiobraziliense.com.br\/cbradar\/acordar-entre-3h-e-4h-da-manha-pode-revelar-algo-sobre-seu-sono\/\" \/>\n<meta property=\"og:site_name\" content=\"Correio Braziliense - Radar\" \/>\n<meta property=\"article:published_time\" content=\"2026-03-05T23:25:00+00:00\" \/>\n<meta property=\"og:image\" content=\"https:\/\/www.correiobraziliense.com.br\/cbradar\/wp-content\/uploads\/2026\/03\/acordar-noite_1772664542937.jpg\" \/>\n\t<meta property=\"og:image:width\" content=\"1280\" \/>\n\t<meta property=\"og:image:height\" content=\"720\" \/>\n\t<meta property=\"og:image:type\" content=\"image\/jpeg\" \/>\n<meta name=\"author\" content=\"guilherme_saude\" \/>\n<meta name=\"twitter:card\" content=\"summary_large_image\" \/>\n<meta name=\"twitter:label1\" content=\"Escrito por\" \/>\n\t<meta name=\"twitter:data1\" content=\"guilherme_saude\" \/>\n\t<meta name=\"twitter:label2\" content=\"Est. tempo de leitura\" \/>\n\t<meta name=\"twitter:data2\" content=\"5 minutos\" \/>\n<!-- \/ Yoast SEO plugin. -->","yoast_head_json":{"title":"Acordar entre 3h e 4h da manh\u00e3 pode revelar algo sobre seu sono - Correio Braziliense - Radar","description":"Acordar \u00e0s 3h da manh\u00e3 pode estar ligado ao ciclo natural do sono. Entenda as causas mais comuns.","robots":{"index":"index","follow":"follow","max-snippet":"max-snippet:-1","max-image-preview":"max-image-preview:large","max-video-preview":"max-video-preview:-1"},"canonical":"https:\/\/www.correiobraziliense.com.br\/cbradar\/acordar-entre-3h-e-4h-da-manha-pode-revelar-algo-sobre-seu-sono\/","og_locale":"pt_BR","og_type":"article","og_title":"Acordar entre 3h e 4h da manh\u00e3 pode revelar algo sobre seu sono - Correio Braziliense - Radar","og_description":"Acordar \u00e0s 3h da manh\u00e3 pode estar ligado ao ciclo natural do sono. Entenda as causas mais comuns.","og_url":"https:\/\/www.correiobraziliense.com.br\/cbradar\/acordar-entre-3h-e-4h-da-manha-pode-revelar-algo-sobre-seu-sono\/","og_site_name":"Correio Braziliense - Radar","article_published_time":"2026-03-05T23:25:00+00:00","og_image":[{"width":1280,"height":720,"url":"https:\/\/www.correiobraziliense.com.br\/cbradar\/wp-content\/uploads\/2026\/03\/acordar-noite_1772664542937.jpg","type":"image\/jpeg"}],"author":"guilherme_saude","twitter_card":"summary_large_image","twitter_misc":{"Escrito por":"guilherme_saude","Est. tempo de leitura":"5 minutos"},"schema":{"@context":"https:\/\/schema.org","@graph":[{"@type":"WebPage","@id":"https:\/\/www.correiobraziliense.com.br\/cbradar\/acordar-entre-3h-e-4h-da-manha-pode-revelar-algo-sobre-seu-sono\/","url":"https:\/\/www.correiobraziliense.com.br\/cbradar\/acordar-entre-3h-e-4h-da-manha-pode-revelar-algo-sobre-seu-sono\/","name":"Acordar entre 3h e 4h da manh\u00e3 pode revelar algo sobre seu sono - Correio Braziliense - Radar","isPartOf":{"@id":"https:\/\/www.correiobraziliense.com.br\/cbradar\/#website"},"primaryImageOfPage":{"@id":"https:\/\/www.correiobraziliense.com.br\/cbradar\/acordar-entre-3h-e-4h-da-manha-pode-revelar-algo-sobre-seu-sono\/#primaryimage"},"image":{"@id":"https:\/\/www.correiobraziliense.com.br\/cbradar\/acordar-entre-3h-e-4h-da-manha-pode-revelar-algo-sobre-seu-sono\/#primaryimage"},"thumbnailUrl":"https:\/\/www.correiobraziliense.com.br\/cbradar\/wp-content\/uploads\/2026\/03\/acordar-noite_1772664542937.jpg","datePublished":"2026-03-05T23:25:00+00:00","author":{"@id":"https:\/\/www.correiobraziliense.com.br\/cbradar\/#\/schema\/person\/5aa4bf3c8fa699c267933611de12978b"},"description":"Acordar \u00e0s 3h da manh\u00e3 pode estar ligado ao ciclo natural do sono. Entenda as causas mais comuns.","breadcrumb":{"@id":"https:\/\/www.correiobraziliense.com.br\/cbradar\/acordar-entre-3h-e-4h-da-manha-pode-revelar-algo-sobre-seu-sono\/#breadcrumb"},"inLanguage":"pt-BR","potentialAction":[{"@type":"ReadAction","target":["https:\/\/www.correiobraziliense.com.br\/cbradar\/acordar-entre-3h-e-4h-da-manha-pode-revelar-algo-sobre-seu-sono\/"]}]},{"@type":"ImageObject","inLanguage":"pt-BR","@id":"https:\/\/www.correiobraziliense.com.br\/cbradar\/acordar-entre-3h-e-4h-da-manha-pode-revelar-algo-sobre-seu-sono\/#primaryimage","url":"https:\/\/www.correiobraziliense.com.br\/cbradar\/wp-content\/uploads\/2026\/03\/acordar-noite_1772664542937.jpg","contentUrl":"https:\/\/www.correiobraziliense.com.br\/cbradar\/wp-content\/uploads\/2026\/03\/acordar-noite_1772664542937.jpg","width":1280,"height":720,"caption":"O fen\u00f4meno noturno que faz muitas pessoas acordarem \u00e0s 3h - Cr\u00e9ditos: depositphotos.com \/ fedemarsicano"},{"@type":"BreadcrumbList","@id":"https:\/\/www.correiobraziliense.com.br\/cbradar\/acordar-entre-3h-e-4h-da-manha-pode-revelar-algo-sobre-seu-sono\/#breadcrumb","itemListElement":[{"@type":"ListItem","position":1,"name":"In\u00edcio","item":"https:\/\/www.correiobraziliense.com.br\/cbradar\/"},{"@type":"ListItem","position":2,"name":"Acordar entre 3h e 4h da manh\u00e3 pode revelar algo sobre seu sono"}]},{"@type":"WebSite","@id":"https:\/\/www.correiobraziliense.com.br\/cbradar\/#website","url":"https:\/\/www.correiobraziliense.com.br\/cbradar\/","name":"Correio Braziliense - Radar","description":"Acompanhe as \u00faltimas not\u00edcias e fique bem informado sobre tudo o que acontece no Brasil e no mundo.","potentialAction":[{"@type":"SearchAction","target":{"@type":"EntryPoint","urlTemplate":"https:\/\/www.correiobraziliense.com.br\/cbradar\/?s={search_term_string}"},"query-input":{"@type":"PropertyValueSpecification","valueRequired":true,"valueName":"search_term_string"}}],"inLanguage":"pt-BR"},{"@type":"Person","@id":"https:\/\/www.correiobraziliense.com.br\/cbradar\/#\/schema\/person\/5aa4bf3c8fa699c267933611de12978b","name":"guilherme_saude","image":{"@type":"ImageObject","inLanguage":"pt-BR","@id":"https:\/\/www.correiobraziliense.com.br\/cbradar\/#\/schema\/person\/image\/","url":"https:\/\/secure.gravatar.com\/avatar\/df9adfb835d344bc0af109d41756253f?s=96&d=mm&r=g","contentUrl":"https:\/\/secure.gravatar.com\/avatar\/df9adfb835d344bc0af109d41756253f?s=96&d=mm&r=g","caption":"guilherme_saude"},"url":"https:\/\/www.correiobraziliense.com.br\/cbradar\/author\/guilherme_saude\/"}]}},"_links":{"self":[{"href":"https:\/\/www.correiobraziliense.com.br\/cbradar\/wp-json\/wp\/v2\/posts\/203204","targetHints":{"allow":["GET"]}}],"collection":[{"href":"https:\/\/www.correiobraziliense.com.br\/cbradar\/wp-json\/wp\/v2\/posts"}],"about":[{"href":"https:\/\/www.correiobraziliense.com.br\/cbradar\/wp-json\/wp\/v2\/types\/post"}],"author":[{"embeddable":true,"href":"https:\/\/www.correiobraziliense.com.br\/cbradar\/wp-json\/wp\/v2\/users\/14"}],"replies":[{"embeddable":true,"href":"https:\/\/www.correiobraziliense.com.br\/cbradar\/wp-json\/wp\/v2\/comments?post=203204"}],"version-history":[{"count":1,"href":"https:\/\/www.correiobraziliense.com.br\/cbradar\/wp-json\/wp\/v2\/posts\/203204\/revisions"}],"predecessor-version":[{"id":203212,"href":"https:\/\/www.correiobraziliense.com.br\/cbradar\/wp-json\/wp\/v2\/posts\/203204\/revisions\/203212"}],"wp:featuredmedia":[{"embeddable":true,"href":"https:\/\/www.correiobraziliense.com.br\/cbradar\/wp-json\/wp\/v2\/media\/203210"}],"wp:attachment":[{"href":"https:\/\/www.correiobraziliense.com.br\/cbradar\/wp-json\/wp\/v2\/media?parent=203204"}],"wp:term":[{"taxonomy":"category","embeddable":true,"href":"https:\/\/www.correiobraziliense.com.br\/cbradar\/wp-json\/wp\/v2\/categories?post=203204"},{"taxonomy":"post_tag","embeddable":true,"href":"https:\/\/www.correiobraziliense.com.br\/cbradar\/wp-json\/wp\/v2\/post_tag?post=203204"}],"curies":[{"name":"wp","href":"https:\/\/api.w.org\/{rel}","templated":true}]}}