{"id":203244,"date":"2026-03-09T12:35:00","date_gmt":"2026-03-09T15:35:00","guid":{"rendered":"https:\/\/www.correiobraziliense.com.br\/cbradar\/?p=203244"},"modified":"2026-03-06T15:05:23","modified_gmt":"2026-03-06T18:05:23","slug":"como-escolher-o-nome-ideal-para-sua-marca-ou-empresa-para-atrair-vendas","status":"publish","type":"post","link":"https:\/\/www.correiobraziliense.com.br\/cbradar\/como-escolher-o-nome-ideal-para-sua-marca-ou-empresa-para-atrair-vendas\/","title":{"rendered":"Como escolher o nome ideal para sua marca ou empresa para atrair vendas"},"content":{"rendered":"\n<p>Escolher o nome ideal para uma marca ou empresa \u00e9 uma decis\u00e3o estrat\u00e9gica que influencia percep\u00e7\u00e3o, memoriza\u00e7\u00e3o e vendas. Um bom nome comunica posicionamento e facilita a conex\u00e3o emocional com o p\u00fablico. Quando bem estruturado, ele reduz custos de marketing e fortalece a identidade. Por isso, o processo exige an\u00e1lise cuidadosa e vis\u00e3o de longo prazo.<\/p>\n\n\n\n<h2 class=\"wp-block-heading\">O que um nome de marca precisa ter para vender mais?<\/h2>\n\n\n\n<p>Um nome eficiente combina <strong>clareza<\/strong>, <strong>sonoridade agrad\u00e1vel<\/strong> e f\u00e1cil memoriza\u00e7\u00e3o. Marcas fortes costumam evitar termos complexos ou dif\u00edceis de pronunciar, pois isso reduz a propaga\u00e7\u00e3o espont\u00e2nea. Quanto mais simples e marcante for o nome, maiores tendem a ser as chances de reconhecimento r\u00e1pido.<\/p>\n\n\n\n<p>Outro fator relevante \u00e9 a <strong>associa\u00e7\u00e3o emocional<\/strong>. <a href=\"https:\/\/www.correiobraziliense.com.br\/cbradar\/inspiracoes-de-nomes-femininos-com-m-para-quem-deseja-identidade-unica\/\" target=\"_blank\" rel=\"noreferrer noopener\">Nomes <\/a>que evocam sensa\u00e7\u00f5es positivas ou benef\u00edcios claros ajudam a criar conex\u00e3o imediata com o consumidor. Al\u00e9m disso, a coer\u00eancia com o posicionamento da empresa refor\u00e7a a credibilidade e melhora a percep\u00e7\u00e3o de valor no mercado.<\/p>\n\n\n\n<figure class=\"wp-block-image size-large\"><img decoding=\"async\" width=\"1024\" height=\"576\" src=\"https:\/\/www.correiobraziliense.com.br\/cbradar\/wp-content\/uploads\/2026\/03\/empresa-propria-1-1024x576.png\" alt=\"Como escolher o nome ideal para sua marca ou empresa para atrair vendas\" class=\"wp-image-203246\" srcset=\"https:\/\/www.correiobraziliense.com.br\/cbradar\/wp-content\/uploads\/2026\/03\/empresa-propria-1-1024x576.png 1024w, https:\/\/www.correiobraziliense.com.br\/cbradar\/wp-content\/uploads\/2026\/03\/empresa-propria-1-300x169.png 300w, https:\/\/www.correiobraziliense.com.br\/cbradar\/wp-content\/uploads\/2026\/03\/empresa-propria-1-768x432.png 768w, https:\/\/www.correiobraziliense.com.br\/cbradar\/wp-content\/uploads\/2026\/03\/empresa-propria-1-750x422.png 750w, https:\/\/www.correiobraziliense.com.br\/cbradar\/wp-content\/uploads\/2026\/03\/empresa-propria-1-1140x641.png 1140w, https:\/\/www.correiobraziliense.com.br\/cbradar\/wp-content\/uploads\/2026\/03\/empresa-propria-1.png 1280w\" sizes=\"(max-width: 1024px) 100vw, 1024px\" \/><figcaption class=\"wp-element-caption\">Como escolher um nome de marca que vende mais<\/figcaption><\/figure>\n\n\n\n<h2 class=\"wp-block-heading\">Por que a simplicidade aumenta o poder da marca?<\/h2>\n\n\n\n<p>Estudos de branding mostram que nomes simples s\u00e3o processados mais rapidamente pelo c\u00e9rebro. Segundo pesquisa da <strong>Harvard Business Review<\/strong>, marcas com nomes f\u00e1ceis tendem a gerar maior confian\u00e7a inicial no consumidor.<\/p>\n\n\n\n<p>Esse efeito ocorre porque o c\u00e9rebro humano prefere informa\u00e7\u00f5es de baixo esfor\u00e7o cognitivo. Quando a pron\u00fancia e a leitura fluem naturalmente, a marca parece mais familiar. Essa familiaridade acelera a aceita\u00e7\u00e3o e pode influenciar decis\u00f5es de compra de forma significativa.<\/p>\n\n\n\n<h2 class=\"wp-block-heading\">Quais crit\u00e9rios usar para escolher o nome ideal?<\/h2>\n\n\n\n<p>Antes de definir o nome final, \u00e9 importante avaliar crit\u00e9rios estrat\u00e9gicos que impactam marketing e expans\u00e3o futura. Um processo estruturado reduz riscos de retrabalho e aumenta as chances de construir uma marca forte desde o in\u00edcio.<\/p>\n\n\n\n<p>Considere estes pontos essenciais:<\/p>\n\n\n\n<ul class=\"wp-block-list\">\n<li><strong>Facilidade de pron\u00fancia<\/strong> em diferentes regi\u00f5es<\/li>\n\n\n\n<li><strong>Disponibilidade de dom\u00ednio<\/strong> na internet<\/li>\n\n\n\n<li><strong>Aus\u00eancia de significados negativos<\/strong> em outros idiomas<\/li>\n\n\n\n<li><strong>Potencial de registro de marca<\/strong> no \u00f3rg\u00e3o competente<\/li>\n\n\n\n<li><strong>Coer\u00eancia com o posicionamento<\/strong> do neg\u00f3cio<\/li>\n<\/ul>\n\n\n\n<h2 class=\"wp-block-heading\">Como testar se o nome realmente funciona?<\/h2>\n\n\n\n<p>Ap\u00f3s selecionar algumas op\u00e7\u00f5es, o pr\u00f3ximo passo \u00e9 validar a efici\u00eancia do nome. Testes com p\u00fablico real ajudam a medir <strong>memoriza\u00e7\u00e3o<\/strong>, <strong>clareza de entendimento<\/strong> e percep\u00e7\u00e3o emocional associada \u00e0 marca.<\/p>\n\n\n\n<p>Uma pr\u00e1tica comum \u00e9 aplicar pesquisas r\u00e1pidas com potenciais clientes e observar a taxa de lembran\u00e7a ap\u00f3s alguns minutos. Tamb\u00e9m vale verificar a leitura em voz alta e a escrita espont\u00e2nea. Pequenos ajustes nessa fase evitam problemas maiores ap\u00f3s o lan\u00e7amento.<\/p>\n\n\n\n<p>Se voc\u00ea quer tomar uma decis\u00e3o segura e sem arrependimentos sobre o nome do seu filho, este v\u00eddeo do canal <strong><a href=\"https:\/\/www.youtube.com\/@AlmanaquedosPais\" target=\"_blank\" rel=\"noreferrer noopener\">Almanaque dos Pais<\/a><\/strong> (2,09 milh\u00f5es de inscritos) foi escolhido pensando exatamente em voc\u00ea. Aqui, voc\u00ea encontrar\u00e1 dicas pr\u00e1ticas e valiosas para fazer uma escolha consciente e cheia de significado.<\/p>\n\n\n\n<figure class=\"wp-block-embed is-type-video is-provider-youtube wp-block-embed-youtube wp-embed-aspect-16-9 wp-has-aspect-ratio\"><div class=\"wp-block-embed__wrapper\">\n<div class=\"jeg_video_container jeg_video_content\"><iframe loading=\"lazy\" title=\"Como ESCOLHER UM NOME para o meu filho SEM ME ARREPENDER?| 5 dicas valiosas!\" width=\"500\" height=\"281\" src=\"https:\/\/www.youtube.com\/embed\/xCwI_LwHReg?feature=oembed\" frameborder=\"0\" allow=\"accelerometer; autoplay; clipboard-write; encrypted-media; gyroscope; picture-in-picture; web-share\" referrerpolicy=\"strict-origin-when-cross-origin\" allowfullscreen><\/iframe><\/div>\n<\/div><\/figure>\n\n\n\n<h2 class=\"wp-block-heading\">Quais erros evitar ao nomear sua empresa?<\/h2>\n\n\n\n<p>Entre os erros mais frequentes est\u00e1 escolher nomes muito gen\u00e9ricos ou excessivamente descritivos. Embora pare\u00e7am claros no in\u00edcio, eles dificultam diferencia\u00e7\u00e3o no longo prazo e prejudicam o posicionamento competitivo da marca.<\/p>\n\n\n\n<p>Outro equ\u00edvoco comum \u00e9 ignorar a <strong>escalabilidade<\/strong>. Um nome muito restritivo pode limitar a expans\u00e3o futura do neg\u00f3cio. O ideal \u00e9 buscar equil\u00edbrio entre identidade clara e flexibilidade estrat\u00e9gica, garantindo que a marca permane\u00e7a relevante conforme a empresa cresce.<\/p>\n","protected":false},"excerpt":{"rendered":"<p>Um bom nome de marca pode aumentar vendas e reconhecimento. Veja o que realmente torna uma marca memor\u00e1vel e inesquec\u00edvel<\/p>\n","protected":false},"author":23,"featured_media":203245,"comment_status":"open","ping_status":"open","sticky":false,"template":"","format":"standard","meta":{"_yoast_wpseo_focuskw":"Nome ideal para sua marca","_yoast_wpseo_title":"","_yoast_wpseo_metadesc":"Um bom nome de marca pode aumentar vendas e reconhecimento. Veja o que realmente torna uma marca memor\u00e1vel e inesquec\u00edvel","jnews-multi-image_gallery":[],"jnews_single_post":{"format":"standard"},"jnews_primary_category":[],"jnews_social_meta":[],"jnews_override_counter":[],"footnotes":""},"categories":[112],"tags":[144,1142,9150],"class_list":["post-203244","post","type-post","status-publish","format-standard","has-post-thumbnail","hentry","category-curiosidades","tag-curiosidades","tag-empresa","tag-nome"],"yoast_head":"<!-- This site is optimized with the Yoast SEO plugin v24.6 - https:\/\/yoast.com\/wordpress\/plugins\/seo\/ -->\n<title>Como escolher o nome ideal para sua marca ou empresa para atrair vendas - Correio Braziliense - Radar<\/title>\n<meta name=\"description\" content=\"Um bom nome de marca pode aumentar vendas e reconhecimento. Veja o que realmente torna uma marca memor\u00e1vel e inesquec\u00edvel\" \/>\n<meta name=\"robots\" content=\"index, follow, max-snippet:-1, max-image-preview:large, max-video-preview:-1\" \/>\n<link rel=\"canonical\" href=\"https:\/\/www.correiobraziliense.com.br\/cbradar\/como-escolher-o-nome-ideal-para-sua-marca-ou-empresa-para-atrair-vendas\/\" \/>\n<meta property=\"og:locale\" content=\"pt_BR\" \/>\n<meta property=\"og:type\" content=\"article\" \/>\n<meta property=\"og:title\" content=\"Como escolher o nome ideal para sua marca ou empresa para atrair vendas - Correio Braziliense - Radar\" \/>\n<meta property=\"og:description\" content=\"Um bom nome de marca pode aumentar vendas e reconhecimento. Veja o que realmente torna uma marca memor\u00e1vel e inesquec\u00edvel\" \/>\n<meta property=\"og:url\" content=\"https:\/\/www.correiobraziliense.com.br\/cbradar\/como-escolher-o-nome-ideal-para-sua-marca-ou-empresa-para-atrair-vendas\/\" \/>\n<meta property=\"og:site_name\" content=\"Correio Braziliense - Radar\" \/>\n<meta property=\"article:published_time\" content=\"2026-03-09T15:35:00+00:00\" \/>\n<meta property=\"og:image\" content=\"https:\/\/www.correiobraziliense.com.br\/cbradar\/wp-content\/uploads\/2026\/03\/empresa-propria.png\" \/>\n\t<meta property=\"og:image:width\" content=\"1280\" \/>\n\t<meta property=\"og:image:height\" content=\"720\" \/>\n\t<meta property=\"og:image:type\" content=\"image\/png\" \/>\n<meta name=\"author\" content=\"Nicolas Otto\" \/>\n<meta name=\"twitter:card\" content=\"summary_large_image\" \/>\n<meta name=\"twitter:label1\" content=\"Escrito por\" \/>\n\t<meta name=\"twitter:data1\" content=\"Nicolas Otto\" \/>\n\t<meta name=\"twitter:label2\" content=\"Est. tempo de leitura\" \/>\n\t<meta name=\"twitter:data2\" content=\"4 minutos\" \/>\n<!-- \/ Yoast SEO plugin. -->","yoast_head_json":{"title":"Como escolher o nome ideal para sua marca ou empresa para atrair vendas - Correio Braziliense - Radar","description":"Um bom nome de marca pode aumentar vendas e reconhecimento. Veja o que realmente torna uma marca memor\u00e1vel e inesquec\u00edvel","robots":{"index":"index","follow":"follow","max-snippet":"max-snippet:-1","max-image-preview":"max-image-preview:large","max-video-preview":"max-video-preview:-1"},"canonical":"https:\/\/www.correiobraziliense.com.br\/cbradar\/como-escolher-o-nome-ideal-para-sua-marca-ou-empresa-para-atrair-vendas\/","og_locale":"pt_BR","og_type":"article","og_title":"Como escolher o nome ideal para sua marca ou empresa para atrair vendas - Correio Braziliense - Radar","og_description":"Um bom nome de marca pode aumentar vendas e reconhecimento. Veja o que realmente torna uma marca memor\u00e1vel e inesquec\u00edvel","og_url":"https:\/\/www.correiobraziliense.com.br\/cbradar\/como-escolher-o-nome-ideal-para-sua-marca-ou-empresa-para-atrair-vendas\/","og_site_name":"Correio Braziliense - Radar","article_published_time":"2026-03-09T15:35:00+00:00","og_image":[{"width":1280,"height":720,"url":"https:\/\/www.correiobraziliense.com.br\/cbradar\/wp-content\/uploads\/2026\/03\/empresa-propria.png","type":"image\/png"}],"author":"Nicolas Otto","twitter_card":"summary_large_image","twitter_misc":{"Escrito por":"Nicolas Otto","Est. tempo de leitura":"4 minutos"},"schema":{"@context":"https:\/\/schema.org","@graph":[{"@type":"WebPage","@id":"https:\/\/www.correiobraziliense.com.br\/cbradar\/como-escolher-o-nome-ideal-para-sua-marca-ou-empresa-para-atrair-vendas\/","url":"https:\/\/www.correiobraziliense.com.br\/cbradar\/como-escolher-o-nome-ideal-para-sua-marca-ou-empresa-para-atrair-vendas\/","name":"Como escolher o nome ideal para sua marca ou empresa para atrair vendas - Correio Braziliense - Radar","isPartOf":{"@id":"https:\/\/www.correiobraziliense.com.br\/cbradar\/#website"},"primaryImageOfPage":{"@id":"https:\/\/www.correiobraziliense.com.br\/cbradar\/como-escolher-o-nome-ideal-para-sua-marca-ou-empresa-para-atrair-vendas\/#primaryimage"},"image":{"@id":"https:\/\/www.correiobraziliense.com.br\/cbradar\/como-escolher-o-nome-ideal-para-sua-marca-ou-empresa-para-atrair-vendas\/#primaryimage"},"thumbnailUrl":"https:\/\/www.correiobraziliense.com.br\/cbradar\/wp-content\/uploads\/2026\/03\/empresa-propria.png","datePublished":"2026-03-09T15:35:00+00:00","author":{"@id":"https:\/\/www.correiobraziliense.com.br\/cbradar\/#\/schema\/person\/3221b250518e74ac52c442d1c1236aaa"},"description":"Um bom nome de marca pode aumentar vendas e reconhecimento. Veja o que realmente torna uma marca memor\u00e1vel e inesquec\u00edvel","breadcrumb":{"@id":"https:\/\/www.correiobraziliense.com.br\/cbradar\/como-escolher-o-nome-ideal-para-sua-marca-ou-empresa-para-atrair-vendas\/#breadcrumb"},"inLanguage":"pt-BR","potentialAction":[{"@type":"ReadAction","target":["https:\/\/www.correiobraziliense.com.br\/cbradar\/como-escolher-o-nome-ideal-para-sua-marca-ou-empresa-para-atrair-vendas\/"]}]},{"@type":"ImageObject","inLanguage":"pt-BR","@id":"https:\/\/www.correiobraziliense.com.br\/cbradar\/como-escolher-o-nome-ideal-para-sua-marca-ou-empresa-para-atrair-vendas\/#primaryimage","url":"https:\/\/www.correiobraziliense.com.br\/cbradar\/wp-content\/uploads\/2026\/03\/empresa-propria.png","contentUrl":"https:\/\/www.correiobraziliense.com.br\/cbradar\/wp-content\/uploads\/2026\/03\/empresa-propria.png","width":1280,"height":720,"caption":"Como escolher um nome de marca que vende mais"},{"@type":"BreadcrumbList","@id":"https:\/\/www.correiobraziliense.com.br\/cbradar\/como-escolher-o-nome-ideal-para-sua-marca-ou-empresa-para-atrair-vendas\/#breadcrumb","itemListElement":[{"@type":"ListItem","position":1,"name":"In\u00edcio","item":"https:\/\/www.correiobraziliense.com.br\/cbradar\/"},{"@type":"ListItem","position":2,"name":"Como escolher o nome ideal para sua marca ou empresa para atrair vendas"}]},{"@type":"WebSite","@id":"https:\/\/www.correiobraziliense.com.br\/cbradar\/#website","url":"https:\/\/www.correiobraziliense.com.br\/cbradar\/","name":"Correio Braziliense - Radar","description":"Acompanhe as \u00faltimas not\u00edcias e fique bem informado sobre tudo o que acontece no Brasil e no mundo.","potentialAction":[{"@type":"SearchAction","target":{"@type":"EntryPoint","urlTemplate":"https:\/\/www.correiobraziliense.com.br\/cbradar\/?s={search_term_string}"},"query-input":{"@type":"PropertyValueSpecification","valueRequired":true,"valueName":"search_term_string"}}],"inLanguage":"pt-BR"},{"@type":"Person","@id":"https:\/\/www.correiobraziliense.com.br\/cbradar\/#\/schema\/person\/3221b250518e74ac52c442d1c1236aaa","name":"Nicolas Otto","image":{"@type":"ImageObject","inLanguage":"pt-BR","@id":"https:\/\/www.correiobraziliense.com.br\/cbradar\/#\/schema\/person\/image\/","url":"https:\/\/secure.gravatar.com\/avatar\/05925f730d72f0ea0df144f236adfb18?s=96&d=mm&r=g","contentUrl":"https:\/\/secure.gravatar.com\/avatar\/05925f730d72f0ea0df144f236adfb18?s=96&d=mm&r=g","caption":"Nicolas Otto"},"sameAs":["https:\/\/www.correiobraziliense.com.br\/cbradar\/"],"url":"https:\/\/www.correiobraziliense.com.br\/cbradar\/author\/nicolas-otto\/"}]}},"_links":{"self":[{"href":"https:\/\/www.correiobraziliense.com.br\/cbradar\/wp-json\/wp\/v2\/posts\/203244","targetHints":{"allow":["GET"]}}],"collection":[{"href":"https:\/\/www.correiobraziliense.com.br\/cbradar\/wp-json\/wp\/v2\/posts"}],"about":[{"href":"https:\/\/www.correiobraziliense.com.br\/cbradar\/wp-json\/wp\/v2\/types\/post"}],"author":[{"embeddable":true,"href":"https:\/\/www.correiobraziliense.com.br\/cbradar\/wp-json\/wp\/v2\/users\/23"}],"replies":[{"embeddable":true,"href":"https:\/\/www.correiobraziliense.com.br\/cbradar\/wp-json\/wp\/v2\/comments?post=203244"}],"version-history":[{"count":2,"href":"https:\/\/www.correiobraziliense.com.br\/cbradar\/wp-json\/wp\/v2\/posts\/203244\/revisions"}],"predecessor-version":[{"id":204228,"href":"https:\/\/www.correiobraziliense.com.br\/cbradar\/wp-json\/wp\/v2\/posts\/203244\/revisions\/204228"}],"wp:featuredmedia":[{"embeddable":true,"href":"https:\/\/www.correiobraziliense.com.br\/cbradar\/wp-json\/wp\/v2\/media\/203245"}],"wp:attachment":[{"href":"https:\/\/www.correiobraziliense.com.br\/cbradar\/wp-json\/wp\/v2\/media?parent=203244"}],"wp:term":[{"taxonomy":"category","embeddable":true,"href":"https:\/\/www.correiobraziliense.com.br\/cbradar\/wp-json\/wp\/v2\/categories?post=203244"},{"taxonomy":"post_tag","embeddable":true,"href":"https:\/\/www.correiobraziliense.com.br\/cbradar\/wp-json\/wp\/v2\/tags?post=203244"}],"curies":[{"name":"wp","href":"https:\/\/api.w.org\/{rel}","templated":true}]}}