{"id":203248,"date":"2026-03-09T12:55:00","date_gmt":"2026-03-09T15:55:00","guid":{"rendered":"https:\/\/www.correiobraziliense.com.br\/cbradar\/?p=203248"},"modified":"2026-03-04T21:06:04","modified_gmt":"2026-03-05T00:06:04","slug":"o-erro-fatal-que-90-das-pessoas-cometem-ao-regar-suas-suculentas","status":"publish","type":"post","link":"https:\/\/www.correiobraziliense.com.br\/cbradar\/o-erro-fatal-que-90-das-pessoas-cometem-ao-regar-suas-suculentas\/","title":{"rendered":"O erro fatal que 90% das pessoas cometem ao regar suas suculentas"},"content":{"rendered":"\n<p>Cuidar de suculentas parece simples, mas um erro comum na rega pode comprometer rapidamente a sa\u00fade dessas plantas. Muitas pessoas aplicam \u00e1gua com frequ\u00eancia inadequada, ignorando a natureza adaptada ao clima seco. Entender como funciona a hidrata\u00e7\u00e3o dessas esp\u00e9cies \u00e9 essencial para evitar apodrecimento e garantir crescimento saud\u00e1vel ao longo do tempo.<\/p>\n\n\n\n<h2 class=\"wp-block-heading\">Qual \u00e9 o erro fatal ao regar suculentas<\/h2>\n\n\n\n<p>O equ\u00edvoco mais frequente \u00e9 a <strong>rega em excesso<\/strong>. <a href=\"https:\/\/www.correiobraziliense.com.br\/cbradar\/se-a-sua-suculenta-esta-murchando-veja-como-recupera-la-antes-que-apodreca\/\" target=\"_blank\" rel=\"noreferrer noopener\">Suculentas <\/a>armazenam \u00e1gua nas folhas e caules, o que reduz drasticamente a necessidade de irriga\u00e7\u00e3o constante. Quando o solo permanece \u00famido por muito tempo, as ra\u00edzes ficam vulner\u00e1veis ao apodrecimento e a planta perde vitalidade rapidamente.<\/p>\n\n\n\n<p>Outro problema comum \u00e9 seguir um calend\u00e1rio fixo de rega. Diferentemente de outras plantas ornamentais, suculentas respondem melhor \u00e0 observa\u00e7\u00e3o do substrato. A frequ\u00eancia ideal depende de fatores como clima, ventila\u00e7\u00e3o e tipo de vaso utilizado no cultivo.<\/p>\n\n\n\n<figure class=\"wp-block-image size-large\"><img decoding=\"async\" width=\"1024\" height=\"576\" src=\"https:\/\/www.correiobraziliense.com.br\/cbradar\/wp-content\/uploads\/2026\/03\/regando-suculentas-1024x576.png\" alt=\"O erro fatal que 90% das pessoas cometem ao regar suas suculentas\" class=\"wp-image-203250\" srcset=\"https:\/\/www.correiobraziliense.com.br\/cbradar\/wp-content\/uploads\/2026\/03\/regando-suculentas-1024x576.png 1024w, https:\/\/www.correiobraziliense.com.br\/cbradar\/wp-content\/uploads\/2026\/03\/regando-suculentas-300x169.png 300w, https:\/\/www.correiobraziliense.com.br\/cbradar\/wp-content\/uploads\/2026\/03\/regando-suculentas-768x432.png 768w, https:\/\/www.correiobraziliense.com.br\/cbradar\/wp-content\/uploads\/2026\/03\/regando-suculentas-750x422.png 750w, https:\/\/www.correiobraziliense.com.br\/cbradar\/wp-content\/uploads\/2026\/03\/regando-suculentas-1140x641.png 1140w, https:\/\/www.correiobraziliense.com.br\/cbradar\/wp-content\/uploads\/2026\/03\/regando-suculentas.png 1280w\" sizes=\"(max-width: 1024px) 100vw, 1024px\" \/><figcaption class=\"wp-element-caption\">Por que regar suculentas n\u00e3o \u00e9 t\u00e3o simples<\/figcaption><\/figure>\n\n\n\n<h2 class=\"wp-block-heading\">Por que o excesso de \u00e1gua faz tanto mal<\/h2>\n\n\n\n<p>Suculentas evolu\u00edram em ambientes \u00e1ridos e possuem ra\u00edzes sens\u00edveis ao ac\u00famulo de umidade. Segundo orienta\u00e7\u00f5es da <strong>Royal Horticultural Society<\/strong>, a drenagem eficiente \u00e9 essencial para evitar doen\u00e7as f\u00fangicas em plantas suculentas.<\/p>\n\n\n\n<p>Quando o solo fica encharcado, o oxig\u00eanio dispon\u00edvel para as ra\u00edzes diminui. Esse ambiente favorece microrganismos que causam <strong>podrid\u00e3o radicular<\/strong>, um dos principais motivos de morte dessas plantas em ambientes dom\u00e9sticos.<\/p>\n\n\n\n<h2 class=\"wp-block-heading\">Como identificar sinais de rega incorreta<\/h2>\n\n\n\n<p>Observar a planta regularmente ajuda a detectar problemas antes que se tornem irrevers\u00edveis. Mudan\u00e7as sutis na textura e na cor das folhas costumam indicar que a rotina de rega precisa de ajustes para preservar a sa\u00fade da suculenta.<\/p>\n\n\n\n<p>Fique atento aos seguintes sinais:<\/p>\n\n\n\n<ul class=\"wp-block-list\">\n<li><strong>Folhas moles ou transl\u00facidas<\/strong><\/li>\n\n\n\n<li><strong>Escurecimento na base do caule<\/strong><\/li>\n\n\n\n<li><strong>Queda frequente de folhas<\/strong><\/li>\n\n\n\n<li><strong>Cheiro de mofo no substrato<\/strong><\/li>\n\n\n\n<li><strong>Crescimento lento ou estagnado<\/strong><\/li>\n<\/ul>\n\n\n\n<h2 class=\"wp-block-heading\">Qual \u00e9 a forma correta de regar suculentas<\/h2>\n\n\n\n<p>A t\u00e9cnica mais segura \u00e9 a <strong>rega profunda e espa\u00e7ada<\/strong>. Nesse m\u00e9todo, a \u00e1gua \u00e9 aplicada at\u00e9 escorrer pelos furos do vaso, seguida por um per\u00edodo completo de secagem do substrato antes da pr\u00f3xima irriga\u00e7\u00e3o.<\/p>\n\n\n\n<p>Tamb\u00e9m \u00e9 fundamental usar um <strong>substrato bem drenante<\/strong>, geralmente com mistura de areia grossa, perlita ou pedrisco. Esse tipo de solo reduz o ac\u00famulo de umidade e imita melhor as condi\u00e7\u00f5es naturais onde suculentas se desenvolvem com mais vigor.<\/p>\n\n\n\n<p><br>Se voc\u00ea quer manter sua suculenta saud\u00e1vel e bonita, este conte\u00fado do canal <strong><a href=\"https:\/\/www.youtube.com\/@SpagnholPlantas1\" target=\"_blank\" rel=\"noreferrer noopener\">Spagnhol Plantas<\/a><\/strong> (1,67 milh\u00e3o de inscritos) aborda exatamente a d\u00favida mais comum: a frequ\u00eancia ideal de rega.<\/p>\n\n\n\n<figure class=\"wp-block-embed is-type-video is-provider-youtube wp-block-embed-youtube wp-embed-aspect-4-3 wp-has-aspect-ratio\"><div class=\"wp-block-embed__wrapper\">\n<div class=\"jeg_video_container jeg_video_content\"><iframe loading=\"lazy\" title=\"De quanto em quanto tempo eu devo REGAR MINHA SUCULENTA?\" width=\"500\" height=\"375\" src=\"https:\/\/www.youtube.com\/embed\/TQF-jM5a5XI?feature=oembed\" frameborder=\"0\" allow=\"accelerometer; autoplay; clipboard-write; encrypted-media; gyroscope; picture-in-picture; web-share\" referrerpolicy=\"strict-origin-when-cross-origin\" allowfullscreen><\/iframe><\/div>\n<\/div><\/figure>\n\n\n\n<h2 class=\"wp-block-heading\">Com que frequ\u00eancia regar suas suculentas<\/h2>\n\n\n\n<p>N\u00e3o existe uma frequ\u00eancia \u00fanica v\u00e1lida para todas as situa\u00e7\u00f5es. Em ambientes quentes e secos, a secagem ocorre mais rapidamente. J\u00e1 em locais \u00famidos ou frios, o intervalo entre regas deve ser maior para evitar excesso de \u00e1gua.<\/p>\n\n\n\n<p>A melhor pr\u00e1tica \u00e9 sempre verificar se o substrato est\u00e1 completamente seco antes de irrigar novamente. Esse h\u00e1bito simples reduz drasticamente erros de cultivo e aumenta a longevidade das suculentas em ambientes internos ou externos.<\/p>\n","protected":false},"excerpt":{"rendered":"<p>Regar suculentas parece simples, mas um erro comum pode matar a planta rapidamente. Veja como ajustar a rega e evitar preju\u00edzos<\/p>\n","protected":false},"author":23,"featured_media":203249,"comment_status":"open","ping_status":"open","sticky":false,"template":"","format":"standard","meta":{"_yoast_wpseo_focuskw":"Regar suas suculentas","_yoast_wpseo_title":"","_yoast_wpseo_metadesc":"Regar suculentas parece simples, mas um erro comum pode matar a planta rapidamente. Veja como ajustar a rega e evitar preju\u00edzos","jnews-multi-image_gallery":[],"jnews_single_post":{"format":"standard"},"jnews_primary_category":[],"jnews_social_meta":[],"jnews_override_counter":[],"footnotes":""},"categories":[136],"tags":[329,1546,8159],"class_list":["post-203248","post","type-post","status-publish","format-standard","has-post-thumbnail","hentry","category-jardinagem","tag-jardinagem","tag-regar","tag-suculenta"],"yoast_head":"<!-- This site is optimized with the Yoast SEO plugin v24.6 - https:\/\/yoast.com\/wordpress\/plugins\/seo\/ -->\n<title>O erro fatal que 90% das pessoas cometem ao regar suas suculentas - Correio Braziliense - Radar<\/title>\n<meta name=\"description\" content=\"Regar suculentas parece simples, mas um erro comum pode matar a planta rapidamente. Veja como ajustar a rega e evitar preju\u00edzos\" \/>\n<meta name=\"robots\" content=\"index, follow, max-snippet:-1, max-image-preview:large, max-video-preview:-1\" \/>\n<link rel=\"canonical\" href=\"https:\/\/www.correiobraziliense.com.br\/cbradar\/o-erro-fatal-que-90-das-pessoas-cometem-ao-regar-suas-suculentas\/\" \/>\n<meta property=\"og:locale\" content=\"pt_BR\" \/>\n<meta property=\"og:type\" content=\"article\" \/>\n<meta property=\"og:title\" content=\"O erro fatal que 90% das pessoas cometem ao regar suas suculentas - Correio Braziliense - Radar\" \/>\n<meta property=\"og:description\" content=\"Regar suculentas parece simples, mas um erro comum pode matar a planta rapidamente. Veja como ajustar a rega e evitar preju\u00edzos\" \/>\n<meta property=\"og:url\" content=\"https:\/\/www.correiobraziliense.com.br\/cbradar\/o-erro-fatal-que-90-das-pessoas-cometem-ao-regar-suas-suculentas\/\" \/>\n<meta property=\"og:site_name\" content=\"Correio Braziliense - Radar\" \/>\n<meta property=\"article:published_time\" content=\"2026-03-09T15:55:00+00:00\" \/>\n<meta property=\"og:image\" content=\"https:\/\/www.correiobraziliense.com.br\/cbradar\/wp-content\/uploads\/2026\/03\/o-erro-fatal-que-90-das-pessoas-cometem-ao-regar-.png\" \/>\n\t<meta property=\"og:image:width\" content=\"1280\" \/>\n\t<meta property=\"og:image:height\" content=\"720\" \/>\n\t<meta property=\"og:image:type\" content=\"image\/png\" \/>\n<meta name=\"author\" content=\"Nicolas Otto\" \/>\n<meta name=\"twitter:card\" content=\"summary_large_image\" \/>\n<meta name=\"twitter:label1\" content=\"Escrito por\" \/>\n\t<meta name=\"twitter:data1\" content=\"Nicolas Otto\" \/>\n\t<meta name=\"twitter:label2\" content=\"Est. tempo de leitura\" \/>\n\t<meta name=\"twitter:data2\" content=\"4 minutos\" \/>\n<!-- \/ Yoast SEO plugin. -->","yoast_head_json":{"title":"O erro fatal que 90% das pessoas cometem ao regar suas suculentas - Correio Braziliense - Radar","description":"Regar suculentas parece simples, mas um erro comum pode matar a planta rapidamente. Veja como ajustar a rega e evitar preju\u00edzos","robots":{"index":"index","follow":"follow","max-snippet":"max-snippet:-1","max-image-preview":"max-image-preview:large","max-video-preview":"max-video-preview:-1"},"canonical":"https:\/\/www.correiobraziliense.com.br\/cbradar\/o-erro-fatal-que-90-das-pessoas-cometem-ao-regar-suas-suculentas\/","og_locale":"pt_BR","og_type":"article","og_title":"O erro fatal que 90% das pessoas cometem ao regar suas suculentas - Correio Braziliense - Radar","og_description":"Regar suculentas parece simples, mas um erro comum pode matar a planta rapidamente. Veja como ajustar a rega e evitar preju\u00edzos","og_url":"https:\/\/www.correiobraziliense.com.br\/cbradar\/o-erro-fatal-que-90-das-pessoas-cometem-ao-regar-suas-suculentas\/","og_site_name":"Correio Braziliense - Radar","article_published_time":"2026-03-09T15:55:00+00:00","og_image":[{"width":1280,"height":720,"url":"https:\/\/www.correiobraziliense.com.br\/cbradar\/wp-content\/uploads\/2026\/03\/o-erro-fatal-que-90-das-pessoas-cometem-ao-regar-.png","type":"image\/png"}],"author":"Nicolas Otto","twitter_card":"summary_large_image","twitter_misc":{"Escrito por":"Nicolas Otto","Est. tempo de leitura":"4 minutos"},"schema":{"@context":"https:\/\/schema.org","@graph":[{"@type":"WebPage","@id":"https:\/\/www.correiobraziliense.com.br\/cbradar\/o-erro-fatal-que-90-das-pessoas-cometem-ao-regar-suas-suculentas\/","url":"https:\/\/www.correiobraziliense.com.br\/cbradar\/o-erro-fatal-que-90-das-pessoas-cometem-ao-regar-suas-suculentas\/","name":"O erro fatal que 90% das pessoas cometem ao regar suas suculentas - Correio Braziliense - Radar","isPartOf":{"@id":"https:\/\/www.correiobraziliense.com.br\/cbradar\/#website"},"primaryImageOfPage":{"@id":"https:\/\/www.correiobraziliense.com.br\/cbradar\/o-erro-fatal-que-90-das-pessoas-cometem-ao-regar-suas-suculentas\/#primaryimage"},"image":{"@id":"https:\/\/www.correiobraziliense.com.br\/cbradar\/o-erro-fatal-que-90-das-pessoas-cometem-ao-regar-suas-suculentas\/#primaryimage"},"thumbnailUrl":"https:\/\/www.correiobraziliense.com.br\/cbradar\/wp-content\/uploads\/2026\/03\/o-erro-fatal-que-90-das-pessoas-cometem-ao-regar-.png","datePublished":"2026-03-09T15:55:00+00:00","author":{"@id":"https:\/\/www.correiobraziliense.com.br\/cbradar\/#\/schema\/person\/3221b250518e74ac52c442d1c1236aaa"},"description":"Regar suculentas parece simples, mas um erro comum pode matar a planta rapidamente. Veja como ajustar a rega e evitar preju\u00edzos","breadcrumb":{"@id":"https:\/\/www.correiobraziliense.com.br\/cbradar\/o-erro-fatal-que-90-das-pessoas-cometem-ao-regar-suas-suculentas\/#breadcrumb"},"inLanguage":"pt-BR","potentialAction":[{"@type":"ReadAction","target":["https:\/\/www.correiobraziliense.com.br\/cbradar\/o-erro-fatal-que-90-das-pessoas-cometem-ao-regar-suas-suculentas\/"]}]},{"@type":"ImageObject","inLanguage":"pt-BR","@id":"https:\/\/www.correiobraziliense.com.br\/cbradar\/o-erro-fatal-que-90-das-pessoas-cometem-ao-regar-suas-suculentas\/#primaryimage","url":"https:\/\/www.correiobraziliense.com.br\/cbradar\/wp-content\/uploads\/2026\/03\/o-erro-fatal-que-90-das-pessoas-cometem-ao-regar-.png","contentUrl":"https:\/\/www.correiobraziliense.com.br\/cbradar\/wp-content\/uploads\/2026\/03\/o-erro-fatal-que-90-das-pessoas-cometem-ao-regar-.png","width":1280,"height":720,"caption":"Como regar suculentas do jeito certo"},{"@type":"BreadcrumbList","@id":"https:\/\/www.correiobraziliense.com.br\/cbradar\/o-erro-fatal-que-90-das-pessoas-cometem-ao-regar-suas-suculentas\/#breadcrumb","itemListElement":[{"@type":"ListItem","position":1,"name":"In\u00edcio","item":"https:\/\/www.correiobraziliense.com.br\/cbradar\/"},{"@type":"ListItem","position":2,"name":"O erro fatal que 90% das pessoas cometem ao regar suas suculentas"}]},{"@type":"WebSite","@id":"https:\/\/www.correiobraziliense.com.br\/cbradar\/#website","url":"https:\/\/www.correiobraziliense.com.br\/cbradar\/","name":"Correio Braziliense - Radar","description":"Acompanhe as \u00faltimas not\u00edcias e fique bem informado sobre tudo o que acontece no Brasil e no mundo.","potentialAction":[{"@type":"SearchAction","target":{"@type":"EntryPoint","urlTemplate":"https:\/\/www.correiobraziliense.com.br\/cbradar\/?s={search_term_string}"},"query-input":{"@type":"PropertyValueSpecification","valueRequired":true,"valueName":"search_term_string"}}],"inLanguage":"pt-BR"},{"@type":"Person","@id":"https:\/\/www.correiobraziliense.com.br\/cbradar\/#\/schema\/person\/3221b250518e74ac52c442d1c1236aaa","name":"Nicolas Otto","image":{"@type":"ImageObject","inLanguage":"pt-BR","@id":"https:\/\/www.correiobraziliense.com.br\/cbradar\/#\/schema\/person\/image\/","url":"https:\/\/secure.gravatar.com\/avatar\/05925f730d72f0ea0df144f236adfb18?s=96&d=mm&r=g","contentUrl":"https:\/\/secure.gravatar.com\/avatar\/05925f730d72f0ea0df144f236adfb18?s=96&d=mm&r=g","caption":"Nicolas Otto"},"sameAs":["https:\/\/www.correiobraziliense.com.br\/cbradar\/"],"url":"https:\/\/www.correiobraziliense.com.br\/cbradar\/author\/nicolas-otto\/"}]}},"_links":{"self":[{"href":"https:\/\/www.correiobraziliense.com.br\/cbradar\/wp-json\/wp\/v2\/posts\/203248","targetHints":{"allow":["GET"]}}],"collection":[{"href":"https:\/\/www.correiobraziliense.com.br\/cbradar\/wp-json\/wp\/v2\/posts"}],"about":[{"href":"https:\/\/www.correiobraziliense.com.br\/cbradar\/wp-json\/wp\/v2\/types\/post"}],"author":[{"embeddable":true,"href":"https:\/\/www.correiobraziliense.com.br\/cbradar\/wp-json\/wp\/v2\/users\/23"}],"replies":[{"embeddable":true,"href":"https:\/\/www.correiobraziliense.com.br\/cbradar\/wp-json\/wp\/v2\/comments?post=203248"}],"version-history":[{"count":1,"href":"https:\/\/www.correiobraziliense.com.br\/cbradar\/wp-json\/wp\/v2\/posts\/203248\/revisions"}],"predecessor-version":[{"id":203251,"href":"https:\/\/www.correiobraziliense.com.br\/cbradar\/wp-json\/wp\/v2\/posts\/203248\/revisions\/203251"}],"wp:featuredmedia":[{"embeddable":true,"href":"https:\/\/www.correiobraziliense.com.br\/cbradar\/wp-json\/wp\/v2\/media\/203249"}],"wp:attachment":[{"href":"https:\/\/www.correiobraziliense.com.br\/cbradar\/wp-json\/wp\/v2\/media?parent=203248"}],"wp:term":[{"taxonomy":"category","embeddable":true,"href":"https:\/\/www.correiobraziliense.com.br\/cbradar\/wp-json\/wp\/v2\/categories?post=203248"},{"taxonomy":"post_tag","embeddable":true,"href":"https:\/\/www.correiobraziliense.com.br\/cbradar\/wp-json\/wp\/v2\/tags?post=203248"}],"curies":[{"name":"wp","href":"https:\/\/api.w.org\/{rel}","templated":true}]}}