{"id":203264,"date":"2026-03-09T14:55:00","date_gmt":"2026-03-09T17:55:00","guid":{"rendered":"https:\/\/www.correiobraziliense.com.br\/cbradar\/?p=203264"},"modified":"2026-03-04T21:40:42","modified_gmt":"2026-03-05T00:40:42","slug":"as-5-girias-da-geracao-z-que-voce-precisa-entender-para-nao-passar-vergonha-na-internet","status":"publish","type":"post","link":"https:\/\/www.correiobraziliense.com.br\/cbradar\/as-5-girias-da-geracao-z-que-voce-precisa-entender-para-nao-passar-vergonha-na-internet\/","title":{"rendered":"As 5 g\u00edrias da Gera\u00e7\u00e3o Z que voc\u00ea precisa entender para n\u00e3o passar vergonha na internet"},"content":{"rendered":"\n<p>A linguagem da <strong>Gera\u00e7\u00e3o Z<\/strong> evolui em ritmo acelerado e pode confundir quem n\u00e3o acompanha as tend\u00eancias digitais. Express\u00f5es que surgem em redes sociais rapidamente entram no vocabul\u00e1rio cotidiano dos jovens. Dominar essas g\u00edrias ajuda a evitar interpreta\u00e7\u00f5es equivocadas e melhora a comunica\u00e7\u00e3o online, especialmente em ambientes informais e intera\u00e7\u00f5es nas principais plataformas digitais.<\/p>\n\n\n\n<h2 class=\"wp-block-heading\">Por que as g\u00edrias da Gera\u00e7\u00e3o Z mudam t\u00e3o r\u00e1pido<\/h2>\n\n\n\n<p>A velocidade das mudan\u00e7as lingu\u00edsticas est\u00e1 diretamente ligada ao ambiente das redes sociais, onde novos termos se espalham em quest\u00e3o de horas. Plataformas como <strong>TikTok<\/strong> e <strong>X<\/strong> impulsionam tend\u00eancias que ganham for\u00e7a por meio de memes, v\u00eddeos curtos e intera\u00e7\u00f5es virais entre usu\u00e1rios jovens.<\/p>\n\n\n\n<p>Al\u00e9m disso, a <strong>Gera\u00e7\u00e3o Z<\/strong> valoriza identidade digital e senso de pertencimento. Criar e adaptar <a href=\"https:\/\/www.correiobraziliense.com.br\/cbradar\/o-impacto-da-internet-na-transformacao-das-girias-brasileiras\/\" target=\"_blank\" rel=\"noreferrer noopener\">g\u00edrias <\/a>funciona como um marcador cultural que diferencia grupos e refor\u00e7a conex\u00f5es sociais. Por isso, acompanhar essas express\u00f5es se tornou importante para quem deseja manter comunica\u00e7\u00e3o atualizada nos ambientes online.<\/p>\n\n\n\n<figure class=\"wp-block-image size-large\"><img decoding=\"async\" width=\"1024\" height=\"576\" src=\"https:\/\/www.correiobraziliense.com.br\/cbradar\/wp-content\/uploads\/2026\/03\/girias-da-geracao-z-1-1024x576.png\" alt=\"As 5 g\u00edrias da Gera\u00e7\u00e3o Z que voc\u00ea precisa entender para n\u00e3o passar vergonha na internet\n\n\" class=\"wp-image-203266\" srcset=\"https:\/\/www.correiobraziliense.com.br\/cbradar\/wp-content\/uploads\/2026\/03\/girias-da-geracao-z-1-1024x576.png 1024w, https:\/\/www.correiobraziliense.com.br\/cbradar\/wp-content\/uploads\/2026\/03\/girias-da-geracao-z-1-300x169.png 300w, https:\/\/www.correiobraziliense.com.br\/cbradar\/wp-content\/uploads\/2026\/03\/girias-da-geracao-z-1-768x432.png 768w, https:\/\/www.correiobraziliense.com.br\/cbradar\/wp-content\/uploads\/2026\/03\/girias-da-geracao-z-1-750x422.png 750w, https:\/\/www.correiobraziliense.com.br\/cbradar\/wp-content\/uploads\/2026\/03\/girias-da-geracao-z-1-1140x641.png 1140w, https:\/\/www.correiobraziliense.com.br\/cbradar\/wp-content\/uploads\/2026\/03\/girias-da-geracao-z-1.png 1280w\" sizes=\"(max-width: 1024px) 100vw, 1024px\" \/><figcaption class=\"wp-element-caption\">Estas palavras da Gen Z est\u00e3o dominando a internet<\/figcaption><\/figure>\n\n\n\n<h2 class=\"wp-block-heading\">O que dizem os estudos sobre a linguagem da Gera\u00e7\u00e3o Z<\/h2>\n\n\n\n<p>Pesquisas sobre comportamento digital indicam que a linguagem online evolui conforme comunidades virtuais se formam e interagem. Um relat\u00f3rio do <strong>Pew Research Center<\/strong> aponta que jovens adaptam vocabul\u00e1rio para fortalecer identidade de grupo e express\u00e3o pessoal.<\/p>\n\n\n\n<p>Esse movimento mostra que g\u00edrias n\u00e3o surgem por acaso, mas refletem din\u00e2micas sociais espec\u00edficas do ambiente digital. Para profissionais de comunica\u00e7\u00e3o, marketing e cria\u00e7\u00e3o de conte\u00fado, acompanhar essas mudan\u00e7as ajuda a manter relev\u00e2ncia e evita ru\u00eddos em campanhas direcionadas ao p\u00fablico mais jovem.<\/p>\n\n\n\n<h2 class=\"wp-block-heading\">Quais s\u00e3o as 5 g\u00edrias da Gera\u00e7\u00e3o Z mais usadas<\/h2>\n\n\n\n<p>Algumas express\u00f5es ganharam grande popularidade e aparecem com frequ\u00eancia em coment\u00e1rios, v\u00eddeos e mensagens diretas. Identificar essas g\u00edrias facilita a leitura de conversas informais e reduz o risco de interpreta\u00e7\u00f5es equivocadas em ambientes digitais frequentados por jovens.<\/p>\n\n\n\n<p>Veja cinco termos que aparecem com frequ\u00eancia:<\/p>\n\n\n\n<ul class=\"wp-block-list\">\n<li><strong>Cringe<\/strong> \u2013 algo considerado vergonhoso ou fora de sintonia<\/li>\n\n\n\n<li><strong>Based<\/strong> \u2013 atitude vista como aut\u00eantica ou corajosa<\/li>\n\n\n\n<li><strong>Delulu<\/strong> \u2013 pessoa vista como iludida ou fora da realidade<\/li>\n\n\n\n<li><strong>Mid<\/strong> \u2013 algo mediano ou sem grande impacto<\/li>\n\n\n\n<li><strong>Slay<\/strong> \u2013 desempenho impressionante ou muito bem executado<\/li>\n<\/ul>\n\n\n\n<h2 class=\"wp-block-heading\">Como usar essas g\u00edrias sem parecer for\u00e7ado<\/h2>\n\n\n\n<p>O erro mais comum \u00e9 tentar inserir g\u00edrias em excesso ou fora de contexto. A comunica\u00e7\u00e3o soa mais natural quando essas express\u00f5es aparecem em ambientes informais e alinhadas ao tom da conversa. Observar como jovens utilizam os termos ajuda a evitar exageros e interpreta\u00e7\u00f5es equivocadas.<\/p>\n\n\n\n<p>Tamb\u00e9m \u00e9 importante considerar o p\u00fablico e a plataforma. Em contextos profissionais ou institucionais, o uso deve ser moderado. J\u00e1 em redes sociais com linguagem descontra\u00edda, aplicar algumas dessas express\u00f5es pode aumentar proximidade e engajamento quando feito com equil\u00edbrio e coer\u00eancia.<\/p>\n\n\n\n<p><br>Se voc\u00ea quer se atualizar \u2014 ou simplesmente n\u00e3o ficar perdido nas conversas online \u2014 este v\u00eddeo foi escolhido para voc\u00ea. O canal<strong><a href=\"https:\/\/www.youtube.com\/@cnnbrasiltonight\" target=\"_blank\" rel=\"noreferrer noopener\"> CNN Tonight <\/a><\/strong>(54,8 mil inscritos) explica de forma clara as express\u00f5es que est\u00e3o dominando a internet e o dia a dia dos mais jovens.<\/p>\n\n\n\n<figure class=\"wp-block-embed is-type-video is-provider-youtube wp-block-embed-youtube wp-embed-aspect-16-9 wp-has-aspect-ratio\"><div class=\"wp-block-embed__wrapper\">\n<div class=\"jeg_video_container jeg_video_content\"><iframe loading=\"lazy\" title=\"ENTENDA AS G\u00cdRIAS DA GERA\u00c7\u00c3O Z | CNN Tonight\" width=\"500\" height=\"281\" src=\"https:\/\/www.youtube.com\/embed\/J3zWa6OtPCE?feature=oembed\" frameborder=\"0\" allow=\"accelerometer; autoplay; clipboard-write; encrypted-media; gyroscope; picture-in-picture; web-share\" referrerpolicy=\"strict-origin-when-cross-origin\" allowfullscreen><\/iframe><\/div>\n<\/div><\/figure>\n\n\n\n<h2 class=\"wp-block-heading\">Vale a pena acompanhar as g\u00edrias da Gera\u00e7\u00e3o Z<\/h2>\n\n\n\n<p>Acompanhar o vocabul\u00e1rio digital n\u00e3o significa abandonar a linguagem formal, mas ampliar repert\u00f3rio comunicativo. Profissionais de marketing, criadores de conte\u00fado e usu\u00e1rios ativos das redes se beneficiam ao reconhecer essas express\u00f5es e interpretar conversas com maior precis\u00e3o.<\/p>\n\n\n\n<p>O ponto central \u00e9 usar o conhecimento com bom senso. As g\u00edrias da <strong>Gera\u00e7\u00e3o Z<\/strong> mudam com frequ\u00eancia, mas acompanhar as principais tend\u00eancias lingu\u00edsticas ajuda a manter comunica\u00e7\u00e3o relevante, evitar mal-entendidos e participar de intera\u00e7\u00f5es online com mais seguran\u00e7a e naturalidade.<\/p>\n","protected":false},"excerpt":{"rendered":"<p>Quer entender as g\u00edrias da Gera\u00e7\u00e3o Z sem passar vergonha? Conhe\u00e7a as express\u00f5es virais que dominam as redes sociais<\/p>\n","protected":false},"author":23,"featured_media":203265,"comment_status":"open","ping_status":"open","sticky":false,"template":"","format":"standard","meta":{"_yoast_wpseo_focuskw":"g\u00edrias da Gera\u00e7\u00e3o Z","_yoast_wpseo_title":"","_yoast_wpseo_metadesc":"Quer entender as g\u00edrias da Gera\u00e7\u00e3o Z sem passar vergonha? Conhe\u00e7a as express\u00f5es virais que dominam as redes sociais","jnews-multi-image_gallery":[],"jnews_single_post":{"format":"standard"},"jnews_primary_category":[],"jnews_social_meta":[],"jnews_override_counter":[],"footnotes":""},"categories":[112],"post_tag":[144,4086,8711],"class_list":["post-203264","post","type-post","status-publish","format-standard","has-post-thumbnail","hentry","category-curiosidades","tag-curiosidades","tag-geracao-z","tag-girias"],"yoast_head":"<!-- This site is optimized with the Yoast SEO plugin v24.6 - https:\/\/yoast.com\/wordpress\/plugins\/seo\/ -->\n<title>As 5 g\u00edrias da Gera\u00e7\u00e3o Z que voc\u00ea precisa entender para n\u00e3o passar vergonha na internet - Correio Braziliense - Radar<\/title>\n<meta name=\"description\" content=\"Quer entender as g\u00edrias da Gera\u00e7\u00e3o Z sem passar vergonha? Conhe\u00e7a as express\u00f5es virais que dominam as redes sociais\" \/>\n<meta name=\"robots\" content=\"index, follow, max-snippet:-1, max-image-preview:large, max-video-preview:-1\" \/>\n<link rel=\"canonical\" href=\"https:\/\/www.correiobraziliense.com.br\/cbradar\/as-5-girias-da-geracao-z-que-voce-precisa-entender-para-nao-passar-vergonha-na-internet\/\" \/>\n<meta property=\"og:locale\" content=\"pt_BR\" \/>\n<meta property=\"og:type\" content=\"article\" \/>\n<meta property=\"og:title\" content=\"As 5 g\u00edrias da Gera\u00e7\u00e3o Z que voc\u00ea precisa entender para n\u00e3o passar vergonha na internet - Correio Braziliense - Radar\" \/>\n<meta property=\"og:description\" content=\"Quer entender as g\u00edrias da Gera\u00e7\u00e3o Z sem passar vergonha? Conhe\u00e7a as express\u00f5es virais que dominam as redes sociais\" \/>\n<meta property=\"og:url\" content=\"https:\/\/www.correiobraziliense.com.br\/cbradar\/as-5-girias-da-geracao-z-que-voce-precisa-entender-para-nao-passar-vergonha-na-internet\/\" \/>\n<meta property=\"og:site_name\" content=\"Correio Braziliense - Radar\" \/>\n<meta property=\"article:published_time\" content=\"2026-03-09T17:55:00+00:00\" \/>\n<meta property=\"og:image\" content=\"https:\/\/www.correiobraziliense.com.br\/cbradar\/wp-content\/uploads\/2026\/03\/girias-da-geracao-z-.png\" \/>\n\t<meta property=\"og:image:width\" content=\"1280\" \/>\n\t<meta property=\"og:image:height\" content=\"720\" \/>\n\t<meta property=\"og:image:type\" content=\"image\/png\" \/>\n<meta name=\"author\" content=\"Nicolas Otto\" \/>\n<meta name=\"twitter:card\" content=\"summary_large_image\" \/>\n<meta name=\"twitter:label1\" content=\"Escrito por\" \/>\n\t<meta name=\"twitter:data1\" content=\"Nicolas Otto\" \/>\n\t<meta name=\"twitter:label2\" content=\"Est. tempo de leitura\" \/>\n\t<meta name=\"twitter:data2\" content=\"4 minutos\" \/>\n<!-- \/ Yoast SEO plugin. -->","yoast_head_json":{"title":"As 5 g\u00edrias da Gera\u00e7\u00e3o Z que voc\u00ea precisa entender para n\u00e3o passar vergonha na internet - Correio Braziliense - Radar","description":"Quer entender as g\u00edrias da Gera\u00e7\u00e3o Z sem passar vergonha? Conhe\u00e7a as express\u00f5es virais que dominam as redes sociais","robots":{"index":"index","follow":"follow","max-snippet":"max-snippet:-1","max-image-preview":"max-image-preview:large","max-video-preview":"max-video-preview:-1"},"canonical":"https:\/\/www.correiobraziliense.com.br\/cbradar\/as-5-girias-da-geracao-z-que-voce-precisa-entender-para-nao-passar-vergonha-na-internet\/","og_locale":"pt_BR","og_type":"article","og_title":"As 5 g\u00edrias da Gera\u00e7\u00e3o Z que voc\u00ea precisa entender para n\u00e3o passar vergonha na internet - Correio Braziliense - Radar","og_description":"Quer entender as g\u00edrias da Gera\u00e7\u00e3o Z sem passar vergonha? Conhe\u00e7a as express\u00f5es virais que dominam as redes sociais","og_url":"https:\/\/www.correiobraziliense.com.br\/cbradar\/as-5-girias-da-geracao-z-que-voce-precisa-entender-para-nao-passar-vergonha-na-internet\/","og_site_name":"Correio Braziliense - Radar","article_published_time":"2026-03-09T17:55:00+00:00","og_image":[{"width":1280,"height":720,"url":"https:\/\/www.correiobraziliense.com.br\/cbradar\/wp-content\/uploads\/2026\/03\/girias-da-geracao-z-.png","type":"image\/png"}],"author":"Nicolas Otto","twitter_card":"summary_large_image","twitter_misc":{"Escrito por":"Nicolas Otto","Est. tempo de leitura":"4 minutos"},"schema":{"@context":"https:\/\/schema.org","@graph":[{"@type":"WebPage","@id":"https:\/\/www.correiobraziliense.com.br\/cbradar\/as-5-girias-da-geracao-z-que-voce-precisa-entender-para-nao-passar-vergonha-na-internet\/","url":"https:\/\/www.correiobraziliense.com.br\/cbradar\/as-5-girias-da-geracao-z-que-voce-precisa-entender-para-nao-passar-vergonha-na-internet\/","name":"As 5 g\u00edrias da Gera\u00e7\u00e3o Z que voc\u00ea precisa entender para n\u00e3o passar vergonha na internet - Correio Braziliense - Radar","isPartOf":{"@id":"https:\/\/www.correiobraziliense.com.br\/cbradar\/#website"},"primaryImageOfPage":{"@id":"https:\/\/www.correiobraziliense.com.br\/cbradar\/as-5-girias-da-geracao-z-que-voce-precisa-entender-para-nao-passar-vergonha-na-internet\/#primaryimage"},"image":{"@id":"https:\/\/www.correiobraziliense.com.br\/cbradar\/as-5-girias-da-geracao-z-que-voce-precisa-entender-para-nao-passar-vergonha-na-internet\/#primaryimage"},"thumbnailUrl":"https:\/\/www.correiobraziliense.com.br\/cbradar\/wp-content\/uploads\/2026\/03\/girias-da-geracao-z-.png","datePublished":"2026-03-09T17:55:00+00:00","author":{"@id":"https:\/\/www.correiobraziliense.com.br\/cbradar\/#\/schema\/person\/3221b250518e74ac52c442d1c1236aaa"},"description":"Quer entender as g\u00edrias da Gera\u00e7\u00e3o Z sem passar vergonha? Conhe\u00e7a as express\u00f5es virais que dominam as redes sociais","breadcrumb":{"@id":"https:\/\/www.correiobraziliense.com.br\/cbradar\/as-5-girias-da-geracao-z-que-voce-precisa-entender-para-nao-passar-vergonha-na-internet\/#breadcrumb"},"inLanguage":"pt-BR","potentialAction":[{"@type":"ReadAction","target":["https:\/\/www.correiobraziliense.com.br\/cbradar\/as-5-girias-da-geracao-z-que-voce-precisa-entender-para-nao-passar-vergonha-na-internet\/"]}]},{"@type":"ImageObject","inLanguage":"pt-BR","@id":"https:\/\/www.correiobraziliense.com.br\/cbradar\/as-5-girias-da-geracao-z-que-voce-precisa-entender-para-nao-passar-vergonha-na-internet\/#primaryimage","url":"https:\/\/www.correiobraziliense.com.br\/cbradar\/wp-content\/uploads\/2026\/03\/girias-da-geracao-z-.png","contentUrl":"https:\/\/www.correiobraziliense.com.br\/cbradar\/wp-content\/uploads\/2026\/03\/girias-da-geracao-z-.png","width":1280,"height":720,"caption":"O guia definitivo das g\u00edrias da Gera\u00e7\u00e3o Z hoje"},{"@type":"BreadcrumbList","@id":"https:\/\/www.correiobraziliense.com.br\/cbradar\/as-5-girias-da-geracao-z-que-voce-precisa-entender-para-nao-passar-vergonha-na-internet\/#breadcrumb","itemListElement":[{"@type":"ListItem","position":1,"name":"In\u00edcio","item":"https:\/\/www.correiobraziliense.com.br\/cbradar\/"},{"@type":"ListItem","position":2,"name":"As 5 g\u00edrias da Gera\u00e7\u00e3o Z que voc\u00ea precisa entender para n\u00e3o passar vergonha na internet"}]},{"@type":"WebSite","@id":"https:\/\/www.correiobraziliense.com.br\/cbradar\/#website","url":"https:\/\/www.correiobraziliense.com.br\/cbradar\/","name":"Correio Braziliense - Radar","description":"Acompanhe as \u00faltimas not\u00edcias e fique bem informado sobre tudo o que acontece no Brasil e no mundo.","potentialAction":[{"@type":"SearchAction","target":{"@type":"EntryPoint","urlTemplate":"https:\/\/www.correiobraziliense.com.br\/cbradar\/?s={search_term_string}"},"query-input":{"@type":"PropertyValueSpecification","valueRequired":true,"valueName":"search_term_string"}}],"inLanguage":"pt-BR"},{"@type":"Person","@id":"https:\/\/www.correiobraziliense.com.br\/cbradar\/#\/schema\/person\/3221b250518e74ac52c442d1c1236aaa","name":"Nicolas Otto","image":{"@type":"ImageObject","inLanguage":"pt-BR","@id":"https:\/\/www.correiobraziliense.com.br\/cbradar\/#\/schema\/person\/image\/","url":"https:\/\/secure.gravatar.com\/avatar\/05925f730d72f0ea0df144f236adfb18?s=96&d=mm&r=g","contentUrl":"https:\/\/secure.gravatar.com\/avatar\/05925f730d72f0ea0df144f236adfb18?s=96&d=mm&r=g","caption":"Nicolas Otto"},"sameAs":["https:\/\/www.correiobraziliense.com.br\/cbradar\/"],"url":"https:\/\/www.correiobraziliense.com.br\/cbradar\/author\/nicolas-otto\/"}]}},"_links":{"self":[{"href":"https:\/\/www.correiobraziliense.com.br\/cbradar\/wp-json\/wp\/v2\/posts\/203264","targetHints":{"allow":["GET"]}}],"collection":[{"href":"https:\/\/www.correiobraziliense.com.br\/cbradar\/wp-json\/wp\/v2\/posts"}],"about":[{"href":"https:\/\/www.correiobraziliense.com.br\/cbradar\/wp-json\/wp\/v2\/types\/post"}],"author":[{"embeddable":true,"href":"https:\/\/www.correiobraziliense.com.br\/cbradar\/wp-json\/wp\/v2\/users\/23"}],"replies":[{"embeddable":true,"href":"https:\/\/www.correiobraziliense.com.br\/cbradar\/wp-json\/wp\/v2\/comments?post=203264"}],"version-history":[{"count":1,"href":"https:\/\/www.correiobraziliense.com.br\/cbradar\/wp-json\/wp\/v2\/posts\/203264\/revisions"}],"predecessor-version":[{"id":203267,"href":"https:\/\/www.correiobraziliense.com.br\/cbradar\/wp-json\/wp\/v2\/posts\/203264\/revisions\/203267"}],"wp:featuredmedia":[{"embeddable":true,"href":"https:\/\/www.correiobraziliense.com.br\/cbradar\/wp-json\/wp\/v2\/media\/203265"}],"wp:attachment":[{"href":"https:\/\/www.correiobraziliense.com.br\/cbradar\/wp-json\/wp\/v2\/media?parent=203264"}],"wp:term":[{"taxonomy":"category","embeddable":true,"href":"https:\/\/www.correiobraziliense.com.br\/cbradar\/wp-json\/wp\/v2\/categories?post=203264"},{"taxonomy":"post_tag","embeddable":true,"href":"https:\/\/www.correiobraziliense.com.br\/cbradar\/wp-json\/wp\/v2\/post_tag?post=203264"}],"curies":[{"name":"wp","href":"https:\/\/api.w.org\/{rel}","templated":true}]}}