{"id":203281,"date":"2026-03-06T13:05:31","date_gmt":"2026-03-06T16:05:31","guid":{"rendered":"https:\/\/www.correiobraziliense.com.br\/cbradar\/?p=203281"},"modified":"2026-03-05T14:51:30","modified_gmt":"2026-03-05T17:51:30","slug":"essa-semente-simples-e-barata-pode-ajudar-a-melhorar-o-transito-intestinal-e-a-saude-digestiva","status":"publish","type":"post","link":"https:\/\/www.correiobraziliense.com.br\/cbradar\/essa-semente-simples-e-barata-pode-ajudar-a-melhorar-o-transito-intestinal-e-a-saude-digestiva\/","title":{"rendered":"Essa semente simples e barata pode ajudar a melhorar o tr\u00e2nsito intestinal e a sa\u00fade digestiva"},"content":{"rendered":"\n<p class=\"wp-embed-aspect-16-9 wp-has-aspect-ratio\">Voc\u00ea j\u00e1 reparou como um simples ingrediente pode transformar o <b>funcionamento intestinal<\/b> e, de quebra, melhorar seu <b>bem-estar<\/b> no dia a dia? A farinha de linha\u00e7a, feita da <b>semente de linha\u00e7a<\/b> mo\u00edda, vem ganhando espa\u00e7o justamente por isso: \u00e9 rica em fibras, gorduras boas como o \u00f4mega 3 de origem vegetal e ainda \u00e9 f\u00e1cil de usar, j\u00e1 que combina com muitas prepara\u00e7\u00f5es sem mudar quase nada o sabor.<\/p>\n\n\n\n<h2 class=\"wp-block-heading wp-embed-aspect-16-9 wp-has-aspect-ratio\">A farinha de linha\u00e7a faz bem para o intestino<\/h2>\n\n\n\n<p class=\"wp-embed-aspect-16-9 wp-has-aspect-ratio\">Quando consumida com <b>regularidade<\/b> e dentro de uma <b>alimenta\u00e7\u00e3o equilibrada<\/b>, a farinha de linha\u00e7a ajuda o intestino a funcionar de forma mais organizada. Ela pode ser uma aliada tanto para quem sofre com pris\u00e3o de ventre quanto para quem s\u00f3 quer manter uma rotina mais est\u00e1vel.<\/p>\n\n\n\n<p class=\"wp-embed-aspect-16-9 wp-has-aspect-ratio\">As fibras insol\u00faveis aumentam o volume do <b>bolo fecal<\/b> e estimulam os movimentos naturais do intestino. J\u00e1 as fibras sol\u00faveis formam um gel em contato com a \u00e1gua, deixando as fezes mais macias e f\u00e1ceis de eliminar, al\u00e9m de alimentarem a <b>microbiota intestinal<\/b> e contribu\u00edrem para um ambiente digestivo mais saud\u00e1vel.<\/p>\n\n\n\n<figure class=\"wp-block-embed is-type-video is-provider-youtube wp-block-embed-youtube wp-embed-aspect-16-9 wp-has-aspect-ratio\"><div class=\"wp-block-embed__wrapper\">\n<div class=\"jeg_video_container jeg_video_content\"><iframe loading=\"lazy\" title=\"Benef\u00edcios da Linha\u00e7a Dourada - Para Que Serve e Como Usar [DICAS!]\" width=\"500\" height=\"281\" src=\"https:\/\/www.youtube.com\/embed\/ofEiOhJb7xE?start=1&#038;feature=oembed\" frameborder=\"0\" allow=\"accelerometer; autoplay; clipboard-write; encrypted-media; gyroscope; picture-in-picture; web-share\" referrerpolicy=\"strict-origin-when-cross-origin\" allowfullscreen><\/iframe><\/div>\n<\/div><\/figure>\n\n\n\n<p class=\"wp-embed-aspect-16-9 wp-has-aspect-ratio\">Leia tamb\u00e9m:&nbsp;<a href=\"https:\/\/www.correiobraziliense.com.br\/cbradar\/a-planta-aromatica-usada-ha-seculos-que-pode-aliviar-gases-e-estufamento-de-forma-natural\/\" target=\"_blank\" rel=\"noopener\">A planta arom\u00e1tica usada h\u00e1 s\u00e9culos que pode aliviar gases e estufamento de forma natural<\/a><\/p>\n\n\n\n<h2 class=\"wp-block-heading wp-embed-aspect-16-9 wp-has-aspect-ratio\">Por que a farinha de linha\u00e7a \u00e9 ligada \u00e0 sa\u00fade intestinal<\/h2>\n\n\n\n<p class=\"wp-embed-aspect-16-9 wp-has-aspect-ratio\">A palavra que mais aparece quando se fala em <b>sa\u00fade intestinal<\/b> \u00e9 mesmo farinha de linha\u00e7a, j\u00e1 que pequenas por\u00e7\u00f5es concentram muitas fibras. Esse perfil de fibras ajuda a reduzir o esfor\u00e7o na hora de evacuar, diminui o <b>desconforto abdominal<\/b> e aquela sensa\u00e7\u00e3o de peso e incha\u00e7o que atrapalha o dia.<\/p>\n\n\n\n<p class=\"wp-embed-aspect-16-9 wp-has-aspect-ratio\">Esse efeito positivo aparece melhor quando o consumo \u00e9 constante e acompanhado de boa <b>hidrata\u00e7\u00e3o di\u00e1ria<\/b>. Sem \u00e1gua suficiente, as fibras podem ter o efeito contr\u00e1rio e \u201ctravar\u201d o intestino, por isso \u00e9 importante pensar na farinha dentro de um conjunto de <b>h\u00e1bitos saud\u00e1veis<\/b>, que inclui movimento corporal e, quando poss\u00edvel, orienta\u00e7\u00e3o profissional.<\/p>\n\n\n\n<h2 class=\"wp-block-heading wp-embed-aspect-16-9 wp-has-aspect-ratio\">Como incluir farinha de linha\u00e7a na rotina do dia a dia<\/h2>\n\n\n\n<p class=\"wp-embed-aspect-16-9 wp-has-aspect-ratio\">Apesar de ser um ingrediente simples, \u00e9 importante come\u00e7ar com pequenas quantidades e observar como o <b>corpo reage<\/b>, aumentando aos poucos. Em geral, 1 a 2 colheres de sopa ao dia j\u00e1 s\u00e3o suficientes para a maioria das pessoas, mas a <b>orienta\u00e7\u00e3o individualizada<\/b> de um profissional \u00e9 sempre bem-vinda, especialmente em casos de doen\u00e7as intestinais mais delicadas.<\/p>\n\n\n\n<p class=\"wp-embed-aspect-16-9 wp-has-aspect-ratio\">Para quem quer praticidade, a farinha de linha\u00e7a combina com prepara\u00e7\u00f5es doces e salgadas, se mistura bem em receitas r\u00e1pidas e quase n\u00e3o altera o <b>sabor<\/b>. Assim, fica mais f\u00e1cil criar um pequeno ritual di\u00e1rio: escolher uma refei\u00e7\u00e3o ou lanche e sempre acrescentar a farinha, mantendo a const\u00e2ncia sem complicar a rotina. Se voc\u00ea gosta de ouvir profissionais, separamos esse v\u00eddeo da <a href=\"https:\/\/www.youtube.com\/@NutricionistaPatriciaLeite\" target=\"_blank\" rel=\"noreferrer noopener\">Nutricionista Patricia Leite<\/a> mostrando mais sobre os benef\u00edcios da linha\u00e7a:<\/p>\n\n\n\n<figure class=\"wp-block-embed is-type-video is-provider-youtube wp-block-embed-youtube wp-embed-aspect-16-9 wp-has-aspect-ratio\"><div class=\"wp-block-embed__wrapper\">\n<div class=\"jeg_video_container jeg_video_content\"><iframe loading=\"lazy\" title=\"Benef\u00edcios da Linha\u00e7a Dourada - Para Que Serve e Como Usar [DICAS!]\" width=\"500\" height=\"281\" src=\"https:\/\/www.youtube.com\/embed\/ofEiOhJb7xE?start=1&#038;feature=oembed\" frameborder=\"0\" allow=\"accelerometer; autoplay; clipboard-write; encrypted-media; gyroscope; picture-in-picture; web-share\" referrerpolicy=\"strict-origin-when-cross-origin\" allowfullscreen><\/iframe><\/div>\n<\/div><\/figure>\n\n\n\n<h2 class=\"wp-block-heading wp-embed-aspect-16-9 wp-has-aspect-ratio\">Como aproveitar melhor a linha\u00e7a em p\u00f3 para o intestino<\/h2>\n\n\n\n<p class=\"wp-embed-aspect-16-9 wp-has-aspect-ratio\">O efeito da linha\u00e7a em p\u00f3 no intestino depende tanto da quantidade quanto do <b>contexto alimentar<\/b> em que ela \u00e9 usada. Em muitos casos, tr\u00eas pilares b\u00e1sicos fazem diferen\u00e7a no resultado e funcionam melhor quando aparecem juntos na rotina, e n\u00e3o apenas em momentos de intestino preso ou desconforto.<\/p>\n\n\n\n<p class=\"wp-embed-aspect-16-9 wp-has-aspect-ratio\">Para organizar melhor esses cuidados no dia a dia, vale ter em mente alguns pontos simples que podem ser adaptados \u00e0 sua realidade e ao seu estilo de <b>alimenta\u00e7\u00e3o<\/b>:<\/p>\n\n\n\n<ol style=\"list-style-type:video\" class=\"wp-block-list wp-embed-aspect-16-9 wp-has-aspect-ratio\">\n<li><b>Hidrata\u00e7\u00e3o adequada<\/b>: beber \u00e1gua ao longo do dia ajuda as fibras a agirem sem ressecar o intestino.<\/li>\n\n\n\n<li><b>Variedade de fibras<\/b>: combinar linha\u00e7a com frutas, hortali\u00e7as e outros gr\u00e3os amplia o tipo de fibras e nutrientes.<\/li>\n\n\n\n<li><b>Regularidade<\/b>: manter o consumo constante \u00e9 essencial, e n\u00e3o apenas em fases de intestino preso.<\/li>\n<\/ol>\n\n\n\n<h2 class=\"wp-block-heading wp-embed-aspect-16-9 wp-has-aspect-ratio\">Valores nutricionais m\u00e9dios da farinha de linha\u00e7a<\/h2>\n\n\n\n<p class=\"wp-embed-aspect-16-9 wp-has-aspect-ratio\">Abaixo est\u00e1 uma m\u00e9dia dos <b>valores nutricionais<\/b> para 10 g de farinha de linha\u00e7a (cerca de 1 colher de sopa). Esses n\u00fameros podem variar conforme a marca, o tipo de linha\u00e7a (dourada ou marrom) e o processo de fabrica\u00e7\u00e3o, mas ajudam a ter uma no\u00e7\u00e3o do que se est\u00e1 consumindo diariamente.<\/p>\n\n\n\n<div class=\"google-auto-ads-ignore\" style=\"box-sizing: border-box; display: flex; flex-direction: column; width: 100%; max-width: 800px; margin: 30px auto; background-color: #f0faff; color: #1f1f1f; border-radius: 12px; overflow: hidden; font-family: 'Segoe UI', Roboto, Helvetica, Arial, sans-serif; box-shadow: 0 4px 15px rgba(0,0,0,0.08); border: 1px solid #d9f7ff; position: relative; z-index: 5;\">\n\n  <div style=\"background-color: #e6f7ff; padding: 25px; border-bottom: 3px solid #1890ff; text-align: center;\">\n    <h2 style=\"margin: 0; color: #003a8c; font-size: 1.5rem; line-height: 1.3;\">\ud83d\udcca Informa\u00e7\u00f5es Nutricionais Detalhadas<\/h2>\n    <div style=\"font-size: 0.95rem; margin-top: 8px; color: #434343; opacity: 0.9;\">Composi\u00e7\u00e3o por por\u00e7\u00e3o baseada nos dados fornecidos<\/div>\n  <\/div>\n\n  <div style=\"padding: 25px; display: flex; flex-wrap: wrap; gap: 20px;\">\n    \n    <div style=\"flex: 1 1 300px; background-color: #ffffff; border-radius: 8px; padding: 20px; border: 1px solid #bae7ff; box-shadow: 0 2px 5px rgba(0,0,0,0.02);\">\n      <h3 style=\"margin: 0 0 15px 0; color: #096dd9; font-size: 1.1rem; font-weight: bold; border-bottom: 1px solid #e6f7ff; padding-bottom: 8px;\">\n        \u26a1 Energia e Macros\n      <\/h3>\n      \n      <div style=\"display: grid; grid-template-columns: 1fr 1fr; gap: 10px;\">\n        <div>\n          <strong style=\"display: block; font-size: 0.8rem; color: #8c8c8c; text-transform: uppercase;\">Energia<\/strong>\n          <span style=\"font-size: 1.1rem; font-weight: 600;\">50 kcal<\/span>\n        <\/div>\n        <div>\n          <strong style=\"display: block; font-size: 0.8rem; color: #8c8c8c; text-transform: uppercase;\">Carboidratos<\/strong>\n          <span style=\"font-size: 1.1rem; font-weight: 600;\">2,5 g<\/span>\n        <\/div>\n        <div>\n          <strong style=\"display: block; font-size: 0.8rem; color: #8c8c8c; text-transform: uppercase;\">Prote\u00ednas<\/strong>\n          <span style=\"font-size: 1.1rem; font-weight: 600;\">1,8 g<\/span>\n        <\/div>\n        <div>\n          <strong style=\"display: block; font-size: 0.8rem; color: #8c8c8c; text-transform: uppercase;\">Fibras<\/strong>\n          <span style=\"font-size: 1.1rem; font-weight: 600;\">2,5 g<\/span>\n        <\/div>\n      <\/div>\n    <\/div>\n\n    <div style=\"flex: 1 1 300px; background-color: #ffffff; border-radius: 8px; padding: 20px; border: 1px solid #bae7ff; box-shadow: 0 2px 5px rgba(0,0,0,0.02);\">\n      <h3 style=\"margin: 0 0 15px 0; color: #096dd9; font-size: 1.1rem; font-weight: bold; border-bottom: 1px solid #e6f7ff; padding-bottom: 8px;\">\n        \ud83e\udd51 Perfil de Lip\u00eddios\n      <\/h3>\n      \n      <div style=\"margin-bottom: 12px;\">\n        <div style=\"display: flex; justify-content: space-between; font-size: 0.95rem; margin-bottom: 5px;\">\n          <span>Gorduras Totais:<\/span>\n          <strong style=\"color: #1f1f1f;\">3,8 g<\/strong>\n        <\/div>\n        <div style=\"display: flex; justify-content: space-between; font-size: 0.85rem; color: #595959; margin-left: 10px; border-left: 2px solid #f0f0f0; padding-left: 10px;\">\n          <span>Saturadas:<\/span>\n          <span>0,4 g<\/span>\n        <\/div>\n        <div style=\"display: flex; justify-content: space-between; font-size: 0.85rem; color: #595959; margin-left: 10px; border-left: 2px solid #f0f0f0; padding-left: 10px;\">\n          <span>Monoinsaturadas:<\/span>\n          <span>0,8 g<\/span>\n        <\/div>\n        <div style=\"display: flex; justify-content: space-between; font-size: 0.85rem; color: #595959; margin-left: 10px; border-left: 2px solid #f0f0f0; padding-left: 10px;\">\n          <span>Poli-insaturadas (\u00d4mega 3):<\/span>\n          <span>2,3 g<\/span>\n        <\/div>\n      <\/div>\n\n      <div style=\"margin-top: 15px; padding-top: 10px; border-top: 1px dashed #e6f7ff; display: flex; justify-content: space-between;\">\n        <span style=\"font-weight: 600; color: #003a8c;\">S\u00f3dio:<\/span>\n        <span style=\"color: #52c41a; font-weight: 600;\">0 mg (Irrelevante)<\/span>\n      <\/div>\n    <\/div>\n\n  <\/div>\n<\/div>\n\n\n\n<h2 class=\"wp-block-heading wp-embed-aspect-16-9 wp-has-aspect-ratio\">Pr\u00f3ximos passos para cuidar do seu intestino<\/h2>\n\n\n\n<p class=\"wp-embed-aspect-16-9 wp-has-aspect-ratio\">A farinha de linha\u00e7a pode ser uma forma simples de apoiar o <b>intestino<\/b> e o bem-estar geral, desde que fa\u00e7a parte de um conjunto de bons h\u00e1bitos. Pequenos gestos, como beber mais \u00e1gua, se mexer um pouco mais e ajustar as refei\u00e7\u00f5es, costumam trazer um retorno grande na rotina.<\/p>\n\n\n\n<p class=\"wp-embed-aspect-16-9 wp-has-aspect-ratio\">Se voc\u00ea sente que o intestino est\u00e1 sempre \u201cenroscado\u201d ou quer prevenir esse <b>desconforto<\/b>, vale testar a linha\u00e7a por algumas semanas e observar as mudan\u00e7as no corpo. Em caso de d\u00favidas ou sintomas persistentes, busque <b>orienta\u00e7\u00e3o profissional<\/b> para ter um plano personalizado e mais seguran\u00e7a nas escolhas do dia a dia.<\/p>\n","protected":false},"excerpt":{"rendered":"<p>Voc\u00ea j\u00e1 reparou como um simples ingrediente pode transformar o funcionamento intestinal e, de quebra, melhorar seu bem-estar no dia a dia? A farinha de linha\u00e7a, feita da semente de linha\u00e7a mo\u00edda, vem ganhando espa\u00e7o justamente por isso: \u00e9 rica em fibras, gorduras boas como o \u00f4mega 3 de origem vegetal e ainda \u00e9 f\u00e1cil [&hellip;]<\/p>\n","protected":false},"author":9,"featured_media":203628,"comment_status":"open","ping_status":"open","sticky":false,"template":"","format":"standard","meta":{"_yoast_wpseo_focuskw":"farinha de linha\u00e7a","_yoast_wpseo_title":"","_yoast_wpseo_metadesc":"Rica em fibras e \u00f4mega 3 vegetal, a farinha de linha\u00e7a pode ajudar a regular o intestino e contribuir para o bem-estar digestivo","jnews-multi-image_gallery":[],"jnews_single_post":{"format":"standard"},"jnews_primary_category":[],"jnews_social_meta":[],"jnews_override_counter":[],"footnotes":""},"categories":[119,4404],"post_tag":[11823,1422,7113],"class_list":["post-203281","post","type-post","status-publish","format-standard","has-post-thumbnail","hentry","category-bem-estar","category-saude","tag-farinha-de-linhaca","tag-intestino","tag-linhaca"],"yoast_head":"<!-- This site is optimized with the Yoast SEO plugin v24.6 - https:\/\/yoast.com\/wordpress\/plugins\/seo\/ -->\n<title>Essa semente simples e barata pode ajudar a melhorar o tr\u00e2nsito intestinal e a sa\u00fade digestiva - Correio Braziliense - Radar<\/title>\n<meta name=\"description\" content=\"Rica em fibras e \u00f4mega 3 vegetal, a farinha de linha\u00e7a pode ajudar a regular o intestino e contribuir para o bem-estar digestivo\" \/>\n<meta name=\"robots\" content=\"index, follow, max-snippet:-1, max-image-preview:large, max-video-preview:-1\" \/>\n<link rel=\"canonical\" href=\"https:\/\/www.correiobraziliense.com.br\/cbradar\/essa-semente-simples-e-barata-pode-ajudar-a-melhorar-o-transito-intestinal-e-a-saude-digestiva\/\" \/>\n<meta property=\"og:locale\" content=\"pt_BR\" \/>\n<meta property=\"og:type\" content=\"article\" \/>\n<meta property=\"og:title\" content=\"Essa semente simples e barata pode ajudar a melhorar o tr\u00e2nsito intestinal e a sa\u00fade digestiva - Correio Braziliense - Radar\" \/>\n<meta property=\"og:description\" content=\"Rica em fibras e \u00f4mega 3 vegetal, a farinha de linha\u00e7a pode ajudar a regular o intestino e contribuir para o bem-estar digestivo\" \/>\n<meta property=\"og:url\" content=\"https:\/\/www.correiobraziliense.com.br\/cbradar\/essa-semente-simples-e-barata-pode-ajudar-a-melhorar-o-transito-intestinal-e-a-saude-digestiva\/\" \/>\n<meta property=\"og:site_name\" content=\"Correio Braziliense - Radar\" \/>\n<meta property=\"article:published_time\" content=\"2026-03-06T16:05:31+00:00\" \/>\n<meta property=\"og:image\" content=\"https:\/\/www.correiobraziliense.com.br\/cbradar\/wp-content\/uploads\/2026\/03\/freepik__tigela-pequena-de-farinha-de-linhaa-marrom-sobre-m__58106.jpeg\" \/>\n\t<meta property=\"og:image:width\" content=\"1280\" \/>\n\t<meta property=\"og:image:height\" content=\"720\" \/>\n\t<meta property=\"og:image:type\" content=\"image\/jpeg\" \/>\n<meta name=\"author\" content=\"Daniely Cardoso\" \/>\n<meta name=\"twitter:card\" content=\"summary_large_image\" \/>\n<meta name=\"twitter:label1\" content=\"Escrito por\" \/>\n\t<meta name=\"twitter:data1\" content=\"Daniely Cardoso\" \/>\n\t<meta name=\"twitter:label2\" content=\"Est. tempo de leitura\" \/>\n\t<meta name=\"twitter:data2\" content=\"5 minutos\" \/>\n<!-- \/ Yoast SEO plugin. -->","yoast_head_json":{"title":"Essa semente simples e barata pode ajudar a melhorar o tr\u00e2nsito intestinal e a sa\u00fade digestiva - Correio Braziliense - Radar","description":"Rica em fibras e \u00f4mega 3 vegetal, a farinha de linha\u00e7a pode ajudar a regular o intestino e contribuir para o bem-estar digestivo","robots":{"index":"index","follow":"follow","max-snippet":"max-snippet:-1","max-image-preview":"max-image-preview:large","max-video-preview":"max-video-preview:-1"},"canonical":"https:\/\/www.correiobraziliense.com.br\/cbradar\/essa-semente-simples-e-barata-pode-ajudar-a-melhorar-o-transito-intestinal-e-a-saude-digestiva\/","og_locale":"pt_BR","og_type":"article","og_title":"Essa semente simples e barata pode ajudar a melhorar o tr\u00e2nsito intestinal e a sa\u00fade digestiva - Correio Braziliense - Radar","og_description":"Rica em fibras e \u00f4mega 3 vegetal, a farinha de linha\u00e7a pode ajudar a regular o intestino e contribuir para o bem-estar digestivo","og_url":"https:\/\/www.correiobraziliense.com.br\/cbradar\/essa-semente-simples-e-barata-pode-ajudar-a-melhorar-o-transito-intestinal-e-a-saude-digestiva\/","og_site_name":"Correio Braziliense - Radar","article_published_time":"2026-03-06T16:05:31+00:00","og_image":[{"width":1280,"height":720,"url":"https:\/\/www.correiobraziliense.com.br\/cbradar\/wp-content\/uploads\/2026\/03\/freepik__tigela-pequena-de-farinha-de-linhaa-marrom-sobre-m__58106.jpeg","type":"image\/jpeg"}],"author":"Daniely Cardoso","twitter_card":"summary_large_image","twitter_misc":{"Escrito por":"Daniely Cardoso","Est. tempo de leitura":"5 minutos"},"schema":{"@context":"https:\/\/schema.org","@graph":[{"@type":"WebPage","@id":"https:\/\/www.correiobraziliense.com.br\/cbradar\/essa-semente-simples-e-barata-pode-ajudar-a-melhorar-o-transito-intestinal-e-a-saude-digestiva\/","url":"https:\/\/www.correiobraziliense.com.br\/cbradar\/essa-semente-simples-e-barata-pode-ajudar-a-melhorar-o-transito-intestinal-e-a-saude-digestiva\/","name":"Essa semente simples e barata pode ajudar a melhorar o tr\u00e2nsito intestinal e a sa\u00fade digestiva - Correio Braziliense - Radar","isPartOf":{"@id":"https:\/\/www.correiobraziliense.com.br\/cbradar\/#website"},"primaryImageOfPage":{"@id":"https:\/\/www.correiobraziliense.com.br\/cbradar\/essa-semente-simples-e-barata-pode-ajudar-a-melhorar-o-transito-intestinal-e-a-saude-digestiva\/#primaryimage"},"image":{"@id":"https:\/\/www.correiobraziliense.com.br\/cbradar\/essa-semente-simples-e-barata-pode-ajudar-a-melhorar-o-transito-intestinal-e-a-saude-digestiva\/#primaryimage"},"thumbnailUrl":"https:\/\/www.correiobraziliense.com.br\/cbradar\/wp-content\/uploads\/2026\/03\/freepik__tigela-pequena-de-farinha-de-linhaa-marrom-sobre-m__58106.jpeg","datePublished":"2026-03-06T16:05:31+00:00","author":{"@id":"https:\/\/www.correiobraziliense.com.br\/cbradar\/#\/schema\/person\/7356666e12ec0ee53f348ee5db227032"},"description":"Rica em fibras e \u00f4mega 3 vegetal, a farinha de linha\u00e7a pode ajudar a regular o intestino e contribuir para o bem-estar digestivo","breadcrumb":{"@id":"https:\/\/www.correiobraziliense.com.br\/cbradar\/essa-semente-simples-e-barata-pode-ajudar-a-melhorar-o-transito-intestinal-e-a-saude-digestiva\/#breadcrumb"},"inLanguage":"pt-BR","potentialAction":[{"@type":"ReadAction","target":["https:\/\/www.correiobraziliense.com.br\/cbradar\/essa-semente-simples-e-barata-pode-ajudar-a-melhorar-o-transito-intestinal-e-a-saude-digestiva\/"]}]},{"@type":"ImageObject","inLanguage":"pt-BR","@id":"https:\/\/www.correiobraziliense.com.br\/cbradar\/essa-semente-simples-e-barata-pode-ajudar-a-melhorar-o-transito-intestinal-e-a-saude-digestiva\/#primaryimage","url":"https:\/\/www.correiobraziliense.com.br\/cbradar\/wp-content\/uploads\/2026\/03\/freepik__tigela-pequena-de-farinha-de-linhaa-marrom-sobre-m__58106.jpeg","contentUrl":"https:\/\/www.correiobraziliense.com.br\/cbradar\/wp-content\/uploads\/2026\/03\/freepik__tigela-pequena-de-farinha-de-linhaa-marrom-sobre-m__58106.jpeg","width":1280,"height":720,"caption":"A farinha de linha\u00e7a \u00e9 obtida a partir da moagem das sementes de linha\u00e7a"},{"@type":"BreadcrumbList","@id":"https:\/\/www.correiobraziliense.com.br\/cbradar\/essa-semente-simples-e-barata-pode-ajudar-a-melhorar-o-transito-intestinal-e-a-saude-digestiva\/#breadcrumb","itemListElement":[{"@type":"ListItem","position":1,"name":"In\u00edcio","item":"https:\/\/www.correiobraziliense.com.br\/cbradar\/"},{"@type":"ListItem","position":2,"name":"Essa semente simples e barata pode ajudar a melhorar o tr\u00e2nsito intestinal e a sa\u00fade digestiva"}]},{"@type":"WebSite","@id":"https:\/\/www.correiobraziliense.com.br\/cbradar\/#website","url":"https:\/\/www.correiobraziliense.com.br\/cbradar\/","name":"Correio Braziliense - Radar","description":"Acompanhe as \u00faltimas not\u00edcias e fique bem informado sobre tudo o que acontece no Brasil e no mundo.","potentialAction":[{"@type":"SearchAction","target":{"@type":"EntryPoint","urlTemplate":"https:\/\/www.correiobraziliense.com.br\/cbradar\/?s={search_term_string}"},"query-input":{"@type":"PropertyValueSpecification","valueRequired":true,"valueName":"search_term_string"}}],"inLanguage":"pt-BR"},{"@type":"Person","@id":"https:\/\/www.correiobraziliense.com.br\/cbradar\/#\/schema\/person\/7356666e12ec0ee53f348ee5db227032","name":"Daniely Cardoso","image":{"@type":"ImageObject","inLanguage":"pt-BR","@id":"https:\/\/www.correiobraziliense.com.br\/cbradar\/#\/schema\/person\/image\/","url":"https:\/\/secure.gravatar.com\/avatar\/4b80ddbd124d1f071b626d52d62e5dff?s=96&d=mm&r=g","contentUrl":"https:\/\/secure.gravatar.com\/avatar\/4b80ddbd124d1f071b626d52d62e5dff?s=96&d=mm&r=g","caption":"Daniely Cardoso"},"description":"Redatora nos portais CB Radar e EM Foco, formada pela Universidade Federal de Goi\u00e1s, em Goi\u00e2nia. Apaixonada por comunica\u00e7\u00e3o, arte, decora\u00e7\u00e3o e tend\u00eancias, atuo na produ\u00e7\u00e3o de conte\u00fados envolventes sobre curiosidades, moda, beleza e paisagismo, sempre com um olhar atento \u00e0s novidades do momento.","sameAs":["https:\/\/www.correiobraziliense.com.br\/cbradar"],"url":"https:\/\/www.correiobraziliense.com.br\/cbradar\/author\/danielymyth\/"}]}},"_links":{"self":[{"href":"https:\/\/www.correiobraziliense.com.br\/cbradar\/wp-json\/wp\/v2\/posts\/203281","targetHints":{"allow":["GET"]}}],"collection":[{"href":"https:\/\/www.correiobraziliense.com.br\/cbradar\/wp-json\/wp\/v2\/posts"}],"about":[{"href":"https:\/\/www.correiobraziliense.com.br\/cbradar\/wp-json\/wp\/v2\/types\/post"}],"author":[{"embeddable":true,"href":"https:\/\/www.correiobraziliense.com.br\/cbradar\/wp-json\/wp\/v2\/users\/9"}],"replies":[{"embeddable":true,"href":"https:\/\/www.correiobraziliense.com.br\/cbradar\/wp-json\/wp\/v2\/comments?post=203281"}],"version-history":[{"count":3,"href":"https:\/\/www.correiobraziliense.com.br\/cbradar\/wp-json\/wp\/v2\/posts\/203281\/revisions"}],"predecessor-version":[{"id":203634,"href":"https:\/\/www.correiobraziliense.com.br\/cbradar\/wp-json\/wp\/v2\/posts\/203281\/revisions\/203634"}],"wp:featuredmedia":[{"embeddable":true,"href":"https:\/\/www.correiobraziliense.com.br\/cbradar\/wp-json\/wp\/v2\/media\/203628"}],"wp:attachment":[{"href":"https:\/\/www.correiobraziliense.com.br\/cbradar\/wp-json\/wp\/v2\/media?parent=203281"}],"wp:term":[{"taxonomy":"category","embeddable":true,"href":"https:\/\/www.correiobraziliense.com.br\/cbradar\/wp-json\/wp\/v2\/categories?post=203281"},{"taxonomy":"post_tag","embeddable":true,"href":"https:\/\/www.correiobraziliense.com.br\/cbradar\/wp-json\/wp\/v2\/post_tag?post=203281"}],"curies":[{"name":"wp","href":"https:\/\/api.w.org\/{rel}","templated":true}]}}