{"id":203282,"date":"2026-03-06T14:55:38","date_gmt":"2026-03-06T17:55:38","guid":{"rendered":"https:\/\/www.correiobraziliense.com.br\/cbradar\/?p=203282"},"modified":"2026-03-05T14:52:24","modified_gmt":"2026-03-05T17:52:24","slug":"nem-castanha-nem-noz-essa-oleaginosa-rica-em-gorduras-boas-pode-ajudar-a-proteger-o-coracao-quando-consumida-com-moderacao","status":"publish","type":"post","link":"https:\/\/www.correiobraziliense.com.br\/cbradar\/nem-castanha-nem-noz-essa-oleaginosa-rica-em-gorduras-boas-pode-ajudar-a-proteger-o-coracao-quando-consumida-com-moderacao\/","title":{"rendered":"Nem castanha, nem noz: essa oleaginosa rica em gorduras boas pode ajudar a proteger o cora\u00e7\u00e3o quando consumida com modera\u00e7\u00e3o"},"content":{"rendered":"\n<p>Imagine chegar em casa depois de um dia cheio, abrir um potinho de <b>castanhas<\/b> e encontrar um lanche crocante, gostoso e ainda aliado do <b>cora\u00e7\u00e3o<\/b>. \u00c9 assim que muita gente tem conhecido a macad\u00e2mia: uma oleaginosa de sabor suave, tradicional em pa\u00edses como <b>Austr\u00e1lia<\/b>, \u00c1frica do Sul e Brasil, que vem ganhando espa\u00e7o na rotina de quem busca comer melhor sem abrir m\u00e3o do prazer \u00e0 mesa.<\/p>\n\n\n\n<h2 class=\"wp-block-heading\">Por que a macad\u00e2mia faz t\u00e3o bem para o cora\u00e7\u00e3o<\/h2>\n\n\n\n<p>Entre as frutas oleaginosas, a <b>macad\u00e2mia<\/b> se destaca pelo teor de gordura monoinsaturada, semelhante ao encontrado no <b>azeite<\/b> de oliva. Esse tipo de gordura \u00e9 conhecido como \u201cgordura boa\u201d e pode ajudar a reduzir o colesterol <b>LDL<\/b>, o \u201cruim\u201d, e a manter ou at\u00e9 aumentar o HDL, o \u201cbom\u201d, importante para proteger as art\u00e9rias.<\/p>\n\n\n\n<p>Ela tamb\u00e9m oferece pequenas quantidades de gorduras poli-insaturadas, como o <b>\u00f4mega<\/b> 6, al\u00e9m de compostos com a\u00e7\u00e3o <b>antioxidante<\/b>. Juntos, esses elementos podem auxiliar no combate ao estresse <b>oxidativo<\/b>, ligado \u00e0 inflama\u00e7\u00e3o cr\u00f4nica e ao envelhecimento dos vasos sangu\u00edneos, especialmente quando combinados com uma alimenta\u00e7\u00e3o variada e atividade f\u00edsica regular.<\/p>\n\n\n<div class=\"wp-block-image\">\n<figure class=\"aligncenter size-full\"><img decoding=\"async\" width=\"1280\" height=\"720\" src=\"https:\/\/www.correiobraziliense.com.br\/cbradar\/wp-content\/uploads\/2026\/03\/Gemini_Generated_Image_snk26lsnk26lsnk2-1.png\" alt=\"\" class=\"wp-image-203295\" srcset=\"https:\/\/www.correiobraziliense.com.br\/cbradar\/wp-content\/uploads\/2026\/03\/Gemini_Generated_Image_snk26lsnk26lsnk2-1.png 1280w, https:\/\/www.correiobraziliense.com.br\/cbradar\/wp-content\/uploads\/2026\/03\/Gemini_Generated_Image_snk26lsnk26lsnk2-1-300x169.png 300w, https:\/\/www.correiobraziliense.com.br\/cbradar\/wp-content\/uploads\/2026\/03\/Gemini_Generated_Image_snk26lsnk26lsnk2-1-768x432.png 768w, https:\/\/www.correiobraziliense.com.br\/cbradar\/wp-content\/uploads\/2026\/03\/Gemini_Generated_Image_snk26lsnk26lsnk2-1-750x422.png 750w, https:\/\/www.correiobraziliense.com.br\/cbradar\/wp-content\/uploads\/2026\/03\/Gemini_Generated_Image_snk26lsnk26lsnk2-1-1140x641.png 1140w\" sizes=\"(max-width: 1280px) 100vw, 1280px\" \/><figcaption class=\"wp-element-caption\">Entre as frutas oleaginosas, a macad\u00e2mia se destaca pelo teor de gordura monoinsaturada<\/figcaption><\/figure><\/div>\n\n\n<p>Leia tamb\u00e9m:&nbsp;<a href=\"https:\/\/www.correiobraziliense.com.br\/cbradar\/a-planta-aromatica-usada-ha-seculos-que-pode-aliviar-gases-e-estufamento-de-forma-natural\/\" target=\"_blank\" rel=\"noopener\">A planta arom\u00e1tica usada h\u00e1 s\u00e9culos que pode aliviar gases e estufamento de forma natural<\/a><\/p>\n\n\n\n<h2 class=\"wp-block-heading\">Quais nutrientes da macad\u00e2mia ajudam no dia a dia<\/h2>\n\n\n\n<p>Al\u00e9m da gordura de boa qualidade, a <b>macad\u00e2mia<\/b> entrega outros nutrientes que fazem diferen\u00e7a na <b>rotina<\/b>. As fibras favorecem o funcionamento intestinal e podem colaborar na regula\u00e7\u00e3o da glicose e dos <b>lip\u00eddeos<\/b> no sangue, enquanto minerais como magn\u00e9sio, pot\u00e1ssio e c\u00e1lcio participam do controle da press\u00e3o arterial e da contra\u00e7\u00e3o muscular.<\/p>\n\n\n\n<p>Para visualizar melhor tudo isso na pr\u00e1tica, vale olhar uma por\u00e7\u00e3o <b>padr\u00e3o<\/b>. A tabela a seguir traz valores m\u00e9dios para <b>30 g<\/b> de macad\u00e2mia crua (cerca de um punhado pequeno), lembrando que eles podem variar conforme a origem e o tipo de <b>processamento<\/b>. Essa compara\u00e7\u00e3o ajuda a planejar uma por\u00e7\u00e3o adequada dentro das necessidades individuais.<\/p>\n\n\n\n<div class=\"google-auto-ads-ignore\" style=\"box-sizing: border-box; display: flex; flex-direction: column; width: 100%; max-width: 800px; margin: 30px auto; background-color: #f0faff; color: #1f1f1f; border-radius: 12px; overflow: hidden; font-family: 'Segoe UI', Roboto, Helvetica, Arial, sans-serif; box-shadow: 0 4px 15px rgba(0,0,0,0.08); border: 1px solid #d9f7ff; position: relative; z-index: 5;\">\n\n  <div style=\"background-color: #e6f7ff; padding: 25px; border-bottom: 3px solid #1890ff; text-align: center;\">\n    <h2 style=\"margin: 0; color: #003a8c; font-size: 1.5rem; line-height: 1.3;\">\ud83e\udd5c Tabela Nutricional: Macad\u00e2mia<\/h2>\n    <div style=\"font-size: 0.95rem; margin-top: 8px; color: #434343; opacity: 0.9;\">Quantidade baseada em uma por\u00e7\u00e3o de <strong>30 g<\/strong><\/div>\n  <\/div>\n\n  <div style=\"padding: 25px; display: flex; flex-wrap: wrap; gap: 20px;\">\n    \n    <div style=\"flex: 1 1 300px; background-color: #ffffff; border-radius: 8px; padding: 20px; border: 1px solid #bae7ff; box-shadow: 0 2px 5px rgba(0,0,0,0.02);\">\n      <h3 style=\"margin: 0 0 15px 0; color: #096dd9; font-size: 1.1rem; font-weight: bold; border-bottom: 1px solid #e6f7ff; padding-bottom: 8px;\">\n        \ud83d\udcca Valores Principais\n      <\/h3>\n      \n      <div style=\"font-size: 0.95rem; line-height: 1.8;\">\n        <div style=\"display: flex; justify-content: space-between; border-bottom: 1px solid #f0f0f0;\"><span>Energia (calorias):<\/span> <strong>\u2248 210 kcal<\/strong><\/div>\n        <div style=\"display: flex; justify-content: space-between; border-bottom: 1px solid #f0f0f0;\"><span>Carboidratos totais:<\/span> <strong>\u2248 4 g<\/strong><\/div>\n        <div style=\"display: flex; justify-content: space-between; border-bottom: 1px solid #f0f0f0;\"><span>Prote\u00ednas:<\/span> <strong>\u2248 2 g<\/strong><\/div>\n        <div style=\"display: flex; justify-content: space-between; border-bottom: 1px solid #f0f0f0;\"><span>Gorduras totais:<\/span> <strong>\u2248 23 g<\/strong><\/div>\n        <div style=\"display: flex; justify-content: space-between; border-bottom: 1px solid #f0f0f0; padding-left: 10px; color: #666; font-size: 0.85rem;\"><span>\u2514 Monoinsaturadas:<\/span> <span>\u2248 17 g<\/span><\/div>\n        <div style=\"display: flex; justify-content: space-between; border-bottom: 1px solid #f0f0f0; padding-left: 10px; color: #666; font-size: 0.85rem;\"><span>\u2514 Poli-insaturadas:<\/span> <span>\u2248 1,5 g<\/span><\/div>\n        <div style=\"display: flex; justify-content: space-between; border-bottom: 1px solid #f0f0f0; padding-left: 10px; color: #666; font-size: 0.85rem;\"><span>\u2514 Saturadas:<\/span> <span>\u2248 3,5 g<\/span><\/div>\n        <div style=\"display: flex; justify-content: space-between;\"><span>Fibras alimentares:<\/span> <strong>\u2248 2,5 g<\/strong><\/div>\n      <\/div>\n    <\/div>\n\n    <div style=\"flex: 1 1 300px; background-color: #ffffff; border-radius: 8px; padding: 20px; border: 1px solid #bae7ff; box-shadow: 0 2px 5px rgba(0,0,0,0.02);\">\n      <h3 style=\"margin: 0 0 15px 0; color: #096dd9; font-size: 1.1rem; font-weight: bold; border-bottom: 1px solid #e6f7ff; padding-bottom: 8px;\">\n        \ud83e\uddea Minerais e Micronutrientes\n      <\/h3>\n      \n      <div style=\"font-size: 0.95rem; line-height: 1.8;\">\n        <div style=\"display: flex; justify-content: space-between; border-bottom: 1px solid #f0f0f0;\"><span>Magn\u00e9sio:<\/span> <strong>\u2248 30 mg<\/strong><\/div>\n        <div style=\"display: flex; justify-content: space-between; border-bottom: 1px solid #f0f0f0;\"><span>Pot\u00e1ssio:<\/span> <strong>\u2248 100 mg<\/strong><\/div>\n        <div style=\"display: flex; justify-content: space-between; border-bottom: 1px solid #f0f0f0;\"><span>C\u00e1lcio:<\/span> <strong>\u2248 20 mg<\/strong><\/div>\n        <div style=\"margin-top: 10px; padding: 10px; background-color: #fafafa; border-radius: 4px; border: 1px dashed #d9d9d9;\">\n          <strong style=\"display: block; font-size: 0.8rem; color: #8c8c8c; text-transform: uppercase;\">S\u00f3dio<\/strong>\n          <div style=\"font-size: 1rem; color: #1f1f1f;\">&lt; 2 mg <span style=\"font-size: 0.8rem; color: #595959;\">(sem sal adicionado)<\/span><\/div>\n        <\/div>\n      <\/div>\n    <\/div>\n\n  <\/div>\n<\/div>\n\n\n\n<p>Os dados mostram que a <b>macad\u00e2mia<\/b> \u00e9 concentrada em calorias por causa do alto teor de <b>gorduras<\/b>, mas a maior parte delas \u00e9 monoinsaturada. Por isso, costuma ser vista como fonte de gorduras ben\u00e9ficas, somando-se \u00e0s <b>fibras<\/b> e minerais para apoiar planos alimentares voltados ao cuidado com o sistema cardiovascular.<\/p>\n\n\n\n<h2 class=\"wp-block-heading\">Como consumir macad\u00e2mia de forma equilibrada no dia a dia<\/h2>\n\n\n\n<p>Uma mesma <b>macad\u00e2mia<\/b> pode ser mais ou menos saud\u00e1vel dependendo de como \u00e9 preparada. Em geral, vale priorizar as vers\u00f5es naturais ou levemente torradas, sem muito <b>sal<\/b>, evitando as op\u00e7\u00f5es muito a\u00e7ucaradas, caramelizadas ou cobertas com <b>chocolate<\/b>, que aumentam o consumo de a\u00e7\u00facar e gordura saturada. Separamos esse v\u00eddeo do canal <a href=\"https:\/\/www.youtube.com\/@Dicasdesaudeoficial\" target=\"_blank\" rel=\"noreferrer noopener\">Dicas para Sa\u00fade Oficial<\/a> mostrando mais benef\u00edcios da macad\u00e2mia para a sa\u00fade:<\/p>\n\n\n\n<figure class=\"wp-block-embed is-type-video is-provider-youtube wp-block-embed-youtube wp-embed-aspect-16-9 wp-has-aspect-ratio\"><div class=\"wp-block-embed__wrapper\">\n<div class=\"jeg_video_container jeg_video_content\"><iframe loading=\"lazy\" title=\"Os 10 Benef\u00edcios da Macad\u00e2mia Para Sa\u00fade | Dicas de Sa\u00fade\" width=\"500\" height=\"281\" src=\"https:\/\/www.youtube.com\/embed\/Dv153gyZ3dk?feature=oembed\" frameborder=\"0\" allow=\"accelerometer; autoplay; clipboard-write; encrypted-media; gyroscope; picture-in-picture; web-share\" referrerpolicy=\"strict-origin-when-cross-origin\" allowfullscreen><\/iframe><\/div>\n<\/div><\/figure>\n\n\n\n<p>Se voc\u00ea quer colocar a <b>macad\u00e2mia<\/b> na rotina de um jeito simples, algumas ideias pr\u00e1ticas podem ajudar a variar o <b>card\u00e1pio<\/b> sem exagerar na quantidade consumida: al\u00e9m de lanches r\u00e1pidos, ela pode compor prepara\u00e7\u00f5es de caf\u00e9 da manh\u00e3 e ceia, trazendo mais <b>saciedade<\/b> ao dia.<\/p>\n\n\n\n<ul class=\"wp-block-list\">\n<li><b>Lanches<\/b> entre as refei\u00e7\u00f5es, em pequenas por\u00e7\u00f5es <b>medidas<\/b>;<\/li>\n\n\n\n<li>Adi\u00e7\u00e3o em <b>saladas<\/b>, junto com folhas, legumes e outras <b>sementes<\/b>;<\/li>\n\n\n\n<li>Uso em <b>granolas<\/b>, mix de castanhas e barrinhas <b>caseiras<\/b>;<\/li>\n\n\n\n<li>Incorpora\u00e7\u00e3o em receitas salgadas, como crostas para <b>peixes<\/b> e <b>aves<\/b>;<\/li>\n\n\n\n<li>Utiliza\u00e7\u00e3o da farinha de <b>macad\u00e2mia<\/b> em massas e <b>coberturas<\/b>.<\/li>\n<\/ul>\n\n\n\n<h2 class=\"wp-block-heading\">A macad\u00e2mia \u00e9 indicada para todas as pessoas<\/h2>\n\n\n\n<p>Apesar de ter um perfil interessante de <b>gorduras<\/b> e ser associada \u00e0 sa\u00fade <b>cardiovascular<\/b>, a macad\u00e2mia n\u00e3o \u00e9 para todos. Pessoas com alergia a <b>oleaginosas<\/b> podem ter rea\u00e7\u00f5es e, nesses casos, o consumo \u00e9 contraindicado. Quem precisa controlar peso ou seguir dieta com calorias bem contadas tamb\u00e9m deve ajustar a quantidade com ajuda profissional.<\/p>\n\n\n\n<p>Quando o assunto \u00e9 cora\u00e7\u00e3o, a <b>macad\u00e2mia<\/b> entra como parte de um conjunto: alimenta\u00e7\u00e3o variada, rica em frutas, legumes, cereais integrais e outras fontes de gordura de qualidade, somada \u00e0 atividade <b>f\u00edsica<\/b> e ao acompanhamento m\u00e9dico. Dentro desse cen\u00e1rio, consumir cerca de <b>15 g<\/b> a 30 g por dia, de forma consciente e adaptada \u00e0 rotina, pode ser uma maneira pr\u00e1tica de incluir mais gorduras boas na alimenta\u00e7\u00e3o cotidiana.<\/p>\n","protected":false},"excerpt":{"rendered":"<p>Imagine chegar em casa depois de um dia cheio, abrir um potinho de castanhas e encontrar um lanche crocante, gostoso e ainda aliado do cora\u00e7\u00e3o. \u00c9 assim que muita gente tem conhecido a macad\u00e2mia: uma oleaginosa de sabor suave, tradicional em pa\u00edses como Austr\u00e1lia, \u00c1frica do Sul e Brasil, que vem ganhando espa\u00e7o na rotina [&hellip;]<\/p>\n","protected":false},"author":9,"featured_media":203631,"comment_status":"open","ping_status":"open","sticky":false,"template":"","format":"standard","meta":{"_yoast_wpseo_focuskw":"benef\u00edcios da macadamia","_yoast_wpseo_title":"","_yoast_wpseo_metadesc":"Ingrediente rico em fibras e gorduras boas que pode ajudar o intestino a funcionar melhor e trazer mais equil\u00edbrio ao bem-estar di\u00e1rio.","jnews-multi-image_gallery":[],"jnews_single_post":{"format":"standard"},"jnews_primary_category":[],"jnews_social_meta":[],"jnews_override_counter":[],"footnotes":""},"categories":[119,4404],"post_tag":[15785,14070],"class_list":["post-203282","post","type-post","status-publish","format-standard","has-post-thumbnail","hentry","category-bem-estar","category-saude","tag-gordura-do-bem","tag-macadamia"],"yoast_head":"<!-- This site is optimized with the Yoast SEO plugin v24.6 - https:\/\/yoast.com\/wordpress\/plugins\/seo\/ -->\n<title>Nem castanha, nem noz: essa oleaginosa rica em gorduras boas pode ajudar a proteger o cora\u00e7\u00e3o quando consumida com modera\u00e7\u00e3o - Correio Braziliense - Radar<\/title>\n<meta name=\"description\" content=\"Ingrediente rico em fibras e gorduras boas que pode ajudar o intestino a funcionar melhor e trazer mais equil\u00edbrio ao bem-estar di\u00e1rio.\" \/>\n<meta name=\"robots\" content=\"index, follow, max-snippet:-1, max-image-preview:large, max-video-preview:-1\" \/>\n<link rel=\"canonical\" href=\"https:\/\/www.correiobraziliense.com.br\/cbradar\/nem-castanha-nem-noz-essa-oleaginosa-rica-em-gorduras-boas-pode-ajudar-a-proteger-o-coracao-quando-consumida-com-moderacao\/\" \/>\n<meta property=\"og:locale\" content=\"pt_BR\" \/>\n<meta property=\"og:type\" content=\"article\" \/>\n<meta property=\"og:title\" content=\"Nem castanha, nem noz: essa oleaginosa rica em gorduras boas pode ajudar a proteger o cora\u00e7\u00e3o quando consumida com modera\u00e7\u00e3o - Correio Braziliense - Radar\" \/>\n<meta property=\"og:description\" content=\"Ingrediente rico em fibras e gorduras boas que pode ajudar o intestino a funcionar melhor e trazer mais equil\u00edbrio ao bem-estar di\u00e1rio.\" \/>\n<meta property=\"og:url\" content=\"https:\/\/www.correiobraziliense.com.br\/cbradar\/nem-castanha-nem-noz-essa-oleaginosa-rica-em-gorduras-boas-pode-ajudar-a-proteger-o-coracao-quando-consumida-com-moderacao\/\" \/>\n<meta property=\"og:site_name\" content=\"Correio Braziliense - Radar\" \/>\n<meta property=\"article:published_time\" content=\"2026-03-06T17:55:38+00:00\" \/>\n<meta property=\"og:image\" content=\"https:\/\/www.correiobraziliense.com.br\/cbradar\/wp-content\/uploads\/2026\/03\/freepik__punhado-de-macadmias-naturais-com-algumas-ainda-na__58108.jpeg\" \/>\n\t<meta property=\"og:image:width\" content=\"1280\" \/>\n\t<meta property=\"og:image:height\" content=\"720\" \/>\n\t<meta property=\"og:image:type\" content=\"image\/jpeg\" \/>\n<meta name=\"author\" content=\"Daniely Cardoso\" \/>\n<meta name=\"twitter:card\" content=\"summary_large_image\" \/>\n<meta name=\"twitter:label1\" content=\"Escrito por\" \/>\n\t<meta name=\"twitter:data1\" content=\"Daniely Cardoso\" \/>\n\t<meta name=\"twitter:label2\" content=\"Est. tempo de leitura\" \/>\n\t<meta name=\"twitter:data2\" content=\"5 minutos\" \/>\n<!-- \/ Yoast SEO plugin. -->","yoast_head_json":{"title":"Nem castanha, nem noz: essa oleaginosa rica em gorduras boas pode ajudar a proteger o cora\u00e7\u00e3o quando consumida com modera\u00e7\u00e3o - Correio Braziliense - Radar","description":"Ingrediente rico em fibras e gorduras boas que pode ajudar o intestino a funcionar melhor e trazer mais equil\u00edbrio ao bem-estar di\u00e1rio.","robots":{"index":"index","follow":"follow","max-snippet":"max-snippet:-1","max-image-preview":"max-image-preview:large","max-video-preview":"max-video-preview:-1"},"canonical":"https:\/\/www.correiobraziliense.com.br\/cbradar\/nem-castanha-nem-noz-essa-oleaginosa-rica-em-gorduras-boas-pode-ajudar-a-proteger-o-coracao-quando-consumida-com-moderacao\/","og_locale":"pt_BR","og_type":"article","og_title":"Nem castanha, nem noz: essa oleaginosa rica em gorduras boas pode ajudar a proteger o cora\u00e7\u00e3o quando consumida com modera\u00e7\u00e3o - Correio Braziliense - Radar","og_description":"Ingrediente rico em fibras e gorduras boas que pode ajudar o intestino a funcionar melhor e trazer mais equil\u00edbrio ao bem-estar di\u00e1rio.","og_url":"https:\/\/www.correiobraziliense.com.br\/cbradar\/nem-castanha-nem-noz-essa-oleaginosa-rica-em-gorduras-boas-pode-ajudar-a-proteger-o-coracao-quando-consumida-com-moderacao\/","og_site_name":"Correio Braziliense - Radar","article_published_time":"2026-03-06T17:55:38+00:00","og_image":[{"width":1280,"height":720,"url":"https:\/\/www.correiobraziliense.com.br\/cbradar\/wp-content\/uploads\/2026\/03\/freepik__punhado-de-macadmias-naturais-com-algumas-ainda-na__58108.jpeg","type":"image\/jpeg"}],"author":"Daniely Cardoso","twitter_card":"summary_large_image","twitter_misc":{"Escrito por":"Daniely Cardoso","Est. tempo de leitura":"5 minutos"},"schema":{"@context":"https:\/\/schema.org","@graph":[{"@type":"WebPage","@id":"https:\/\/www.correiobraziliense.com.br\/cbradar\/nem-castanha-nem-noz-essa-oleaginosa-rica-em-gorduras-boas-pode-ajudar-a-proteger-o-coracao-quando-consumida-com-moderacao\/","url":"https:\/\/www.correiobraziliense.com.br\/cbradar\/nem-castanha-nem-noz-essa-oleaginosa-rica-em-gorduras-boas-pode-ajudar-a-proteger-o-coracao-quando-consumida-com-moderacao\/","name":"Nem castanha, nem noz: essa oleaginosa rica em gorduras boas pode ajudar a proteger o cora\u00e7\u00e3o quando consumida com modera\u00e7\u00e3o - Correio Braziliense - Radar","isPartOf":{"@id":"https:\/\/www.correiobraziliense.com.br\/cbradar\/#website"},"primaryImageOfPage":{"@id":"https:\/\/www.correiobraziliense.com.br\/cbradar\/nem-castanha-nem-noz-essa-oleaginosa-rica-em-gorduras-boas-pode-ajudar-a-proteger-o-coracao-quando-consumida-com-moderacao\/#primaryimage"},"image":{"@id":"https:\/\/www.correiobraziliense.com.br\/cbradar\/nem-castanha-nem-noz-essa-oleaginosa-rica-em-gorduras-boas-pode-ajudar-a-proteger-o-coracao-quando-consumida-com-moderacao\/#primaryimage"},"thumbnailUrl":"https:\/\/www.correiobraziliense.com.br\/cbradar\/wp-content\/uploads\/2026\/03\/freepik__punhado-de-macadmias-naturais-com-algumas-ainda-na__58108.jpeg","datePublished":"2026-03-06T17:55:38+00:00","author":{"@id":"https:\/\/www.correiobraziliense.com.br\/cbradar\/#\/schema\/person\/7356666e12ec0ee53f348ee5db227032"},"description":"Ingrediente rico em fibras e gorduras boas que pode ajudar o intestino a funcionar melhor e trazer mais equil\u00edbrio ao bem-estar di\u00e1rio.","breadcrumb":{"@id":"https:\/\/www.correiobraziliense.com.br\/cbradar\/nem-castanha-nem-noz-essa-oleaginosa-rica-em-gorduras-boas-pode-ajudar-a-proteger-o-coracao-quando-consumida-com-moderacao\/#breadcrumb"},"inLanguage":"pt-BR","potentialAction":[{"@type":"ReadAction","target":["https:\/\/www.correiobraziliense.com.br\/cbradar\/nem-castanha-nem-noz-essa-oleaginosa-rica-em-gorduras-boas-pode-ajudar-a-proteger-o-coracao-quando-consumida-com-moderacao\/"]}]},{"@type":"ImageObject","inLanguage":"pt-BR","@id":"https:\/\/www.correiobraziliense.com.br\/cbradar\/nem-castanha-nem-noz-essa-oleaginosa-rica-em-gorduras-boas-pode-ajudar-a-proteger-o-coracao-quando-consumida-com-moderacao\/#primaryimage","url":"https:\/\/www.correiobraziliense.com.br\/cbradar\/wp-content\/uploads\/2026\/03\/freepik__punhado-de-macadmias-naturais-com-algumas-ainda-na__58108.jpeg","contentUrl":"https:\/\/www.correiobraziliense.com.br\/cbradar\/wp-content\/uploads\/2026\/03\/freepik__punhado-de-macadmias-naturais-com-algumas-ainda-na__58108.jpeg","width":1280,"height":720,"caption":"A macad\u00e2mia \u00e9 uma oleaginosa origin\u00e1ria da Austr\u00e1lia e rica em gorduras monoinsaturadas"},{"@type":"BreadcrumbList","@id":"https:\/\/www.correiobraziliense.com.br\/cbradar\/nem-castanha-nem-noz-essa-oleaginosa-rica-em-gorduras-boas-pode-ajudar-a-proteger-o-coracao-quando-consumida-com-moderacao\/#breadcrumb","itemListElement":[{"@type":"ListItem","position":1,"name":"In\u00edcio","item":"https:\/\/www.correiobraziliense.com.br\/cbradar\/"},{"@type":"ListItem","position":2,"name":"Nem castanha, nem noz: essa oleaginosa rica em gorduras boas pode ajudar a proteger o cora\u00e7\u00e3o quando consumida com modera\u00e7\u00e3o"}]},{"@type":"WebSite","@id":"https:\/\/www.correiobraziliense.com.br\/cbradar\/#website","url":"https:\/\/www.correiobraziliense.com.br\/cbradar\/","name":"Correio Braziliense - Radar","description":"Acompanhe as \u00faltimas not\u00edcias e fique bem informado sobre tudo o que acontece no Brasil e no mundo.","potentialAction":[{"@type":"SearchAction","target":{"@type":"EntryPoint","urlTemplate":"https:\/\/www.correiobraziliense.com.br\/cbradar\/?s={search_term_string}"},"query-input":{"@type":"PropertyValueSpecification","valueRequired":true,"valueName":"search_term_string"}}],"inLanguage":"pt-BR"},{"@type":"Person","@id":"https:\/\/www.correiobraziliense.com.br\/cbradar\/#\/schema\/person\/7356666e12ec0ee53f348ee5db227032","name":"Daniely Cardoso","image":{"@type":"ImageObject","inLanguage":"pt-BR","@id":"https:\/\/www.correiobraziliense.com.br\/cbradar\/#\/schema\/person\/image\/","url":"https:\/\/secure.gravatar.com\/avatar\/4b80ddbd124d1f071b626d52d62e5dff?s=96&d=mm&r=g","contentUrl":"https:\/\/secure.gravatar.com\/avatar\/4b80ddbd124d1f071b626d52d62e5dff?s=96&d=mm&r=g","caption":"Daniely Cardoso"},"description":"Redatora nos portais CB Radar e EM Foco, formada pela Universidade Federal de Goi\u00e1s, em Goi\u00e2nia. Apaixonada por comunica\u00e7\u00e3o, arte, decora\u00e7\u00e3o e tend\u00eancias, atuo na produ\u00e7\u00e3o de conte\u00fados envolventes sobre curiosidades, moda, beleza e paisagismo, sempre com um olhar atento \u00e0s novidades do momento.","sameAs":["https:\/\/www.correiobraziliense.com.br\/cbradar"],"url":"https:\/\/www.correiobraziliense.com.br\/cbradar\/author\/danielymyth\/"}]}},"_links":{"self":[{"href":"https:\/\/www.correiobraziliense.com.br\/cbradar\/wp-json\/wp\/v2\/posts\/203282","targetHints":{"allow":["GET"]}}],"collection":[{"href":"https:\/\/www.correiobraziliense.com.br\/cbradar\/wp-json\/wp\/v2\/posts"}],"about":[{"href":"https:\/\/www.correiobraziliense.com.br\/cbradar\/wp-json\/wp\/v2\/types\/post"}],"author":[{"embeddable":true,"href":"https:\/\/www.correiobraziliense.com.br\/cbradar\/wp-json\/wp\/v2\/users\/9"}],"replies":[{"embeddable":true,"href":"https:\/\/www.correiobraziliense.com.br\/cbradar\/wp-json\/wp\/v2\/comments?post=203282"}],"version-history":[{"count":2,"href":"https:\/\/www.correiobraziliense.com.br\/cbradar\/wp-json\/wp\/v2\/posts\/203282\/revisions"}],"predecessor-version":[{"id":203296,"href":"https:\/\/www.correiobraziliense.com.br\/cbradar\/wp-json\/wp\/v2\/posts\/203282\/revisions\/203296"}],"wp:featuredmedia":[{"embeddable":true,"href":"https:\/\/www.correiobraziliense.com.br\/cbradar\/wp-json\/wp\/v2\/media\/203631"}],"wp:attachment":[{"href":"https:\/\/www.correiobraziliense.com.br\/cbradar\/wp-json\/wp\/v2\/media?parent=203282"}],"wp:term":[{"taxonomy":"category","embeddable":true,"href":"https:\/\/www.correiobraziliense.com.br\/cbradar\/wp-json\/wp\/v2\/categories?post=203282"},{"taxonomy":"post_tag","embeddable":true,"href":"https:\/\/www.correiobraziliense.com.br\/cbradar\/wp-json\/wp\/v2\/post_tag?post=203282"}],"curies":[{"name":"wp","href":"https:\/\/api.w.org\/{rel}","templated":true}]}}