{"id":203303,"date":"2026-03-06T16:35:14","date_gmt":"2026-03-06T19:35:14","guid":{"rendered":"https:\/\/www.correiobraziliense.com.br\/cbradar\/?p=203303"},"modified":"2026-03-05T14:53:29","modified_gmt":"2026-03-05T17:53:29","slug":"a-planta-amarga-do-quintal-que-muita-gente-usa-para-ajudar-na-digestao","status":"publish","type":"post","link":"https:\/\/www.correiobraziliense.com.br\/cbradar\/a-planta-amarga-do-quintal-que-muita-gente-usa-para-ajudar-na-digestao\/","title":{"rendered":"A planta amarga do quintal que muita gente usa para ajudar na digest\u00e3o"},"content":{"rendered":"\n<p>Imagine chegar em casa depois de uma refei\u00e7\u00e3o bem pesada, sentindo aquele inc\u00f4modo na barriga, e lembrar que no quintal tem um p\u00e9 de <b>jurubeba<\/b> crescendo forte, pronto para ser usado em um chazinho ou <b>receita<\/b> caseira. Essa planta, muito presente na cultura popular brasileira, ganhou espa\u00e7o tanto nas farm\u00e1cias de manipula\u00e7\u00e3o quanto nas hortas dom\u00e9sticas, principalmente por suas poss\u00edveis rela\u00e7\u00f5es com a <b>digest\u00e3o<\/b> e o cuidado com o f\u00edgado.<\/p>\n\n\n\n<h2 class=\"wp-block-heading\">Jurubeba traz benef\u00edcios digestivos e hep\u00e1ticos conhecidos<\/h2>\n\n\n\n<p>Est\u00e1 ligada ao uso tradicional da planta como aliada do <b>est\u00f4mago<\/b>, do intestino e do f\u00edgado. Em muitas regi\u00f5es do Brasil, folhas, ra\u00edzes e frutos s\u00e3o usados em ch\u00e1s e prepara\u00e7\u00f5es <b>amargas<\/b>, geralmente antes ou depois de refei\u00e7\u00f5es mais gordurosas.<\/p>\n\n\n\n<p>A jurubeba costuma ser associada \u00e0 melhora da digest\u00e3o e ao est\u00edmulo da produ\u00e7\u00e3o e libera\u00e7\u00e3o da <b>bile<\/b>, importante na digest\u00e3o de gorduras. Por isso, \u00e9 citada como apoio em casos de m\u00e1 digest\u00e3o leve, sensa\u00e7\u00e3o de peso e <b>desconforto<\/b> ap\u00f3s comer, sempre como complemento ao cuidado m\u00e9dico, n\u00e3o como substitui\u00e7\u00e3o de <b>tratamentos<\/b>.<\/p>\n\n\n<div class=\"wp-block-image\">\n<figure class=\"aligncenter size-large\"><img decoding=\"async\" width=\"1024\" height=\"576\" src=\"https:\/\/www.correiobraziliense.com.br\/cbradar\/wp-content\/uploads\/2026\/02\/Gemini_Generated_Image_qjwlo7qjwlo7qjwl-1-1024x576.png\" alt=\"\" class=\"wp-image-201056\" srcset=\"https:\/\/www.correiobraziliense.com.br\/cbradar\/wp-content\/uploads\/2026\/02\/Gemini_Generated_Image_qjwlo7qjwlo7qjwl-1-1024x576.png 1024w, https:\/\/www.correiobraziliense.com.br\/cbradar\/wp-content\/uploads\/2026\/02\/Gemini_Generated_Image_qjwlo7qjwlo7qjwl-1-300x169.png 300w, https:\/\/www.correiobraziliense.com.br\/cbradar\/wp-content\/uploads\/2026\/02\/Gemini_Generated_Image_qjwlo7qjwlo7qjwl-1-768x432.png 768w, https:\/\/www.correiobraziliense.com.br\/cbradar\/wp-content\/uploads\/2026\/02\/Gemini_Generated_Image_qjwlo7qjwlo7qjwl-1-750x422.png 750w, https:\/\/www.correiobraziliense.com.br\/cbradar\/wp-content\/uploads\/2026\/02\/Gemini_Generated_Image_qjwlo7qjwlo7qjwl-1-1140x641.png 1140w, https:\/\/www.correiobraziliense.com.br\/cbradar\/wp-content\/uploads\/2026\/02\/Gemini_Generated_Image_qjwlo7qjwlo7qjwl-1.png 1280w\" sizes=\"(max-width: 1024px) 100vw, 1024px\" \/><figcaption class=\"wp-element-caption\">O cultivo da jurubeba costuma ser simples e combina bem com quintais, hortas dom\u00e9sticas e pequenas \u00e1reas rurais<\/figcaption><\/figure><\/div>\n\n\n<p>Leia tamb\u00e9m:&nbsp;<a href=\"https:\/\/www.correiobraziliense.com.br\/cbradar\/essa-erva-facil-de-plantar-ganhou-fama-por-ajudar-a-memoria-e-a-circulacao\/\" target=\"_blank\" rel=\"noopener\">Essa erva f\u00e1cil de plantar ganhou fama por ajudar a mem\u00f3ria e a circula\u00e7\u00e3o<\/a><\/p>\n\n\n\n<h2 class=\"wp-block-heading\">Quais s\u00e3o os principais efeitos digestivos da jurubeba<\/h2>\n\n\n\n<p>Um dos pontos mais comentados quando se fala em <strong>benef\u00edcios digestivos da jurubeba<\/strong> \u00e9 o seu sabor <b>amargo<\/b> bem intenso. Alimentos amargos costumam ser vistos como estimulantes naturais do <b>apetite<\/b> e do processo digestivo, o que ajuda a explicar por que tanta gente usa a planta ao redor das <b>refei\u00e7\u00f5es<\/b>.<\/p>\n\n\n\n<p>Apesar disso, o consumo n\u00e3o deve ser exagerado nem cont\u00ednuo sem orienta\u00e7\u00e3o. Em pessoas sens\u00edveis, o excesso pode causar <b>n\u00e1useas<\/b>, dor de est\u00f4mago ou mal-estar, e quem j\u00e1 tem problemas digestivos ou <b>hep\u00e1ticos<\/b> precisa de acompanhamento profissional para evitar intera\u00e7\u00f5es com rem\u00e9dios ou piora de <b>sintomas<\/b>.<\/p>\n\n\n\n<h2 class=\"wp-block-heading\">Quais cuidados ter ao usar jurubeba para o f\u00edgado e digest\u00e3o<\/h2>\n\n\n\n<p>Mesmo sendo uma planta popular e facilmente encontrada, a jurubeba exige aten\u00e7\u00e3o na hora do uso. Um cuidado b\u00e1sico \u00e9 ter certeza da <b>identifica\u00e7\u00e3o<\/b> correta da esp\u00e9cie, pois plantas parecidas podem n\u00e3o ter o mesmo hist\u00f3rico de uso ou at\u00e9 causar <b>intoxica\u00e7\u00f5es<\/b>, especialmente quando colhidas em terrenos <b>baldios<\/b>.<\/p>\n\n\n\n<p>Tamb\u00e9m \u00e9 importante cuidar da forma de preparo e da frequ\u00eancia de consumo. Ch\u00e1s muito fortes, uso di\u00e1rio por longos per\u00edodos ou ingest\u00e3o de muitos frutos verdes podem n\u00e3o ser adequados. Em <b>gestantes<\/b>, lactantes, crian\u00e7as e pessoas com doen\u00e7as graves no f\u00edgado, o uso costuma ser visto com mais cautela por m\u00e9dicos e <b>fitoterapeutas<\/b>. Se voc\u00ea gosta de cultivo, separamos esse v\u00eddeo do canal <a href=\"https:\/\/www.youtube.com\/@tiacelinavariedades770\" target=\"_blank\" rel=\"noreferrer noopener\">Tia Celina Variedades<\/a> ensinando a planta em casa:<\/p>\n\n\n\n<figure class=\"wp-block-embed is-type-video is-provider-youtube wp-block-embed-youtube wp-embed-aspect-16-9 wp-has-aspect-ratio\"><div class=\"wp-block-embed__wrapper\">\n<div class=\"jeg_video_container jeg_video_content\"><iframe loading=\"lazy\" title=\"Muda de Jurubeba Feita Apartir do Galho Aprenda Como Fazer com a Tia Celina\" width=\"500\" height=\"281\" src=\"https:\/\/www.youtube.com\/embed\/U1ZlsWPnlhc?start=337&#038;feature=oembed\" frameborder=\"0\" allow=\"accelerometer; autoplay; clipboard-write; encrypted-media; gyroscope; picture-in-picture; web-share\" referrerpolicy=\"strict-origin-when-cross-origin\" allowfullscreen><\/iframe><\/div>\n<\/div><\/figure>\n\n\n\n<h2 class=\"wp-block-heading\">Quais orienta\u00e7\u00f5es pr\u00e1ticas ajudam a usar jurubeba com seguran\u00e7a<\/h2>\n\n\n\n<p>Para aproveitar a jurubeba de forma mais tranquila no dia a dia, muitos profissionais de sa\u00fade refor\u00e7am algumas orienta\u00e7\u00f5es simples. Elas ajudam a evitar exageros e a perceber mais r\u00e1pido qualquer <b>rea\u00e7\u00e3o<\/b> diferente do organismo durante o uso da <b>planta<\/b>.<\/p>\n\n\n\n<p>Veja alguns cuidados pr\u00e1ticos frequentemente recomendados por <b>especialistas<\/b>:<\/p>\n\n\n\n<ul class=\"wp-block-list\">\n<li><strong>Evitar automedica\u00e7\u00e3o prolongada<\/strong> com ch\u00e1s ou extratos concentrados de <b>jurubeba<\/b>.<\/li>\n\n\n\n<li><strong>Informar m\u00e9dicos<\/strong> sobre o uso de plantas medicinais, especialmente em tratamentos de f\u00edgado ou <b>est\u00f4mago<\/b>.<\/li>\n\n\n\n<li><strong>Observar rea\u00e7\u00f5es do organismo<\/strong>, como n\u00e1useas, dor abdominal ou mal-estar, interrompendo o uso em caso de <b>desconforto<\/b>.<\/li>\n\n\n\n<li><strong>Respeitar doses indicadas<\/strong> por profissionais capacitados ou pela bula de produtos <b>registrados<\/b>.<\/li>\n<\/ul>\n\n\n\n<h2 class=\"wp-block-heading\">Como plantar jurubeba em casa de forma simples<\/h2>\n\n\n\n<p>Se a ideia \u00e9 ter a pr\u00f3pria jurubeba no quintal ou na varanda, o primeiro passo \u00e9 escolher um local com boa incid\u00eancia de <b>sol<\/b>. A planta se adapta bem a climas quentes ou amenos e cresce melhor em solos bem drenados, com um pouco de mat\u00e9ria <b>org\u00e2nica<\/b> e sem excesso de \u00e1gua acumulada.<\/p>\n\n\n\n<p>O cultivo pode ser feito a partir de sementes ou mudas, em vasos grandes ou direto no ch\u00e3o. Em espa\u00e7os pequenos, vasos profundos ajudam a controlar o solo e a <b>irriga\u00e7\u00e3o<\/b>. Em canteiros, vale manter um bom espa\u00e7o entre os p\u00e9s para o ar circular e reduzir o risco de doen\u00e7as nas <b>folhas<\/b>.<\/p>\n\n\n\n<figure class=\"wp-block-embed is-type-rich is-provider-pinterest wp-block-embed-pinterest\"><div class=\"wp-block-embed__wrapper\">\n<iframe loading=\"lazy\" title=\"006.3\/1 Jurubeba (Solanum paniculatum)\" src=\"https:\/\/assets.pinterest.com\/ext\/embed.html?id=39125090509019148&#038;src=oembed\" height=\"699\" width=\"450\" frameborder=\"0\" scrolling=\"no\" ><\/iframe>\n<\/div><\/figure>\n\n\n\n<h2 class=\"wp-block-heading\">Qual \u00e9 o passo a passo b\u00e1sico para cultivar jurubeba<\/h2>\n\n\n\n<p>Depois de escolher o local, o plantio da jurubeba costuma ser bem tranquilo, ideal para quem est\u00e1 come\u00e7ando na horta <b>caseira<\/b>. Com alguns cuidados simples, a planta tende a se desenvolver r\u00e1pido e exigir pouca <b>manuten\u00e7\u00e3o<\/b> no dia a dia.<\/p>\n\n\n\n<ol class=\"wp-block-list\">\n<li><strong>Preparar o solo<\/strong>: misturar terra comum com composto <b>org\u00e2nico<\/b> bem decomposto, garantindo boa <b>drenagem<\/b>.<\/li>\n\n\n\n<li><strong>Semeadura ou mudas<\/strong>: colocar sementes a poucos cent\u00edmetros de profundidade ou transplantar mudas com cuidado para n\u00e3o danificar as <b>ra\u00edzes<\/b>.<\/li>\n\n\n\n<li><strong>Rega inicial<\/strong>: manter o solo \u00famido, mas n\u00e3o encharcado, principalmente nas primeiras semanas de <b>adapta\u00e7\u00e3o<\/b>.<\/li>\n\n\n\n<li><strong>Luz solar<\/strong>: posicionar o vaso ou escolher um canteiro que receba sol direto em parte do <b>dia<\/b>.<\/li>\n\n\n\n<li><strong>Manuten\u00e7\u00e3o<\/strong>: retirar plantas invasoras ao redor, podar galhos secos e observar a presen\u00e7a de <b>pragas<\/b>.<\/li>\n<\/ol>\n\n\n\n<p>Quando bem cuidada, a jurubeba pode frutificar ao longo do ano, dependendo do clima da regi\u00e3o. Seus frutos s\u00e3o usados em conservas e receitas <b>amargas<\/b>, mas, para fins digestivos e de apoio ao f\u00edgado, o ideal \u00e9 sempre unir o cultivo dom\u00e9stico \u00e0s orienta\u00e7\u00f5es de profissionais de <b>sa\u00fade<\/b>.<\/p>\n","protected":false},"excerpt":{"rendered":"<p>Imagine chegar em casa depois de uma refei\u00e7\u00e3o bem pesada, sentindo aquele inc\u00f4modo na barriga, e lembrar que no quintal tem um p\u00e9 de jurubeba crescendo forte, pronto para ser usado em um chazinho ou receita caseira. Essa planta, muito presente na cultura popular brasileira, ganhou espa\u00e7o tanto nas farm\u00e1cias de manipula\u00e7\u00e3o quanto nas hortas [&hellip;]<\/p>\n","protected":false},"author":9,"featured_media":203632,"comment_status":"open","ping_status":"open","sticky":false,"template":"","format":"standard","meta":{"_yoast_wpseo_focuskw":"plantar Jurubeba","_yoast_wpseo_title":"","_yoast_wpseo_metadesc":"Planta amarga tradicional \u00e9 usada para digest\u00e3o e apoio ao f\u00edgado e ainda pode ser cultivada facilmente no quintal.","jnews-multi-image_gallery":[],"jnews_single_post":{"format":"standard"},"jnews_primary_category":[],"jnews_social_meta":[],"jnews_override_counter":[],"footnotes":""},"categories":[119,136],"post_tag":[13627,6025,13626],"class_list":["post-203303","post","type-post","status-publish","format-standard","has-post-thumbnail","hentry","category-bem-estar","category-jardinagem","tag-cultivo-de-jurubeba","tag-jurubeba","tag-plantar-jurubeba"],"yoast_head":"<!-- This site is optimized with the Yoast SEO plugin v24.6 - https:\/\/yoast.com\/wordpress\/plugins\/seo\/ -->\n<title>A planta amarga do quintal que muita gente usa para ajudar na digest\u00e3o - Correio Braziliense - Radar<\/title>\n<meta name=\"description\" content=\"Planta amarga tradicional \u00e9 usada para digest\u00e3o e apoio ao f\u00edgado e ainda pode ser cultivada facilmente no quintal.\" \/>\n<meta name=\"robots\" content=\"index, follow, max-snippet:-1, max-image-preview:large, max-video-preview:-1\" \/>\n<link rel=\"canonical\" href=\"https:\/\/www.correiobraziliense.com.br\/cbradar\/a-planta-amarga-do-quintal-que-muita-gente-usa-para-ajudar-na-digestao\/\" \/>\n<meta property=\"og:locale\" content=\"pt_BR\" \/>\n<meta property=\"og:type\" content=\"article\" \/>\n<meta property=\"og:title\" content=\"A planta amarga do quintal que muita gente usa para ajudar na digest\u00e3o - Correio Braziliense - Radar\" \/>\n<meta property=\"og:description\" content=\"Planta amarga tradicional \u00e9 usada para digest\u00e3o e apoio ao f\u00edgado e ainda pode ser cultivada facilmente no quintal.\" \/>\n<meta property=\"og:url\" content=\"https:\/\/www.correiobraziliense.com.br\/cbradar\/a-planta-amarga-do-quintal-que-muita-gente-usa-para-ajudar-na-digestao\/\" \/>\n<meta property=\"og:site_name\" content=\"Correio Braziliense - Radar\" \/>\n<meta property=\"article:published_time\" content=\"2026-03-06T19:35:14+00:00\" \/>\n<meta property=\"og:image\" content=\"https:\/\/www.correiobraziliense.com.br\/cbradar\/wp-content\/uploads\/2026\/03\/freepik__ramo-de-jurubeba-com-vrios-frutos-verdes-pequenos-__58110.jpeg\" \/>\n\t<meta property=\"og:image:width\" content=\"1280\" \/>\n\t<meta property=\"og:image:height\" content=\"720\" \/>\n\t<meta property=\"og:image:type\" content=\"image\/jpeg\" \/>\n<meta name=\"author\" content=\"Daniely Cardoso\" \/>\n<meta name=\"twitter:card\" content=\"summary_large_image\" \/>\n<meta name=\"twitter:label1\" content=\"Escrito por\" \/>\n\t<meta name=\"twitter:data1\" content=\"Daniely Cardoso\" \/>\n\t<meta name=\"twitter:label2\" content=\"Est. tempo de leitura\" \/>\n\t<meta name=\"twitter:data2\" content=\"6 minutos\" \/>\n<!-- \/ Yoast SEO plugin. -->","yoast_head_json":{"title":"A planta amarga do quintal que muita gente usa para ajudar na digest\u00e3o - Correio Braziliense - Radar","description":"Planta amarga tradicional \u00e9 usada para digest\u00e3o e apoio ao f\u00edgado e ainda pode ser cultivada facilmente no quintal.","robots":{"index":"index","follow":"follow","max-snippet":"max-snippet:-1","max-image-preview":"max-image-preview:large","max-video-preview":"max-video-preview:-1"},"canonical":"https:\/\/www.correiobraziliense.com.br\/cbradar\/a-planta-amarga-do-quintal-que-muita-gente-usa-para-ajudar-na-digestao\/","og_locale":"pt_BR","og_type":"article","og_title":"A planta amarga do quintal que muita gente usa para ajudar na digest\u00e3o - Correio Braziliense - Radar","og_description":"Planta amarga tradicional \u00e9 usada para digest\u00e3o e apoio ao f\u00edgado e ainda pode ser cultivada facilmente no quintal.","og_url":"https:\/\/www.correiobraziliense.com.br\/cbradar\/a-planta-amarga-do-quintal-que-muita-gente-usa-para-ajudar-na-digestao\/","og_site_name":"Correio Braziliense - Radar","article_published_time":"2026-03-06T19:35:14+00:00","og_image":[{"width":1280,"height":720,"url":"https:\/\/www.correiobraziliense.com.br\/cbradar\/wp-content\/uploads\/2026\/03\/freepik__ramo-de-jurubeba-com-vrios-frutos-verdes-pequenos-__58110.jpeg","type":"image\/jpeg"}],"author":"Daniely Cardoso","twitter_card":"summary_large_image","twitter_misc":{"Escrito por":"Daniely Cardoso","Est. tempo de leitura":"6 minutos"},"schema":{"@context":"https:\/\/schema.org","@graph":[{"@type":"WebPage","@id":"https:\/\/www.correiobraziliense.com.br\/cbradar\/a-planta-amarga-do-quintal-que-muita-gente-usa-para-ajudar-na-digestao\/","url":"https:\/\/www.correiobraziliense.com.br\/cbradar\/a-planta-amarga-do-quintal-que-muita-gente-usa-para-ajudar-na-digestao\/","name":"A planta amarga do quintal que muita gente usa para ajudar na digest\u00e3o - Correio Braziliense - Radar","isPartOf":{"@id":"https:\/\/www.correiobraziliense.com.br\/cbradar\/#website"},"primaryImageOfPage":{"@id":"https:\/\/www.correiobraziliense.com.br\/cbradar\/a-planta-amarga-do-quintal-que-muita-gente-usa-para-ajudar-na-digestao\/#primaryimage"},"image":{"@id":"https:\/\/www.correiobraziliense.com.br\/cbradar\/a-planta-amarga-do-quintal-que-muita-gente-usa-para-ajudar-na-digestao\/#primaryimage"},"thumbnailUrl":"https:\/\/www.correiobraziliense.com.br\/cbradar\/wp-content\/uploads\/2026\/03\/freepik__ramo-de-jurubeba-com-vrios-frutos-verdes-pequenos-__58110.jpeg","datePublished":"2026-03-06T19:35:14+00:00","author":{"@id":"https:\/\/www.correiobraziliense.com.br\/cbradar\/#\/schema\/person\/7356666e12ec0ee53f348ee5db227032"},"description":"Planta amarga tradicional \u00e9 usada para digest\u00e3o e apoio ao f\u00edgado e ainda pode ser cultivada facilmente no quintal.","breadcrumb":{"@id":"https:\/\/www.correiobraziliense.com.br\/cbradar\/a-planta-amarga-do-quintal-que-muita-gente-usa-para-ajudar-na-digestao\/#breadcrumb"},"inLanguage":"pt-BR","potentialAction":[{"@type":"ReadAction","target":["https:\/\/www.correiobraziliense.com.br\/cbradar\/a-planta-amarga-do-quintal-que-muita-gente-usa-para-ajudar-na-digestao\/"]}]},{"@type":"ImageObject","inLanguage":"pt-BR","@id":"https:\/\/www.correiobraziliense.com.br\/cbradar\/a-planta-amarga-do-quintal-que-muita-gente-usa-para-ajudar-na-digestao\/#primaryimage","url":"https:\/\/www.correiobraziliense.com.br\/cbradar\/wp-content\/uploads\/2026\/03\/freepik__ramo-de-jurubeba-com-vrios-frutos-verdes-pequenos-__58110.jpeg","contentUrl":"https:\/\/www.correiobraziliense.com.br\/cbradar\/wp-content\/uploads\/2026\/03\/freepik__ramo-de-jurubeba-com-vrios-frutos-verdes-pequenos-__58110.jpeg","width":1280,"height":720,"caption":"A jurubeba \u00e9 uma planta do g\u00eanero Solanum bastante presente na medicina popular brasileira"},{"@type":"BreadcrumbList","@id":"https:\/\/www.correiobraziliense.com.br\/cbradar\/a-planta-amarga-do-quintal-que-muita-gente-usa-para-ajudar-na-digestao\/#breadcrumb","itemListElement":[{"@type":"ListItem","position":1,"name":"In\u00edcio","item":"https:\/\/www.correiobraziliense.com.br\/cbradar\/"},{"@type":"ListItem","position":2,"name":"A planta amarga do quintal que muita gente usa para ajudar na digest\u00e3o"}]},{"@type":"WebSite","@id":"https:\/\/www.correiobraziliense.com.br\/cbradar\/#website","url":"https:\/\/www.correiobraziliense.com.br\/cbradar\/","name":"Correio Braziliense - Radar","description":"Acompanhe as \u00faltimas not\u00edcias e fique bem informado sobre tudo o que acontece no Brasil e no mundo.","potentialAction":[{"@type":"SearchAction","target":{"@type":"EntryPoint","urlTemplate":"https:\/\/www.correiobraziliense.com.br\/cbradar\/?s={search_term_string}"},"query-input":{"@type":"PropertyValueSpecification","valueRequired":true,"valueName":"search_term_string"}}],"inLanguage":"pt-BR"},{"@type":"Person","@id":"https:\/\/www.correiobraziliense.com.br\/cbradar\/#\/schema\/person\/7356666e12ec0ee53f348ee5db227032","name":"Daniely Cardoso","image":{"@type":"ImageObject","inLanguage":"pt-BR","@id":"https:\/\/www.correiobraziliense.com.br\/cbradar\/#\/schema\/person\/image\/","url":"https:\/\/secure.gravatar.com\/avatar\/4b80ddbd124d1f071b626d52d62e5dff?s=96&d=mm&r=g","contentUrl":"https:\/\/secure.gravatar.com\/avatar\/4b80ddbd124d1f071b626d52d62e5dff?s=96&d=mm&r=g","caption":"Daniely Cardoso"},"description":"Redatora nos portais CB Radar e EM Foco, formada pela Universidade Federal de Goi\u00e1s, em Goi\u00e2nia. Apaixonada por comunica\u00e7\u00e3o, arte, decora\u00e7\u00e3o e tend\u00eancias, atuo na produ\u00e7\u00e3o de conte\u00fados envolventes sobre curiosidades, moda, beleza e paisagismo, sempre com um olhar atento \u00e0s novidades do momento.","sameAs":["https:\/\/www.correiobraziliense.com.br\/cbradar"],"url":"https:\/\/www.correiobraziliense.com.br\/cbradar\/author\/danielymyth\/"}]}},"_links":{"self":[{"href":"https:\/\/www.correiobraziliense.com.br\/cbradar\/wp-json\/wp\/v2\/posts\/203303","targetHints":{"allow":["GET"]}}],"collection":[{"href":"https:\/\/www.correiobraziliense.com.br\/cbradar\/wp-json\/wp\/v2\/posts"}],"about":[{"href":"https:\/\/www.correiobraziliense.com.br\/cbradar\/wp-json\/wp\/v2\/types\/post"}],"author":[{"embeddable":true,"href":"https:\/\/www.correiobraziliense.com.br\/cbradar\/wp-json\/wp\/v2\/users\/9"}],"replies":[{"embeddable":true,"href":"https:\/\/www.correiobraziliense.com.br\/cbradar\/wp-json\/wp\/v2\/comments?post=203303"}],"version-history":[{"count":3,"href":"https:\/\/www.correiobraziliense.com.br\/cbradar\/wp-json\/wp\/v2\/posts\/203303\/revisions"}],"predecessor-version":[{"id":203315,"href":"https:\/\/www.correiobraziliense.com.br\/cbradar\/wp-json\/wp\/v2\/posts\/203303\/revisions\/203315"}],"wp:featuredmedia":[{"embeddable":true,"href":"https:\/\/www.correiobraziliense.com.br\/cbradar\/wp-json\/wp\/v2\/media\/203632"}],"wp:attachment":[{"href":"https:\/\/www.correiobraziliense.com.br\/cbradar\/wp-json\/wp\/v2\/media?parent=203303"}],"wp:term":[{"taxonomy":"category","embeddable":true,"href":"https:\/\/www.correiobraziliense.com.br\/cbradar\/wp-json\/wp\/v2\/categories?post=203303"},{"taxonomy":"post_tag","embeddable":true,"href":"https:\/\/www.correiobraziliense.com.br\/cbradar\/wp-json\/wp\/v2\/post_tag?post=203303"}],"curies":[{"name":"wp","href":"https:\/\/api.w.org\/{rel}","templated":true}]}}