{"id":203320,"date":"2026-03-06T19:45:00","date_gmt":"2026-03-06T22:45:00","guid":{"rendered":"https:\/\/www.correiobraziliense.com.br\/cbradar\/?p=203320"},"modified":"2026-03-05T14:58:26","modified_gmt":"2026-03-05T17:58:26","slug":"o-que-significa-quando-suas-vistas-escurece-ao-levantar-segundo-especialistas","status":"publish","type":"post","link":"https:\/\/www.correiobraziliense.com.br\/cbradar\/o-que-significa-quando-suas-vistas-escurece-ao-levantar-segundo-especialistas\/","title":{"rendered":"O que significa quando suas vistas escurece ao levantar, segundo especialistas"},"content":{"rendered":"\n<p>Quando algu\u00e9m se levanta rapidamente e percebe um breve <strong>escurecimento<\/strong> da vis\u00e3o, esse fen\u00f4meno costuma estar associado \u00e0 <strong>press\u00e3o arterial<\/strong>. Esse epis\u00f3dio geralmente \u00e9 conhecido como <strong>hipotens\u00e3o ortost\u00e1tica<\/strong>, uma condi\u00e7\u00e3o caracterizada por uma queda s\u00fabita da press\u00e3o ao ficar em p\u00e9, podendo causar sintomas como <strong>tontura<\/strong>, fraqueza e vis\u00e3o turva.<\/p>\n\n\n\n<h2 class=\"wp-block-heading\">Quais sintomas podem indicar hipotens\u00e3o ortost\u00e1tica?<\/h2>\n\n\n\n<p>Al\u00e9m do <strong>escurecimento<\/strong> visual, a hipotens\u00e3o ortost\u00e1tica pode se manifestar por outros <strong>sintomas<\/strong> desagrad\u00e1veis que variam de intensidade entre as pessoas. A condi\u00e7\u00e3o \u00e9 mais comum em <strong>idosos<\/strong>, mas pode afetar indiv\u00edduos de qualquer idade em situa\u00e7\u00f5es espec\u00edficas.<\/p>\n\n\n<div class=\"wp-block-image\">\n<figure class=\"aligncenter size-full\"><img decoding=\"async\" width=\"1280\" height=\"720\" src=\"https:\/\/www.correiobraziliense.com.br\/cbradar\/wp-content\/uploads\/2026\/03\/Gemini_Generated_Image_g1irdkg1irdkg1ir-1.png\" alt=\"\" class=\"wp-image-203322\" srcset=\"https:\/\/www.correiobraziliense.com.br\/cbradar\/wp-content\/uploads\/2026\/03\/Gemini_Generated_Image_g1irdkg1irdkg1ir-1.png 1280w, https:\/\/www.correiobraziliense.com.br\/cbradar\/wp-content\/uploads\/2026\/03\/Gemini_Generated_Image_g1irdkg1irdkg1ir-1-300x169.png 300w, https:\/\/www.correiobraziliense.com.br\/cbradar\/wp-content\/uploads\/2026\/03\/Gemini_Generated_Image_g1irdkg1irdkg1ir-1-768x432.png 768w, https:\/\/www.correiobraziliense.com.br\/cbradar\/wp-content\/uploads\/2026\/03\/Gemini_Generated_Image_g1irdkg1irdkg1ir-1-750x422.png 750w, https:\/\/www.correiobraziliense.com.br\/cbradar\/wp-content\/uploads\/2026\/03\/Gemini_Generated_Image_g1irdkg1irdkg1ir-1-1140x641.png 1140w\" sizes=\"(max-width: 1280px) 100vw, 1280px\" \/><figcaption class=\"wp-element-caption\">Casos isolados geralmente n\u00e3o representam riscos graves, mas \u00e9 fundamental estar atento \u00e0 frequ\u00eancia e intensidade dos sintomas<\/figcaption><\/figure><\/div>\n\n\n<p>Os sintomas adicionais associados \u00e0 <strong>hipotens\u00e3o ortost\u00e1tica<\/strong> incluem:<\/p>\n\n\n\n<ul class=\"wp-block-list\">\n<li><strong>Tontura<\/strong> ou sensa\u00e7\u00e3o de desequil\u00edbrio<\/li>\n\n\n\n<li>Sensa\u00e7\u00e3o de <strong>fraqueza<\/strong> generalizada<\/li>\n\n\n\n<li>Desmaios r\u00e1pidos (<strong>s\u00edncopes<\/strong>)<\/li>\n\n\n\n<li><strong>Palpita\u00e7\u00f5es<\/strong> ou batimentos card\u00edacos acelerados<\/li>\n\n\n\n<li><strong>N\u00e1useas<\/strong> e, em alguns casos, cefaleia<\/li>\n<\/ul>\n\n\n\n<p>Leia tamb\u00e9m:\u00a0<a href=\"https:\/\/www.correiobraziliense.com.br\/cbradar\/o-que-significa-quando-alguem-nao-consegue-ficar-sozinho-segundo-a-psicologia\/\" target=\"_blank\" rel=\"noopener\">O que significa quando algu\u00e9m n\u00e3o consegue ficar sozinho segundo a psicologia<\/a><\/p>\n\n\n\n<h2 class=\"wp-block-heading\">O que pode causar a hipotens\u00e3o ortost\u00e1tica?<\/h2>\n\n\n\n<p>Diversos fatores contribuem para a ocorr\u00eancia de <strong>hipotens\u00e3o ortost\u00e1tica<\/strong>. Entre eles est\u00e3o a <strong>desidrata\u00e7\u00e3o<\/strong>, repouso prolongado e uso de certos medicamentos, al\u00e9m de condi\u00e7\u00f5es cl\u00ednicas como <strong>diabetes<\/strong> ou dist\u00farbios neurol\u00f3gicos. Mudan\u00e7as repentinas de posi\u00e7\u00e3o corporal favorecem o aparecimento desses sintomas.<\/p>\n\n\n\n<p>Medicamentos <strong>vasodilatadores<\/strong>, diur\u00e9ticos e antidepressivos podem intensificar esse fen\u00f4meno. Outros causadores incluem o consumo excessivo de <strong>\u00e1lcool<\/strong>, calor intenso e realiza\u00e7\u00e3o de <strong>exerc\u00edcios f\u00edsicos<\/strong> sem hidrata\u00e7\u00e3o adequada.<\/p>\n\n\n\n<h2 class=\"wp-block-heading\">Veja dicas de como evitar o escurecimento da vis\u00e3o ao se levantar rapidamente<\/h2>\n\n\n\n<p>Para prevenir epis\u00f3dios de <strong>escurecimento<\/strong> visual ao mudar de posi\u00e7\u00e3o, algumas <strong>medidas<\/strong> simples podem ser incorporadas \u00e0 rotina. A\u00e7\u00f5es pr\u00e1ticas e ajustes no estilo de vida muitas vezes s\u00e3o eficazes para controlar esse sintoma.<\/p>\n\n\n\n<p>Confira algumas orienta\u00e7\u00f5es que ajudam a reduzir esse <strong>risco<\/strong>:<\/p>\n\n\n\n<ul class=\"wp-block-list\">\n<li>Levante-se <strong>devagar<\/strong>, evitando movimentos bruscos<\/li>\n\n\n\n<li>Mantenha-se bem <strong>hidratado<\/strong> ao longo do dia<\/li>\n\n\n\n<li>Consulte seu <strong>m\u00e9dico<\/strong> sobre a ingest\u00e3o de sal conforme necessidade individual<\/li>\n\n\n\n<li>Use meias de <strong>compress\u00e3o<\/strong> se indicado por um profissional de sa\u00fade<\/li>\n\n\n\n<li>Evite permanecer longos per\u00edodos em <strong>repouso<\/strong> absoluto<\/li>\n<\/ul>\n\n\n\n<p>Se voc\u00ea gosta de ouvir especialistas, separamos esse v\u00eddeo da <a href=\"https:\/\/www.youtube.com\/@dranathaliaprudencio\" target=\"_blank\" rel=\"noreferrer noopener\">Dra Nath\u00e1lia Prudencio<\/a> falando sobre a tontura:<\/p>\n\n\n\n<figure class=\"wp-block-embed is-type-video is-provider-youtube wp-block-embed-youtube wp-embed-aspect-16-9 wp-has-aspect-ratio\"><div class=\"wp-block-embed__wrapper\">\n<div class=\"jeg_video_container jeg_video_content\"><iframe loading=\"lazy\" title=\"Tontura ao levantar e ao abaixar a cabe\u00e7a | Dra Nath\u00e1lia Prudencio\" width=\"500\" height=\"281\" src=\"https:\/\/www.youtube.com\/embed\/HVNez_ZQMk8?feature=oembed\" frameborder=\"0\" allow=\"accelerometer; autoplay; clipboard-write; encrypted-media; gyroscope; picture-in-picture; web-share\" referrerpolicy=\"strict-origin-when-cross-origin\" allowfullscreen><\/iframe><\/div>\n<\/div><\/figure>\n\n\n\n<h2 class=\"wp-block-heading\">Quando procurar ajuda m\u00e9dica para epis\u00f3dios frequentes de escurecimento da vis\u00e3o<\/h2>\n\n\n\n<p>Casos isolados geralmente n\u00e3o representam riscos graves, mas \u00e9 fundamental estar atento \u00e0 <strong>frequ\u00eancia<\/strong> e intensidade dos sintomas. Se os epis\u00f3dios se repetirem ou vierem acompanhados de <strong>desmaios<\/strong>, a avalia\u00e7\u00e3o m\u00e9dica se faz necess\u00e1ria.<\/p>\n\n\n\n<p>A <strong>assist\u00eancia profissional<\/strong> pode identificar causas subjacentes e orientar estrat\u00e9gias de tratamento. Ajustes medicamentosos e adapta\u00e7\u00f5es de <strong>h\u00e1bitos<\/strong> podem ser indicados para garantir maior seguran\u00e7a e bem-estar duradouros.<\/p>\n","protected":false},"excerpt":{"rendered":"<p>Quando algu\u00e9m se levanta rapidamente e percebe um breve escurecimento da vis\u00e3o, esse fen\u00f4meno costuma estar associado \u00e0 press\u00e3o arterial. Esse epis\u00f3dio geralmente \u00e9 conhecido como hipotens\u00e3o ortost\u00e1tica, uma condi\u00e7\u00e3o caracterizada por uma queda s\u00fabita da press\u00e3o ao ficar em p\u00e9, podendo causar sintomas como tontura, fraqueza e vis\u00e3o turva. Quais sintomas podem indicar hipotens\u00e3o [&hellip;]<\/p>\n","protected":false},"author":9,"featured_media":203640,"comment_status":"open","ping_status":"open","sticky":false,"template":"","format":"standard","meta":{"_yoast_wpseo_focuskw":"tontura ao levantar","_yoast_wpseo_title":"","_yoast_wpseo_metadesc":"Vis\u00e3o escurece ao levantar? Entenda a hipotens\u00e3o ortost\u00e1tica, os sintomas mais comuns e h\u00e1bitos que ajudam a reduzir epis\u00f3dios.","jnews-multi-image_gallery":[],"jnews_single_post":{"format":"standard"},"jnews_primary_category":[],"jnews_social_meta":[],"jnews_override_counter":[],"footnotes":""},"categories":[112],"post_tag":[2339,12144,12143],"class_list":["post-203320","post","type-post","status-publish","format-standard","has-post-thumbnail","hentry","category-curiosidades","tag-corpo","tag-levantar","tag-vista-escure"],"yoast_head":"<!-- This site is optimized with the Yoast SEO plugin v24.6 - https:\/\/yoast.com\/wordpress\/plugins\/seo\/ -->\n<title>O que significa quando suas vistas escurece ao levantar, segundo especialistas - Correio Braziliense - Radar<\/title>\n<meta name=\"description\" content=\"Vis\u00e3o escurece ao levantar? Entenda a hipotens\u00e3o ortost\u00e1tica, os sintomas mais comuns e h\u00e1bitos que ajudam a reduzir epis\u00f3dios.\" \/>\n<meta name=\"robots\" content=\"index, follow, max-snippet:-1, max-image-preview:large, max-video-preview:-1\" \/>\n<link rel=\"canonical\" href=\"https:\/\/www.correiobraziliense.com.br\/cbradar\/o-que-significa-quando-suas-vistas-escurece-ao-levantar-segundo-especialistas\/\" \/>\n<meta property=\"og:locale\" content=\"pt_BR\" \/>\n<meta property=\"og:type\" content=\"article\" \/>\n<meta property=\"og:title\" content=\"O que significa quando suas vistas escurece ao levantar, segundo especialistas - Correio Braziliense - Radar\" \/>\n<meta property=\"og:description\" content=\"Vis\u00e3o escurece ao levantar? Entenda a hipotens\u00e3o ortost\u00e1tica, os sintomas mais comuns e h\u00e1bitos que ajudam a reduzir epis\u00f3dios.\" \/>\n<meta property=\"og:url\" content=\"https:\/\/www.correiobraziliense.com.br\/cbradar\/o-que-significa-quando-suas-vistas-escurece-ao-levantar-segundo-especialistas\/\" \/>\n<meta property=\"og:site_name\" content=\"Correio Braziliense - Radar\" \/>\n<meta property=\"article:published_time\" content=\"2026-03-06T22:45:00+00:00\" \/>\n<meta property=\"og:image\" content=\"https:\/\/www.correiobraziliense.com.br\/cbradar\/wp-content\/uploads\/2026\/03\/freepik__pessoa-adulta-se-levantando-da-cama-e-segurando-le__58113.jpeg\" \/>\n\t<meta property=\"og:image:width\" content=\"1280\" \/>\n\t<meta property=\"og:image:height\" content=\"720\" \/>\n\t<meta property=\"og:image:type\" content=\"image\/jpeg\" \/>\n<meta name=\"author\" content=\"Daniely Cardoso\" \/>\n<meta name=\"twitter:card\" content=\"summary_large_image\" \/>\n<meta name=\"twitter:label1\" content=\"Escrito por\" \/>\n\t<meta name=\"twitter:data1\" content=\"Daniely Cardoso\" \/>\n\t<meta name=\"twitter:label2\" content=\"Est. tempo de leitura\" \/>\n\t<meta name=\"twitter:data2\" content=\"3 minutos\" \/>\n<!-- \/ Yoast SEO plugin. -->","yoast_head_json":{"title":"O que significa quando suas vistas escurece ao levantar, segundo especialistas - Correio Braziliense - Radar","description":"Vis\u00e3o escurece ao levantar? Entenda a hipotens\u00e3o ortost\u00e1tica, os sintomas mais comuns e h\u00e1bitos que ajudam a reduzir epis\u00f3dios.","robots":{"index":"index","follow":"follow","max-snippet":"max-snippet:-1","max-image-preview":"max-image-preview:large","max-video-preview":"max-video-preview:-1"},"canonical":"https:\/\/www.correiobraziliense.com.br\/cbradar\/o-que-significa-quando-suas-vistas-escurece-ao-levantar-segundo-especialistas\/","og_locale":"pt_BR","og_type":"article","og_title":"O que significa quando suas vistas escurece ao levantar, segundo especialistas - Correio Braziliense - Radar","og_description":"Vis\u00e3o escurece ao levantar? Entenda a hipotens\u00e3o ortost\u00e1tica, os sintomas mais comuns e h\u00e1bitos que ajudam a reduzir epis\u00f3dios.","og_url":"https:\/\/www.correiobraziliense.com.br\/cbradar\/o-que-significa-quando-suas-vistas-escurece-ao-levantar-segundo-especialistas\/","og_site_name":"Correio Braziliense - Radar","article_published_time":"2026-03-06T22:45:00+00:00","og_image":[{"width":1280,"height":720,"url":"https:\/\/www.correiobraziliense.com.br\/cbradar\/wp-content\/uploads\/2026\/03\/freepik__pessoa-adulta-se-levantando-da-cama-e-segurando-le__58113.jpeg","type":"image\/jpeg"}],"author":"Daniely Cardoso","twitter_card":"summary_large_image","twitter_misc":{"Escrito por":"Daniely Cardoso","Est. tempo de leitura":"3 minutos"},"schema":{"@context":"https:\/\/schema.org","@graph":[{"@type":"WebPage","@id":"https:\/\/www.correiobraziliense.com.br\/cbradar\/o-que-significa-quando-suas-vistas-escurece-ao-levantar-segundo-especialistas\/","url":"https:\/\/www.correiobraziliense.com.br\/cbradar\/o-que-significa-quando-suas-vistas-escurece-ao-levantar-segundo-especialistas\/","name":"O que significa quando suas vistas escurece ao levantar, segundo especialistas - Correio Braziliense - Radar","isPartOf":{"@id":"https:\/\/www.correiobraziliense.com.br\/cbradar\/#website"},"primaryImageOfPage":{"@id":"https:\/\/www.correiobraziliense.com.br\/cbradar\/o-que-significa-quando-suas-vistas-escurece-ao-levantar-segundo-especialistas\/#primaryimage"},"image":{"@id":"https:\/\/www.correiobraziliense.com.br\/cbradar\/o-que-significa-quando-suas-vistas-escurece-ao-levantar-segundo-especialistas\/#primaryimage"},"thumbnailUrl":"https:\/\/www.correiobraziliense.com.br\/cbradar\/wp-content\/uploads\/2026\/03\/freepik__pessoa-adulta-se-levantando-da-cama-e-segurando-le__58113.jpeg","datePublished":"2026-03-06T22:45:00+00:00","author":{"@id":"https:\/\/www.correiobraziliense.com.br\/cbradar\/#\/schema\/person\/7356666e12ec0ee53f348ee5db227032"},"description":"Vis\u00e3o escurece ao levantar? Entenda a hipotens\u00e3o ortost\u00e1tica, os sintomas mais comuns e h\u00e1bitos que ajudam a reduzir epis\u00f3dios.","breadcrumb":{"@id":"https:\/\/www.correiobraziliense.com.br\/cbradar\/o-que-significa-quando-suas-vistas-escurece-ao-levantar-segundo-especialistas\/#breadcrumb"},"inLanguage":"pt-BR","potentialAction":[{"@type":"ReadAction","target":["https:\/\/www.correiobraziliense.com.br\/cbradar\/o-que-significa-quando-suas-vistas-escurece-ao-levantar-segundo-especialistas\/"]}]},{"@type":"ImageObject","inLanguage":"pt-BR","@id":"https:\/\/www.correiobraziliense.com.br\/cbradar\/o-que-significa-quando-suas-vistas-escurece-ao-levantar-segundo-especialistas\/#primaryimage","url":"https:\/\/www.correiobraziliense.com.br\/cbradar\/wp-content\/uploads\/2026\/03\/freepik__pessoa-adulta-se-levantando-da-cama-e-segurando-le__58113.jpeg","contentUrl":"https:\/\/www.correiobraziliense.com.br\/cbradar\/wp-content\/uploads\/2026\/03\/freepik__pessoa-adulta-se-levantando-da-cama-e-segurando-le__58113.jpeg","width":1280,"height":720,"caption":"A hipotens\u00e3o ortost\u00e1tica ocorre quando a press\u00e3o arterial cai ao mudar rapidamente da posi\u00e7\u00e3o sentada ou deitada para em p\u00e9"},{"@type":"BreadcrumbList","@id":"https:\/\/www.correiobraziliense.com.br\/cbradar\/o-que-significa-quando-suas-vistas-escurece-ao-levantar-segundo-especialistas\/#breadcrumb","itemListElement":[{"@type":"ListItem","position":1,"name":"In\u00edcio","item":"https:\/\/www.correiobraziliense.com.br\/cbradar\/"},{"@type":"ListItem","position":2,"name":"O que significa quando suas vistas escurece ao levantar, segundo especialistas"}]},{"@type":"WebSite","@id":"https:\/\/www.correiobraziliense.com.br\/cbradar\/#website","url":"https:\/\/www.correiobraziliense.com.br\/cbradar\/","name":"Correio Braziliense - Radar","description":"Acompanhe as \u00faltimas not\u00edcias e fique bem informado sobre tudo o que acontece no Brasil e no mundo.","potentialAction":[{"@type":"SearchAction","target":{"@type":"EntryPoint","urlTemplate":"https:\/\/www.correiobraziliense.com.br\/cbradar\/?s={search_term_string}"},"query-input":{"@type":"PropertyValueSpecification","valueRequired":true,"valueName":"search_term_string"}}],"inLanguage":"pt-BR"},{"@type":"Person","@id":"https:\/\/www.correiobraziliense.com.br\/cbradar\/#\/schema\/person\/7356666e12ec0ee53f348ee5db227032","name":"Daniely Cardoso","image":{"@type":"ImageObject","inLanguage":"pt-BR","@id":"https:\/\/www.correiobraziliense.com.br\/cbradar\/#\/schema\/person\/image\/","url":"https:\/\/secure.gravatar.com\/avatar\/4b80ddbd124d1f071b626d52d62e5dff?s=96&d=mm&r=g","contentUrl":"https:\/\/secure.gravatar.com\/avatar\/4b80ddbd124d1f071b626d52d62e5dff?s=96&d=mm&r=g","caption":"Daniely Cardoso"},"description":"Redatora nos portais CB Radar e EM Foco, formada pela Universidade Federal de Goi\u00e1s, em Goi\u00e2nia. Apaixonada por comunica\u00e7\u00e3o, arte, decora\u00e7\u00e3o e tend\u00eancias, atuo na produ\u00e7\u00e3o de conte\u00fados envolventes sobre curiosidades, moda, beleza e paisagismo, sempre com um olhar atento \u00e0s novidades do momento.","sameAs":["https:\/\/www.correiobraziliense.com.br\/cbradar"],"url":"https:\/\/www.correiobraziliense.com.br\/cbradar\/author\/danielymyth\/"}]}},"_links":{"self":[{"href":"https:\/\/www.correiobraziliense.com.br\/cbradar\/wp-json\/wp\/v2\/posts\/203320","targetHints":{"allow":["GET"]}}],"collection":[{"href":"https:\/\/www.correiobraziliense.com.br\/cbradar\/wp-json\/wp\/v2\/posts"}],"about":[{"href":"https:\/\/www.correiobraziliense.com.br\/cbradar\/wp-json\/wp\/v2\/types\/post"}],"author":[{"embeddable":true,"href":"https:\/\/www.correiobraziliense.com.br\/cbradar\/wp-json\/wp\/v2\/users\/9"}],"replies":[{"embeddable":true,"href":"https:\/\/www.correiobraziliense.com.br\/cbradar\/wp-json\/wp\/v2\/comments?post=203320"}],"version-history":[{"count":2,"href":"https:\/\/www.correiobraziliense.com.br\/cbradar\/wp-json\/wp\/v2\/posts\/203320\/revisions"}],"predecessor-version":[{"id":203324,"href":"https:\/\/www.correiobraziliense.com.br\/cbradar\/wp-json\/wp\/v2\/posts\/203320\/revisions\/203324"}],"wp:featuredmedia":[{"embeddable":true,"href":"https:\/\/www.correiobraziliense.com.br\/cbradar\/wp-json\/wp\/v2\/media\/203640"}],"wp:attachment":[{"href":"https:\/\/www.correiobraziliense.com.br\/cbradar\/wp-json\/wp\/v2\/media?parent=203320"}],"wp:term":[{"taxonomy":"category","embeddable":true,"href":"https:\/\/www.correiobraziliense.com.br\/cbradar\/wp-json\/wp\/v2\/categories?post=203320"},{"taxonomy":"post_tag","embeddable":true,"href":"https:\/\/www.correiobraziliense.com.br\/cbradar\/wp-json\/wp\/v2\/post_tag?post=203320"}],"curies":[{"name":"wp","href":"https:\/\/api.w.org\/{rel}","templated":true}]}}