{"id":20341,"date":"2025-04-08T06:30:00","date_gmt":"2025-04-08T09:30:00","guid":{"rendered":"https:\/\/www.correiobraziliense.com.br\/cbradar\/?p=20341"},"modified":"2025-04-07T17:42:21","modified_gmt":"2025-04-07T20:42:21","slug":"segredos-do-saara-sao-revelados-com-seu-passado-fascinante","status":"publish","type":"post","link":"https:\/\/www.correiobraziliense.com.br\/cbradar\/segredos-do-saara-sao-revelados-com-seu-passado-fascinante\/","title":{"rendered":"Segredos do Saara s\u00e3o revelados com seu passado fascinante"},"content":{"rendered":"\n<p>O deserto do <strong>Saara<\/strong>, hoje conhecido por suas vastas extens\u00f5es \u00e1ridas, j\u00e1 foi um local vibrante e cheio de vida. Durante o Per\u00edodo \u00damido<strong> Africano<\/strong>, entre 14.500 e 5.000 anos atr\u00e1s, essa regi\u00e3o era uma savana rica em corpos d&#8217;\u00e1gua e vegeta\u00e7\u00e3o. Recentemente, uma pesquisa revelou detalhes sobre os antigos habitantes deste &#8220;<strong>Saara Verde<\/strong>&#8221; e como eles viviam antes da desertifica\u00e7\u00e3o.<\/p>\n\n\n\n<p>Uma equipe de cientistas do Instituto <strong>Max Planck<\/strong> realizou uma an\u00e1lise gen\u00e9tica em f\u00f3sseis encontrados no abrigo rochoso <strong>Takarkori<\/strong>, no sudoeste da L\u00edbia. Os restos mortais pertenciam a duas mulheres do Neol\u00edtico Pastoral, datando de aproximadamente 7.000 anos. A pesquisa revelou que esses indiv\u00edduos compartilham a maioria de seus genes com uma popula\u00e7\u00e3o que viveu h\u00e1 15 mil anos na caverna <strong>Taforalt<\/strong>, no <strong>Marrocos<\/strong>.<\/p>\n\n\n\n<h2 class=\"wp-block-heading\"><strong>Como era a vida no Saara verde?<\/strong><\/h2>\n\n\n\n<p>Os habitantes do antigo Saara eram, em sua maioria, criadores de gado, uma pr\u00e1tica que adotaram sem muita troca gen\u00e9tica com outras popula\u00e7\u00f5es. Isso sugere que o pastoreio se espalhou pela regi\u00e3o atrav\u00e9s de interc\u00e2mbios culturais, em vez de migra\u00e7\u00f5es em larga escala. A diversidade de ecossistemas, que inclu\u00eda p\u00e2ntanos e montanhas, pode ter contribu\u00eddo para o isolamento desses povos.<\/p>\n\n\n\n<figure class=\"wp-block-image size-large\"><img decoding=\"async\" width=\"1024\" height=\"576\" src=\"https:\/\/www.correiobraziliense.com.br\/cbradar\/wp-content\/uploads\/2025\/04\/fossil_1744030334255-1024x576.jpg\" alt=\"Segredos do Saara s\u00e3o revelados com seu passado fascinante\" class=\"wp-image-20361\" srcset=\"https:\/\/www.correiobraziliense.com.br\/cbradar\/wp-content\/uploads\/2025\/04\/fossil_1744030334255-1024x576.jpg 1024w, https:\/\/www.correiobraziliense.com.br\/cbradar\/wp-content\/uploads\/2025\/04\/fossil_1744030334255-300x169.jpg 300w, https:\/\/www.correiobraziliense.com.br\/cbradar\/wp-content\/uploads\/2025\/04\/fossil_1744030334255-768x432.jpg 768w, https:\/\/www.correiobraziliense.com.br\/cbradar\/wp-content\/uploads\/2025\/04\/fossil_1744030334255-750x422.jpg 750w, https:\/\/www.correiobraziliense.com.br\/cbradar\/wp-content\/uploads\/2025\/04\/fossil_1744030334255-1140x641.jpg 1140w, https:\/\/www.correiobraziliense.com.br\/cbradar\/wp-content\/uploads\/2025\/04\/fossil_1744030334255.jpg 1280w\" sizes=\"(max-width: 1024px) 100vw, 1024px\" \/><figcaption class=\"wp-element-caption\">f\u00f3ssil.Cr\u00e9ditos: depositphotos.com \/ tenedos<\/figcaption><\/figure>\n\n\n\n<p>Os pesquisadores tamb\u00e9m descobriram que os indiv\u00edduos de Takarkori tinham menos DNA neandertal em compara\u00e7\u00e3o com as popula\u00e7\u00f5es antigas do Marrocos, mas mais do que os povos do sul da \u00c1frica. Essa diferen\u00e7a gen\u00e9tica indica que houve uma barreira que impediu a propaga\u00e7\u00e3o de genes europeus para al\u00e9m do Saara.<\/p>\n\n\n\n<h2 class=\"wp-block-heading\"><strong>O que aconteceu com os habitantes do Saara verde?<\/strong><\/h2>\n\n\n\n<p>A desertifica\u00e7\u00e3o gradual do Saara transformou a regi\u00e3o outrora f\u00e9rtil em um deserto, for\u00e7ando seus habitantes a se adaptarem ou migrarem. A pesquisa sugere que a linhagem gen\u00e9tica desses povos permaneceu isolada por milhares de anos, com poucos tra\u00e7os gen\u00e9ticos se espalhando para outras regi\u00f5es, como o Levante.<\/p>\n\n\n\n<p>Os achados gen\u00e9ticos desafiam suposi\u00e7\u00f5es anteriores sobre a hist\u00f3ria populacional do Norte da <strong>\u00c1frica<\/strong>, destacando uma linhagem profundamente enraizada e isolada. Estudos futuros poder\u00e3o fornecer insights mais detalhados sobre a migra\u00e7\u00e3o humana e o fluxo gen\u00e9tico atrav\u00e9s do Saara.<\/p>\n\n\n\n<h2 class=\"wp-block-heading\"><strong>Qual \u00e9 o impacto das descobertas recentes?<\/strong><\/h2>\n\n\n\n<p>As descobertas recentes sobre o &#8220;Saara Verde&#8221; t\u00eam implica\u00e7\u00f5es significativas para a compreens\u00e3o da hist\u00f3ria humana na \u00c1frica. Elas revelam como as popula\u00e7\u00f5es antigas se adaptaram \u00e0s mudan\u00e7as clim\u00e1ticas e geogr\u00e1ficas, al\u00e9m de destacar a import\u00e2ncia dos interc\u00e2mbios culturais na dissemina\u00e7\u00e3o de pr\u00e1ticas como o pastoreio.<\/p>\n\n\n\n<p>Essas pesquisas tamb\u00e9m abrem caminho para novas investiga\u00e7\u00f5es sobre a migra\u00e7\u00e3o e o isolamento gen\u00e9tico na regi\u00e3o, contribuindo para um entendimento mais abrangente da evolu\u00e7\u00e3o humana e das adapta\u00e7\u00f5es culturais ao longo do tempo.<\/p>\n","protected":false},"excerpt":{"rendered":"<p>Descobertas sobre o passado f\u00e9rtil do Deserto do Saara e seus habitantes antigos revelam segredos de uma linhagem isolada.<\/p>\n","protected":false},"author":3,"featured_media":20357,"comment_status":"open","ping_status":"open","sticky":false,"template":"","format":"standard","meta":{"_yoast_wpseo_focuskw":"segredos saara","_yoast_wpseo_title":"%%title%%","_yoast_wpseo_metadesc":"Descobertas sobre o passado f\u00e9rtil do Deserto do Saara e seus habitantes antigos revelam segredos de uma linhagem isolada.","jnews-multi-image_gallery":[],"jnews_single_post":{"format":"standard"},"jnews_primary_category":[],"jnews_social_meta":[],"jnews_override_counter":[],"footnotes":""},"categories":[112],"tags":[2994,2995],"class_list":["post-20341","post","type-post","status-publish","format-standard","has-post-thumbnail","hentry","category-curiosidades","tag-deserto-do-saara","tag-saara"],"yoast_head":"<!-- This site is optimized with the Yoast SEO plugin v24.6 - https:\/\/yoast.com\/wordpress\/plugins\/seo\/ -->\n<title>Segredos do Saara s\u00e3o revelados com seu passado fascinante<\/title>\n<meta name=\"description\" content=\"Descobertas sobre o passado f\u00e9rtil do Deserto do Saara e seus habitantes antigos revelam segredos de uma linhagem isolada.\" \/>\n<meta name=\"robots\" content=\"index, follow, max-snippet:-1, max-image-preview:large, max-video-preview:-1\" \/>\n<link rel=\"canonical\" href=\"https:\/\/www.correiobraziliense.com.br\/cbradar\/segredos-do-saara-sao-revelados-com-seu-passado-fascinante\/\" \/>\n<meta property=\"og:locale\" content=\"pt_BR\" \/>\n<meta property=\"og:type\" content=\"article\" \/>\n<meta property=\"og:title\" content=\"Segredos do Saara s\u00e3o revelados com seu passado fascinante\" \/>\n<meta property=\"og:description\" content=\"Descobertas sobre o passado f\u00e9rtil do Deserto do Saara e seus habitantes antigos revelam segredos de uma linhagem isolada.\" \/>\n<meta property=\"og:url\" content=\"https:\/\/www.correiobraziliense.com.br\/cbradar\/segredos-do-saara-sao-revelados-com-seu-passado-fascinante\/\" \/>\n<meta property=\"og:site_name\" content=\"Correio Braziliense - Radar\" \/>\n<meta property=\"article:published_time\" content=\"2025-04-08T09:30:00+00:00\" \/>\n<meta property=\"og:image\" content=\"https:\/\/www.correiobraziliense.com.br\/cbradar\/wp-content\/uploads\/2025\/04\/fossil_1744030010658.jpg\" \/>\n\t<meta property=\"og:image:width\" content=\"1280\" \/>\n\t<meta property=\"og:image:height\" content=\"720\" \/>\n\t<meta property=\"og:image:type\" content=\"image\/jpeg\" \/>\n<meta name=\"author\" content=\"Larissa Carvalho\" \/>\n<meta name=\"twitter:card\" content=\"summary_large_image\" \/>\n<meta name=\"twitter:label1\" content=\"Escrito por\" \/>\n\t<meta name=\"twitter:data1\" content=\"Larissa Carvalho\" \/>\n\t<meta name=\"twitter:label2\" content=\"Est. tempo de leitura\" \/>\n\t<meta name=\"twitter:data2\" content=\"3 minutos\" \/>\n<!-- \/ Yoast SEO plugin. -->","yoast_head_json":{"title":"Segredos do Saara s\u00e3o revelados com seu passado fascinante","description":"Descobertas sobre o passado f\u00e9rtil do Deserto do Saara e seus habitantes antigos revelam segredos de uma linhagem isolada.","robots":{"index":"index","follow":"follow","max-snippet":"max-snippet:-1","max-image-preview":"max-image-preview:large","max-video-preview":"max-video-preview:-1"},"canonical":"https:\/\/www.correiobraziliense.com.br\/cbradar\/segredos-do-saara-sao-revelados-com-seu-passado-fascinante\/","og_locale":"pt_BR","og_type":"article","og_title":"Segredos do Saara s\u00e3o revelados com seu passado fascinante","og_description":"Descobertas sobre o passado f\u00e9rtil do Deserto do Saara e seus habitantes antigos revelam segredos de uma linhagem isolada.","og_url":"https:\/\/www.correiobraziliense.com.br\/cbradar\/segredos-do-saara-sao-revelados-com-seu-passado-fascinante\/","og_site_name":"Correio Braziliense - Radar","article_published_time":"2025-04-08T09:30:00+00:00","og_image":[{"width":1280,"height":720,"url":"https:\/\/www.correiobraziliense.com.br\/cbradar\/wp-content\/uploads\/2025\/04\/fossil_1744030010658.jpg","type":"image\/jpeg"}],"author":"Larissa Carvalho","twitter_card":"summary_large_image","twitter_misc":{"Escrito por":"Larissa Carvalho","Est. tempo de leitura":"3 minutos"},"schema":{"@context":"https:\/\/schema.org","@graph":[{"@type":"WebPage","@id":"https:\/\/www.correiobraziliense.com.br\/cbradar\/segredos-do-saara-sao-revelados-com-seu-passado-fascinante\/","url":"https:\/\/www.correiobraziliense.com.br\/cbradar\/segredos-do-saara-sao-revelados-com-seu-passado-fascinante\/","name":"Segredos do Saara s\u00e3o revelados com seu passado fascinante","isPartOf":{"@id":"https:\/\/www.correiobraziliense.com.br\/cbradar\/#website"},"primaryImageOfPage":{"@id":"https:\/\/www.correiobraziliense.com.br\/cbradar\/segredos-do-saara-sao-revelados-com-seu-passado-fascinante\/#primaryimage"},"image":{"@id":"https:\/\/www.correiobraziliense.com.br\/cbradar\/segredos-do-saara-sao-revelados-com-seu-passado-fascinante\/#primaryimage"},"thumbnailUrl":"https:\/\/www.correiobraziliense.com.br\/cbradar\/wp-content\/uploads\/2025\/04\/fossil_1744030010658.jpg","datePublished":"2025-04-08T09:30:00+00:00","author":{"@id":"https:\/\/www.correiobraziliense.com.br\/cbradar\/#\/schema\/person\/58422787644df994b53a19d3e56c1513"},"description":"Descobertas sobre o passado f\u00e9rtil do Deserto do Saara e seus habitantes antigos revelam segredos de uma linhagem isolada.","breadcrumb":{"@id":"https:\/\/www.correiobraziliense.com.br\/cbradar\/segredos-do-saara-sao-revelados-com-seu-passado-fascinante\/#breadcrumb"},"inLanguage":"pt-BR","potentialAction":[{"@type":"ReadAction","target":["https:\/\/www.correiobraziliense.com.br\/cbradar\/segredos-do-saara-sao-revelados-com-seu-passado-fascinante\/"]}]},{"@type":"ImageObject","inLanguage":"pt-BR","@id":"https:\/\/www.correiobraziliense.com.br\/cbradar\/segredos-do-saara-sao-revelados-com-seu-passado-fascinante\/#primaryimage","url":"https:\/\/www.correiobraziliense.com.br\/cbradar\/wp-content\/uploads\/2025\/04\/fossil_1744030010658.jpg","contentUrl":"https:\/\/www.correiobraziliense.com.br\/cbradar\/wp-content\/uploads\/2025\/04\/fossil_1744030010658.jpg","width":1280,"height":720,"caption":"f\u00f3ssil.Cr\u00e9ditos: depositphotos.com \/ microgen"},{"@type":"BreadcrumbList","@id":"https:\/\/www.correiobraziliense.com.br\/cbradar\/segredos-do-saara-sao-revelados-com-seu-passado-fascinante\/#breadcrumb","itemListElement":[{"@type":"ListItem","position":1,"name":"In\u00edcio","item":"https:\/\/www.correiobraziliense.com.br\/cbradar\/"},{"@type":"ListItem","position":2,"name":"Segredos do Saara s\u00e3o revelados com seu passado fascinante"}]},{"@type":"WebSite","@id":"https:\/\/www.correiobraziliense.com.br\/cbradar\/#website","url":"https:\/\/www.correiobraziliense.com.br\/cbradar\/","name":"Correio Braziliense - Radar","description":"Acompanhe as \u00faltimas not\u00edcias e fique bem informado sobre tudo o que acontece no Brasil e no mundo.","potentialAction":[{"@type":"SearchAction","target":{"@type":"EntryPoint","urlTemplate":"https:\/\/www.correiobraziliense.com.br\/cbradar\/?s={search_term_string}"},"query-input":{"@type":"PropertyValueSpecification","valueRequired":true,"valueName":"search_term_string"}}],"inLanguage":"pt-BR"},{"@type":"Person","@id":"https:\/\/www.correiobraziliense.com.br\/cbradar\/#\/schema\/person\/58422787644df994b53a19d3e56c1513","name":"Larissa Carvalho","image":{"@type":"ImageObject","inLanguage":"pt-BR","@id":"https:\/\/www.correiobraziliense.com.br\/cbradar\/#\/schema\/person\/image\/","url":"https:\/\/secure.gravatar.com\/avatar\/fe4f91a0de32b52a838d0d612abdc1aa?s=96&d=mm&r=g","contentUrl":"https:\/\/secure.gravatar.com\/avatar\/fe4f91a0de32b52a838d0d612abdc1aa?s=96&d=mm&r=g","caption":"Larissa Carvalho"},"url":"https:\/\/www.correiobraziliense.com.br\/cbradar\/author\/larissamyth\/"}]}},"_links":{"self":[{"href":"https:\/\/www.correiobraziliense.com.br\/cbradar\/wp-json\/wp\/v2\/posts\/20341","targetHints":{"allow":["GET"]}}],"collection":[{"href":"https:\/\/www.correiobraziliense.com.br\/cbradar\/wp-json\/wp\/v2\/posts"}],"about":[{"href":"https:\/\/www.correiobraziliense.com.br\/cbradar\/wp-json\/wp\/v2\/types\/post"}],"author":[{"embeddable":true,"href":"https:\/\/www.correiobraziliense.com.br\/cbradar\/wp-json\/wp\/v2\/users\/3"}],"replies":[{"embeddable":true,"href":"https:\/\/www.correiobraziliense.com.br\/cbradar\/wp-json\/wp\/v2\/comments?post=20341"}],"version-history":[{"count":3,"href":"https:\/\/www.correiobraziliense.com.br\/cbradar\/wp-json\/wp\/v2\/posts\/20341\/revisions"}],"predecessor-version":[{"id":20596,"href":"https:\/\/www.correiobraziliense.com.br\/cbradar\/wp-json\/wp\/v2\/posts\/20341\/revisions\/20596"}],"wp:featuredmedia":[{"embeddable":true,"href":"https:\/\/www.correiobraziliense.com.br\/cbradar\/wp-json\/wp\/v2\/media\/20357"}],"wp:attachment":[{"href":"https:\/\/www.correiobraziliense.com.br\/cbradar\/wp-json\/wp\/v2\/media?parent=20341"}],"wp:term":[{"taxonomy":"category","embeddable":true,"href":"https:\/\/www.correiobraziliense.com.br\/cbradar\/wp-json\/wp\/v2\/categories?post=20341"},{"taxonomy":"post_tag","embeddable":true,"href":"https:\/\/www.correiobraziliense.com.br\/cbradar\/wp-json\/wp\/v2\/tags?post=20341"}],"curies":[{"name":"wp","href":"https:\/\/api.w.org\/{rel}","templated":true}]}}