{"id":203430,"date":"2026-03-06T12:05:00","date_gmt":"2026-03-06T15:05:00","guid":{"rendered":"https:\/\/www.correiobraziliense.com.br\/cbradar\/?p=203430"},"modified":"2026-03-05T21:18:00","modified_gmt":"2026-03-06T00:18:00","slug":"o-que-significa-a-frase-carpe-diem-o-convite-romano-para-aproveitar-o-presente","status":"publish","type":"post","link":"https:\/\/www.correiobraziliense.com.br\/cbradar\/o-que-significa-a-frase-carpe-diem-o-convite-romano-para-aproveitar-o-presente\/","title":{"rendered":"O que significa a frase \u201cCarpe Diem\u201d, o convite romano para aproveitar o presente"},"content":{"rendered":"\n<p>Muitas pessoas utilizam a express\u00e3o latina em tatuagens ou postagens nas redes sociais sem compreender a profundidade filos\u00f3fica contida nessas duas palavras curtas. Criada pelo poeta <strong>Hor\u00e1cio<\/strong>, a frase funciona como um lembrete urgente sobre a brevidade da vida humana. Entender esse conceito ajuda a priorizar o que realmente importa agora no cotidiano moderno atual.<\/p>\n\n\n\n<h2 class=\"wp-block-heading\">Qual \u00e9 a tradu\u00e7\u00e3o literal desse pensamento antigo?<\/h2>\n\n\n\n<p>A tradu\u00e7\u00e3o mais comum para o portugu\u00eas sugere que devemos colher o dia como se fosse um fruto maduro e pronto. O termo <strong>Carpe<\/strong> remete ao ato de colheita cuidadosa, indicando que o tempo \u00e9 um recurso escasso que precisa ser bem aproveitado. Ignorar essa verdade pode levar ao arrependimento profundo sobre as oportunidades perdidas durante a vida inteira hoje.<\/p>\n\n\n\n<p>Diferente do que muitos acreditam, a ideia central n\u00e3o \u00e9 viver de forma irrespons\u00e1vel ou sem qualquer planejamento para o futuro. O objetivo de <strong>Hor\u00e1cio<\/strong> era incentivar a aprecia\u00e7\u00e3o do momento presente enquanto ele ainda existe sob nosso controle direto. Cultivar essa mentalidade ajuda a reduzir a ansiedade excessiva causada por preocupa\u00e7\u00f5es distantes ou problemas ainda inexistentes no mundo atual.<\/p>\n\n\n<div class=\"wp-block-image\">\n<figure class=\"aligncenter size-full\"><img decoding=\"async\" width=\"1280\" height=\"720\" src=\"https:\/\/www.correiobraziliense.com.br\/cbradar\/wp-content\/uploads\/2026\/03\/Gemini_Generated_Image_7m8y7t7m8y7t7m8y-1-1.png\" alt=\"O que significa a frase \u201cCarpe Diem\u201d, o convite romano para aproveitar o presente\" class=\"wp-image-203434\" srcset=\"https:\/\/www.correiobraziliense.com.br\/cbradar\/wp-content\/uploads\/2026\/03\/Gemini_Generated_Image_7m8y7t7m8y7t7m8y-1-1.png 1280w, https:\/\/www.correiobraziliense.com.br\/cbradar\/wp-content\/uploads\/2026\/03\/Gemini_Generated_Image_7m8y7t7m8y7t7m8y-1-1-300x169.png 300w, https:\/\/www.correiobraziliense.com.br\/cbradar\/wp-content\/uploads\/2026\/03\/Gemini_Generated_Image_7m8y7t7m8y7t7m8y-1-1-768x432.png 768w, https:\/\/www.correiobraziliense.com.br\/cbradar\/wp-content\/uploads\/2026\/03\/Gemini_Generated_Image_7m8y7t7m8y7t7m8y-1-1-750x422.png 750w, https:\/\/www.correiobraziliense.com.br\/cbradar\/wp-content\/uploads\/2026\/03\/Gemini_Generated_Image_7m8y7t7m8y7t7m8y-1-1-1140x641.png 1140w\" sizes=\"(max-width: 1280px) 100vw, 1280px\" \/><figcaption class=\"wp-element-caption\">Carpe Diem revela uma filosofia antiga sobre aproveitar o tempo e valorizar o presente da vida<\/figcaption><\/figure><\/div>\n\n\n<h2 class=\"wp-block-heading\">Como o epicurismo influenciou esta m\u00e1xima latina?<\/h2>\n\n\n\n<p>A filosofia de <strong>Epicuro<\/strong> pregava que a busca por prazeres simples e a aus\u00eancia de dor f\u00edsica eram fundamentais para todos. O texto original de <strong>Hor\u00e1cio<\/strong> reflete essa tend\u00eancia ao sugerir que n\u00e3o devemos confiar cegamente no amanh\u00e3 incerto e vol\u00e1til. Focar no agora garante que a exist\u00eancia seja preenchida com significados reais e conex\u00f5es humanas verdadeiramente profundas e duradouras.<\/p>\n\n\n\n<p>Viver o presente exige um n\u00edvel elevado de consci\u00eancia sobre nossas a\u00e7\u00f5es e escolhas di\u00e1rias em todos os setores sociais. Quando ignoramos o tempo atual, desperdi\u00e7amos a \u00fanica riqueza que realmente possu\u00edmos como seres biol\u00f3gicos limitados pela natureza. Valorizar o hoje \u00e9 um ato de rebeldia contra a pressa desenfreada da sociedade moderna contempor\u00e2nea e tecnol\u00f3gica em nossa rotina.<\/p>\n\n\n\n<h2 class=\"wp-block-heading\">Por que esta frase se tornou um \u00edcone cultural?<\/h2>\n\n\n\n<p>Cinema, literatura e m\u00fasica frequentemente utilizam o conceito para inspirar personagens a mudarem seus destinos de forma imediata e corajosa. Essa popularidade ocorre porque o ser humano possui um desejo intr\u00ednseco de encontrar prop\u00f3sito em meio \u00e0 rotina exaustiva. Adotar essa filosofia permite que as cores do mundo pare\u00e7am mais vibrantes e as experi\u00eancias muito mais intensas para todos.<\/p>\n\n\n\n<p>Confira a lista abaixo:<\/p>\n\n\n\n<ul class=\"wp-block-list\">\n<li>Pr\u00e1tica da aten\u00e7\u00e3o plena no trabalho.<\/li>\n\n\n\n<li>Redu\u00e7\u00e3o do tempo em telas digitais.<\/li>\n\n\n\n<li>Valoriza\u00e7\u00e3o dos momentos em fam\u00edlia agora.<\/li>\n\n\n\n<li>Realiza\u00e7\u00e3o de sonhos antigos sem adiar.<\/li>\n\n\n\n<li>Foco na sa\u00fade mental e f\u00edsica.<\/li>\n<\/ul>\n\n\n\n<h2 class=\"wp-block-heading\">Existe uma diferen\u00e7a real entre lazer e vadiagem?<\/h2>\n\n\n\n<p>Aproveitar o dia n\u00e3o significa negligenciar as responsabilidades que sustentam nossa estabilidade financeira e social ao longo dos anos. O lazer consciente \u00e9 uma forma de recarregar as energias necess\u00e1rias para continuar produzindo com qualidade t\u00e9cnica e criatividade. Diferenciar esses conceitos \u00e9 vital para n\u00e3o cair em armadilhas de produtividade t\u00f3xica ou pregui\u00e7a severa em nossa vida.<\/p>\n\n\n\n<p>Quando dedicamos tempo de qualidade ao que amamos, estamos praticando a ess\u00eancia da li\u00e7\u00e3o romana de forma pr\u00e1tica e direta. O equil\u00edbrio entre o dever e o prazer garante que a mente permane\u00e7a saud\u00e1vel e motivada para novos desafios complexos. A vida torna-se um campo de experi\u00eancias ricas em vez de apenas uma lista de tarefas cansativas em nosso dia.<\/p>\n\n\n<div class=\"wp-block-image\">\n<figure class=\"aligncenter size-full\"><img decoding=\"async\" width=\"1280\" height=\"720\" src=\"https:\/\/www.correiobraziliense.com.br\/cbradar\/wp-content\/uploads\/2026\/03\/Gemini_Generated_Image_ss8idxss8idxss8i-1-1.png\" alt=\"O que significa a frase \u201cCarpe Diem\u201d, o convite romano para aproveitar o presente\" class=\"wp-image-203435\" srcset=\"https:\/\/www.correiobraziliense.com.br\/cbradar\/wp-content\/uploads\/2026\/03\/Gemini_Generated_Image_ss8idxss8idxss8i-1-1.png 1280w, https:\/\/www.correiobraziliense.com.br\/cbradar\/wp-content\/uploads\/2026\/03\/Gemini_Generated_Image_ss8idxss8idxss8i-1-1-300x169.png 300w, https:\/\/www.correiobraziliense.com.br\/cbradar\/wp-content\/uploads\/2026\/03\/Gemini_Generated_Image_ss8idxss8idxss8i-1-1-768x432.png 768w, https:\/\/www.correiobraziliense.com.br\/cbradar\/wp-content\/uploads\/2026\/03\/Gemini_Generated_Image_ss8idxss8idxss8i-1-1-750x422.png 750w, https:\/\/www.correiobraziliense.com.br\/cbradar\/wp-content\/uploads\/2026\/03\/Gemini_Generated_Image_ss8idxss8idxss8i-1-1-1140x641.png 1140w\" sizes=\"(max-width: 1280px) 100vw, 1280px\" \/><figcaption class=\"wp-element-caption\">Carpe Diem revela uma filosofia antiga sobre aproveitar o tempo e valorizar o presente da vida<\/figcaption><\/figure><\/div>\n\n\n<h2 class=\"wp-block-heading\">Como aplicar esta filosofia na rotina de trabalho?<\/h2>\n\n\n\n<p>No ambiente corporativo, focar em uma \u00fanica tarefa importante por vez \u00e9 uma maneira moderna de honrar o ensinamento latino cl\u00e1ssico. Evitar a multitarefa excessiva protege a sua sa\u00fade mental e garante resultados superiores em projetos t\u00e9cnicos de alta complexidade profissional. Estar presente no que se faz aumenta a satisfa\u00e7\u00e3o pessoal e a produtividade global em todo o nosso expediente.<\/p>\n\n\n\n<p>A <strong>Encyclopaedia Britannica<\/strong> detalha as origens liter\u00e1rias dessa express\u00e3o e como ela moldou o pensamento ocidental sobre a moralidade e o tempo. Voc\u00ea pode conferir a an\u00e1lise completa sobre a vida e as obras de <a href=\"https:\/\/www.britannica.com\/biography\/Horace-Roman-poet\" target=\"_blank\" rel=\"noreferrer noopener\">Hor\u00e1cio e o Carpe Diem<\/a> diretamente na p\u00e1gina oficial dessa autoridade mundial em conhecimento. Priorize o hoje para viver com muito mais prop\u00f3sito e alegria.<\/p>\n","protected":false},"excerpt":{"rendered":"<p>Muitas pessoas utilizam a express\u00e3o latina em tatuagens ou postagens nas redes sociais sem compreender a profundidade filos\u00f3fica contida nessas duas palavras curtas. Criada pelo poeta Hor\u00e1cio, a frase funciona como um lembrete urgente sobre a brevidade da vida humana. Entender esse conceito ajuda a priorizar o que realmente importa agora no cotidiano moderno atual. [&hellip;]<\/p>\n","protected":false},"author":21,"featured_media":203433,"comment_status":"open","ping_status":"open","sticky":false,"template":"","format":"standard","meta":{"_yoast_wpseo_focuskw":"significado filos\u00f3fico da express\u00e3o latina Carpe Diem","_yoast_wpseo_title":"","_yoast_wpseo_metadesc":"A express\u00e3o Carpe Diem \u00e9 usada por milh\u00f5es de pessoas, mas poucos entendem o significado filos\u00f3fico que Hor\u00e1cio queria transmitir","jnews-multi-image_gallery":[],"jnews_single_post":{"format":"standard"},"jnews_primary_category":[],"jnews_social_meta":[],"jnews_override_counter":[],"footnotes":""},"categories":[112],"post_tag":[11053,12564,15788],"class_list":["post-203430","post","type-post","status-publish","format-standard","has-post-thumbnail","hentry","category-curiosidades","tag-carpe-diem","tag-horacio","tag-romano"],"yoast_head":"<!-- This site is optimized with the Yoast SEO plugin v24.6 - https:\/\/yoast.com\/wordpress\/plugins\/seo\/ -->\n<title>O que significa a frase \u201cCarpe Diem\u201d, o convite romano para aproveitar o presente - Correio Braziliense - Radar<\/title>\n<meta name=\"description\" content=\"A express\u00e3o Carpe Diem \u00e9 usada por milh\u00f5es de pessoas, mas poucos entendem o significado filos\u00f3fico que Hor\u00e1cio queria transmitir\" \/>\n<meta name=\"robots\" content=\"index, follow, max-snippet:-1, max-image-preview:large, max-video-preview:-1\" \/>\n<link rel=\"canonical\" href=\"https:\/\/www.correiobraziliense.com.br\/cbradar\/o-que-significa-a-frase-carpe-diem-o-convite-romano-para-aproveitar-o-presente\/\" \/>\n<meta property=\"og:locale\" content=\"pt_BR\" \/>\n<meta property=\"og:type\" content=\"article\" \/>\n<meta property=\"og:title\" content=\"O que significa a frase \u201cCarpe Diem\u201d, o convite romano para aproveitar o presente - Correio Braziliense - Radar\" \/>\n<meta property=\"og:description\" content=\"A express\u00e3o Carpe Diem \u00e9 usada por milh\u00f5es de pessoas, mas poucos entendem o significado filos\u00f3fico que Hor\u00e1cio queria transmitir\" \/>\n<meta property=\"og:url\" content=\"https:\/\/www.correiobraziliense.com.br\/cbradar\/o-que-significa-a-frase-carpe-diem-o-convite-romano-para-aproveitar-o-presente\/\" \/>\n<meta property=\"og:site_name\" content=\"Correio Braziliense - Radar\" \/>\n<meta property=\"article:published_time\" content=\"2026-03-06T15:05:00+00:00\" \/>\n<meta property=\"og:image\" content=\"https:\/\/www.correiobraziliense.com.br\/cbradar\/wp-content\/uploads\/2026\/03\/Gemini_Generated_Image_2gh8wh2gh8wh2gh8-1-1.png\" \/>\n\t<meta property=\"og:image:width\" content=\"1280\" \/>\n\t<meta property=\"og:image:height\" content=\"720\" \/>\n\t<meta property=\"og:image:type\" content=\"image\/png\" \/>\n<meta name=\"author\" content=\"Patrick Silva\" \/>\n<meta name=\"twitter:card\" content=\"summary_large_image\" \/>\n<meta name=\"twitter:label1\" content=\"Escrito por\" \/>\n\t<meta name=\"twitter:data1\" content=\"Patrick Silva\" \/>\n\t<meta name=\"twitter:label2\" content=\"Est. tempo de leitura\" \/>\n\t<meta name=\"twitter:data2\" content=\"5 minutos\" \/>\n<!-- \/ Yoast SEO plugin. -->","yoast_head_json":{"title":"O que significa a frase \u201cCarpe Diem\u201d, o convite romano para aproveitar o presente - Correio Braziliense - Radar","description":"A express\u00e3o Carpe Diem \u00e9 usada por milh\u00f5es de pessoas, mas poucos entendem o significado filos\u00f3fico que Hor\u00e1cio queria transmitir","robots":{"index":"index","follow":"follow","max-snippet":"max-snippet:-1","max-image-preview":"max-image-preview:large","max-video-preview":"max-video-preview:-1"},"canonical":"https:\/\/www.correiobraziliense.com.br\/cbradar\/o-que-significa-a-frase-carpe-diem-o-convite-romano-para-aproveitar-o-presente\/","og_locale":"pt_BR","og_type":"article","og_title":"O que significa a frase \u201cCarpe Diem\u201d, o convite romano para aproveitar o presente - Correio Braziliense - Radar","og_description":"A express\u00e3o Carpe Diem \u00e9 usada por milh\u00f5es de pessoas, mas poucos entendem o significado filos\u00f3fico que Hor\u00e1cio queria transmitir","og_url":"https:\/\/www.correiobraziliense.com.br\/cbradar\/o-que-significa-a-frase-carpe-diem-o-convite-romano-para-aproveitar-o-presente\/","og_site_name":"Correio Braziliense - Radar","article_published_time":"2026-03-06T15:05:00+00:00","og_image":[{"width":1280,"height":720,"url":"https:\/\/www.correiobraziliense.com.br\/cbradar\/wp-content\/uploads\/2026\/03\/Gemini_Generated_Image_2gh8wh2gh8wh2gh8-1-1.png","type":"image\/png"}],"author":"Patrick Silva","twitter_card":"summary_large_image","twitter_misc":{"Escrito por":"Patrick Silva","Est. tempo de leitura":"5 minutos"},"schema":{"@context":"https:\/\/schema.org","@graph":[{"@type":"WebPage","@id":"https:\/\/www.correiobraziliense.com.br\/cbradar\/o-que-significa-a-frase-carpe-diem-o-convite-romano-para-aproveitar-o-presente\/","url":"https:\/\/www.correiobraziliense.com.br\/cbradar\/o-que-significa-a-frase-carpe-diem-o-convite-romano-para-aproveitar-o-presente\/","name":"O que significa a frase \u201cCarpe Diem\u201d, o convite romano para aproveitar o presente - Correio Braziliense - Radar","isPartOf":{"@id":"https:\/\/www.correiobraziliense.com.br\/cbradar\/#website"},"primaryImageOfPage":{"@id":"https:\/\/www.correiobraziliense.com.br\/cbradar\/o-que-significa-a-frase-carpe-diem-o-convite-romano-para-aproveitar-o-presente\/#primaryimage"},"image":{"@id":"https:\/\/www.correiobraziliense.com.br\/cbradar\/o-que-significa-a-frase-carpe-diem-o-convite-romano-para-aproveitar-o-presente\/#primaryimage"},"thumbnailUrl":"https:\/\/www.correiobraziliense.com.br\/cbradar\/wp-content\/uploads\/2026\/03\/Gemini_Generated_Image_2gh8wh2gh8wh2gh8-1-1.png","datePublished":"2026-03-06T15:05:00+00:00","author":{"@id":"https:\/\/www.correiobraziliense.com.br\/cbradar\/#\/schema\/person\/5440b72be9c7eb74f446c846479dc4da"},"description":"A express\u00e3o Carpe Diem \u00e9 usada por milh\u00f5es de pessoas, mas poucos entendem o significado filos\u00f3fico que Hor\u00e1cio queria transmitir","breadcrumb":{"@id":"https:\/\/www.correiobraziliense.com.br\/cbradar\/o-que-significa-a-frase-carpe-diem-o-convite-romano-para-aproveitar-o-presente\/#breadcrumb"},"inLanguage":"pt-BR","potentialAction":[{"@type":"ReadAction","target":["https:\/\/www.correiobraziliense.com.br\/cbradar\/o-que-significa-a-frase-carpe-diem-o-convite-romano-para-aproveitar-o-presente\/"]}]},{"@type":"ImageObject","inLanguage":"pt-BR","@id":"https:\/\/www.correiobraziliense.com.br\/cbradar\/o-que-significa-a-frase-carpe-diem-o-convite-romano-para-aproveitar-o-presente\/#primaryimage","url":"https:\/\/www.correiobraziliense.com.br\/cbradar\/wp-content\/uploads\/2026\/03\/Gemini_Generated_Image_2gh8wh2gh8wh2gh8-1-1.png","contentUrl":"https:\/\/www.correiobraziliense.com.br\/cbradar\/wp-content\/uploads\/2026\/03\/Gemini_Generated_Image_2gh8wh2gh8wh2gh8-1-1.png","width":1280,"height":720,"caption":"Carpe Diem revela uma filosofia antiga sobre aproveitar o tempo e valorizar o presente da vida"},{"@type":"BreadcrumbList","@id":"https:\/\/www.correiobraziliense.com.br\/cbradar\/o-que-significa-a-frase-carpe-diem-o-convite-romano-para-aproveitar-o-presente\/#breadcrumb","itemListElement":[{"@type":"ListItem","position":1,"name":"In\u00edcio","item":"https:\/\/www.correiobraziliense.com.br\/cbradar\/"},{"@type":"ListItem","position":2,"name":"O que significa a frase \u201cCarpe Diem\u201d, o convite romano para aproveitar o presente"}]},{"@type":"WebSite","@id":"https:\/\/www.correiobraziliense.com.br\/cbradar\/#website","url":"https:\/\/www.correiobraziliense.com.br\/cbradar\/","name":"Correio Braziliense - Radar","description":"Acompanhe as \u00faltimas not\u00edcias e fique bem informado sobre tudo o que acontece no Brasil e no mundo.","potentialAction":[{"@type":"SearchAction","target":{"@type":"EntryPoint","urlTemplate":"https:\/\/www.correiobraziliense.com.br\/cbradar\/?s={search_term_string}"},"query-input":{"@type":"PropertyValueSpecification","valueRequired":true,"valueName":"search_term_string"}}],"inLanguage":"pt-BR"},{"@type":"Person","@id":"https:\/\/www.correiobraziliense.com.br\/cbradar\/#\/schema\/person\/5440b72be9c7eb74f446c846479dc4da","name":"Patrick Silva","image":{"@type":"ImageObject","inLanguage":"pt-BR","@id":"https:\/\/www.correiobraziliense.com.br\/cbradar\/#\/schema\/person\/image\/","url":"https:\/\/secure.gravatar.com\/avatar\/944109df296fc087785c9715fd5f80b2?s=96&d=mm&r=g","contentUrl":"https:\/\/secure.gravatar.com\/avatar\/944109df296fc087785c9715fd5f80b2?s=96&d=mm&r=g","caption":"Patrick Silva"},"sameAs":["https:\/\/www.correiobraziliense.com.br\/cbradar\/"],"url":"https:\/\/www.correiobraziliense.com.br\/cbradar\/author\/patrick-silva\/"}]}},"_links":{"self":[{"href":"https:\/\/www.correiobraziliense.com.br\/cbradar\/wp-json\/wp\/v2\/posts\/203430","targetHints":{"allow":["GET"]}}],"collection":[{"href":"https:\/\/www.correiobraziliense.com.br\/cbradar\/wp-json\/wp\/v2\/posts"}],"about":[{"href":"https:\/\/www.correiobraziliense.com.br\/cbradar\/wp-json\/wp\/v2\/types\/post"}],"author":[{"embeddable":true,"href":"https:\/\/www.correiobraziliense.com.br\/cbradar\/wp-json\/wp\/v2\/users\/21"}],"replies":[{"embeddable":true,"href":"https:\/\/www.correiobraziliense.com.br\/cbradar\/wp-json\/wp\/v2\/comments?post=203430"}],"version-history":[{"count":4,"href":"https:\/\/www.correiobraziliense.com.br\/cbradar\/wp-json\/wp\/v2\/posts\/203430\/revisions"}],"predecessor-version":[{"id":203438,"href":"https:\/\/www.correiobraziliense.com.br\/cbradar\/wp-json\/wp\/v2\/posts\/203430\/revisions\/203438"}],"wp:featuredmedia":[{"embeddable":true,"href":"https:\/\/www.correiobraziliense.com.br\/cbradar\/wp-json\/wp\/v2\/media\/203433"}],"wp:attachment":[{"href":"https:\/\/www.correiobraziliense.com.br\/cbradar\/wp-json\/wp\/v2\/media?parent=203430"}],"wp:term":[{"taxonomy":"category","embeddable":true,"href":"https:\/\/www.correiobraziliense.com.br\/cbradar\/wp-json\/wp\/v2\/categories?post=203430"},{"taxonomy":"post_tag","embeddable":true,"href":"https:\/\/www.correiobraziliense.com.br\/cbradar\/wp-json\/wp\/v2\/post_tag?post=203430"}],"curies":[{"name":"wp","href":"https:\/\/api.w.org\/{rel}","templated":true}]}}