{"id":203439,"date":"2026-03-06T17:35:00","date_gmt":"2026-03-06T20:35:00","guid":{"rendered":"https:\/\/www.correiobraziliense.com.br\/cbradar\/?p=203439"},"modified":"2026-03-05T10:26:20","modified_gmt":"2026-03-05T13:26:20","slug":"o-que-significa-a-frase-eureka-o-grito-de-descoberta-atribuido-a-arquimedes","status":"publish","type":"post","link":"https:\/\/www.correiobraziliense.com.br\/cbradar\/o-que-significa-a-frase-eureka-o-grito-de-descoberta-atribuido-a-arquimedes\/","title":{"rendered":"O que significa a frase \u201cEureka\u201d, o grito de descoberta atribu\u00eddo a Arquimedes"},"content":{"rendered":"\n<p>A express\u00e3o grega atravessou mil\u00eanios como o s\u00edmbolo m\u00e1ximo da genialidade humana diante de problemas matem\u00e1ticos insol\u00faveis ou desafios t\u00e9cnicos complexos. Atribu\u00edda ao inventor <strong>Arquimedes<\/strong>, a palavra representa o momento exato em que a l\u00f3gica encontra a solu\u00e7\u00e3o inesperada. Entender sua origem revela li\u00e7\u00f5es profundas sobre criatividade e persist\u00eancia intelectual.<\/p>\n\n\n\n<h2 class=\"wp-block-heading\">Por que o banho de um g\u00eanio mudou a ci\u00eancia?<\/h2>\n\n\n\n<p>Reza a lenda que <strong>Arquimedes<\/strong> recebeu a miss\u00e3o dif\u00edcil de descobrir se uma coroa era feita de ouro puro ou misturada com prata. Ao entrar em sua banheira, ele percebeu que o volume de \u00e1gua deslocado correspondia exatamente ao espa\u00e7o ocupado por seu pr\u00f3prio corpo. Essa observa\u00e7\u00e3o f\u00edsica simples permitiu resolver o enigma real proposto anteriormente.<\/p>\n\n\n\n<p>Tomado por uma euforia incontrol\u00e1vel, o s\u00e1bio correu nu pelas ruas de <strong>Siracusa<\/strong> gritando a palavra que significava &#8220;encontrei&#8221; em grego antigo. Esse momento \u00e9pico ilustra como o descanso e o relaxamento podem ser fundamentais para que o c\u00e9rebro processe informa\u00e7\u00f5es complexas e encontre sa\u00eddas criativas. A ci\u00eancia moderna frequentemente valida essa din\u00e2mica de pensamento lateral produtivo.<\/p>\n\n\n<div class=\"wp-block-image\">\n<figure class=\"aligncenter size-full\"><img decoding=\"async\" width=\"1280\" height=\"720\" src=\"https:\/\/www.correiobraziliense.com.br\/cbradar\/wp-content\/uploads\/2026\/03\/Gemini_Generated_Image_3o3zxk3o3zxk3o3z-1-1.png\" alt=\"O que significa a frase \u201cEureka\u201d, o grito de descoberta atribu\u00eddo a Arquimedes\" class=\"wp-image-203441\" srcset=\"https:\/\/www.correiobraziliense.com.br\/cbradar\/wp-content\/uploads\/2026\/03\/Gemini_Generated_Image_3o3zxk3o3zxk3o3z-1-1.png 1280w, https:\/\/www.correiobraziliense.com.br\/cbradar\/wp-content\/uploads\/2026\/03\/Gemini_Generated_Image_3o3zxk3o3zxk3o3z-1-1-300x169.png 300w, https:\/\/www.correiobraziliense.com.br\/cbradar\/wp-content\/uploads\/2026\/03\/Gemini_Generated_Image_3o3zxk3o3zxk3o3z-1-1-768x432.png 768w, https:\/\/www.correiobraziliense.com.br\/cbradar\/wp-content\/uploads\/2026\/03\/Gemini_Generated_Image_3o3zxk3o3zxk3o3z-1-1-750x422.png 750w, https:\/\/www.correiobraziliense.com.br\/cbradar\/wp-content\/uploads\/2026\/03\/Gemini_Generated_Image_3o3zxk3o3zxk3o3z-1-1-1140x641.png 1140w\" sizes=\"(max-width: 1280px) 100vw, 1280px\" \/><figcaption class=\"wp-element-caption\">Arquimedes correu pelas ruas gritando Eureka ap\u00f3s perceber um princ\u00edpio que mudou a ci\u00eancia para sempre<\/figcaption><\/figure><\/div>\n\n\n<h2 class=\"wp-block-heading\">Como o Princ\u00edpio de Arquimedes funciona na pr\u00e1tica?<\/h2>\n\n\n\n<p>O fundamento hidrost\u00e1tico estabelece que qualquer corpo mergulhado em um fluido sofre uma for\u00e7a vertical para cima igual ao peso do l\u00edquido deslocado. Essa lei f\u00edsica explica por que grandes navios de a\u00e7o flutuam nos oceanos enquanto pequenas pedras afundam rapidamente nas \u00e1guas profundas. \u00c9 uma regra essencial para a engenharia naval e para a f\u00edsica moderna.<\/p>\n\n\n\n<p>A precis\u00e3o desse c\u00e1lculo permitiu que o inventor provasse a fraude na fabrica\u00e7\u00e3o da coroa do rei <strong>Hier\u00e3o II<\/strong> sem destruir o objeto precioso. Atrav\u00e9s da densidade, foi poss\u00edvel comparar o ouro puro com a liga met\u00e1lica suspeita de forma t\u00e9cnica e irrefut\u00e1vel para a \u00e9poca. O m\u00e9todo demonstrou a import\u00e2ncia da evid\u00eancia f\u00edsica sobre as suposi\u00e7\u00f5es te\u00f3ricas infundadas.<\/p>\n\n\n\n<h2 class=\"wp-block-heading\">Quais inven\u00e7\u00f5es tornaram este pensador uma lenda imortal?<\/h2>\n\n\n\n<p>Al\u00e9m da hidrost\u00e1tica, o cientista desenvolveu ferramentas mec\u00e2nicas que revolucionaram a agricultura e a defesa militar de sua cidade natal durante cercos violentos. Suas contribui\u00e7\u00f5es matem\u00e1ticas para o c\u00e1lculo de \u00e1reas e volumes anteciparam conceitos fundamentais que seriam explorados apenas s\u00e9culos depois por outros g\u00eanios. A genialidade dele residia na aplica\u00e7\u00e3o pr\u00e1tica de teorias matem\u00e1ticas muito complexas.<\/p>\n\n\n\n<p>Confira a lista abaixo:<\/p>\n\n\n\n<ul class=\"wp-block-list\">\n<li>O parafuso de <strong>Arquimedes<\/strong> para irriga\u00e7\u00e3o.<\/li>\n\n\n\n<li>A garra mec\u00e2nica para defesa naval.<\/li>\n\n\n\n<li>O espelho ust\u00f3rio para incendiar navios.<\/li>\n\n\n\n<li>A lei da alavanca e polias.<\/li>\n\n\n\n<li>C\u00e1lculo preciso do valor de Pi.<\/li>\n<\/ul>\n\n\n\n<h2 class=\"wp-block-heading\">Existe uma li\u00e7\u00e3o moderna por tr\u00e1s desse grito hist\u00f3rico?<\/h2>\n\n\n\n<p>O fen\u00f4meno conhecido como &#8220;momento insight&#8221; ocorre quando o c\u00e9rebro conecta dados dispersos de forma repentina ap\u00f3s um per\u00edodo intenso de estudo focado. O grito de <strong>Arquimedes<\/strong> simboliza a recompensa emocional de quem n\u00e3o desiste diante das dificuldades t\u00e9cnicas de um projeto longo. Cultivar a curiosidade intelectual \u00e9 o segredo para alcan\u00e7ar grandes descobertas em qualquer \u00e1rea profissional.<\/p>\n\n\n\n<p>Atualmente, a express\u00e3o \u00e9 usada globalmente para celebrar a resolu\u00e7\u00e3o de falhas de software ou o nascimento de ideias inovadoras no marketing digital. O legado do pensador grego refor\u00e7a que a observa\u00e7\u00e3o atenta do cotidiano pode revelar leis universais capazes de transformar a tecnologia. Estar presente e atento ao ambiente \u00e9 fundamental para qualquer cientista ou criador moderno.<\/p>\n\n\n<div class=\"wp-block-image\">\n<figure class=\"aligncenter size-full\"><img decoding=\"async\" width=\"1280\" height=\"720\" src=\"https:\/\/www.correiobraziliense.com.br\/cbradar\/wp-content\/uploads\/2026\/03\/Gemini_Generated_Image_goj8fdgoj8fdgoj8-1-1.png\" alt=\"O que significa a frase \u201cEureka\u201d, o grito de descoberta atribu\u00eddo a Arquimedes\" class=\"wp-image-203444\" srcset=\"https:\/\/www.correiobraziliense.com.br\/cbradar\/wp-content\/uploads\/2026\/03\/Gemini_Generated_Image_goj8fdgoj8fdgoj8-1-1.png 1280w, https:\/\/www.correiobraziliense.com.br\/cbradar\/wp-content\/uploads\/2026\/03\/Gemini_Generated_Image_goj8fdgoj8fdgoj8-1-1-300x169.png 300w, https:\/\/www.correiobraziliense.com.br\/cbradar\/wp-content\/uploads\/2026\/03\/Gemini_Generated_Image_goj8fdgoj8fdgoj8-1-1-768x432.png 768w, https:\/\/www.correiobraziliense.com.br\/cbradar\/wp-content\/uploads\/2026\/03\/Gemini_Generated_Image_goj8fdgoj8fdgoj8-1-1-750x422.png 750w, https:\/\/www.correiobraziliense.com.br\/cbradar\/wp-content\/uploads\/2026\/03\/Gemini_Generated_Image_goj8fdgoj8fdgoj8-1-1-1140x641.png 1140w\" sizes=\"(max-width: 1280px) 100vw, 1280px\" \/><figcaption class=\"wp-element-caption\">Arquimedes correu pelas ruas gritando Eureka ap\u00f3s perceber um princ\u00edpio que mudou a ci\u00eancia para sempre<\/figcaption><\/figure><\/div>\n\n\n<h2 class=\"wp-block-heading\">O que a Britannica diz sobre sua morte tr\u00e1gica?<\/h2>\n\n\n\n<p>A hist\u00f3ria conta que o s\u00e1bio foi morto por um soldado romano enquanto estava distra\u00eddo resolvendo problemas geom\u00e9tricos desenhados na areia fina. Mesmo em seus momentos finais, sua mente estava focada na busca pelo conhecimento e na perfei\u00e7\u00e3o das formas matem\u00e1ticas que tanto admirava. Sua vida foi um exemplo de dedica\u00e7\u00e3o absoluta ao progresso da raz\u00e3o humana universal.<\/p>\n\n\n\n<p>Conforme detalha a <strong>Encyclopaedia Britannica<\/strong>, o general <strong>Marcelo<\/strong> lamentou profundamente a morte do inventor, pois reconhecia seu valor inestim\u00e1vel para a cultura mundial. Voc\u00ea pode consultar a biografia completa e os detalhes sobre as <a target=\"_blank\" rel=\"noreferrer noopener\" href=\"https:\/\/www.britannica.com\/biography\/Archimedes\">contribui\u00e7\u00f5es de Arquimedes<\/a> diretamente no site oficial deles. O conhecimento preservado dele continua inspirando gera\u00e7\u00f5es de estudantes e engenheiros.<\/p>\n","protected":false},"excerpt":{"rendered":"<p>A express\u00e3o grega atravessou mil\u00eanios como o s\u00edmbolo m\u00e1ximo da genialidade humana diante de problemas matem\u00e1ticos insol\u00faveis ou desafios t\u00e9cnicos complexos. Atribu\u00edda ao inventor Arquimedes, a palavra representa o momento exato em que a l\u00f3gica encontra a solu\u00e7\u00e3o inesperada. Entender sua origem revela li\u00e7\u00f5es profundas sobre criatividade e persist\u00eancia intelectual. Por que o banho de [&hellip;]<\/p>\n","protected":false},"author":21,"featured_media":203443,"comment_status":"open","ping_status":"open","sticky":false,"template":"","format":"standard","meta":{"_yoast_wpseo_focuskw":"origem do grito eureka de Arquimedes na ci\u00eancia antiga","_yoast_wpseo_title":"","_yoast_wpseo_metadesc":"O famoso grito de Arquimedes marcou um dos momentos mais lend\u00e1rios da ci\u00eancia e revelou um princ\u00edpio usado at\u00e9 hoje","jnews-multi-image_gallery":[],"jnews_single_post":{"format":"standard"},"jnews_primary_category":[],"jnews_social_meta":[],"jnews_override_counter":[],"footnotes":""},"categories":[112],"post_tag":[15790,15789,5078],"class_list":["post-203439","post","type-post","status-publish","format-standard","has-post-thumbnail","hentry","category-curiosidades","tag-arquimedes","tag-eureka","tag-filosofia"],"yoast_head":"<!-- This site is optimized with the Yoast SEO plugin v24.6 - https:\/\/yoast.com\/wordpress\/plugins\/seo\/ -->\n<title>O que significa a frase \u201cEureka\u201d, o grito de descoberta atribu\u00eddo a Arquimedes - Correio Braziliense - Radar<\/title>\n<meta name=\"description\" content=\"O famoso grito de Arquimedes marcou um dos momentos mais lend\u00e1rios da ci\u00eancia e revelou um princ\u00edpio usado at\u00e9 hoje\" \/>\n<meta name=\"robots\" content=\"index, follow, max-snippet:-1, max-image-preview:large, max-video-preview:-1\" \/>\n<link rel=\"canonical\" href=\"https:\/\/www.correiobraziliense.com.br\/cbradar\/o-que-significa-a-frase-eureka-o-grito-de-descoberta-atribuido-a-arquimedes\/\" \/>\n<meta property=\"og:locale\" content=\"pt_BR\" \/>\n<meta property=\"og:type\" content=\"article\" \/>\n<meta property=\"og:title\" content=\"O que significa a frase \u201cEureka\u201d, o grito de descoberta atribu\u00eddo a Arquimedes - Correio Braziliense - Radar\" \/>\n<meta property=\"og:description\" content=\"O famoso grito de Arquimedes marcou um dos momentos mais lend\u00e1rios da ci\u00eancia e revelou um princ\u00edpio usado at\u00e9 hoje\" \/>\n<meta property=\"og:url\" content=\"https:\/\/www.correiobraziliense.com.br\/cbradar\/o-que-significa-a-frase-eureka-o-grito-de-descoberta-atribuido-a-arquimedes\/\" \/>\n<meta property=\"og:site_name\" content=\"Correio Braziliense - Radar\" \/>\n<meta property=\"article:published_time\" content=\"2026-03-06T20:35:00+00:00\" \/>\n<meta property=\"og:image\" content=\"https:\/\/www.correiobraziliense.com.br\/cbradar\/wp-content\/uploads\/2026\/03\/Gemini_Generated_Image_56wq0956wq0956wq-1-1.png\" \/>\n\t<meta property=\"og:image:width\" content=\"1280\" \/>\n\t<meta property=\"og:image:height\" content=\"720\" \/>\n\t<meta property=\"og:image:type\" content=\"image\/png\" \/>\n<meta name=\"author\" content=\"Patrick Silva\" \/>\n<meta name=\"twitter:card\" content=\"summary_large_image\" \/>\n<meta name=\"twitter:label1\" content=\"Escrito por\" \/>\n\t<meta name=\"twitter:data1\" content=\"Patrick Silva\" \/>\n\t<meta name=\"twitter:label2\" content=\"Est. tempo de leitura\" \/>\n\t<meta name=\"twitter:data2\" content=\"5 minutos\" \/>\n<!-- \/ Yoast SEO plugin. -->","yoast_head_json":{"title":"O que significa a frase \u201cEureka\u201d, o grito de descoberta atribu\u00eddo a Arquimedes - Correio Braziliense - Radar","description":"O famoso grito de Arquimedes marcou um dos momentos mais lend\u00e1rios da ci\u00eancia e revelou um princ\u00edpio usado at\u00e9 hoje","robots":{"index":"index","follow":"follow","max-snippet":"max-snippet:-1","max-image-preview":"max-image-preview:large","max-video-preview":"max-video-preview:-1"},"canonical":"https:\/\/www.correiobraziliense.com.br\/cbradar\/o-que-significa-a-frase-eureka-o-grito-de-descoberta-atribuido-a-arquimedes\/","og_locale":"pt_BR","og_type":"article","og_title":"O que significa a frase \u201cEureka\u201d, o grito de descoberta atribu\u00eddo a Arquimedes - Correio Braziliense - Radar","og_description":"O famoso grito de Arquimedes marcou um dos momentos mais lend\u00e1rios da ci\u00eancia e revelou um princ\u00edpio usado at\u00e9 hoje","og_url":"https:\/\/www.correiobraziliense.com.br\/cbradar\/o-que-significa-a-frase-eureka-o-grito-de-descoberta-atribuido-a-arquimedes\/","og_site_name":"Correio Braziliense - Radar","article_published_time":"2026-03-06T20:35:00+00:00","og_image":[{"width":1280,"height":720,"url":"https:\/\/www.correiobraziliense.com.br\/cbradar\/wp-content\/uploads\/2026\/03\/Gemini_Generated_Image_56wq0956wq0956wq-1-1.png","type":"image\/png"}],"author":"Patrick Silva","twitter_card":"summary_large_image","twitter_misc":{"Escrito por":"Patrick Silva","Est. tempo de leitura":"5 minutos"},"schema":{"@context":"https:\/\/schema.org","@graph":[{"@type":"WebPage","@id":"https:\/\/www.correiobraziliense.com.br\/cbradar\/o-que-significa-a-frase-eureka-o-grito-de-descoberta-atribuido-a-arquimedes\/","url":"https:\/\/www.correiobraziliense.com.br\/cbradar\/o-que-significa-a-frase-eureka-o-grito-de-descoberta-atribuido-a-arquimedes\/","name":"O que significa a frase \u201cEureka\u201d, o grito de descoberta atribu\u00eddo a Arquimedes - Correio Braziliense - Radar","isPartOf":{"@id":"https:\/\/www.correiobraziliense.com.br\/cbradar\/#website"},"primaryImageOfPage":{"@id":"https:\/\/www.correiobraziliense.com.br\/cbradar\/o-que-significa-a-frase-eureka-o-grito-de-descoberta-atribuido-a-arquimedes\/#primaryimage"},"image":{"@id":"https:\/\/www.correiobraziliense.com.br\/cbradar\/o-que-significa-a-frase-eureka-o-grito-de-descoberta-atribuido-a-arquimedes\/#primaryimage"},"thumbnailUrl":"https:\/\/www.correiobraziliense.com.br\/cbradar\/wp-content\/uploads\/2026\/03\/Gemini_Generated_Image_56wq0956wq0956wq-1-1.png","datePublished":"2026-03-06T20:35:00+00:00","author":{"@id":"https:\/\/www.correiobraziliense.com.br\/cbradar\/#\/schema\/person\/5440b72be9c7eb74f446c846479dc4da"},"description":"O famoso grito de Arquimedes marcou um dos momentos mais lend\u00e1rios da ci\u00eancia e revelou um princ\u00edpio usado at\u00e9 hoje","breadcrumb":{"@id":"https:\/\/www.correiobraziliense.com.br\/cbradar\/o-que-significa-a-frase-eureka-o-grito-de-descoberta-atribuido-a-arquimedes\/#breadcrumb"},"inLanguage":"pt-BR","potentialAction":[{"@type":"ReadAction","target":["https:\/\/www.correiobraziliense.com.br\/cbradar\/o-que-significa-a-frase-eureka-o-grito-de-descoberta-atribuido-a-arquimedes\/"]}]},{"@type":"ImageObject","inLanguage":"pt-BR","@id":"https:\/\/www.correiobraziliense.com.br\/cbradar\/o-que-significa-a-frase-eureka-o-grito-de-descoberta-atribuido-a-arquimedes\/#primaryimage","url":"https:\/\/www.correiobraziliense.com.br\/cbradar\/wp-content\/uploads\/2026\/03\/Gemini_Generated_Image_56wq0956wq0956wq-1-1.png","contentUrl":"https:\/\/www.correiobraziliense.com.br\/cbradar\/wp-content\/uploads\/2026\/03\/Gemini_Generated_Image_56wq0956wq0956wq-1-1.png","width":1280,"height":720,"caption":"Arquimedes correu pelas ruas gritando Eureka ap\u00f3s perceber um princ\u00edpio que mudou a ci\u00eancia para sempre"},{"@type":"BreadcrumbList","@id":"https:\/\/www.correiobraziliense.com.br\/cbradar\/o-que-significa-a-frase-eureka-o-grito-de-descoberta-atribuido-a-arquimedes\/#breadcrumb","itemListElement":[{"@type":"ListItem","position":1,"name":"In\u00edcio","item":"https:\/\/www.correiobraziliense.com.br\/cbradar\/"},{"@type":"ListItem","position":2,"name":"O que significa a frase \u201cEureka\u201d, o grito de descoberta atribu\u00eddo a Arquimedes"}]},{"@type":"WebSite","@id":"https:\/\/www.correiobraziliense.com.br\/cbradar\/#website","url":"https:\/\/www.correiobraziliense.com.br\/cbradar\/","name":"Correio Braziliense - Radar","description":"Acompanhe as \u00faltimas not\u00edcias e fique bem informado sobre tudo o que acontece no Brasil e no mundo.","potentialAction":[{"@type":"SearchAction","target":{"@type":"EntryPoint","urlTemplate":"https:\/\/www.correiobraziliense.com.br\/cbradar\/?s={search_term_string}"},"query-input":{"@type":"PropertyValueSpecification","valueRequired":true,"valueName":"search_term_string"}}],"inLanguage":"pt-BR"},{"@type":"Person","@id":"https:\/\/www.correiobraziliense.com.br\/cbradar\/#\/schema\/person\/5440b72be9c7eb74f446c846479dc4da","name":"Patrick Silva","image":{"@type":"ImageObject","inLanguage":"pt-BR","@id":"https:\/\/www.correiobraziliense.com.br\/cbradar\/#\/schema\/person\/image\/","url":"https:\/\/secure.gravatar.com\/avatar\/944109df296fc087785c9715fd5f80b2?s=96&d=mm&r=g","contentUrl":"https:\/\/secure.gravatar.com\/avatar\/944109df296fc087785c9715fd5f80b2?s=96&d=mm&r=g","caption":"Patrick Silva"},"sameAs":["https:\/\/www.correiobraziliense.com.br\/cbradar\/"],"url":"https:\/\/www.correiobraziliense.com.br\/cbradar\/author\/patrick-silva\/"}]}},"_links":{"self":[{"href":"https:\/\/www.correiobraziliense.com.br\/cbradar\/wp-json\/wp\/v2\/posts\/203439","targetHints":{"allow":["GET"]}}],"collection":[{"href":"https:\/\/www.correiobraziliense.com.br\/cbradar\/wp-json\/wp\/v2\/posts"}],"about":[{"href":"https:\/\/www.correiobraziliense.com.br\/cbradar\/wp-json\/wp\/v2\/types\/post"}],"author":[{"embeddable":true,"href":"https:\/\/www.correiobraziliense.com.br\/cbradar\/wp-json\/wp\/v2\/users\/21"}],"replies":[{"embeddable":true,"href":"https:\/\/www.correiobraziliense.com.br\/cbradar\/wp-json\/wp\/v2\/comments?post=203439"}],"version-history":[{"count":3,"href":"https:\/\/www.correiobraziliense.com.br\/cbradar\/wp-json\/wp\/v2\/posts\/203439\/revisions"}],"predecessor-version":[{"id":203446,"href":"https:\/\/www.correiobraziliense.com.br\/cbradar\/wp-json\/wp\/v2\/posts\/203439\/revisions\/203446"}],"wp:featuredmedia":[{"embeddable":true,"href":"https:\/\/www.correiobraziliense.com.br\/cbradar\/wp-json\/wp\/v2\/media\/203443"}],"wp:attachment":[{"href":"https:\/\/www.correiobraziliense.com.br\/cbradar\/wp-json\/wp\/v2\/media?parent=203439"}],"wp:term":[{"taxonomy":"category","embeddable":true,"href":"https:\/\/www.correiobraziliense.com.br\/cbradar\/wp-json\/wp\/v2\/categories?post=203439"},{"taxonomy":"post_tag","embeddable":true,"href":"https:\/\/www.correiobraziliense.com.br\/cbradar\/wp-json\/wp\/v2\/post_tag?post=203439"}],"curies":[{"name":"wp","href":"https:\/\/api.w.org\/{rel}","templated":true}]}}