{"id":203510,"date":"2026-03-06T14:15:00","date_gmt":"2026-03-06T17:15:00","guid":{"rendered":"https:\/\/www.correiobraziliense.com.br\/cbradar\/?p=203510"},"modified":"2026-03-05T11:37:32","modified_gmt":"2026-03-05T14:37:32","slug":"poucos-sabem-a-quantidade-exata-de-vitamina-d-necessaria-para-fortalecer-a-imunidade-segundo-a-harvard-medical-school","status":"publish","type":"post","link":"https:\/\/www.correiobraziliense.com.br\/cbradar\/poucos-sabem-a-quantidade-exata-de-vitamina-d-necessaria-para-fortalecer-a-imunidade-segundo-a-harvard-medical-school\/","title":{"rendered":"Poucos sabem a quantidade exata de vitamina D necess\u00e1ria para fortalecer a imunidade, segundo a Harvard Medical School"},"content":{"rendered":"\n<p>Manter o sistema imunol\u00f3gico preparado contra invasores externos exige n\u00edveis adequados de nutrientes essenciais para o funcionamento das c\u00e9lulas de defesa. A vitamina D desempenha um papel crucial na ativa\u00e7\u00e3o dos linf\u00f3citos T, respons\u00e1veis por combater infec\u00e7\u00f5es graves e persistentes. Compreender a dosagem correta \u00e9 o primeiro passo para garantir prote\u00e7\u00e3o biol\u00f3gica total e eficiente.<\/p>\n\n\n\n<h2 class=\"wp-block-heading\">Por que a vitamina D \u00e9 considerada um horm\u00f4nio vital?<\/h2>\n\n\n\n<p>Diferente de outros nutrientes, esta subst\u00e2ncia atua como um potente horm\u00f4nio regulador de centenas de genes no corpo humano. Sua presen\u00e7a \u00e9 indispens\u00e1vel para que o organismo consiga absorver o c\u00e1lcio necess\u00e1rio para a sa\u00fade \u00f3ssea e muscular. Sem n\u00edveis satisfat\u00f3rios, o sistema de defesa permanece enfraquecido e vulner\u00e1vel a diversos tipos de doen\u00e7as inflamat\u00f3rias cr\u00f4nicas.<\/p>\n\n\n\n<p>A exposi\u00e7\u00e3o solar moderada continua sendo a principal fonte de produ\u00e7\u00e3o natural deste componente essencial para a nossa longevidade. No entanto, o uso constante de protetor solar e a vida em ambientes fechados dificultam a s\u00edntese biol\u00f3gica di\u00e1ria recomendada. \u00c9 fundamental monitorar as taxas sangu\u00edneas regularmente para evitar defici\u00eancias severas que comprometem o bem-estar f\u00edsico.<\/p>\n\n\n\n<figure class=\"wp-block-image size-full\"><img decoding=\"async\" width=\"1280\" height=\"720\" src=\"https:\/\/www.correiobraziliense.com.br\/cbradar\/wp-content\/uploads\/2026\/03\/Gemini_Generated_Image_46bssz46bssz46bs-1-1.png\" alt=\"Poucos sabem a quantidade exata de vitamina D necess\u00e1ria para fortalecer a imunidade, segundo a Harvard Medical School\" class=\"wp-image-203519\" srcset=\"https:\/\/www.correiobraziliense.com.br\/cbradar\/wp-content\/uploads\/2026\/03\/Gemini_Generated_Image_46bssz46bssz46bs-1-1.png 1280w, https:\/\/www.correiobraziliense.com.br\/cbradar\/wp-content\/uploads\/2026\/03\/Gemini_Generated_Image_46bssz46bssz46bs-1-1-300x169.png 300w, https:\/\/www.correiobraziliense.com.br\/cbradar\/wp-content\/uploads\/2026\/03\/Gemini_Generated_Image_46bssz46bssz46bs-1-1-768x432.png 768w, https:\/\/www.correiobraziliense.com.br\/cbradar\/wp-content\/uploads\/2026\/03\/Gemini_Generated_Image_46bssz46bssz46bs-1-1-750x422.png 750w, https:\/\/www.correiobraziliense.com.br\/cbradar\/wp-content\/uploads\/2026\/03\/Gemini_Generated_Image_46bssz46bssz46bs-1-1-1140x641.png 1140w\" sizes=\"(max-width: 1280px) 100vw, 1280px\" \/><figcaption class=\"wp-element-caption\">A quantidade di\u00e1ria de vitamina D influencia imunidade ossos e equil\u00edbrio do organismo<\/figcaption><\/figure>\n\n\n\n<h2 class=\"wp-block-heading\">Qual \u00e9 a dose recomendada pelos principais especialistas?<\/h2>\n\n\n\n<p>A <strong>Harvard Medical School<\/strong> indica que a maioria dos adultos saud\u00e1veis necessita de seiscentas a oitocentas unidades internacionais diariamente. Essa quantidade garante que os processos metab\u00f3licos b\u00e1sicos ocorram sem falhas, mantendo a estrutura esquel\u00e9tica protegida contra fraturas. Manter esse equil\u00edbrio nutricional \u00e9 uma estrat\u00e9gia inteligente para promover a sa\u00fade p\u00fablica e individual de forma sustent\u00e1vel.<\/p>\n\n\n\n<p>Algumas sociedades m\u00e9dicas sugerem que doses ligeiramente superiores podem ser ben\u00e9ficas para grupos espec\u00edficos com maior risco de car\u00eancia nutricional. No entanto, a ingest\u00e3o excessiva sem acompanhamento profissional pode causar toxicidade e danos renais permanentes ao paciente. O segredo para o sucesso reside em seguir orienta\u00e7\u00f5es pautadas em evid\u00eancias cient\u00edficas s\u00f3lidas e totalmente seguras.<\/p>\n\n\n\n<h2 class=\"wp-block-heading\">Como o nutriente atua nas c\u00e9lulas de defesa?<\/h2>\n\n\n\n<p>A vitamina D estimula a produ\u00e7\u00e3o de pept\u00eddeos antimicrobianos que destroem bact\u00e9rias e v\u00edrus antes que causem danos celulares graves. Ela tamb\u00e9m ajuda a modular a resposta inflamat\u00f3ria, evitando que o corpo ataque seus pr\u00f3prios tecidos de forma descontrolada e perigosa. Ter n\u00edveis adequados \u00e9 essencial para uma <strong>imunidade inata e adaptativa<\/strong> sempre afiada e pronta.<\/p>\n\n\n\n<p>Confira a lista abaixo:<\/p>\n\n\n\n<ul class=\"wp-block-list\">\n<li>Produ\u00e7\u00e3o de catelicidinas contra pat\u00f3genos.<\/li>\n\n\n\n<li>Ativa\u00e7\u00e3o eficiente dos linf\u00f3citos T.<\/li>\n\n\n\n<li>Redu\u00e7\u00e3o do risco de infec\u00e7\u00f5es respirat\u00f3rias.<\/li>\n\n\n\n<li>Modula\u00e7\u00e3o de citocinas pr\u00f3-inflamat\u00f3rias.<\/li>\n\n\n\n<li>Fortalecimento das barreiras epiteliais f\u00edsicas.<\/li>\n<\/ul>\n\n\n\n<h2 class=\"wp-block-heading\">Quais s\u00e3o os sinais ocultos da defici\u00eancia nutricional?<\/h2>\n\n\n\n<p>Muitas pessoas sofrem com fadiga constante e dores musculares sem saber que a causa reside na falta deste nutriente crucial. A car\u00eancia silenciosa afeta o humor e pode aumentar a suscetibilidade a resfriados frequentes durante os meses de inverno rigoroso. Identificar esses sintomas precocemente permite uma interven\u00e7\u00e3o r\u00e1pida para restaurar a vitalidade e a prote\u00e7\u00e3o interna.<\/p>\n\n\n\n<p>Problemas de cicatriza\u00e7\u00e3o lenta e queda de cabelo tamb\u00e9m podem estar relacionados a baixos n\u00edveis desta vitamina no sistema circulat\u00f3rio. Ignorar esses alertas biol\u00f3gicos compromete a capacidade de resposta do organismo diante de amea\u00e7as patog\u00eanicas invis\u00edveis do cotidiano. Ajustar a dieta e a exposi\u00e7\u00e3o solar \u00e9 um investimento direto na sua qualidade de vida.<\/p>\n\n\n<div class=\"wp-block-image\">\n<figure class=\"aligncenter size-full\"><img decoding=\"async\" width=\"1280\" height=\"720\" src=\"https:\/\/www.correiobraziliense.com.br\/cbradar\/wp-content\/uploads\/2026\/03\/Gemini_Generated_Image_q5a84tq5a84tq5a8-1-1.png\" alt=\"Poucos sabem a quantidade exata de vitamina D necess\u00e1ria para fortalecer a imunidade, segundo a Harvard Medical School\" class=\"wp-image-203520\" srcset=\"https:\/\/www.correiobraziliense.com.br\/cbradar\/wp-content\/uploads\/2026\/03\/Gemini_Generated_Image_q5a84tq5a84tq5a8-1-1.png 1280w, https:\/\/www.correiobraziliense.com.br\/cbradar\/wp-content\/uploads\/2026\/03\/Gemini_Generated_Image_q5a84tq5a84tq5a8-1-1-300x169.png 300w, https:\/\/www.correiobraziliense.com.br\/cbradar\/wp-content\/uploads\/2026\/03\/Gemini_Generated_Image_q5a84tq5a84tq5a8-1-1-768x432.png 768w, https:\/\/www.correiobraziliense.com.br\/cbradar\/wp-content\/uploads\/2026\/03\/Gemini_Generated_Image_q5a84tq5a84tq5a8-1-1-750x422.png 750w, https:\/\/www.correiobraziliense.com.br\/cbradar\/wp-content\/uploads\/2026\/03\/Gemini_Generated_Image_q5a84tq5a84tq5a8-1-1-1140x641.png 1140w\" sizes=\"(max-width: 1280px) 100vw, 1280px\" \/><figcaption class=\"wp-element-caption\">A quantidade di\u00e1ria de vitamina D influencia imunidade ossos e equil\u00edbrio do organismo<\/figcaption><\/figure><\/div>\n\n\n<h2 class=\"wp-block-heading\">Como garantir a absor\u00e7\u00e3o m\u00e1xima desse componente?<\/h2>\n\n\n\n<p>Consumir alimentos ricos em gorduras saud\u00e1veis, como peixes gordos e ovos, facilita o transporte e a assimila\u00e7\u00e3o deste nutriente lipossol\u00favel. A combina\u00e7\u00e3o de uma dieta equilibrada com o tempo ao ar livre potencializa os resultados para o seu sistema imunol\u00f3gico global. Priorizar o autocuidado preventivo \u00e9 o caminho mais seguro para uma exist\u00eancia saud\u00e1vel.<\/p>\n\n\n\n<p>Segundo publica\u00e7\u00f5es da <strong>Harvard Health Publishing<\/strong>, a suplementa\u00e7\u00e3o deve ser personalizada conforme a necessidade real de cada indiv\u00edduo ap\u00f3s exames laboratoriais precisos. Voc\u00ea pode consultar as orienta\u00e7\u00f5es detalhadas sobre a <a target=\"_blank\" rel=\"noreferrer noopener\" href=\"https:\/\/www.health.harvard.edu\/staying-healthy\/vitamin-d-and-your-health-breaking-old-rules-raising-new-hopes\">vitamina D e imunidade<\/a> diretamente no portal de autoridade deles. Seguir protocolos cient\u00edficos garante que sua sa\u00fade permane\u00e7a sempre protegida e em equil\u00edbrio.<\/p>\n","protected":false},"excerpt":{"rendered":"<p>Manter o sistema imunol\u00f3gico preparado contra invasores externos exige n\u00edveis adequados de nutrientes essenciais para o funcionamento das c\u00e9lulas de defesa. A vitamina D desempenha um papel crucial na ativa\u00e7\u00e3o dos linf\u00f3citos T, respons\u00e1veis por combater infec\u00e7\u00f5es graves e persistentes. Compreender a dosagem correta \u00e9 o primeiro passo para garantir prote\u00e7\u00e3o biol\u00f3gica total e eficiente. [&hellip;]<\/p>\n","protected":false},"author":21,"featured_media":203517,"comment_status":"open","ping_status":"open","sticky":false,"template":"","format":"standard","meta":{"_yoast_wpseo_focuskw":"quantidade di\u00e1ria recomendada de vitamina D segundo ci\u00eancia","_yoast_wpseo_title":"","_yoast_wpseo_metadesc":"A vitamina D \u00e9 essencial para imunidade e ossos, mas a dose correta faz toda a diferen\u00e7a para evitar falta ou excesso","jnews-multi-image_gallery":[],"jnews_single_post":{"format":"standard"},"jnews_primary_category":[],"jnews_social_meta":[],"jnews_override_counter":[],"footnotes":""},"categories":[112],"tags":[15795,4835,3004],"class_list":["post-203510","post","type-post","status-publish","format-standard","has-post-thumbnail","hentry","category-curiosidades","tag-harvard-medical-school","tag-imunidade","tag-vitamina-d"],"yoast_head":"<!-- This site is optimized with the Yoast SEO plugin v24.6 - https:\/\/yoast.com\/wordpress\/plugins\/seo\/ -->\n<title>Poucos sabem a quantidade exata de vitamina D necess\u00e1ria para fortalecer a imunidade, segundo a Harvard Medical School - Correio Braziliense - Radar<\/title>\n<meta name=\"description\" content=\"A vitamina D \u00e9 essencial para imunidade e ossos, mas a dose correta faz toda a diferen\u00e7a para evitar falta ou excesso\" \/>\n<meta name=\"robots\" content=\"index, follow, max-snippet:-1, max-image-preview:large, max-video-preview:-1\" \/>\n<link rel=\"canonical\" href=\"https:\/\/www.correiobraziliense.com.br\/cbradar\/poucos-sabem-a-quantidade-exata-de-vitamina-d-necessaria-para-fortalecer-a-imunidade-segundo-a-harvard-medical-school\/\" \/>\n<meta property=\"og:locale\" content=\"pt_BR\" \/>\n<meta property=\"og:type\" content=\"article\" \/>\n<meta property=\"og:title\" content=\"Poucos sabem a quantidade exata de vitamina D necess\u00e1ria para fortalecer a imunidade, segundo a Harvard Medical School - Correio Braziliense - Radar\" \/>\n<meta property=\"og:description\" content=\"A vitamina D \u00e9 essencial para imunidade e ossos, mas a dose correta faz toda a diferen\u00e7a para evitar falta ou excesso\" \/>\n<meta property=\"og:url\" content=\"https:\/\/www.correiobraziliense.com.br\/cbradar\/poucos-sabem-a-quantidade-exata-de-vitamina-d-necessaria-para-fortalecer-a-imunidade-segundo-a-harvard-medical-school\/\" \/>\n<meta property=\"og:site_name\" content=\"Correio Braziliense - Radar\" \/>\n<meta property=\"article:published_time\" content=\"2026-03-06T17:15:00+00:00\" \/>\n<meta property=\"og:image\" content=\"https:\/\/www.correiobraziliense.com.br\/cbradar\/wp-content\/uploads\/2026\/03\/Gemini_Generated_Image_q6fwofq6fwofq6fw-2-1.png\" \/>\n\t<meta property=\"og:image:width\" content=\"1280\" \/>\n\t<meta property=\"og:image:height\" content=\"720\" \/>\n\t<meta property=\"og:image:type\" content=\"image\/png\" \/>\n<meta name=\"author\" content=\"Patrick Silva\" \/>\n<meta name=\"twitter:card\" content=\"summary_large_image\" \/>\n<meta name=\"twitter:label1\" content=\"Escrito por\" \/>\n\t<meta name=\"twitter:data1\" content=\"Patrick Silva\" \/>\n\t<meta name=\"twitter:label2\" content=\"Est. tempo de leitura\" \/>\n\t<meta name=\"twitter:data2\" content=\"5 minutos\" \/>\n<!-- \/ Yoast SEO plugin. -->","yoast_head_json":{"title":"Poucos sabem a quantidade exata de vitamina D necess\u00e1ria para fortalecer a imunidade, segundo a Harvard Medical School - Correio Braziliense - Radar","description":"A vitamina D \u00e9 essencial para imunidade e ossos, mas a dose correta faz toda a diferen\u00e7a para evitar falta ou excesso","robots":{"index":"index","follow":"follow","max-snippet":"max-snippet:-1","max-image-preview":"max-image-preview:large","max-video-preview":"max-video-preview:-1"},"canonical":"https:\/\/www.correiobraziliense.com.br\/cbradar\/poucos-sabem-a-quantidade-exata-de-vitamina-d-necessaria-para-fortalecer-a-imunidade-segundo-a-harvard-medical-school\/","og_locale":"pt_BR","og_type":"article","og_title":"Poucos sabem a quantidade exata de vitamina D necess\u00e1ria para fortalecer a imunidade, segundo a Harvard Medical School - Correio Braziliense - Radar","og_description":"A vitamina D \u00e9 essencial para imunidade e ossos, mas a dose correta faz toda a diferen\u00e7a para evitar falta ou excesso","og_url":"https:\/\/www.correiobraziliense.com.br\/cbradar\/poucos-sabem-a-quantidade-exata-de-vitamina-d-necessaria-para-fortalecer-a-imunidade-segundo-a-harvard-medical-school\/","og_site_name":"Correio Braziliense - Radar","article_published_time":"2026-03-06T17:15:00+00:00","og_image":[{"width":1280,"height":720,"url":"https:\/\/www.correiobraziliense.com.br\/cbradar\/wp-content\/uploads\/2026\/03\/Gemini_Generated_Image_q6fwofq6fwofq6fw-2-1.png","type":"image\/png"}],"author":"Patrick Silva","twitter_card":"summary_large_image","twitter_misc":{"Escrito por":"Patrick Silva","Est. tempo de leitura":"5 minutos"},"schema":{"@context":"https:\/\/schema.org","@graph":[{"@type":"WebPage","@id":"https:\/\/www.correiobraziliense.com.br\/cbradar\/poucos-sabem-a-quantidade-exata-de-vitamina-d-necessaria-para-fortalecer-a-imunidade-segundo-a-harvard-medical-school\/","url":"https:\/\/www.correiobraziliense.com.br\/cbradar\/poucos-sabem-a-quantidade-exata-de-vitamina-d-necessaria-para-fortalecer-a-imunidade-segundo-a-harvard-medical-school\/","name":"Poucos sabem a quantidade exata de vitamina D necess\u00e1ria para fortalecer a imunidade, segundo a Harvard Medical School - Correio Braziliense - Radar","isPartOf":{"@id":"https:\/\/www.correiobraziliense.com.br\/cbradar\/#website"},"primaryImageOfPage":{"@id":"https:\/\/www.correiobraziliense.com.br\/cbradar\/poucos-sabem-a-quantidade-exata-de-vitamina-d-necessaria-para-fortalecer-a-imunidade-segundo-a-harvard-medical-school\/#primaryimage"},"image":{"@id":"https:\/\/www.correiobraziliense.com.br\/cbradar\/poucos-sabem-a-quantidade-exata-de-vitamina-d-necessaria-para-fortalecer-a-imunidade-segundo-a-harvard-medical-school\/#primaryimage"},"thumbnailUrl":"https:\/\/www.correiobraziliense.com.br\/cbradar\/wp-content\/uploads\/2026\/03\/Gemini_Generated_Image_q6fwofq6fwofq6fw-2-1.png","datePublished":"2026-03-06T17:15:00+00:00","author":{"@id":"https:\/\/www.correiobraziliense.com.br\/cbradar\/#\/schema\/person\/5440b72be9c7eb74f446c846479dc4da"},"description":"A vitamina D \u00e9 essencial para imunidade e ossos, mas a dose correta faz toda a diferen\u00e7a para evitar falta ou excesso","breadcrumb":{"@id":"https:\/\/www.correiobraziliense.com.br\/cbradar\/poucos-sabem-a-quantidade-exata-de-vitamina-d-necessaria-para-fortalecer-a-imunidade-segundo-a-harvard-medical-school\/#breadcrumb"},"inLanguage":"pt-BR","potentialAction":[{"@type":"ReadAction","target":["https:\/\/www.correiobraziliense.com.br\/cbradar\/poucos-sabem-a-quantidade-exata-de-vitamina-d-necessaria-para-fortalecer-a-imunidade-segundo-a-harvard-medical-school\/"]}]},{"@type":"ImageObject","inLanguage":"pt-BR","@id":"https:\/\/www.correiobraziliense.com.br\/cbradar\/poucos-sabem-a-quantidade-exata-de-vitamina-d-necessaria-para-fortalecer-a-imunidade-segundo-a-harvard-medical-school\/#primaryimage","url":"https:\/\/www.correiobraziliense.com.br\/cbradar\/wp-content\/uploads\/2026\/03\/Gemini_Generated_Image_q6fwofq6fwofq6fw-2-1.png","contentUrl":"https:\/\/www.correiobraziliense.com.br\/cbradar\/wp-content\/uploads\/2026\/03\/Gemini_Generated_Image_q6fwofq6fwofq6fw-2-1.png","width":1280,"height":720,"caption":"A quantidade di\u00e1ria de vitamina D influencia imunidade ossos e equil\u00edbrio do organismo"},{"@type":"BreadcrumbList","@id":"https:\/\/www.correiobraziliense.com.br\/cbradar\/poucos-sabem-a-quantidade-exata-de-vitamina-d-necessaria-para-fortalecer-a-imunidade-segundo-a-harvard-medical-school\/#breadcrumb","itemListElement":[{"@type":"ListItem","position":1,"name":"In\u00edcio","item":"https:\/\/www.correiobraziliense.com.br\/cbradar\/"},{"@type":"ListItem","position":2,"name":"Poucos sabem a quantidade exata de vitamina D necess\u00e1ria para fortalecer a imunidade, segundo a Harvard Medical School"}]},{"@type":"WebSite","@id":"https:\/\/www.correiobraziliense.com.br\/cbradar\/#website","url":"https:\/\/www.correiobraziliense.com.br\/cbradar\/","name":"Correio Braziliense - Radar","description":"Acompanhe as \u00faltimas not\u00edcias e fique bem informado sobre tudo o que acontece no Brasil e no mundo.","potentialAction":[{"@type":"SearchAction","target":{"@type":"EntryPoint","urlTemplate":"https:\/\/www.correiobraziliense.com.br\/cbradar\/?s={search_term_string}"},"query-input":{"@type":"PropertyValueSpecification","valueRequired":true,"valueName":"search_term_string"}}],"inLanguage":"pt-BR"},{"@type":"Person","@id":"https:\/\/www.correiobraziliense.com.br\/cbradar\/#\/schema\/person\/5440b72be9c7eb74f446c846479dc4da","name":"Patrick Silva","image":{"@type":"ImageObject","inLanguage":"pt-BR","@id":"https:\/\/www.correiobraziliense.com.br\/cbradar\/#\/schema\/person\/image\/","url":"https:\/\/secure.gravatar.com\/avatar\/944109df296fc087785c9715fd5f80b2?s=96&d=mm&r=g","contentUrl":"https:\/\/secure.gravatar.com\/avatar\/944109df296fc087785c9715fd5f80b2?s=96&d=mm&r=g","caption":"Patrick Silva"},"sameAs":["https:\/\/www.correiobraziliense.com.br\/cbradar\/"],"url":"https:\/\/www.correiobraziliense.com.br\/cbradar\/author\/patrick-silva\/"}]}},"_links":{"self":[{"href":"https:\/\/www.correiobraziliense.com.br\/cbradar\/wp-json\/wp\/v2\/posts\/203510","targetHints":{"allow":["GET"]}}],"collection":[{"href":"https:\/\/www.correiobraziliense.com.br\/cbradar\/wp-json\/wp\/v2\/posts"}],"about":[{"href":"https:\/\/www.correiobraziliense.com.br\/cbradar\/wp-json\/wp\/v2\/types\/post"}],"author":[{"embeddable":true,"href":"https:\/\/www.correiobraziliense.com.br\/cbradar\/wp-json\/wp\/v2\/users\/21"}],"replies":[{"embeddable":true,"href":"https:\/\/www.correiobraziliense.com.br\/cbradar\/wp-json\/wp\/v2\/comments?post=203510"}],"version-history":[{"count":3,"href":"https:\/\/www.correiobraziliense.com.br\/cbradar\/wp-json\/wp\/v2\/posts\/203510\/revisions"}],"predecessor-version":[{"id":203521,"href":"https:\/\/www.correiobraziliense.com.br\/cbradar\/wp-json\/wp\/v2\/posts\/203510\/revisions\/203521"}],"wp:featuredmedia":[{"embeddable":true,"href":"https:\/\/www.correiobraziliense.com.br\/cbradar\/wp-json\/wp\/v2\/media\/203517"}],"wp:attachment":[{"href":"https:\/\/www.correiobraziliense.com.br\/cbradar\/wp-json\/wp\/v2\/media?parent=203510"}],"wp:term":[{"taxonomy":"category","embeddable":true,"href":"https:\/\/www.correiobraziliense.com.br\/cbradar\/wp-json\/wp\/v2\/categories?post=203510"},{"taxonomy":"post_tag","embeddable":true,"href":"https:\/\/www.correiobraziliense.com.br\/cbradar\/wp-json\/wp\/v2\/tags?post=203510"}],"curies":[{"name":"wp","href":"https:\/\/api.w.org\/{rel}","templated":true}]}}