{"id":203522,"date":"2026-03-06T11:35:00","date_gmt":"2026-03-06T14:35:00","guid":{"rendered":"https:\/\/www.correiobraziliense.com.br\/cbradar\/?p=203522"},"modified":"2026-03-05T11:44:57","modified_gmt":"2026-03-05T14:44:57","slug":"poucos-sabem-a-quantidade-ideal-de-proteina-no-jantar-para-melhorar-o-sono-segundo-a-universidade-de-stanford","status":"publish","type":"post","link":"https:\/\/www.correiobraziliense.com.br\/cbradar\/poucos-sabem-a-quantidade-ideal-de-proteina-no-jantar-para-melhorar-o-sono-segundo-a-universidade-de-stanford\/","title":{"rendered":"Poucos sabem a quantidade ideal de prote\u00edna no jantar para melhorar o sono, segundo a Universidade de Stanford"},"content":{"rendered":"\n<p>Muitas pessoas ignoram que a escolha dos alimentos no jantar influencia diretamente a qualidade do repouso noturno e a recupera\u00e7\u00e3o muscular. Consumir a <strong>dose certa de prote\u00edna<\/strong> antes de dormir ajuda a estabilizar os n\u00edveis de a\u00e7\u00facar no sangue e promove a saciedade. Entender essa <strong>rela\u00e7\u00e3o biol\u00f3gica<\/strong> \u00e9 essencial para evitar a ins\u00f4nia.<\/p>\n\n\n\n<h2 class=\"wp-block-heading\">Como a ingest\u00e3o proteica noturna regula seu rel\u00f3gio biol\u00f3gico?<\/h2>\n\n\n\n<p>Ingerir amino\u00e1cidos espec\u00edficos durante a \u00faltima refei\u00e7\u00e3o do dia estimula a <strong>produ\u00e7\u00e3o de neurotransmissores<\/strong> que induzem ao relaxamento profundo e necess\u00e1rio. A prote\u00edna fornece o triptofano, um precursor essencial da serotonina, que posteriormente se transforma em melatonina para regular o sono. Manter essa ingest\u00e3o equilibrada garante que o organismo funcione em harmonia com os ciclos naturais de descanso.<\/p>\n\n\n\n<p>A digest\u00e3o lenta das prote\u00ednas evita que o corpo sofra picos de fome durante a madrugada, o que frequentemente interrompe as fases profundas do sono. Quando voc\u00ea consome fontes magras, o sistema digestivo trabalha de forma constante, mantendo o metabolismo ativo sem causar desconfortos g\u00e1stricos. Essa estabilidade qu\u00edmica \u00e9 fundamental para acordar com <strong>disposi\u00e7\u00e3o e clareza mental superior<\/strong>.<\/p>\n\n\n<div class=\"wp-block-image\">\n<figure class=\"aligncenter size-full\"><img decoding=\"async\" width=\"1280\" height=\"720\" src=\"https:\/\/www.correiobraziliense.com.br\/cbradar\/wp-content\/uploads\/2026\/03\/Gemini_Generated_Image_f39pdyf39pdyf39p-1-1.png\" alt=\"Poucos sabem a quantidade ideal de prote\u00edna no jantar para melhorar o sono, segundo a Universidade de Stanford\" class=\"wp-image-203529\" srcset=\"https:\/\/www.correiobraziliense.com.br\/cbradar\/wp-content\/uploads\/2026\/03\/Gemini_Generated_Image_f39pdyf39pdyf39p-1-1.png 1280w, https:\/\/www.correiobraziliense.com.br\/cbradar\/wp-content\/uploads\/2026\/03\/Gemini_Generated_Image_f39pdyf39pdyf39p-1-1-300x169.png 300w, https:\/\/www.correiobraziliense.com.br\/cbradar\/wp-content\/uploads\/2026\/03\/Gemini_Generated_Image_f39pdyf39pdyf39p-1-1-768x432.png 768w, https:\/\/www.correiobraziliense.com.br\/cbradar\/wp-content\/uploads\/2026\/03\/Gemini_Generated_Image_f39pdyf39pdyf39p-1-1-750x422.png 750w, https:\/\/www.correiobraziliense.com.br\/cbradar\/wp-content\/uploads\/2026\/03\/Gemini_Generated_Image_f39pdyf39pdyf39p-1-1-1140x641.png 1140w\" sizes=\"(max-width: 1280px) 100vw, 1280px\" \/><figcaption class=\"wp-element-caption\">A quantidade de prote\u00edna no jantar pode influenciar sono recupera\u00e7\u00e3o muscular e energia no dia seguinte<\/figcaption><\/figure><\/div>\n\n\n<h2 class=\"wp-block-heading\">Qual \u00e9 o impacto da dosagem correta na regenera\u00e7\u00e3o muscular?<\/h2>\n\n\n\n<p>Durante o sono, o corpo entra em um estado anab\u00f3lico onde ocorre a repara\u00e7\u00e3o dos tecidos lesionados ao longo das atividades di\u00e1rias. Fornecer uma quantidade adequada de prote\u00edna no jantar garante que existam blocos de constru\u00e7\u00e3o dispon\u00edveis para essa <strong>s\u00edntese proteica noturna vital<\/strong>. Sem esses nutrientes, o organismo pode entrar em catabolismo, prejudicando o ganho de massa magra.<\/p>\n\n\n\n<p>Estudos indicam que a ingest\u00e3o de aproximadamente vinte a trinta gramas de prote\u00edna \u00e9 o ideal para maximizar esses processos regenerativos biol\u00f3gicos. Essa faixa permite que os m\u00fasculos recebam o suporte necess\u00e1rio sem sobrecarregar o f\u00edgado ou os rins com res\u00edduos metab\u00f3licos excessivos. Ajustar essa dose conforme seu peso corporal potencializa os resultados f\u00edsicos e a <strong>longevidade<\/strong>.<\/p>\n\n\n\n<h2 class=\"wp-block-heading\">Quais fontes de alimentos favorecem uma noite mais tranquila?<\/h2>\n\n\n\n<p>Optar por prote\u00ednas de f\u00e1cil digest\u00e3o e ricas em nutrientes espec\u00edficos ajuda o c\u00e9rebro a se preparar para o desligamento das fun\u00e7\u00f5es motoras. Carnes brancas, ovos e latic\u00ednios magros s\u00e3o excelentes escolhas para compor um prato equilibrado e funcional antes de deitar. Evitar gorduras pesadas garante que o fluxo sangu\u00edneo n\u00e3o seja desviado excessivamente para o est\u00f4mago.<\/p>\n\n\n\n<p>Confira a lista abaixo:<\/p>\n\n\n\n<ul class=\"wp-block-list\">\n<li>Peito de frango grelhado.<\/li>\n\n\n\n<li>Ovos cozidos ou mexidos.<\/li>\n\n\n\n<li>Queijo cottage ou ricota.<\/li>\n\n\n\n<li>Iogurte grego sem a\u00e7\u00facar.<\/li>\n\n\n\n<li>Peixes como salm\u00e3o ou til\u00e1pia.<\/li>\n<\/ul>\n\n\n\n<h2 class=\"wp-block-heading\">Por que o excesso de prote\u00edna pode prejudicar seu descanso?<\/h2>\n\n\n\n<p>Embora os nutrientes sejam essenciais, o consumo exagerado de carnes vermelhas ou pratos pesados exige um esfor\u00e7o digestivo herc\u00faleo durante a noite. Esse processo aumenta a temperatura interna do corpo, o que vai contra a necessidade biol\u00f3gica de resfriamento para iniciar o sono profundo. A hiperestimula\u00e7\u00e3o do metabolismo impede que o c\u00e9rebro entre em estado de repouso imediato.<\/p>\n\n\n\n<p>Refei\u00e7\u00f5es volumosas ricas em prote\u00ednas podem causar refluxo ou desconfortos que provocam microdespertares impercept\u00edveis, mas extremamente prejudiciais \u00e0 qualidade do descanso. Manter a leveza no jantar \u00e9 uma <strong>estrat\u00e9gia inteligente<\/strong> para garantir que o sistema nervoso parassimp\u00e1tico atue sem interfer\u00eancias externas. O equil\u00edbrio quantitativo \u00e9 o segredo para uma rotina de sono verdadeiramente reparadora.<\/p>\n\n\n\n<figure class=\"wp-block-image size-full\"><img decoding=\"async\" width=\"1280\" height=\"720\" src=\"https:\/\/www.correiobraziliense.com.br\/cbradar\/wp-content\/uploads\/2026\/03\/Gemini_Generated_Image_kv8yrukv8yrukv8y-1-1.png\" alt=\"Poucos sabem a quantidade ideal de prote\u00edna no jantar para melhorar o sono, segundo a Universidade de Stanford\" class=\"wp-image-203525\" srcset=\"https:\/\/www.correiobraziliense.com.br\/cbradar\/wp-content\/uploads\/2026\/03\/Gemini_Generated_Image_kv8yrukv8yrukv8y-1-1.png 1280w, https:\/\/www.correiobraziliense.com.br\/cbradar\/wp-content\/uploads\/2026\/03\/Gemini_Generated_Image_kv8yrukv8yrukv8y-1-1-300x169.png 300w, https:\/\/www.correiobraziliense.com.br\/cbradar\/wp-content\/uploads\/2026\/03\/Gemini_Generated_Image_kv8yrukv8yrukv8y-1-1-768x432.png 768w, https:\/\/www.correiobraziliense.com.br\/cbradar\/wp-content\/uploads\/2026\/03\/Gemini_Generated_Image_kv8yrukv8yrukv8y-1-1-750x422.png 750w, https:\/\/www.correiobraziliense.com.br\/cbradar\/wp-content\/uploads\/2026\/03\/Gemini_Generated_Image_kv8yrukv8yrukv8y-1-1-1140x641.png 1140w\" sizes=\"(max-width: 1280px) 100vw, 1280px\" \/><figcaption class=\"wp-element-caption\">A quantidade de prote\u00edna no jantar pode influenciar sono recupera\u00e7\u00e3o muscular e energia no dia seguinte<\/figcaption><\/figure>\n\n\n\n<h2 class=\"wp-block-heading\">Quais s\u00e3o as diretrizes recomendadas por especialistas de Stanford?<\/h2>\n\n\n\n<p>Especialistas da <strong>Stanford University<\/strong> destacam que a sincronia entre a alimenta\u00e7\u00e3o e o ritmo circadiano \u00e9 a base para uma sa\u00fade mental est\u00e1vel. Eles sugerem que o jantar ocorra pelo menos duas a tr\u00eas horas antes de dormir para permitir uma digest\u00e3o parcial e eficiente. Respeitar esse intervalo cronol\u00f3gico ajuda a evitar dist\u00farbios metab\u00f3licos e hormonais severos.<\/p>\n\n\n\n<p>De acordo com o portal oficial da <strong>Stanford Health Care<\/strong>, manter a consist\u00eancia nutricional \u00e9 fundamental para tratar dist\u00farbios como a apneia e a ins\u00f4nia. Voc\u00ea pode consultar as orienta\u00e7\u00f5es t\u00e9cnicas sobre a <a href=\"https:\/\/stanfordhealthcare.org\/medical-conditions\/sleep\/insomnia.html\" target=\"_blank\" rel=\"noreferrer noopener\">rela\u00e7\u00e3o entre nutri\u00e7\u00e3o e sono<\/a> diretamente no site de autoridade deles. Priorizar a qualidade do jantar \u00e9 um <strong>investimento direto<\/strong> na sua produtividade di\u00e1ria.<\/p>\n","protected":false},"excerpt":{"rendered":"<p>Muitas pessoas ignoram que a escolha dos alimentos no jantar influencia diretamente a qualidade do repouso noturno e a recupera\u00e7\u00e3o muscular. Consumir a dose certa de prote\u00edna antes de dormir ajuda a estabilizar os n\u00edveis de a\u00e7\u00facar no sangue e promove a saciedade. Entender essa rela\u00e7\u00e3o biol\u00f3gica \u00e9 essencial para evitar a ins\u00f4nia. Como a [&hellip;]<\/p>\n","protected":false},"author":21,"featured_media":203524,"comment_status":"open","ping_status":"open","sticky":false,"template":"","format":"standard","meta":{"_yoast_wpseo_focuskw":"quantidade ideal de prote\u00edna no jantar para dormir melhor","_yoast_wpseo_title":"","_yoast_wpseo_metadesc":"Comer prote\u00edna \u00e0 noite pode ajudar o sono e a regenera\u00e7\u00e3o muscular, mas existe uma dose considerada ideal","jnews-multi-image_gallery":[],"jnews_single_post":{"format":"standard"},"jnews_primary_category":[],"jnews_social_meta":[],"jnews_override_counter":[],"footnotes":""},"categories":[112],"tags":[6811,1313,15797],"class_list":["post-203522","post","type-post","status-publish","format-standard","has-post-thumbnail","hentry","category-curiosidades","tag-proteina-2","tag-sono","tag-universidade-de-stanford"],"yoast_head":"<!-- This site is optimized with the Yoast SEO plugin v24.6 - https:\/\/yoast.com\/wordpress\/plugins\/seo\/ -->\n<title>Poucos sabem a quantidade ideal de prote\u00edna no jantar para melhorar o sono, segundo a Universidade de Stanford - Correio Braziliense - Radar<\/title>\n<meta name=\"description\" content=\"Comer prote\u00edna \u00e0 noite pode ajudar o sono e a regenera\u00e7\u00e3o muscular, mas existe uma dose considerada ideal\" \/>\n<meta name=\"robots\" content=\"index, follow, max-snippet:-1, max-image-preview:large, max-video-preview:-1\" \/>\n<link rel=\"canonical\" href=\"https:\/\/www.correiobraziliense.com.br\/cbradar\/poucos-sabem-a-quantidade-ideal-de-proteina-no-jantar-para-melhorar-o-sono-segundo-a-universidade-de-stanford\/\" \/>\n<meta property=\"og:locale\" content=\"pt_BR\" \/>\n<meta property=\"og:type\" content=\"article\" \/>\n<meta property=\"og:title\" content=\"Poucos sabem a quantidade ideal de prote\u00edna no jantar para melhorar o sono, segundo a Universidade de Stanford - Correio Braziliense - Radar\" \/>\n<meta property=\"og:description\" content=\"Comer prote\u00edna \u00e0 noite pode ajudar o sono e a regenera\u00e7\u00e3o muscular, mas existe uma dose considerada ideal\" \/>\n<meta property=\"og:url\" content=\"https:\/\/www.correiobraziliense.com.br\/cbradar\/poucos-sabem-a-quantidade-ideal-de-proteina-no-jantar-para-melhorar-o-sono-segundo-a-universidade-de-stanford\/\" \/>\n<meta property=\"og:site_name\" content=\"Correio Braziliense - Radar\" \/>\n<meta property=\"article:published_time\" content=\"2026-03-06T14:35:00+00:00\" \/>\n<meta property=\"og:image\" content=\"https:\/\/www.correiobraziliense.com.br\/cbradar\/wp-content\/uploads\/2026\/03\/Gemini_Generated_Image_ft43oeft43oeft43-1-1.png\" \/>\n\t<meta property=\"og:image:width\" content=\"1280\" \/>\n\t<meta property=\"og:image:height\" content=\"720\" \/>\n\t<meta property=\"og:image:type\" content=\"image\/png\" \/>\n<meta name=\"author\" content=\"Patrick Silva\" \/>\n<meta name=\"twitter:card\" content=\"summary_large_image\" \/>\n<meta name=\"twitter:label1\" content=\"Escrito por\" \/>\n\t<meta name=\"twitter:data1\" content=\"Patrick Silva\" \/>\n\t<meta name=\"twitter:label2\" content=\"Est. tempo de leitura\" \/>\n\t<meta name=\"twitter:data2\" content=\"5 minutos\" \/>\n<!-- \/ Yoast SEO plugin. -->","yoast_head_json":{"title":"Poucos sabem a quantidade ideal de prote\u00edna no jantar para melhorar o sono, segundo a Universidade de Stanford - Correio Braziliense - Radar","description":"Comer prote\u00edna \u00e0 noite pode ajudar o sono e a regenera\u00e7\u00e3o muscular, mas existe uma dose considerada ideal","robots":{"index":"index","follow":"follow","max-snippet":"max-snippet:-1","max-image-preview":"max-image-preview:large","max-video-preview":"max-video-preview:-1"},"canonical":"https:\/\/www.correiobraziliense.com.br\/cbradar\/poucos-sabem-a-quantidade-ideal-de-proteina-no-jantar-para-melhorar-o-sono-segundo-a-universidade-de-stanford\/","og_locale":"pt_BR","og_type":"article","og_title":"Poucos sabem a quantidade ideal de prote\u00edna no jantar para melhorar o sono, segundo a Universidade de Stanford - Correio Braziliense - Radar","og_description":"Comer prote\u00edna \u00e0 noite pode ajudar o sono e a regenera\u00e7\u00e3o muscular, mas existe uma dose considerada ideal","og_url":"https:\/\/www.correiobraziliense.com.br\/cbradar\/poucos-sabem-a-quantidade-ideal-de-proteina-no-jantar-para-melhorar-o-sono-segundo-a-universidade-de-stanford\/","og_site_name":"Correio Braziliense - Radar","article_published_time":"2026-03-06T14:35:00+00:00","og_image":[{"width":1280,"height":720,"url":"https:\/\/www.correiobraziliense.com.br\/cbradar\/wp-content\/uploads\/2026\/03\/Gemini_Generated_Image_ft43oeft43oeft43-1-1.png","type":"image\/png"}],"author":"Patrick Silva","twitter_card":"summary_large_image","twitter_misc":{"Escrito por":"Patrick Silva","Est. tempo de leitura":"5 minutos"},"schema":{"@context":"https:\/\/schema.org","@graph":[{"@type":"WebPage","@id":"https:\/\/www.correiobraziliense.com.br\/cbradar\/poucos-sabem-a-quantidade-ideal-de-proteina-no-jantar-para-melhorar-o-sono-segundo-a-universidade-de-stanford\/","url":"https:\/\/www.correiobraziliense.com.br\/cbradar\/poucos-sabem-a-quantidade-ideal-de-proteina-no-jantar-para-melhorar-o-sono-segundo-a-universidade-de-stanford\/","name":"Poucos sabem a quantidade ideal de prote\u00edna no jantar para melhorar o sono, segundo a Universidade de Stanford - Correio Braziliense - Radar","isPartOf":{"@id":"https:\/\/www.correiobraziliense.com.br\/cbradar\/#website"},"primaryImageOfPage":{"@id":"https:\/\/www.correiobraziliense.com.br\/cbradar\/poucos-sabem-a-quantidade-ideal-de-proteina-no-jantar-para-melhorar-o-sono-segundo-a-universidade-de-stanford\/#primaryimage"},"image":{"@id":"https:\/\/www.correiobraziliense.com.br\/cbradar\/poucos-sabem-a-quantidade-ideal-de-proteina-no-jantar-para-melhorar-o-sono-segundo-a-universidade-de-stanford\/#primaryimage"},"thumbnailUrl":"https:\/\/www.correiobraziliense.com.br\/cbradar\/wp-content\/uploads\/2026\/03\/Gemini_Generated_Image_ft43oeft43oeft43-1-1.png","datePublished":"2026-03-06T14:35:00+00:00","author":{"@id":"https:\/\/www.correiobraziliense.com.br\/cbradar\/#\/schema\/person\/5440b72be9c7eb74f446c846479dc4da"},"description":"Comer prote\u00edna \u00e0 noite pode ajudar o sono e a regenera\u00e7\u00e3o muscular, mas existe uma dose considerada ideal","breadcrumb":{"@id":"https:\/\/www.correiobraziliense.com.br\/cbradar\/poucos-sabem-a-quantidade-ideal-de-proteina-no-jantar-para-melhorar-o-sono-segundo-a-universidade-de-stanford\/#breadcrumb"},"inLanguage":"pt-BR","potentialAction":[{"@type":"ReadAction","target":["https:\/\/www.correiobraziliense.com.br\/cbradar\/poucos-sabem-a-quantidade-ideal-de-proteina-no-jantar-para-melhorar-o-sono-segundo-a-universidade-de-stanford\/"]}]},{"@type":"ImageObject","inLanguage":"pt-BR","@id":"https:\/\/www.correiobraziliense.com.br\/cbradar\/poucos-sabem-a-quantidade-ideal-de-proteina-no-jantar-para-melhorar-o-sono-segundo-a-universidade-de-stanford\/#primaryimage","url":"https:\/\/www.correiobraziliense.com.br\/cbradar\/wp-content\/uploads\/2026\/03\/Gemini_Generated_Image_ft43oeft43oeft43-1-1.png","contentUrl":"https:\/\/www.correiobraziliense.com.br\/cbradar\/wp-content\/uploads\/2026\/03\/Gemini_Generated_Image_ft43oeft43oeft43-1-1.png","width":1280,"height":720,"caption":"A quantidade de prote\u00edna no jantar pode influenciar sono recupera\u00e7\u00e3o muscular e energia no dia seguinte"},{"@type":"BreadcrumbList","@id":"https:\/\/www.correiobraziliense.com.br\/cbradar\/poucos-sabem-a-quantidade-ideal-de-proteina-no-jantar-para-melhorar-o-sono-segundo-a-universidade-de-stanford\/#breadcrumb","itemListElement":[{"@type":"ListItem","position":1,"name":"In\u00edcio","item":"https:\/\/www.correiobraziliense.com.br\/cbradar\/"},{"@type":"ListItem","position":2,"name":"Poucos sabem a quantidade ideal de prote\u00edna no jantar para melhorar o sono, segundo a Universidade de Stanford"}]},{"@type":"WebSite","@id":"https:\/\/www.correiobraziliense.com.br\/cbradar\/#website","url":"https:\/\/www.correiobraziliense.com.br\/cbradar\/","name":"Correio Braziliense - Radar","description":"Acompanhe as \u00faltimas not\u00edcias e fique bem informado sobre tudo o que acontece no Brasil e no mundo.","potentialAction":[{"@type":"SearchAction","target":{"@type":"EntryPoint","urlTemplate":"https:\/\/www.correiobraziliense.com.br\/cbradar\/?s={search_term_string}"},"query-input":{"@type":"PropertyValueSpecification","valueRequired":true,"valueName":"search_term_string"}}],"inLanguage":"pt-BR"},{"@type":"Person","@id":"https:\/\/www.correiobraziliense.com.br\/cbradar\/#\/schema\/person\/5440b72be9c7eb74f446c846479dc4da","name":"Patrick Silva","image":{"@type":"ImageObject","inLanguage":"pt-BR","@id":"https:\/\/www.correiobraziliense.com.br\/cbradar\/#\/schema\/person\/image\/","url":"https:\/\/secure.gravatar.com\/avatar\/944109df296fc087785c9715fd5f80b2?s=96&d=mm&r=g","contentUrl":"https:\/\/secure.gravatar.com\/avatar\/944109df296fc087785c9715fd5f80b2?s=96&d=mm&r=g","caption":"Patrick Silva"},"sameAs":["https:\/\/www.correiobraziliense.com.br\/cbradar\/"],"url":"https:\/\/www.correiobraziliense.com.br\/cbradar\/author\/patrick-silva\/"}]}},"_links":{"self":[{"href":"https:\/\/www.correiobraziliense.com.br\/cbradar\/wp-json\/wp\/v2\/posts\/203522","targetHints":{"allow":["GET"]}}],"collection":[{"href":"https:\/\/www.correiobraziliense.com.br\/cbradar\/wp-json\/wp\/v2\/posts"}],"about":[{"href":"https:\/\/www.correiobraziliense.com.br\/cbradar\/wp-json\/wp\/v2\/types\/post"}],"author":[{"embeddable":true,"href":"https:\/\/www.correiobraziliense.com.br\/cbradar\/wp-json\/wp\/v2\/users\/21"}],"replies":[{"embeddable":true,"href":"https:\/\/www.correiobraziliense.com.br\/cbradar\/wp-json\/wp\/v2\/comments?post=203522"}],"version-history":[{"count":6,"href":"https:\/\/www.correiobraziliense.com.br\/cbradar\/wp-json\/wp\/v2\/posts\/203522\/revisions"}],"predecessor-version":[{"id":203531,"href":"https:\/\/www.correiobraziliense.com.br\/cbradar\/wp-json\/wp\/v2\/posts\/203522\/revisions\/203531"}],"wp:featuredmedia":[{"embeddable":true,"href":"https:\/\/www.correiobraziliense.com.br\/cbradar\/wp-json\/wp\/v2\/media\/203524"}],"wp:attachment":[{"href":"https:\/\/www.correiobraziliense.com.br\/cbradar\/wp-json\/wp\/v2\/media?parent=203522"}],"wp:term":[{"taxonomy":"category","embeddable":true,"href":"https:\/\/www.correiobraziliense.com.br\/cbradar\/wp-json\/wp\/v2\/categories?post=203522"},{"taxonomy":"post_tag","embeddable":true,"href":"https:\/\/www.correiobraziliense.com.br\/cbradar\/wp-json\/wp\/v2\/tags?post=203522"}],"curies":[{"name":"wp","href":"https:\/\/api.w.org\/{rel}","templated":true}]}}