{"id":203543,"date":"2026-03-07T16:05:00","date_gmt":"2026-03-07T19:05:00","guid":{"rendered":"https:\/\/www.correiobraziliense.com.br\/cbradar\/?p=203543"},"modified":"2026-03-06T15:25:27","modified_gmt":"2026-03-06T18:25:27","slug":"o-que-o-arroz-faz-no-seu-pancreas-e-no-metabolismo","status":"publish","type":"post","link":"https:\/\/www.correiobraziliense.com.br\/cbradar\/o-que-o-arroz-faz-no-seu-pancreas-e-no-metabolismo\/","title":{"rendered":"O que o arroz faz no seu p\u00e2ncreas e no metabolismo"},"content":{"rendered":"\n<p>O <strong>consumo de arroz<\/strong> faz parte da rotina de quase todo brasileiro, mas exagerar na quantidade di\u00e1ria pode virar uma verdadeira bomba para o seu organismo. Esse h\u00e1bito afeta diretamente o funcionamento do p\u00e2ncreas e o metabolismo, abrindo portas para doen\u00e7as graves e silenciosas.<\/p>\n\n\n\n<h2 class=\"wp-block-heading\">Por que o arroz branco sobrecarrega tanto o p\u00e2ncreas?<\/h2>\n\n\n\n<p>O gr\u00e3o refinado \u00e9 um carboidrato de <strong><a href=\"https:\/\/pmc.ncbi.nlm.nih.gov\/articles\/PMC7352659\/\" target=\"_blank\" rel=\"noreferrer noopener\">alto \u00edndice glic\u00eamico<\/a><\/strong> que vira a\u00e7\u00facar puro no sangue em quest\u00e3o de minutos ap\u00f3s a refei\u00e7\u00e3o. O seu p\u00e2ncreas precisa trabalhar dobrado e liberar muita <strong>insulina<\/strong> para dar conta de varrer toda essa glicose pesada da sua circula\u00e7\u00e3o.<\/p>\n\n\n\n<p>Quando voc\u00ea repete esse pico de a\u00e7\u00facar todos os dias, o \u00f3rg\u00e3o come\u00e7a a pedir arrego e perde a for\u00e7a natural. \u00c9 exatamente a\u00ed que surge a famosa <strong>resist\u00eancia \u00e0 insulina<\/strong>, travando o seu metabolismo e dificultando a queima de gordura corporal na academia ou no trabalho.<\/p>\n\n\n<div class=\"wp-block-image\">\n<figure class=\"aligncenter size-full\"><img decoding=\"async\" width=\"1280\" height=\"720\" src=\"https:\/\/www.correiobraziliense.com.br\/cbradar\/wp-content\/uploads\/2026\/03\/imagem_2026-03-05_123156364.png\" alt=\"Por\u00e7\u00e3o de arroz branco fumegante servida em prato tradicional brasileiro\" class=\"wp-image-203549\" srcset=\"https:\/\/www.correiobraziliense.com.br\/cbradar\/wp-content\/uploads\/2026\/03\/imagem_2026-03-05_123156364.png 1280w, https:\/\/www.correiobraziliense.com.br\/cbradar\/wp-content\/uploads\/2026\/03\/imagem_2026-03-05_123156364-300x169.png 300w, https:\/\/www.correiobraziliense.com.br\/cbradar\/wp-content\/uploads\/2026\/03\/imagem_2026-03-05_123156364-768x432.png 768w, https:\/\/www.correiobraziliense.com.br\/cbradar\/wp-content\/uploads\/2026\/03\/imagem_2026-03-05_123156364-750x422.png 750w, https:\/\/www.correiobraziliense.com.br\/cbradar\/wp-content\/uploads\/2026\/03\/imagem_2026-03-05_123156364-1140x641.png 1140w\" sizes=\"(max-width: 1280px) 100vw, 1280px\" \/><figcaption class=\"wp-element-caption\">Por\u00e7\u00e3o de arroz branco fumegante servida em prato tradicional brasileiro<\/figcaption><\/figure><\/div>\n\n\n<h2 class=\"wp-block-heading\">Qual a diferen\u00e7a do consumo de arroz branco para o integral?<\/h2>\n\n\n\n<p>A grande sacada est\u00e1 na quantidade de <strong>fibras<\/strong> que cada tipo de gr\u00e3o carrega na sua composi\u00e7\u00e3o original. O arroz integral mant\u00e9m a casca, o que segura a absor\u00e7\u00e3o do a\u00e7\u00facar e n\u00e3o d\u00e1 aquele susto violento no <strong>metabolismo<\/strong> logo depois do almo\u00e7o.<\/p>\n\n\n\n<p>J\u00e1 a vers\u00e3o branquinha passa por um processo industrial que tira todos os nutrientes bons, deixando apenas o carboidrato simples no prato.<\/p>\n\n\n\n<p>D\u00e1 uma olhada em como as duas vers\u00f5es agem de forma diferente no seu sangue.<\/p>\n\n\n\n<div class=\"google-auto-ads-ignore\" style=\"box-sizing: border-box; display: flex; flex-direction: column; width: 100%; max-width: 850px; margin: 30px auto; background-color: #ffffff; color: #2c3e50; border-radius: 12px; overflow: hidden; font-family: 'Segoe UI', system-ui, sans-serif; box-shadow: 0 10px 30px rgba(207, 19, 34, 0.1); border: 1px solid #f0f0f0; position: relative; z-index: 5;\">\n\n  <style>\n    .rice-card {\n      transition: all 0.3s cubic-bezier(0.25, 0.8, 0.25, 1);\n      background-color: #fafafa;\n      border: 1px solid #f0f0f0;\n      border-radius: 10px;\n      padding: 22px;\n      flex: 1 1 350px;\n      display: flex;\n      flex-direction: column;\n      gap: 15px;\n    }\n    .rice-card:hover {\n      transform: translateY(-5px);\n      border-color: #cf1322;\n      background-color: #fff1f0;\n      box-shadow: 0 8px 20px rgba(207, 19, 34, 0.08);\n    }\n    .data-segment {\n      border-bottom: 1px solid rgba(0,0,0,0.05);\n      padding-bottom: 10px;\n    }\n    .data-segment:last-child {\n      border-bottom: none;\n    }\n    .data-label {\n      font-size: 0.8rem;\n      color: #8c8c8c;\n      font-weight: 600;\n      text-transform: uppercase;\n      letter-spacing: 1px;\n      margin-bottom: 4px;\n      display: block;\n    }\n    .data-value {\n      font-size: 1.05rem;\n      color: #262626;\n      font-weight: 500;\n      line-height: 1.4;\n    }\n    .alert-text {\n      color: #cf1322;\n      font-weight: 700;\n    }\n  <\/style>\n\n  <div style=\"background: linear-gradient(135deg, #cf1322 0%, #a8071a 100%); padding: 35px 30px; color: #ffffff; border-bottom: 5px solid #820014;\">\n    <h2 style=\"margin: 0; font-size: 1.6rem; font-weight: 700; letter-spacing: -0.5px;\">\n      \ud83c\udf3e Comparativo nutricional: arroz branco vs. arroz integral\n    <\/h2>\n    <div style=\"font-size: 0.95rem; margin-top: 8px; opacity: 0.9; font-weight: 400;\">\n      An\u00e1lise de absor\u00e7\u00e3o, fibras e impacto no sistema pancre\u00e1tico\n    <\/div>\n  <\/div>\n\n  <div style=\"padding: 25px; display: flex; flex-wrap: wrap; gap: 20px; background-color: #ffffff;\">\n    \n    <div class=\"rice-card\" style=\"border-left: 5px solid #434343;\">\n      <h3 style=\"margin: 0 0 10px 0; color: #434343; font-size: 1.3rem; font-weight: 700;\">Arroz branco<\/h3>\n      \n      <div class=\"data-segment\">\n        <span class=\"data-label\">\u00cdndice glic\u00eamico<\/span>\n        <div class=\"data-value alert-text\">Alto (vira a\u00e7\u00facar r\u00e1pido)<\/div>\n      <\/div>\n\n      <div class=\"data-segment\">\n        <span class=\"data-label\">Fibras por por\u00e7\u00e3o<\/span>\n        <div class=\"data-value\">Quase zero<\/div>\n      <\/div>\n\n      <div class=\"data-segment\">\n        <span class=\"data-label\">Impacto no p\u00e2ncreas<\/span>\n        <div class=\"data-value alert-text\">Sobrecarga forte<\/div>\n      <\/div>\n    <\/div>\n\n    <div class=\"rice-card\" style=\"border-left: 5px solid #cf1322;\">\n      <h3 style=\"margin: 0 0 10px 0; color: #cf1322; font-size: 1.3rem; font-weight: 700;\">Arroz integral<\/h3>\n      \n      <div class=\"data-segment\">\n        <span class=\"data-label\">\u00cdndice glic\u00eamico<\/span>\n        <div class=\"data-value\" style=\"color: #389e0d; font-weight: 700;\">M\u00e9dio (absor\u00e7\u00e3o lenta)<\/div>\n      <\/div>\n\n      <div class=\"data-segment\">\n        <span class=\"data-label\">Fibras por por\u00e7\u00e3o<\/span>\n        <div class=\"data-value\">Cerca de 3 gramas<\/div>\n      <\/div>\n\n      <div class=\"data-segment\">\n        <span class=\"data-label\">Impacto no p\u00e2ncreas<\/span>\n        <div class=\"data-value\">Esfor\u00e7o leve e cadenciado<\/div>\n      <\/div>\n    <\/div>\n\n  <\/div>\n\n  <div style=\"padding: 15px 25px; background-color: #fafafa; border-top: 1px solid #f0f0f0; display: flex; align-items: center; gap: 10px;\">\n    <div style=\"min-width: 10px; height: 10px; background-color: #cf1322; border-radius: 2px;\"><\/div>\n    <div style=\"font-size: 0.85rem; color: #595959; font-style: italic;\">\n      O arroz integral preserva a pel\u00edcula e o germe, onde se concentram as vitaminas do complexo B e minerais.\n    <\/div>\n  <\/div>\n\n<\/div>\n\n\n\n<h2 class=\"wp-block-heading\">Como o excesso desse alimento causa diabetes tipo 2?<\/h2>\n\n\n\n<p>O corpo humano \u00e9 uma m\u00e1quina inteligente, mas tem limite para aguentar pancada de a\u00e7\u00facar todo santo dia nas refei\u00e7\u00f5es. Com o p\u00e2ncreas cansado e a <strong>insulina<\/strong> falhando no servi\u00e7o, a glicose fica boiando no sangue e destr\u00f3i as c\u00e9lulas aos poucos.<\/p>\n\n\n\n<p>Esse quadro \u00e9 a receita certa para desenvolver <strong>diabetes tipo 2<\/strong>, uma doen\u00e7a cr\u00f4nica chata que muda a sua vida para sempre e exige rem\u00e9dios caros.<\/p>\n\n\n<div class=\"wp-block-image\">\n<figure class=\"aligncenter size-full\"><img decoding=\"async\" width=\"1280\" height=\"720\" src=\"https:\/\/www.correiobraziliense.com.br\/cbradar\/wp-content\/uploads\/2026\/03\/imagem_2026-03-05_123204284.png\" alt=\"Vis\u00e3o em primeira pessoa de m\u00e3os medindo gordura abdominal no trabalho.\" class=\"wp-image-203548\" srcset=\"https:\/\/www.correiobraziliense.com.br\/cbradar\/wp-content\/uploads\/2026\/03\/imagem_2026-03-05_123204284.png 1280w, https:\/\/www.correiobraziliense.com.br\/cbradar\/wp-content\/uploads\/2026\/03\/imagem_2026-03-05_123204284-300x169.png 300w, https:\/\/www.correiobraziliense.com.br\/cbradar\/wp-content\/uploads\/2026\/03\/imagem_2026-03-05_123204284-768x432.png 768w, https:\/\/www.correiobraziliense.com.br\/cbradar\/wp-content\/uploads\/2026\/03\/imagem_2026-03-05_123204284-750x422.png 750w, https:\/\/www.correiobraziliense.com.br\/cbradar\/wp-content\/uploads\/2026\/03\/imagem_2026-03-05_123204284-1140x641.png 1140w\" sizes=\"(max-width: 1280px) 100vw, 1280px\" \/><figcaption class=\"wp-element-caption\">Vis\u00e3o em primeira pessoa de m\u00e3os medindo gordura abdominal no trabalho.<\/figcaption><\/figure><\/div>\n\n\n<h2 class=\"wp-block-heading\">Quais os sinais de que o metabolismo est\u00e1 travando?<\/h2>\n\n\n\n<p>O seu corpo sempre manda avisos antes da bomba estourar e a doen\u00e7a se instalar de vez no seu organismo. Quem abusa dos carboidratos simples costuma sentir muito cansa\u00e7o logo ap\u00f3s comer e uma fome que n\u00e3o passa nunca, mesmo de barriga cheia.<\/p>\n\n\n\n<p>Preste aten\u00e7\u00e3o nos sintomas cl\u00e1ssicos que mostram que a sua <strong>glicose<\/strong> est\u00e1 totalmente fora de controle.<\/p>\n\n\n<div class=\"wp-block-image\">\n<figure class=\"aligncenter size-full\"><img decoding=\"async\" width=\"1280\" height=\"720\" src=\"https:\/\/www.correiobraziliense.com.br\/cbradar\/wp-content\/uploads\/2026\/03\/imagem_2026-03-05_123212850.png\" alt=\"Mulher preparando marmita saud\u00e1vel com por\u00e7\u00e3o controlada de arroz\" class=\"wp-image-203547\" srcset=\"https:\/\/www.correiobraziliense.com.br\/cbradar\/wp-content\/uploads\/2026\/03\/imagem_2026-03-05_123212850.png 1280w, https:\/\/www.correiobraziliense.com.br\/cbradar\/wp-content\/uploads\/2026\/03\/imagem_2026-03-05_123212850-300x169.png 300w, https:\/\/www.correiobraziliense.com.br\/cbradar\/wp-content\/uploads\/2026\/03\/imagem_2026-03-05_123212850-768x432.png 768w, https:\/\/www.correiobraziliense.com.br\/cbradar\/wp-content\/uploads\/2026\/03\/imagem_2026-03-05_123212850-750x422.png 750w, https:\/\/www.correiobraziliense.com.br\/cbradar\/wp-content\/uploads\/2026\/03\/imagem_2026-03-05_123212850-1140x641.png 1140w\" sizes=\"(max-width: 1280px) 100vw, 1280px\" \/><figcaption class=\"wp-element-caption\">Mulher preparando marmita saud\u00e1vel com por\u00e7\u00e3o controlada de arroz<\/figcaption><\/figure><\/div>\n\n\n<p>Fique de olho nestes sinais de alerta que o corpo costuma dar quando algo vai mal.<\/p>\n\n\n\n<ul class=\"wp-block-list\">\n<li>Ganho de peso r\u00e1pido, principalmente com ac\u00famulo de gordura na <strong>regi\u00e3o da barriga<\/strong>.<\/li>\n\n\n\n<li>Vontade incontrol\u00e1vel de comer <strong>doces<\/strong> no meio da tarde ou antes de dormir.<\/li>\n\n\n\n<li>Sede exagerada e boca seca constante durante o dia inteiro.<\/li>\n\n\n\n<li>Vis\u00e3o emba\u00e7ada ou tontura chata quando fica algumas horas sem se alimentar.<\/li>\n<\/ul>\n\n\n\n<p>No v\u00eddeo a seguir, a<strong><em> Jamile Ruffo<\/em><\/strong>, com mais de 370 mil seguidores, fala um pouco sobre o consumo de arroz:<\/p>\n\n\n\n<blockquote class=\"tiktok-embed\" cite=\"https:\/\/www.tiktok.com\/@nutri.ruffo\/video\/7466184266502769925\" data-video-id=\"7466184266502769925\" style=\"max-width: 605px;min-width: 325px;\" > <section> <a target=\"_blank\" title=\"@nutri.ruffo\" href=\"https:\/\/www.tiktok.com\/@nutri.ruffo?refer=embed\">@nutri.ruffo<\/a> Colesterol alto e consumo de arroz \ud83c\udf5a <a title=\"colesterolalto\" target=\"_blank\" href=\"https:\/\/www.tiktok.com\/tag\/colesterolalto?refer=embed\">#colesterolalto<\/a> <a title=\"colesterol\" target=\"_blank\" href=\"https:\/\/www.tiktok.com\/tag\/colesterol?refer=embed\">#colesterol<\/a> <a title=\"diabetes\" target=\"_blank\" href=\"https:\/\/www.tiktok.com\/tag\/diabetes?refer=embed\">#diabetes<\/a> <a title=\"gorduranofigado\" target=\"_blank\" href=\"https:\/\/www.tiktok.com\/tag\/gorduranofigado?refer=embed\">#gorduranofigado<\/a> <a target=\"_blank\" title=\"\u266c som original - Jamile Ruffo\" href=\"https:\/\/www.tiktok.com\/music\/som-original-7466184262545050374?refer=embed\">\u266c som original &#8211; Jamile Ruffo<\/a> <\/section> <\/blockquote> <script async src=\"https:\/\/www.tiktok.com\/embed.js\"><\/script>\n\n\n\n<h2 class=\"wp-block-heading\">Como comer a sua marmita sem prejudicar a sa\u00fade?<\/h2>\n\n\n\n<p>Ningu\u00e9m precisa cortar o sagrado arroz com feij\u00e3o do prato para ter uma vida saud\u00e1vel e ficar longe dos hospitais. O truque de mestre \u00e9 misturar o carboidrato com uma boa fonte de <strong>prote\u00edna<\/strong> e muita salada para atrasar a digest\u00e3o do amido no est\u00f4mago.<\/p>\n\n\n\n<p>Diminuir o tamanho da por\u00e7\u00e3o e preferir carnes magras ou ovos ajuda a segurar a onda do <strong>\u00edndice glic\u00eamico<\/strong> no sangue. Assim voc\u00ea mata a vontade de comer bem, mant\u00e9m o seu <strong>p\u00e2ncreas<\/strong> funcionando tranquilo e n\u00e3o ganha peso extra no fim do m\u00eas.<\/p>\n","protected":false},"excerpt":{"rendered":"<p>O consumo de arroz faz parte da rotina de quase todo brasileiro, mas exagerar na quantidade di\u00e1ria pode virar uma verdadeira bomba para o seu organismo. Esse h\u00e1bito afeta diretamente o funcionamento do p\u00e2ncreas e o metabolismo, abrindo portas para doen\u00e7as graves e silenciosas. Por que o arroz branco sobrecarrega tanto o p\u00e2ncreas? O gr\u00e3o [&hellip;]<\/p>\n","protected":false},"author":11,"featured_media":204251,"comment_status":"open","ping_status":"open","sticky":false,"template":"","format":"standard","meta":{"_yoast_wpseo_focuskw":"consumo de arroz","_yoast_wpseo_title":"","_yoast_wpseo_metadesc":"O consumo de arroz em excesso pode sobrecarregar o seu p\u00e2ncreas e prejudicar o metabolismo. Aprenda como esse alimento age no corpo e evite a diabetes.","jnews-multi-image_gallery":[],"jnews_single_post":{"format":"standard"},"jnews_primary_category":[],"jnews_social_meta":[],"jnews_override_counter":[],"footnotes":""},"categories":[119],"tags":[899,368,15798],"class_list":["post-203543","post","type-post","status-publish","format-standard","has-post-thumbnail","hentry","category-bem-estar","tag-arroz","tag-metabolismo","tag-pancreas-2"],"yoast_head":"<!-- This site is optimized with the Yoast SEO plugin v24.6 - https:\/\/yoast.com\/wordpress\/plugins\/seo\/ -->\n<title>O que o arroz faz no seu p\u00e2ncreas e no metabolismo - Correio Braziliense - Radar<\/title>\n<meta name=\"description\" content=\"O consumo de arroz em excesso pode sobrecarregar o seu p\u00e2ncreas e prejudicar o metabolismo. Aprenda como esse alimento age no corpo e evite a diabetes.\" \/>\n<meta name=\"robots\" content=\"index, follow, max-snippet:-1, max-image-preview:large, max-video-preview:-1\" \/>\n<link rel=\"canonical\" href=\"https:\/\/www.correiobraziliense.com.br\/cbradar\/o-que-o-arroz-faz-no-seu-pancreas-e-no-metabolismo\/\" \/>\n<meta property=\"og:locale\" content=\"pt_BR\" \/>\n<meta property=\"og:type\" content=\"article\" \/>\n<meta property=\"og:title\" content=\"O que o arroz faz no seu p\u00e2ncreas e no metabolismo - Correio Braziliense - Radar\" \/>\n<meta property=\"og:description\" content=\"O consumo de arroz em excesso pode sobrecarregar o seu p\u00e2ncreas e prejudicar o metabolismo. Aprenda como esse alimento age no corpo e evite a diabetes.\" \/>\n<meta property=\"og:url\" content=\"https:\/\/www.correiobraziliense.com.br\/cbradar\/o-que-o-arroz-faz-no-seu-pancreas-e-no-metabolismo\/\" \/>\n<meta property=\"og:site_name\" content=\"Correio Braziliense - Radar\" \/>\n<meta property=\"article:published_time\" content=\"2026-03-07T19:05:00+00:00\" \/>\n<meta property=\"og:image\" content=\"https:\/\/www.correiobraziliense.com.br\/cbradar\/wp-content\/uploads\/2026\/03\/freepik__prato-de-comida-brasileiro-com-grande-poro-de-arro__21227.jpeg\" \/>\n\t<meta property=\"og:image:width\" content=\"1280\" \/>\n\t<meta property=\"og:image:height\" content=\"720\" \/>\n\t<meta property=\"og:image:type\" content=\"image\/jpeg\" \/>\n<meta name=\"author\" content=\"Paulo Custodio\" \/>\n<meta name=\"twitter:card\" content=\"summary_large_image\" \/>\n<meta name=\"twitter:label1\" content=\"Escrito por\" \/>\n\t<meta name=\"twitter:data1\" content=\"Paulo Custodio\" \/>\n\t<meta name=\"twitter:label2\" content=\"Est. tempo de leitura\" \/>\n\t<meta name=\"twitter:data2\" content=\"5 minutos\" \/>\n<!-- \/ Yoast SEO plugin. -->","yoast_head_json":{"title":"O que o arroz faz no seu p\u00e2ncreas e no metabolismo - Correio Braziliense - Radar","description":"O consumo de arroz em excesso pode sobrecarregar o seu p\u00e2ncreas e prejudicar o metabolismo. Aprenda como esse alimento age no corpo e evite a diabetes.","robots":{"index":"index","follow":"follow","max-snippet":"max-snippet:-1","max-image-preview":"max-image-preview:large","max-video-preview":"max-video-preview:-1"},"canonical":"https:\/\/www.correiobraziliense.com.br\/cbradar\/o-que-o-arroz-faz-no-seu-pancreas-e-no-metabolismo\/","og_locale":"pt_BR","og_type":"article","og_title":"O que o arroz faz no seu p\u00e2ncreas e no metabolismo - Correio Braziliense - Radar","og_description":"O consumo de arroz em excesso pode sobrecarregar o seu p\u00e2ncreas e prejudicar o metabolismo. Aprenda como esse alimento age no corpo e evite a diabetes.","og_url":"https:\/\/www.correiobraziliense.com.br\/cbradar\/o-que-o-arroz-faz-no-seu-pancreas-e-no-metabolismo\/","og_site_name":"Correio Braziliense - Radar","article_published_time":"2026-03-07T19:05:00+00:00","og_image":[{"width":1280,"height":720,"url":"https:\/\/www.correiobraziliense.com.br\/cbradar\/wp-content\/uploads\/2026\/03\/freepik__prato-de-comida-brasileiro-com-grande-poro-de-arro__21227.jpeg","type":"image\/jpeg"}],"author":"Paulo Custodio","twitter_card":"summary_large_image","twitter_misc":{"Escrito por":"Paulo Custodio","Est. tempo de leitura":"5 minutos"},"schema":{"@context":"https:\/\/schema.org","@graph":[{"@type":"WebPage","@id":"https:\/\/www.correiobraziliense.com.br\/cbradar\/o-que-o-arroz-faz-no-seu-pancreas-e-no-metabolismo\/","url":"https:\/\/www.correiobraziliense.com.br\/cbradar\/o-que-o-arroz-faz-no-seu-pancreas-e-no-metabolismo\/","name":"O que o arroz faz no seu p\u00e2ncreas e no metabolismo - Correio Braziliense - Radar","isPartOf":{"@id":"https:\/\/www.correiobraziliense.com.br\/cbradar\/#website"},"primaryImageOfPage":{"@id":"https:\/\/www.correiobraziliense.com.br\/cbradar\/o-que-o-arroz-faz-no-seu-pancreas-e-no-metabolismo\/#primaryimage"},"image":{"@id":"https:\/\/www.correiobraziliense.com.br\/cbradar\/o-que-o-arroz-faz-no-seu-pancreas-e-no-metabolismo\/#primaryimage"},"thumbnailUrl":"https:\/\/www.correiobraziliense.com.br\/cbradar\/wp-content\/uploads\/2026\/03\/freepik__prato-de-comida-brasileiro-com-grande-poro-de-arro__21227.jpeg","datePublished":"2026-03-07T19:05:00+00:00","author":{"@id":"https:\/\/www.correiobraziliense.com.br\/cbradar\/#\/schema\/person\/4cec7857301a9a1a2ef249893cd908d3"},"description":"O consumo de arroz em excesso pode sobrecarregar o seu p\u00e2ncreas e prejudicar o metabolismo. Aprenda como esse alimento age no corpo e evite a diabetes.","breadcrumb":{"@id":"https:\/\/www.correiobraziliense.com.br\/cbradar\/o-que-o-arroz-faz-no-seu-pancreas-e-no-metabolismo\/#breadcrumb"},"inLanguage":"pt-BR","potentialAction":[{"@type":"ReadAction","target":["https:\/\/www.correiobraziliense.com.br\/cbradar\/o-que-o-arroz-faz-no-seu-pancreas-e-no-metabolismo\/"]}]},{"@type":"ImageObject","inLanguage":"pt-BR","@id":"https:\/\/www.correiobraziliense.com.br\/cbradar\/o-que-o-arroz-faz-no-seu-pancreas-e-no-metabolismo\/#primaryimage","url":"https:\/\/www.correiobraziliense.com.br\/cbradar\/wp-content\/uploads\/2026\/03\/freepik__prato-de-comida-brasileiro-com-grande-poro-de-arro__21227.jpeg","contentUrl":"https:\/\/www.correiobraziliense.com.br\/cbradar\/wp-content\/uploads\/2026\/03\/freepik__prato-de-comida-brasileiro-com-grande-poro-de-arro__21227.jpeg","width":1280,"height":720,"caption":"O arroz \u00e9 uma das principais fontes de carboidratos na alimenta\u00e7\u00e3o dos brasileiros"},{"@type":"BreadcrumbList","@id":"https:\/\/www.correiobraziliense.com.br\/cbradar\/o-que-o-arroz-faz-no-seu-pancreas-e-no-metabolismo\/#breadcrumb","itemListElement":[{"@type":"ListItem","position":1,"name":"In\u00edcio","item":"https:\/\/www.correiobraziliense.com.br\/cbradar\/"},{"@type":"ListItem","position":2,"name":"O que o arroz faz no seu p\u00e2ncreas e no metabolismo"}]},{"@type":"WebSite","@id":"https:\/\/www.correiobraziliense.com.br\/cbradar\/#website","url":"https:\/\/www.correiobraziliense.com.br\/cbradar\/","name":"Correio Braziliense - Radar","description":"Acompanhe as \u00faltimas not\u00edcias e fique bem informado sobre tudo o que acontece no Brasil e no mundo.","potentialAction":[{"@type":"SearchAction","target":{"@type":"EntryPoint","urlTemplate":"https:\/\/www.correiobraziliense.com.br\/cbradar\/?s={search_term_string}"},"query-input":{"@type":"PropertyValueSpecification","valueRequired":true,"valueName":"search_term_string"}}],"inLanguage":"pt-BR"},{"@type":"Person","@id":"https:\/\/www.correiobraziliense.com.br\/cbradar\/#\/schema\/person\/4cec7857301a9a1a2ef249893cd908d3","name":"Paulo Custodio","image":{"@type":"ImageObject","inLanguage":"pt-BR","@id":"https:\/\/www.correiobraziliense.com.br\/cbradar\/#\/schema\/person\/image\/","url":"https:\/\/secure.gravatar.com\/avatar\/bcd67168d1534e8fcf4f45c726a87cea?s=96&d=mm&r=g","contentUrl":"https:\/\/secure.gravatar.com\/avatar\/bcd67168d1534e8fcf4f45c726a87cea?s=96&d=mm&r=g","caption":"Paulo Custodio"},"sameAs":["https:\/\/www.correiobraziliense.com.br\/cbradar"],"url":"https:\/\/www.correiobraziliense.com.br\/cbradar\/author\/paulomyth\/"}]}},"_links":{"self":[{"href":"https:\/\/www.correiobraziliense.com.br\/cbradar\/wp-json\/wp\/v2\/posts\/203543","targetHints":{"allow":["GET"]}}],"collection":[{"href":"https:\/\/www.correiobraziliense.com.br\/cbradar\/wp-json\/wp\/v2\/posts"}],"about":[{"href":"https:\/\/www.correiobraziliense.com.br\/cbradar\/wp-json\/wp\/v2\/types\/post"}],"author":[{"embeddable":true,"href":"https:\/\/www.correiobraziliense.com.br\/cbradar\/wp-json\/wp\/v2\/users\/11"}],"replies":[{"embeddable":true,"href":"https:\/\/www.correiobraziliense.com.br\/cbradar\/wp-json\/wp\/v2\/comments?post=203543"}],"version-history":[{"count":1,"href":"https:\/\/www.correiobraziliense.com.br\/cbradar\/wp-json\/wp\/v2\/posts\/203543\/revisions"}],"predecessor-version":[{"id":203551,"href":"https:\/\/www.correiobraziliense.com.br\/cbradar\/wp-json\/wp\/v2\/posts\/203543\/revisions\/203551"}],"wp:featuredmedia":[{"embeddable":true,"href":"https:\/\/www.correiobraziliense.com.br\/cbradar\/wp-json\/wp\/v2\/media\/204251"}],"wp:attachment":[{"href":"https:\/\/www.correiobraziliense.com.br\/cbradar\/wp-json\/wp\/v2\/media?parent=203543"}],"wp:term":[{"taxonomy":"category","embeddable":true,"href":"https:\/\/www.correiobraziliense.com.br\/cbradar\/wp-json\/wp\/v2\/categories?post=203543"},{"taxonomy":"post_tag","embeddable":true,"href":"https:\/\/www.correiobraziliense.com.br\/cbradar\/wp-json\/wp\/v2\/tags?post=203543"}],"curies":[{"name":"wp","href":"https:\/\/api.w.org\/{rel}","templated":true}]}}