{"id":203576,"date":"2026-03-06T18:15:00","date_gmt":"2026-03-06T21:15:00","guid":{"rendered":"https:\/\/www.correiobraziliense.com.br\/cbradar\/?p=203576"},"modified":"2026-03-05T16:37:38","modified_gmt":"2026-03-05T19:37:38","slug":"essa-e-a-menor-palavra-da-lingua-portuguesa-que-forma-uma-frase-completa","status":"publish","type":"post","link":"https:\/\/www.correiobraziliense.com.br\/cbradar\/essa-e-a-menor-palavra-da-lingua-portuguesa-que-forma-uma-frase-completa\/","title":{"rendered":"Essa \u00e9 a menor palavra da L\u00edngua Portuguesa que forma uma frase completa"},"content":{"rendered":"\n<p>A l\u00edngua portuguesa reserva curiosidades fascinantes para quem estuda suas estruturas gramaticais e sint\u00e1ticas mais profundas diariamente. Muitas pessoas acreditam que uma frase exige complexidade para transmitir um pensamento inteiro e claro. No entanto, a economia de letras revela que a brevidade extrema pode sim carregar um sentido completo agora.<\/p>\n\n\n\n<h2 class=\"wp-block-heading\">\u00c9 poss\u00edvel transmitir uma ideia inteira com apenas duas letras?<\/h2>\n\n\n\n<p>No idioma portugu\u00eas, a palavra <strong>\u00c9<\/strong> destaca-se como o exemplo mais marcante de concis\u00e3o absoluta em uma frase declarativa. Por ser uma forma conjugada do verbo ser, ela consegue indicar exist\u00eancia ou estado de maneira totalmente independente no contexto comunicativo. Essa estrutura minimalista prova que o sentido reside na fun\u00e7\u00e3o gramatical exercida pela palavra agora.<\/p>\n\n\n\n<p>Quando algu\u00e9m pergunta sobre a veracidade de um fato, a resposta afirmativa isolada torna-se uma ora\u00e7\u00e3o completa e direta. Essa capacidade de s\u00edntese verbal demonstra como a gram\u00e1tica nacional permite que o sujeito fique impl\u00edcito sem prejudicar o entendimento do interlocutor. A efici\u00eancia lingu\u00edstica de <strong>\u00c9<\/strong> \u00e9 um fen\u00f4meno que encanta redatores e linguistas brasileiros constantemente hoje.<\/p>\n\n\n\n<figure class=\"wp-block-image size-full\"><img decoding=\"async\" width=\"1280\" height=\"720\" src=\"https:\/\/www.correiobraziliense.com.br\/cbradar\/wp-content\/uploads\/2026\/03\/Gemini_Generated_Image_mo9oeimo9oeimo9o-1-1.png\" alt=\"Essa \u00e9 a menor palavra da L\u00edngua Portuguesa que forma uma frase completa\" class=\"wp-image-203595\" srcset=\"https:\/\/www.correiobraziliense.com.br\/cbradar\/wp-content\/uploads\/2026\/03\/Gemini_Generated_Image_mo9oeimo9oeimo9o-1-1.png 1280w, https:\/\/www.correiobraziliense.com.br\/cbradar\/wp-content\/uploads\/2026\/03\/Gemini_Generated_Image_mo9oeimo9oeimo9o-1-1-300x169.png 300w, https:\/\/www.correiobraziliense.com.br\/cbradar\/wp-content\/uploads\/2026\/03\/Gemini_Generated_Image_mo9oeimo9oeimo9o-1-1-768x432.png 768w, https:\/\/www.correiobraziliense.com.br\/cbradar\/wp-content\/uploads\/2026\/03\/Gemini_Generated_Image_mo9oeimo9oeimo9o-1-1-750x422.png 750w, https:\/\/www.correiobraziliense.com.br\/cbradar\/wp-content\/uploads\/2026\/03\/Gemini_Generated_Image_mo9oeimo9oeimo9o-1-1-1140x641.png 1140w\" sizes=\"(max-width: 1280px) 100vw, 1280px\" \/><figcaption class=\"wp-element-caption\">Uma palavra de duas letras pode formar a menor frase completa da l\u00edngua portuguesa<\/figcaption><\/figure>\n\n\n\n<h2 class=\"wp-block-heading\">Como a sintaxe permite que uma ora\u00e7\u00e3o seja t\u00e3o curta?<\/h2>\n\n\n\n<p>A estrutura de uma ora\u00e7\u00e3o completa exige, essencialmente, a presen\u00e7a de um verbo que indique uma a\u00e7\u00e3o ou estado definido. No caso de termos curtos, o sujeito oculto ou determinado pelo contexto anterior permite que a mensagem seja perfeitamente compreendida. Essa flexibilidade sint\u00e1tica \u00e9 uma caracter\u00edstica poderosa da nossa l\u00edngua que favorece a comunica\u00e7\u00e3o r\u00e1pida no cotidiano.<\/p>\n\n\n\n<p>Diferente de outros idiomas que exigem pronomes obrigat\u00f3rios, o portugu\u00eas permite que a desin\u00eancia verbal carregue todas as informa\u00e7\u00f5es necess\u00e1rias. Isso possibilita que palavras min\u00fasculas funcionem como frases independentes e carregadas de inten\u00e7\u00e3o clara em di\u00e1logos casuais ou formais. Entender essa din\u00e2mica ajuda a melhorar a escrita e a capacidade de s\u00edntese em diversos tipos de textos agora.<\/p>\n\n\n\n<h2 class=\"wp-block-heading\">Quais outras express\u00f5es m\u00ednimas funcionam como frases completas?<\/h2>\n\n\n\n<p>Al\u00e9m do verbo de liga\u00e7\u00e3o, existem outras palavras pequenas que conseguem encerrar um pensamento sem a necessidade de complementos externos adicionais. Termos que indicam deslocamento ou sauda\u00e7\u00f5es curtas s\u00e3o exemplos cl\u00e1ssicos dessa economia lingu\u00edstica que utilizamos sem perceber no dia a dia. Explorar essas varia\u00e7\u00f5es enriquece o vocabul\u00e1rio e a compreens\u00e3o sobre a versatilidade da comunica\u00e7\u00e3o brasileira real hoje.<\/p>\n\n\n\n<p>Confira a lista abaixo:<\/p>\n\n\n\n<ul class=\"wp-block-list\">\n<li><strong>Ir<\/strong> como comando imperativo direto.<\/li>\n\n\n\n<li><strong>Oi<\/strong> como uma sauda\u00e7\u00e3o completa.<\/li>\n\n\n\n<li><strong>Fui<\/strong> indicando uma a\u00e7\u00e3o conclu\u00edda.<\/li>\n\n\n\n<li><strong>Li<\/strong> expressando um fato realizado.<\/li>\n\n\n\n<li><strong>V\u00e1<\/strong> sendo uma ordem bem curta.<\/li>\n<\/ul>\n\n\n\n<h2 class=\"wp-block-heading\">O contexto social influencia a compreens\u00e3o dessas frases curtas?<\/h2>\n\n\n\n<p>A pragm\u00e1tica da linguagem ensina que o ambiente e a situa\u00e7\u00e3o comunicativa s\u00e3o essenciais para dar sentido \u00e0s ora\u00e7\u00f5es minimalistas. Sem um contexto pr\u00e9vio, uma palavra isolada pode parecer incompleta para um observador distra\u00eddo ou desatento no momento. No entanto, em um di\u00e1logo flu\u00eddo, essa brevidade torna-se uma ferramenta de agilidade mental extremamente eficaz para todos os envolvidos.<\/p>\n\n\n\n<p>O uso de frases curt\u00edssimas \u00e9 comum em roteiros de cinema e literatura moderna para imprimir um ritmo acelerado \u00e0 narrativa atual. Essa escolha estil\u00edstica exige que o leitor ou espectador participe ativamente da constru\u00e7\u00e3o do significado final da mensagem. Dominar essa t\u00e9cnica de escrita curta \u00e9 um diferencial para redatores que buscam criar textos mais din\u00e2micos e impactantes hoje.<\/p>\n\n\n\n<figure class=\"wp-block-image size-full\"><img decoding=\"async\" width=\"1280\" height=\"720\" src=\"https:\/\/www.correiobraziliense.com.br\/cbradar\/wp-content\/uploads\/2026\/03\/Gemini_Generated_Image_x1w1ngx1w1ngx1w1-1-1.png\" alt=\"Essa \u00e9 a menor palavra da L\u00edngua Portuguesa que forma uma frase completa\" class=\"wp-image-203597\" srcset=\"https:\/\/www.correiobraziliense.com.br\/cbradar\/wp-content\/uploads\/2026\/03\/Gemini_Generated_Image_x1w1ngx1w1ngx1w1-1-1.png 1280w, https:\/\/www.correiobraziliense.com.br\/cbradar\/wp-content\/uploads\/2026\/03\/Gemini_Generated_Image_x1w1ngx1w1ngx1w1-1-1-300x169.png 300w, https:\/\/www.correiobraziliense.com.br\/cbradar\/wp-content\/uploads\/2026\/03\/Gemini_Generated_Image_x1w1ngx1w1ngx1w1-1-1-768x432.png 768w, https:\/\/www.correiobraziliense.com.br\/cbradar\/wp-content\/uploads\/2026\/03\/Gemini_Generated_Image_x1w1ngx1w1ngx1w1-1-1-750x422.png 750w, https:\/\/www.correiobraziliense.com.br\/cbradar\/wp-content\/uploads\/2026\/03\/Gemini_Generated_Image_x1w1ngx1w1ngx1w1-1-1-1140x641.png 1140w\" sizes=\"(max-width: 1280px) 100vw, 1280px\" \/><figcaption class=\"wp-element-caption\">Uma palavra de duas letras pode formar a menor frase completa da l\u00edngua portuguesa<\/figcaption><\/figure>\n\n\n\n<p>Leia tamb\u00e9m: <a href=\"https:\/\/www.correiobraziliense.com.br\/cbradar\/entenda-a-regra-de-quando-usar-ha-e-a-para-indicar-tempo-no-dia-a-dia\/\" target=\"_blank\" rel=\"noreferrer noopener\">Entenda a regra de quando usar \u201cH\u00e1\u201d e \u201cA\u201d para indicar tempo no dia a dia<\/a><\/p>\n\n\n\n<h2 class=\"wp-block-heading\">O que os gram\u00e1ticos dizem sobre a menor frase escrita?<\/h2>\n\n\n\n<p>Especialistas refor\u00e7am que a classifica\u00e7\u00e3o de uma frase n\u00e3o depende do seu tamanho f\u00edsico, mas da sua capacidade comunicativa real. Segundo as normas padr\u00f5es, qualquer enunciado que possua sentido completo e termine com uma pontua\u00e7\u00e3o final pode ser considerado uma frase leg\u00edtima. Essa defini\u00e7\u00e3o t\u00e9cnica valida o uso de palavras de apenas duas letras como estruturas gramaticais perfeitas e autossuficientes agora.<\/p>\n\n\n\n<p>De acordo com o <strong><a href=\"https:\/\/www.dicio.com.br\/duvidas-da-lingua-portuguesa\/\" target=\"_blank\" rel=\"noreferrer noopener\">Dicion\u00e1rio de D\u00favidas<\/a><\/strong>, a palavra <strong>\u00c9<\/strong> \u00e9 frequentemente citada como a <strong>menor frase declarativa<\/strong> completa do nosso idioma p\u00e1trio. Ter esse conhecimento ajuda a valorizar a precis\u00e3o da l\u00edngua portuguesa em suas formas mais simples e diretas. Consultar fontes oficiais de autoridade garante que sua produ\u00e7\u00e3o de conte\u00fado seja sempre baseada em fatos gramaticais s\u00f3lidos e muito confi\u00e1veis hoje.<\/p>\n","protected":false},"excerpt":{"rendered":"<p>A l\u00edngua portuguesa reserva curiosidades fascinantes para quem estuda suas estruturas gramaticais e sint\u00e1ticas mais profundas diariamente. Muitas pessoas acreditam que uma frase exige complexidade para transmitir um pensamento inteiro e claro. No entanto, a economia de letras revela que a brevidade extrema pode sim carregar um sentido completo agora. \u00c9 poss\u00edvel transmitir uma ideia [&hellip;]<\/p>\n","protected":false},"author":21,"featured_media":203594,"comment_status":"open","ping_status":"open","sticky":false,"template":"","format":"standard","meta":{"_yoast_wpseo_focuskw":"menor frase da l\u00edngua portuguesa","_yoast_wpseo_title":"","_yoast_wpseo_metadesc":"Uma curiosidade da l\u00edngua portuguesa mostra como uma palavra min\u00fascula pode formar uma frase completa e transmitir sentido claro","jnews-multi-image_gallery":[],"jnews_single_post":{"format":"standard"},"jnews_primary_category":[],"jnews_social_meta":[],"jnews_override_counter":[],"footnotes":""},"categories":[112],"post_tag":[10394,10902,3272,6081],"class_list":["post-203576","post","type-post","status-publish","format-standard","has-post-thumbnail","hentry","category-curiosidades","tag-frase","tag-lingua-portuguesa","tag-palavra","tag-portugues"],"yoast_head":"<!-- This site is optimized with the Yoast SEO plugin v24.6 - https:\/\/yoast.com\/wordpress\/plugins\/seo\/ -->\n<title>Essa \u00e9 a menor palavra da L\u00edngua Portuguesa que forma uma frase completa - Correio Braziliense - Radar<\/title>\n<meta name=\"description\" content=\"Uma curiosidade da l\u00edngua portuguesa mostra como uma palavra min\u00fascula pode formar uma frase completa e transmitir sentido claro\" \/>\n<meta name=\"robots\" content=\"index, follow, max-snippet:-1, max-image-preview:large, max-video-preview:-1\" \/>\n<link rel=\"canonical\" href=\"https:\/\/www.correiobraziliense.com.br\/cbradar\/essa-e-a-menor-palavra-da-lingua-portuguesa-que-forma-uma-frase-completa\/\" \/>\n<meta property=\"og:locale\" content=\"pt_BR\" \/>\n<meta property=\"og:type\" content=\"article\" \/>\n<meta property=\"og:title\" content=\"Essa \u00e9 a menor palavra da L\u00edngua Portuguesa que forma uma frase completa - Correio Braziliense - Radar\" \/>\n<meta property=\"og:description\" content=\"Uma curiosidade da l\u00edngua portuguesa mostra como uma palavra min\u00fascula pode formar uma frase completa e transmitir sentido claro\" \/>\n<meta property=\"og:url\" content=\"https:\/\/www.correiobraziliense.com.br\/cbradar\/essa-e-a-menor-palavra-da-lingua-portuguesa-que-forma-uma-frase-completa\/\" \/>\n<meta property=\"og:site_name\" content=\"Correio Braziliense - Radar\" \/>\n<meta property=\"article:published_time\" content=\"2026-03-06T21:15:00+00:00\" \/>\n<meta property=\"og:image\" content=\"https:\/\/www.correiobraziliense.com.br\/cbradar\/wp-content\/uploads\/2026\/03\/Gemini_Generated_Image_icretlicretlicre-1-1.png\" \/>\n\t<meta property=\"og:image:width\" content=\"1280\" \/>\n\t<meta property=\"og:image:height\" content=\"720\" \/>\n\t<meta property=\"og:image:type\" content=\"image\/png\" \/>\n<meta name=\"author\" content=\"Patrick Silva\" \/>\n<meta name=\"twitter:card\" content=\"summary_large_image\" \/>\n<meta name=\"twitter:label1\" content=\"Escrito por\" \/>\n\t<meta name=\"twitter:data1\" content=\"Patrick Silva\" \/>\n\t<meta name=\"twitter:label2\" content=\"Est. tempo de leitura\" \/>\n\t<meta name=\"twitter:data2\" content=\"5 minutos\" \/>\n<!-- \/ Yoast SEO plugin. -->","yoast_head_json":{"title":"Essa \u00e9 a menor palavra da L\u00edngua Portuguesa que forma uma frase completa - Correio Braziliense - Radar","description":"Uma curiosidade da l\u00edngua portuguesa mostra como uma palavra min\u00fascula pode formar uma frase completa e transmitir sentido claro","robots":{"index":"index","follow":"follow","max-snippet":"max-snippet:-1","max-image-preview":"max-image-preview:large","max-video-preview":"max-video-preview:-1"},"canonical":"https:\/\/www.correiobraziliense.com.br\/cbradar\/essa-e-a-menor-palavra-da-lingua-portuguesa-que-forma-uma-frase-completa\/","og_locale":"pt_BR","og_type":"article","og_title":"Essa \u00e9 a menor palavra da L\u00edngua Portuguesa que forma uma frase completa - Correio Braziliense - Radar","og_description":"Uma curiosidade da l\u00edngua portuguesa mostra como uma palavra min\u00fascula pode formar uma frase completa e transmitir sentido claro","og_url":"https:\/\/www.correiobraziliense.com.br\/cbradar\/essa-e-a-menor-palavra-da-lingua-portuguesa-que-forma-uma-frase-completa\/","og_site_name":"Correio Braziliense - Radar","article_published_time":"2026-03-06T21:15:00+00:00","og_image":[{"width":1280,"height":720,"url":"https:\/\/www.correiobraziliense.com.br\/cbradar\/wp-content\/uploads\/2026\/03\/Gemini_Generated_Image_icretlicretlicre-1-1.png","type":"image\/png"}],"author":"Patrick Silva","twitter_card":"summary_large_image","twitter_misc":{"Escrito por":"Patrick Silva","Est. tempo de leitura":"5 minutos"},"schema":{"@context":"https:\/\/schema.org","@graph":[{"@type":"WebPage","@id":"https:\/\/www.correiobraziliense.com.br\/cbradar\/essa-e-a-menor-palavra-da-lingua-portuguesa-que-forma-uma-frase-completa\/","url":"https:\/\/www.correiobraziliense.com.br\/cbradar\/essa-e-a-menor-palavra-da-lingua-portuguesa-que-forma-uma-frase-completa\/","name":"Essa \u00e9 a menor palavra da L\u00edngua Portuguesa que forma uma frase completa - Correio Braziliense - Radar","isPartOf":{"@id":"https:\/\/www.correiobraziliense.com.br\/cbradar\/#website"},"primaryImageOfPage":{"@id":"https:\/\/www.correiobraziliense.com.br\/cbradar\/essa-e-a-menor-palavra-da-lingua-portuguesa-que-forma-uma-frase-completa\/#primaryimage"},"image":{"@id":"https:\/\/www.correiobraziliense.com.br\/cbradar\/essa-e-a-menor-palavra-da-lingua-portuguesa-que-forma-uma-frase-completa\/#primaryimage"},"thumbnailUrl":"https:\/\/www.correiobraziliense.com.br\/cbradar\/wp-content\/uploads\/2026\/03\/Gemini_Generated_Image_icretlicretlicre-1-1.png","datePublished":"2026-03-06T21:15:00+00:00","author":{"@id":"https:\/\/www.correiobraziliense.com.br\/cbradar\/#\/schema\/person\/5440b72be9c7eb74f446c846479dc4da"},"description":"Uma curiosidade da l\u00edngua portuguesa mostra como uma palavra min\u00fascula pode formar uma frase completa e transmitir sentido claro","breadcrumb":{"@id":"https:\/\/www.correiobraziliense.com.br\/cbradar\/essa-e-a-menor-palavra-da-lingua-portuguesa-que-forma-uma-frase-completa\/#breadcrumb"},"inLanguage":"pt-BR","potentialAction":[{"@type":"ReadAction","target":["https:\/\/www.correiobraziliense.com.br\/cbradar\/essa-e-a-menor-palavra-da-lingua-portuguesa-que-forma-uma-frase-completa\/"]}]},{"@type":"ImageObject","inLanguage":"pt-BR","@id":"https:\/\/www.correiobraziliense.com.br\/cbradar\/essa-e-a-menor-palavra-da-lingua-portuguesa-que-forma-uma-frase-completa\/#primaryimage","url":"https:\/\/www.correiobraziliense.com.br\/cbradar\/wp-content\/uploads\/2026\/03\/Gemini_Generated_Image_icretlicretlicre-1-1.png","contentUrl":"https:\/\/www.correiobraziliense.com.br\/cbradar\/wp-content\/uploads\/2026\/03\/Gemini_Generated_Image_icretlicretlicre-1-1.png","width":1280,"height":720,"caption":"Uma palavra de duas letras pode formar a menor frase completa da l\u00edngua portuguesa"},{"@type":"BreadcrumbList","@id":"https:\/\/www.correiobraziliense.com.br\/cbradar\/essa-e-a-menor-palavra-da-lingua-portuguesa-que-forma-uma-frase-completa\/#breadcrumb","itemListElement":[{"@type":"ListItem","position":1,"name":"In\u00edcio","item":"https:\/\/www.correiobraziliense.com.br\/cbradar\/"},{"@type":"ListItem","position":2,"name":"Essa \u00e9 a menor palavra da L\u00edngua Portuguesa que forma uma frase completa"}]},{"@type":"WebSite","@id":"https:\/\/www.correiobraziliense.com.br\/cbradar\/#website","url":"https:\/\/www.correiobraziliense.com.br\/cbradar\/","name":"Correio Braziliense - Radar","description":"Acompanhe as \u00faltimas not\u00edcias e fique bem informado sobre tudo o que acontece no Brasil e no mundo.","potentialAction":[{"@type":"SearchAction","target":{"@type":"EntryPoint","urlTemplate":"https:\/\/www.correiobraziliense.com.br\/cbradar\/?s={search_term_string}"},"query-input":{"@type":"PropertyValueSpecification","valueRequired":true,"valueName":"search_term_string"}}],"inLanguage":"pt-BR"},{"@type":"Person","@id":"https:\/\/www.correiobraziliense.com.br\/cbradar\/#\/schema\/person\/5440b72be9c7eb74f446c846479dc4da","name":"Patrick Silva","image":{"@type":"ImageObject","inLanguage":"pt-BR","@id":"https:\/\/www.correiobraziliense.com.br\/cbradar\/#\/schema\/person\/image\/","url":"https:\/\/secure.gravatar.com\/avatar\/944109df296fc087785c9715fd5f80b2?s=96&d=mm&r=g","contentUrl":"https:\/\/secure.gravatar.com\/avatar\/944109df296fc087785c9715fd5f80b2?s=96&d=mm&r=g","caption":"Patrick Silva"},"sameAs":["https:\/\/www.correiobraziliense.com.br\/cbradar\/"],"url":"https:\/\/www.correiobraziliense.com.br\/cbradar\/author\/patrick-silva\/"}]}},"_links":{"self":[{"href":"https:\/\/www.correiobraziliense.com.br\/cbradar\/wp-json\/wp\/v2\/posts\/203576","targetHints":{"allow":["GET"]}}],"collection":[{"href":"https:\/\/www.correiobraziliense.com.br\/cbradar\/wp-json\/wp\/v2\/posts"}],"about":[{"href":"https:\/\/www.correiobraziliense.com.br\/cbradar\/wp-json\/wp\/v2\/types\/post"}],"author":[{"embeddable":true,"href":"https:\/\/www.correiobraziliense.com.br\/cbradar\/wp-json\/wp\/v2\/users\/21"}],"replies":[{"embeddable":true,"href":"https:\/\/www.correiobraziliense.com.br\/cbradar\/wp-json\/wp\/v2\/comments?post=203576"}],"version-history":[{"count":2,"href":"https:\/\/www.correiobraziliense.com.br\/cbradar\/wp-json\/wp\/v2\/posts\/203576\/revisions"}],"predecessor-version":[{"id":203598,"href":"https:\/\/www.correiobraziliense.com.br\/cbradar\/wp-json\/wp\/v2\/posts\/203576\/revisions\/203598"}],"wp:featuredmedia":[{"embeddable":true,"href":"https:\/\/www.correiobraziliense.com.br\/cbradar\/wp-json\/wp\/v2\/media\/203594"}],"wp:attachment":[{"href":"https:\/\/www.correiobraziliense.com.br\/cbradar\/wp-json\/wp\/v2\/media?parent=203576"}],"wp:term":[{"taxonomy":"category","embeddable":true,"href":"https:\/\/www.correiobraziliense.com.br\/cbradar\/wp-json\/wp\/v2\/categories?post=203576"},{"taxonomy":"post_tag","embeddable":true,"href":"https:\/\/www.correiobraziliense.com.br\/cbradar\/wp-json\/wp\/v2\/post_tag?post=203576"}],"curies":[{"name":"wp","href":"https:\/\/api.w.org\/{rel}","templated":true}]}}