{"id":203696,"date":"2026-03-09T15:45:00","date_gmt":"2026-03-09T18:45:00","guid":{"rendered":"https:\/\/www.correiobraziliense.com.br\/cbradar\/?p=203696"},"modified":"2026-03-06T15:10:59","modified_gmt":"2026-03-06T18:10:59","slug":"5-alimentos-que-duram-para-sempre-se-armazenados-corretamente","status":"publish","type":"post","link":"https:\/\/www.correiobraziliense.com.br\/cbradar\/5-alimentos-que-duram-para-sempre-se-armazenados-corretamente\/","title":{"rendered":"5 alimentos que duram para sempre se armazenados corretamente"},"content":{"rendered":"\n<p>Alguns alimentos possuem uma durabilidade surpreendente quando armazenados corretamente, permitindo que permane\u00e7am pr\u00f3prios para consumo por anos ou at\u00e9 d\u00e9cadas. Essa longevidade depende de t\u00e9cnicas de conserva\u00e7\u00e3o adequadas, controle de umidade e temperatura, al\u00e9m de embalagens que protejam contra oxig\u00eanio e pragas. Conhecer esses alimentos ajuda a planejar despensas mais seguras, econ\u00f4micas e pr\u00e1ticas sem comprometer a qualidade nutricional e o sabor.<\/p>\n\n\n\n<h2 class=\"wp-block-heading\">Quais fatores influenciam a durabilidade dos alimentos<\/h2>\n\n\n\n<p>A longevidade de um alimento depende de elementos como umidade, oxig\u00eanio e luz. <a href=\"https:\/\/www.correiobraziliense.com.br\/cbradar\/o-erro-que-quase-todo-mundo-comete-ao-limpar-a-geladeira-e-que-pode-estragar-os-alimentos\/\" target=\"_blank\" rel=\"noreferrer noopener\">Alimentos <\/a>secos ou desidratados duram mais porque a \u00e1gua \u00e9 um dos principais agentes de deteriora\u00e7\u00e3o. O armazenamento em recipientes herm\u00e9ticos, em locais frescos e escuros, reduz a prolifera\u00e7\u00e3o de micro-organismos e mant\u00e9m os nutrientes intactos, garantindo que os alimentos possam ser consumidos por per\u00edodos excepcionalmente longos.<\/p>\n\n\n\n<p>Al\u00e9m de t\u00e9cnicas f\u00edsicas de armazenamento, a composi\u00e7\u00e3o qu\u00edmica do alimento tamb\u00e9m faz diferen\u00e7a. Produtos ricos em a\u00e7\u00facares, sal ou gordura possuem menor atividade de \u00e1gua, o que ajuda a prevenir o crescimento de bact\u00e9rias e fungos. Estudos sobre conserva\u00e7\u00e3o alimentar indicam que a combina\u00e7\u00e3o de baixa umidade e controle de temperatura \u00e9 essencial para prolongar a validade de alimentos essenciais.<\/p>\n\n\n\n<figure class=\"wp-block-image size-large\"><img decoding=\"async\" width=\"1278\" height=\"720\" src=\"https:\/\/www.correiobraziliense.com.br\/cbradar\/wp-content\/uploads\/2026\/03\/5-alimentos-que-duram-para-sempre-se-armazenados-c-1-1278x720.png\" alt=\"5 alimentos que duram para sempre se armazenados corretamente\" class=\"wp-image-203698\" srcset=\"https:\/\/www.correiobraziliense.com.br\/cbradar\/wp-content\/uploads\/2026\/03\/5-alimentos-que-duram-para-sempre-se-armazenados-c-1-1278x720.png 1278w, https:\/\/www.correiobraziliense.com.br\/cbradar\/wp-content\/uploads\/2026\/03\/5-alimentos-que-duram-para-sempre-se-armazenados-c-1-300x169.png 300w, https:\/\/www.correiobraziliense.com.br\/cbradar\/wp-content\/uploads\/2026\/03\/5-alimentos-que-duram-para-sempre-se-armazenados-c-1-768x433.png 768w, https:\/\/www.correiobraziliense.com.br\/cbradar\/wp-content\/uploads\/2026\/03\/5-alimentos-que-duram-para-sempre-se-armazenados-c-1-750x422.png 750w, https:\/\/www.correiobraziliense.com.br\/cbradar\/wp-content\/uploads\/2026\/03\/5-alimentos-que-duram-para-sempre-se-armazenados-c-1-1140x642.png 1140w, https:\/\/www.correiobraziliense.com.br\/cbradar\/wp-content\/uploads\/2026\/03\/5-alimentos-que-duram-para-sempre-se-armazenados-c-1.png 1280w\" sizes=\"(max-width: 1278px) 100vw, 1278px\" \/><figcaption class=\"wp-element-caption\">Alimentos resistentes \u00e0 deteriora\u00e7\u00e3o: dicas de armazenamento e seguran\u00e7a<\/figcaption><\/figure>\n\n\n\n<h2 class=\"wp-block-heading\">Quais alimentos podem durar quase para sempre<\/h2>\n\n\n\n<p>Alguns alimentos podem se manter consum\u00edveis por d\u00e9cadas quando bem conservados. Esses alimentos s\u00e3o estrat\u00e9gicos para despensas de emerg\u00eancia e planejamento alimentar de longo prazo. Abaixo est\u00e3o exemplos que, quando armazenados de forma adequada, podem praticamente n\u00e3o perder sua qualidade:<\/p>\n\n\n\n<ul class=\"wp-block-list\">\n<li><strong>Arroz branco<\/strong> mantido em recipientes herm\u00e9ticos<\/li>\n\n\n\n<li><strong>Feij\u00e3o seco<\/strong> guardado em local seco e fresco<\/li>\n\n\n\n<li><strong>Mel puro<\/strong> armazenado longe da umidade<\/li>\n\n\n\n<li><strong>Sal grosso<\/strong> protegido de contamina\u00e7\u00e3o e umidade<\/li>\n\n\n\n<li><strong>A\u00e7\u00facar refinado<\/strong> em recipientes fechados<\/li>\n<\/ul>\n\n\n\n<h2 class=\"wp-block-heading\">Como armazenar alimentos para maximizar a durabilidade<\/h2>\n\n\n\n<p>O armazenamento adequado exige recipientes herm\u00e9ticos, controle de temperatura e prote\u00e7\u00e3o contra luz e umidade. Armazenar alimentos em potes de vidro, latas ou sacos a v\u00e1cuo reduz a exposi\u00e7\u00e3o ao oxig\u00eanio e prolonga a vida \u00fatil. T\u00e9cnicas de congelamento ou desidrata\u00e7\u00e3o tamb\u00e9m ajudam a manter alimentos frescos por per\u00edodos prolongados sem comprometer o sabor ou os nutrientes.<\/p>\n\n\n\n<p>Organizar os alimentos por categoria e data de armazenamento ajuda a evitar desperd\u00edcios. Mant\u00ea-los longe de fontes de calor e umidade, como fornos ou janelas ensolaradas, previne deteriora\u00e7\u00e3o e perda de textura. Um planejamento simples garante que os alimentos permane\u00e7am seguros para consumo e preservem suas propriedades por muito tempo.<\/p>\n\n\n\n<p><br>Se voc\u00ea quer garantir que seus alimentos durem mais e mantenham a qualidade, este v\u00eddeo do canal <strong><a href=\"https:\/\/www.youtube.com\/@GastronomiaMundial\" target=\"_blank\" rel=\"noreferrer noopener\">GASTRONOMIA MUNDIAL \u2013 canal de AUTOSSUFICI\u00caNCIA<\/a><\/strong>, com 148 mil subscritores, foi escolhido especialmente para voc\u00ea. Ele ensina t\u00e9cnicas pr\u00e1ticas e seguras de armazenamento que fazem toda a diferen\u00e7a no dia a dia.<\/p>\n\n\n\n<figure class=\"wp-block-embed is-type-video is-provider-youtube wp-block-embed-youtube wp-embed-aspect-16-9 wp-has-aspect-ratio\"><div class=\"wp-block-embed__wrapper\">\n<div class=\"jeg_video_container jeg_video_content\"><iframe loading=\"lazy\" title=\"COMO ARMAZENAR ALIMENTOS DA MANEIRA CORRETA!\" width=\"500\" height=\"281\" src=\"https:\/\/www.youtube.com\/embed\/ZahNC5iZHwM?feature=oembed\" frameborder=\"0\" allow=\"accelerometer; autoplay; clipboard-write; encrypted-media; gyroscope; picture-in-picture; web-share\" referrerpolicy=\"strict-origin-when-cross-origin\" allowfullscreen><\/iframe><\/div>\n<\/div><\/figure>\n\n\n\n<h2 class=\"wp-block-heading\">Quais erros comuns reduzem a vida \u00fatil dos alimentos<\/h2>\n\n\n\n<p>Mesmo alimentos resistentes podem estragar se houver falhas de armazenamento. Umidade, recipientes inadequados e flutua\u00e7\u00f5es de temperatura aceleram o processo de degrada\u00e7\u00e3o. Alimentos expostos a ar ou luz direta perdem sabor, textura e nutrientes, e podem se tornar impr\u00f3prios para consumo, mesmo que teoricamente sejam \u201cpara sempre\u201d quando conservados de maneira correta.<\/p>\n\n\n\n<p>Evitar abrir os recipientes desnecessariamente, n\u00e3o misturar alimentos secos com \u00famidos e checar periodicamente a integridade das embalagens s\u00e3o pr\u00e1ticas essenciais. Pequenas falhas podem comprometer a durabilidade, transformando alimentos de longa validade em itens de consumo limitado em quest\u00e3o de meses.<\/p>\n\n\n\n<h2 class=\"wp-block-heading\">Qual \u00e9 a import\u00e2ncia de ter alimentos de longa dura\u00e7\u00e3o em casa<\/h2>\n\n\n\n<p>Ter alimentos com durabilidade extrema oferece seguran\u00e7a alimentar e planejamento estrat\u00e9gico. Eles s\u00e3o \u00fateis em situa\u00e7\u00f5es de emerg\u00eancia, viagens longas ou simplesmente para reduzir idas frequentes ao supermercado. Al\u00e9m disso, garantem economia e redu\u00e7\u00e3o de desperd\u00edcio, pois permanecem utiliz\u00e1veis por anos, permitindo que cada item seja consumido sem pressa, mantendo qualidade nutricional e sabor.<\/p>\n\n\n\n<p>Manter esses alimentos corretamente armazenados tamb\u00e9m contribui para uma despensa organizada e funcional, tornando a rotina mais pr\u00e1tica e eficiente. A combina\u00e7\u00e3o de alimentos de longa dura\u00e7\u00e3o com t\u00e9cnicas adequadas de armazenamento representa uma solu\u00e7\u00e3o sustent\u00e1vel para gest\u00e3o alimentar dom\u00e9stica.<\/p>\n","protected":false},"excerpt":{"rendered":"<p>Aprenda t\u00e9cnicas de conserva\u00e7\u00e3o que prolongam a validade de arroz, feij\u00e3o, mel, a\u00e7\u00facar e outros alimentos essenciais<\/p>\n","protected":false},"author":23,"featured_media":203697,"comment_status":"open","ping_status":"open","sticky":false,"template":"","format":"standard","meta":{"_yoast_wpseo_focuskw":"Alimentos que duram pra sempre","_yoast_wpseo_title":"","_yoast_wpseo_metadesc":"Aprenda t\u00e9cnicas de conserva\u00e7\u00e3o que prolongam a validade de arroz, feij\u00e3o, mel, a\u00e7\u00facar e outros alimentos essenciais","jnews-multi-image_gallery":[],"jnews_single_post":{"format":"standard"},"jnews_primary_category":[],"jnews_social_meta":[],"jnews_override_counter":[],"footnotes":""},"categories":[119],"tags":[1423,120,1318],"class_list":["post-203696","post","type-post","status-publish","format-standard","has-post-thumbnail","hentry","category-bem-estar","tag-alimentos","tag-bem-estar","tag-saude-2"],"yoast_head":"<!-- This site is optimized with the Yoast SEO plugin v24.6 - https:\/\/yoast.com\/wordpress\/plugins\/seo\/ -->\n<title>5 alimentos que duram para sempre se armazenados corretamente - Correio Braziliense - Radar<\/title>\n<meta name=\"description\" content=\"Aprenda t\u00e9cnicas de conserva\u00e7\u00e3o que prolongam a validade de arroz, feij\u00e3o, mel, a\u00e7\u00facar e outros alimentos essenciais\" \/>\n<meta name=\"robots\" content=\"index, follow, max-snippet:-1, max-image-preview:large, max-video-preview:-1\" \/>\n<link rel=\"canonical\" href=\"https:\/\/www.correiobraziliense.com.br\/cbradar\/5-alimentos-que-duram-para-sempre-se-armazenados-corretamente\/\" \/>\n<meta property=\"og:locale\" content=\"pt_BR\" \/>\n<meta property=\"og:type\" content=\"article\" \/>\n<meta property=\"og:title\" content=\"5 alimentos que duram para sempre se armazenados corretamente - Correio Braziliense - Radar\" \/>\n<meta property=\"og:description\" content=\"Aprenda t\u00e9cnicas de conserva\u00e7\u00e3o que prolongam a validade de arroz, feij\u00e3o, mel, a\u00e7\u00facar e outros alimentos essenciais\" \/>\n<meta property=\"og:url\" content=\"https:\/\/www.correiobraziliense.com.br\/cbradar\/5-alimentos-que-duram-para-sempre-se-armazenados-corretamente\/\" \/>\n<meta property=\"og:site_name\" content=\"Correio Braziliense - Radar\" \/>\n<meta property=\"article:published_time\" content=\"2026-03-09T18:45:00+00:00\" \/>\n<meta property=\"og:image\" content=\"https:\/\/www.correiobraziliense.com.br\/cbradar\/wp-content\/uploads\/2026\/03\/5-alimentos-que-duram-para-sempre-se-armazenados-c.png\" \/>\n\t<meta property=\"og:image:width\" content=\"1280\" \/>\n\t<meta property=\"og:image:height\" content=\"721\" \/>\n\t<meta property=\"og:image:type\" content=\"image\/png\" \/>\n<meta name=\"author\" content=\"Nicolas Otto\" \/>\n<meta name=\"twitter:card\" content=\"summary_large_image\" \/>\n<meta name=\"twitter:label1\" content=\"Escrito por\" \/>\n\t<meta name=\"twitter:data1\" content=\"Nicolas Otto\" \/>\n\t<meta name=\"twitter:label2\" content=\"Est. tempo de leitura\" \/>\n\t<meta name=\"twitter:data2\" content=\"5 minutos\" \/>\n<!-- \/ Yoast SEO plugin. -->","yoast_head_json":{"title":"5 alimentos que duram para sempre se armazenados corretamente - Correio Braziliense - Radar","description":"Aprenda t\u00e9cnicas de conserva\u00e7\u00e3o que prolongam a validade de arroz, feij\u00e3o, mel, a\u00e7\u00facar e outros alimentos essenciais","robots":{"index":"index","follow":"follow","max-snippet":"max-snippet:-1","max-image-preview":"max-image-preview:large","max-video-preview":"max-video-preview:-1"},"canonical":"https:\/\/www.correiobraziliense.com.br\/cbradar\/5-alimentos-que-duram-para-sempre-se-armazenados-corretamente\/","og_locale":"pt_BR","og_type":"article","og_title":"5 alimentos que duram para sempre se armazenados corretamente - Correio Braziliense - Radar","og_description":"Aprenda t\u00e9cnicas de conserva\u00e7\u00e3o que prolongam a validade de arroz, feij\u00e3o, mel, a\u00e7\u00facar e outros alimentos essenciais","og_url":"https:\/\/www.correiobraziliense.com.br\/cbradar\/5-alimentos-que-duram-para-sempre-se-armazenados-corretamente\/","og_site_name":"Correio Braziliense - Radar","article_published_time":"2026-03-09T18:45:00+00:00","og_image":[{"width":1280,"height":721,"url":"https:\/\/www.correiobraziliense.com.br\/cbradar\/wp-content\/uploads\/2026\/03\/5-alimentos-que-duram-para-sempre-se-armazenados-c.png","type":"image\/png"}],"author":"Nicolas Otto","twitter_card":"summary_large_image","twitter_misc":{"Escrito por":"Nicolas Otto","Est. tempo de leitura":"5 minutos"},"schema":{"@context":"https:\/\/schema.org","@graph":[{"@type":"WebPage","@id":"https:\/\/www.correiobraziliense.com.br\/cbradar\/5-alimentos-que-duram-para-sempre-se-armazenados-corretamente\/","url":"https:\/\/www.correiobraziliense.com.br\/cbradar\/5-alimentos-que-duram-para-sempre-se-armazenados-corretamente\/","name":"5 alimentos que duram para sempre se armazenados corretamente - Correio Braziliense - Radar","isPartOf":{"@id":"https:\/\/www.correiobraziliense.com.br\/cbradar\/#website"},"primaryImageOfPage":{"@id":"https:\/\/www.correiobraziliense.com.br\/cbradar\/5-alimentos-que-duram-para-sempre-se-armazenados-corretamente\/#primaryimage"},"image":{"@id":"https:\/\/www.correiobraziliense.com.br\/cbradar\/5-alimentos-que-duram-para-sempre-se-armazenados-corretamente\/#primaryimage"},"thumbnailUrl":"https:\/\/www.correiobraziliense.com.br\/cbradar\/wp-content\/uploads\/2026\/03\/5-alimentos-que-duram-para-sempre-se-armazenados-c.png","datePublished":"2026-03-09T18:45:00+00:00","author":{"@id":"https:\/\/www.correiobraziliense.com.br\/cbradar\/#\/schema\/person\/3221b250518e74ac52c442d1c1236aaa"},"description":"Aprenda t\u00e9cnicas de conserva\u00e7\u00e3o que prolongam a validade de arroz, feij\u00e3o, mel, a\u00e7\u00facar e outros alimentos essenciais","breadcrumb":{"@id":"https:\/\/www.correiobraziliense.com.br\/cbradar\/5-alimentos-que-duram-para-sempre-se-armazenados-corretamente\/#breadcrumb"},"inLanguage":"pt-BR","potentialAction":[{"@type":"ReadAction","target":["https:\/\/www.correiobraziliense.com.br\/cbradar\/5-alimentos-que-duram-para-sempre-se-armazenados-corretamente\/"]}]},{"@type":"ImageObject","inLanguage":"pt-BR","@id":"https:\/\/www.correiobraziliense.com.br\/cbradar\/5-alimentos-que-duram-para-sempre-se-armazenados-corretamente\/#primaryimage","url":"https:\/\/www.correiobraziliense.com.br\/cbradar\/wp-content\/uploads\/2026\/03\/5-alimentos-que-duram-para-sempre-se-armazenados-c.png","contentUrl":"https:\/\/www.correiobraziliense.com.br\/cbradar\/wp-content\/uploads\/2026\/03\/5-alimentos-que-duram-para-sempre-se-armazenados-c.png","width":1280,"height":721,"caption":"Alimentos resistentes \u00e0 deteriora\u00e7\u00e3o: dicas de armazenamento e seguran\u00e7a"},{"@type":"BreadcrumbList","@id":"https:\/\/www.correiobraziliense.com.br\/cbradar\/5-alimentos-que-duram-para-sempre-se-armazenados-corretamente\/#breadcrumb","itemListElement":[{"@type":"ListItem","position":1,"name":"In\u00edcio","item":"https:\/\/www.correiobraziliense.com.br\/cbradar\/"},{"@type":"ListItem","position":2,"name":"5 alimentos que duram para sempre se armazenados corretamente"}]},{"@type":"WebSite","@id":"https:\/\/www.correiobraziliense.com.br\/cbradar\/#website","url":"https:\/\/www.correiobraziliense.com.br\/cbradar\/","name":"Correio Braziliense - Radar","description":"Acompanhe as \u00faltimas not\u00edcias e fique bem informado sobre tudo o que acontece no Brasil e no mundo.","potentialAction":[{"@type":"SearchAction","target":{"@type":"EntryPoint","urlTemplate":"https:\/\/www.correiobraziliense.com.br\/cbradar\/?s={search_term_string}"},"query-input":{"@type":"PropertyValueSpecification","valueRequired":true,"valueName":"search_term_string"}}],"inLanguage":"pt-BR"},{"@type":"Person","@id":"https:\/\/www.correiobraziliense.com.br\/cbradar\/#\/schema\/person\/3221b250518e74ac52c442d1c1236aaa","name":"Nicolas Otto","image":{"@type":"ImageObject","inLanguage":"pt-BR","@id":"https:\/\/www.correiobraziliense.com.br\/cbradar\/#\/schema\/person\/image\/","url":"https:\/\/secure.gravatar.com\/avatar\/05925f730d72f0ea0df144f236adfb18?s=96&d=mm&r=g","contentUrl":"https:\/\/secure.gravatar.com\/avatar\/05925f730d72f0ea0df144f236adfb18?s=96&d=mm&r=g","caption":"Nicolas Otto"},"sameAs":["https:\/\/www.correiobraziliense.com.br\/cbradar\/"],"url":"https:\/\/www.correiobraziliense.com.br\/cbradar\/author\/nicolas-otto\/"}]}},"_links":{"self":[{"href":"https:\/\/www.correiobraziliense.com.br\/cbradar\/wp-json\/wp\/v2\/posts\/203696","targetHints":{"allow":["GET"]}}],"collection":[{"href":"https:\/\/www.correiobraziliense.com.br\/cbradar\/wp-json\/wp\/v2\/posts"}],"about":[{"href":"https:\/\/www.correiobraziliense.com.br\/cbradar\/wp-json\/wp\/v2\/types\/post"}],"author":[{"embeddable":true,"href":"https:\/\/www.correiobraziliense.com.br\/cbradar\/wp-json\/wp\/v2\/users\/23"}],"replies":[{"embeddable":true,"href":"https:\/\/www.correiobraziliense.com.br\/cbradar\/wp-json\/wp\/v2\/comments?post=203696"}],"version-history":[{"count":2,"href":"https:\/\/www.correiobraziliense.com.br\/cbradar\/wp-json\/wp\/v2\/posts\/203696\/revisions"}],"predecessor-version":[{"id":204243,"href":"https:\/\/www.correiobraziliense.com.br\/cbradar\/wp-json\/wp\/v2\/posts\/203696\/revisions\/204243"}],"wp:featuredmedia":[{"embeddable":true,"href":"https:\/\/www.correiobraziliense.com.br\/cbradar\/wp-json\/wp\/v2\/media\/203697"}],"wp:attachment":[{"href":"https:\/\/www.correiobraziliense.com.br\/cbradar\/wp-json\/wp\/v2\/media?parent=203696"}],"wp:term":[{"taxonomy":"category","embeddable":true,"href":"https:\/\/www.correiobraziliense.com.br\/cbradar\/wp-json\/wp\/v2\/categories?post=203696"},{"taxonomy":"post_tag","embeddable":true,"href":"https:\/\/www.correiobraziliense.com.br\/cbradar\/wp-json\/wp\/v2\/tags?post=203696"}],"curies":[{"name":"wp","href":"https:\/\/api.w.org\/{rel}","templated":true}]}}