{"id":203700,"date":"2026-03-09T16:05:00","date_gmt":"2026-03-09T19:05:00","guid":{"rendered":"https:\/\/www.correiobraziliense.com.br\/cbradar\/?p=203700"},"modified":"2026-03-06T15:10:52","modified_gmt":"2026-03-06T18:10:52","slug":"como-fortalecer-sua-imunidade-em-7-dias-com-mudancas-simples-na-rotina","status":"publish","type":"post","link":"https:\/\/www.correiobraziliense.com.br\/cbradar\/como-fortalecer-sua-imunidade-em-7-dias-com-mudancas-simples-na-rotina\/","title":{"rendered":"Como fortalecer sua imunidade em 7 dias com mudan\u00e7as simples na rotina"},"content":{"rendered":"\n<p>Manter a imunidade elevada \u00e9 essencial para reduzir o risco de doen\u00e7as e otimizar a sa\u00fade geral. Pequenas mudan\u00e7as na rotina podem gerar resultados significativos em apenas uma semana, desde ajustes na alimenta\u00e7\u00e3o at\u00e9 h\u00e1bitos de sono e exerc\u00edcios f\u00edsicos. Com disciplina e planejamento, \u00e9 poss\u00edvel fortalecer o sistema imunol\u00f3gico e melhorar a resist\u00eancia do organismo sem precisar de solu\u00e7\u00f5es complexas ou medicamentos espec\u00edficos.<\/p>\n\n\n\n<h2 class=\"wp-block-heading\">Quais h\u00e1bitos prejudicam a imunidade rapidamente<\/h2>\n\n\n\n<p>A imunidade pode ser afetada por fatores simples do dia a dia. Priva\u00e7\u00e3o de <a href=\"https:\/\/www.correiobraziliense.com.br\/cbradar\/quais-sao-os-habitos-matinais-que-mais-ajudam-a-dormir-melhor-a-noite-segundo-especialistas-em-sono\/\" target=\"_blank\" rel=\"noreferrer noopener\">sono<\/a>, estresse constante e m\u00e1 alimenta\u00e7\u00e3o prejudicam a produ\u00e7\u00e3o de c\u00e9lulas de defesa e diminuem a resposta do organismo. Exposi\u00e7\u00e3o frequente a ambientes polu\u00eddos ou locais com grande aglomera\u00e7\u00e3o tamb\u00e9m aumenta o risco de infec\u00e7\u00f5es, mesmo em pessoas que t\u00eam h\u00e1bitos saud\u00e1veis regularmente, exigindo aten\u00e7\u00e3o a rotinas preventivas.<\/p>\n\n\n\n<p>Outro fator importante \u00e9 o consumo excessivo de \u00e1lcool e tabaco, que interfere diretamente na fun\u00e7\u00e3o imunol\u00f3gica. Estudos cient\u00edficos indicam que essas subst\u00e2ncias alteram a efic\u00e1cia de c\u00e9lulas imunol\u00f3gicas como linf\u00f3citos e macr\u00f3fagos. Para resultados consistentes, \u00e9 necess\u00e1rio combinar ajustes na alimenta\u00e7\u00e3o, atividade f\u00edsica e higiene para fortalecer a imunidade de forma sustent\u00e1vel e r\u00e1pida.<\/p>\n\n\n\n<figure class=\"wp-block-image size-full\"><img decoding=\"async\" width=\"1280\" height=\"720\" src=\"https:\/\/www.correiobraziliense.com.br\/cbradar\/wp-content\/uploads\/2026\/03\/Pessoa-fumando_1772748264753.jpg\" alt=\"Como fortalecer sua imunidade em 7 dias com mudan\u00e7as simples na rotina\" class=\"wp-image-203702\" srcset=\"https:\/\/www.correiobraziliense.com.br\/cbradar\/wp-content\/uploads\/2026\/03\/Pessoa-fumando_1772748264753.jpg 1280w, https:\/\/www.correiobraziliense.com.br\/cbradar\/wp-content\/uploads\/2026\/03\/Pessoa-fumando_1772748264753-300x169.jpg 300w, https:\/\/www.correiobraziliense.com.br\/cbradar\/wp-content\/uploads\/2026\/03\/Pessoa-fumando_1772748264753-768x432.jpg 768w, https:\/\/www.correiobraziliense.com.br\/cbradar\/wp-content\/uploads\/2026\/03\/Pessoa-fumando_1772748264753-750x422.jpg 750w, https:\/\/www.correiobraziliense.com.br\/cbradar\/wp-content\/uploads\/2026\/03\/Pessoa-fumando_1772748264753-1140x641.jpg 1140w\" sizes=\"(max-width: 1280px) 100vw, 1280px\" \/><figcaption class=\"wp-element-caption\">Fortale\u00e7a o sistema imunol\u00f3gico em 7 dias sem medicamentos &#8211; Cr\u00e9ditos: depositphotos.com \/ VitalikRadko<\/figcaption><\/figure>\n\n\n\n<h2 class=\"wp-block-heading\">Como a alimenta\u00e7\u00e3o influencia a defesa do organismo<\/h2>\n\n\n\n<p>A nutri\u00e7\u00e3o \u00e9 um pilar fundamental para a imunidade, fornecendo vitaminas, minerais e antioxidantes essenciais. Alimentos ricos em vitamina C, zinco e probi\u00f3ticos aumentam a resist\u00eancia contra infec\u00e7\u00f5es e estimulam a produ\u00e7\u00e3o de anticorpos. Consumir frutas, vegetais e alimentos fermentados regularmente garante que o organismo tenha suporte nutricional adequado para se defender de agentes externos nocivos.<\/p>\n\n\n\n<p>Al\u00e9m da escolha dos alimentos, a frequ\u00eancia e regularidade das refei\u00e7\u00f5es impactam diretamente o sistema imunol\u00f3gico. Manter hor\u00e1rios consistentes, evitar excesso de a\u00e7\u00facar e priorizar prote\u00ednas magras contribui para uma imunidade mais eficiente, permitindo que o corpo responda rapidamente a infec\u00e7\u00f5es e outras amea\u00e7as biol\u00f3gicas.<\/p>\n\n\n\n<h2 class=\"wp-block-heading\">Quais a\u00e7\u00f5es pr\u00e1ticas fortalecem a imunidade em 7 dias<\/h2>\n\n\n\n<p>Alguns h\u00e1bitos simples podem gerar efeitos vis\u00edveis em apenas uma semana. S\u00e3o mudan\u00e7as que combinam alimenta\u00e7\u00e3o, exerc\u00edcios e cuidados com o sono, promovendo um est\u00edmulo r\u00e1pido das defesas naturais do organismo. Para implementar essas medidas de forma pr\u00e1tica e eficiente, considere as seguintes a\u00e7\u00f5es:<\/p>\n\n\n\n<ul class=\"wp-block-list\">\n<li>Consumir frutas c\u00edtricas e vegetais ricos em antioxidantes<\/li>\n\n\n\n<li>Beber pelo menos 2 litros de \u00e1gua por dia<\/li>\n\n\n\n<li>Dormir de 7 a 8 horas por noite de forma regular<\/li>\n\n\n\n<li>Praticar exerc\u00edcios f\u00edsicos moderados diariamente<\/li>\n\n\n\n<li>Reduzir a\u00e7\u00facar e alimentos ultraprocessados na dieta<\/li>\n\n\n\n<li>Evitar consumo de \u00e1lcool e tabaco<\/li>\n\n\n\n<li>Praticar t\u00e9cnicas de relaxamento para reduzir estresse<\/li>\n<\/ul>\n\n\n\n<h2 class=\"wp-block-heading\">Quais cuidados com o sono ajudam o sistema imunol\u00f3gico<\/h2>\n\n\n\n<p>O sono \u00e9 determinante para o funcionamento das defesas do organismo. Durante o repouso, o corpo produz citocinas e c\u00e9lulas especializadas que combatem v\u00edrus e bact\u00e9rias. A qualidade do sono \u00e9 mais relevante do que a quantidade, sendo essencial criar um ambiente silencioso, escuro e confort\u00e1vel, que favore\u00e7a ciclos de descanso completos e regulares para maximizar a produ\u00e7\u00e3o de agentes imunol\u00f3gicos.<\/p>\n\n\n\n<p>Evitar eletr\u00f4nicos antes de dormir, manter hor\u00e1rios consistentes e limitar consumo de cafe\u00edna \u00e0 tarde contribuem para noites de sono mais restauradoras. Um corpo descansado responde de forma mais r\u00e1pida e eficiente a agentes infecciosos, fortalecendo a imunidade em curto per\u00edodo e reduzindo riscos de doen\u00e7as respirat\u00f3rias e outros problemas de sa\u00fade.<\/p>\n\n\n\n<p>Se voc\u00ea quer entender como o sono impacta sua sa\u00fade, este v\u00eddeo da<a href=\"https:\/\/www.youtube.com\/@dra.adrianamoro\" target=\"_blank\" rel=\"noreferrer noopener\"> <strong>Dra. Adriana Moro \u2013 Neurologia<\/strong><\/a>, com 51,3 mil subscritores, foi escolhido especialmente para voc\u00ea. Ele explica de forma clara a rela\u00e7\u00e3o entre dormir bem e o fortalecimento do sistema imunol\u00f3gico.<\/p>\n\n\n\n<figure class=\"wp-block-embed is-type-video is-provider-youtube wp-block-embed-youtube wp-embed-aspect-16-9 wp-has-aspect-ratio\"><div class=\"wp-block-embed__wrapper\">\n<div class=\"jeg_video_container jeg_video_content\"><iframe loading=\"lazy\" title=\"Sono melhora imunidade? | Adriana Moro \u2013 Neurologia\" width=\"500\" height=\"281\" src=\"https:\/\/www.youtube.com\/embed\/nK_87nPynwk?feature=oembed\" frameborder=\"0\" allow=\"accelerometer; autoplay; clipboard-write; encrypted-media; gyroscope; picture-in-picture; web-share\" referrerpolicy=\"strict-origin-when-cross-origin\" allowfullscreen><\/iframe><\/div>\n<\/div><\/figure>\n\n\n\n<h2 class=\"wp-block-heading\">Como o exerc\u00edcio f\u00edsico aumenta a resist\u00eancia do corpo<\/h2>\n\n\n\n<p>Atividade f\u00edsica regular melhora a circula\u00e7\u00e3o sangu\u00ednea e linf\u00e1tica, estimulando a mobiliza\u00e7\u00e3o de c\u00e9lulas de defesa. Exerc\u00edcios moderados ajudam na elimina\u00e7\u00e3o de toxinas e aumentam a produ\u00e7\u00e3o de anticorpos, fortalecendo a imunidade sem causar desgaste excessivo. Caminhadas, corridas leves e treinos funcionais s\u00e3o ideais para ativar o organismo e garantir prote\u00e7\u00e3o adequada contra infec\u00e7\u00f5es comuns.<\/p>\n\n\n\n<p>Praticar exerc\u00edcios combinados com h\u00e1bitos nutricionais e sono adequado potencializa os resultados. Pequenas mudan\u00e7as consistentes, realizadas durante sete dias, podem melhorar a resposta imunol\u00f3gica significativamente, promovendo sa\u00fade duradoura e preven\u00e7\u00e3o eficaz de doen\u00e7as sazonais e oportunistas.<\/p>\n","protected":false},"excerpt":{"rendered":"<p>Aprenda mudan\u00e7as pr\u00e1ticas para aumentar a resist\u00eancia do corpo rapidamente, sem rem\u00e9dios, em uma rotina semanal eficiente<\/p>\n","protected":false},"author":23,"featured_media":203701,"comment_status":"open","ping_status":"open","sticky":false,"template":"","format":"standard","meta":{"_yoast_wpseo_focuskw":"Fortalecer sua imunidade","_yoast_wpseo_title":"","_yoast_wpseo_metadesc":"Aprenda mudan\u00e7as pr\u00e1ticas para aumentar a resist\u00eancia do corpo rapidamente, sem rem\u00e9dios, em uma rotina semanal eficiente","jnews-multi-image_gallery":[],"jnews_single_post":{"format":"standard"},"jnews_primary_category":[],"jnews_social_meta":[],"jnews_override_counter":[],"footnotes":""},"categories":[4404],"post_tag":[4835,784,1318],"class_list":["post-203700","post","type-post","status-publish","format-standard","has-post-thumbnail","hentry","category-saude","tag-imunidade","tag-rotina","tag-saude-2"],"yoast_head":"<!-- This site is optimized with the Yoast SEO plugin v24.6 - https:\/\/yoast.com\/wordpress\/plugins\/seo\/ -->\n<title>Como fortalecer sua imunidade em 7 dias com mudan\u00e7as simples na rotina - Correio Braziliense - Radar<\/title>\n<meta name=\"description\" content=\"Aprenda mudan\u00e7as pr\u00e1ticas para aumentar a resist\u00eancia do corpo rapidamente, sem rem\u00e9dios, em uma rotina semanal eficiente\" \/>\n<meta name=\"robots\" content=\"index, follow, max-snippet:-1, max-image-preview:large, max-video-preview:-1\" \/>\n<link rel=\"canonical\" href=\"https:\/\/www.correiobraziliense.com.br\/cbradar\/como-fortalecer-sua-imunidade-em-7-dias-com-mudancas-simples-na-rotina\/\" \/>\n<meta property=\"og:locale\" content=\"pt_BR\" \/>\n<meta property=\"og:type\" content=\"article\" \/>\n<meta property=\"og:title\" content=\"Como fortalecer sua imunidade em 7 dias com mudan\u00e7as simples na rotina - Correio Braziliense - Radar\" \/>\n<meta property=\"og:description\" content=\"Aprenda mudan\u00e7as pr\u00e1ticas para aumentar a resist\u00eancia do corpo rapidamente, sem rem\u00e9dios, em uma rotina semanal eficiente\" \/>\n<meta property=\"og:url\" content=\"https:\/\/www.correiobraziliense.com.br\/cbradar\/como-fortalecer-sua-imunidade-em-7-dias-com-mudancas-simples-na-rotina\/\" \/>\n<meta property=\"og:site_name\" content=\"Correio Braziliense - Radar\" \/>\n<meta property=\"article:published_time\" content=\"2026-03-09T19:05:00+00:00\" \/>\n<meta property=\"og:image\" content=\"https:\/\/www.correiobraziliense.com.br\/cbradar\/wp-content\/uploads\/2026\/03\/imunidade_1772748211534.jpg\" \/>\n\t<meta property=\"og:image:width\" content=\"1280\" \/>\n\t<meta property=\"og:image:height\" content=\"720\" \/>\n\t<meta property=\"og:image:type\" content=\"image\/jpeg\" \/>\n<meta name=\"author\" content=\"Nicolas Otto\" \/>\n<meta name=\"twitter:card\" content=\"summary_large_image\" \/>\n<meta name=\"twitter:label1\" content=\"Escrito por\" \/>\n\t<meta name=\"twitter:data1\" content=\"Nicolas Otto\" \/>\n\t<meta name=\"twitter:label2\" content=\"Est. tempo de leitura\" \/>\n\t<meta name=\"twitter:data2\" content=\"5 minutos\" \/>\n<!-- \/ Yoast SEO plugin. -->","yoast_head_json":{"title":"Como fortalecer sua imunidade em 7 dias com mudan\u00e7as simples na rotina - Correio Braziliense - Radar","description":"Aprenda mudan\u00e7as pr\u00e1ticas para aumentar a resist\u00eancia do corpo rapidamente, sem rem\u00e9dios, em uma rotina semanal eficiente","robots":{"index":"index","follow":"follow","max-snippet":"max-snippet:-1","max-image-preview":"max-image-preview:large","max-video-preview":"max-video-preview:-1"},"canonical":"https:\/\/www.correiobraziliense.com.br\/cbradar\/como-fortalecer-sua-imunidade-em-7-dias-com-mudancas-simples-na-rotina\/","og_locale":"pt_BR","og_type":"article","og_title":"Como fortalecer sua imunidade em 7 dias com mudan\u00e7as simples na rotina - Correio Braziliense - Radar","og_description":"Aprenda mudan\u00e7as pr\u00e1ticas para aumentar a resist\u00eancia do corpo rapidamente, sem rem\u00e9dios, em uma rotina semanal eficiente","og_url":"https:\/\/www.correiobraziliense.com.br\/cbradar\/como-fortalecer-sua-imunidade-em-7-dias-com-mudancas-simples-na-rotina\/","og_site_name":"Correio Braziliense - Radar","article_published_time":"2026-03-09T19:05:00+00:00","og_image":[{"width":1280,"height":720,"url":"https:\/\/www.correiobraziliense.com.br\/cbradar\/wp-content\/uploads\/2026\/03\/imunidade_1772748211534.jpg","type":"image\/jpeg"}],"author":"Nicolas Otto","twitter_card":"summary_large_image","twitter_misc":{"Escrito por":"Nicolas Otto","Est. tempo de leitura":"5 minutos"},"schema":{"@context":"https:\/\/schema.org","@graph":[{"@type":"WebPage","@id":"https:\/\/www.correiobraziliense.com.br\/cbradar\/como-fortalecer-sua-imunidade-em-7-dias-com-mudancas-simples-na-rotina\/","url":"https:\/\/www.correiobraziliense.com.br\/cbradar\/como-fortalecer-sua-imunidade-em-7-dias-com-mudancas-simples-na-rotina\/","name":"Como fortalecer sua imunidade em 7 dias com mudan\u00e7as simples na rotina - Correio Braziliense - Radar","isPartOf":{"@id":"https:\/\/www.correiobraziliense.com.br\/cbradar\/#website"},"primaryImageOfPage":{"@id":"https:\/\/www.correiobraziliense.com.br\/cbradar\/como-fortalecer-sua-imunidade-em-7-dias-com-mudancas-simples-na-rotina\/#primaryimage"},"image":{"@id":"https:\/\/www.correiobraziliense.com.br\/cbradar\/como-fortalecer-sua-imunidade-em-7-dias-com-mudancas-simples-na-rotina\/#primaryimage"},"thumbnailUrl":"https:\/\/www.correiobraziliense.com.br\/cbradar\/wp-content\/uploads\/2026\/03\/imunidade_1772748211534.jpg","datePublished":"2026-03-09T19:05:00+00:00","author":{"@id":"https:\/\/www.correiobraziliense.com.br\/cbradar\/#\/schema\/person\/3221b250518e74ac52c442d1c1236aaa"},"description":"Aprenda mudan\u00e7as pr\u00e1ticas para aumentar a resist\u00eancia do corpo rapidamente, sem rem\u00e9dios, em uma rotina semanal eficiente","breadcrumb":{"@id":"https:\/\/www.correiobraziliense.com.br\/cbradar\/como-fortalecer-sua-imunidade-em-7-dias-com-mudancas-simples-na-rotina\/#breadcrumb"},"inLanguage":"pt-BR","potentialAction":[{"@type":"ReadAction","target":["https:\/\/www.correiobraziliense.com.br\/cbradar\/como-fortalecer-sua-imunidade-em-7-dias-com-mudancas-simples-na-rotina\/"]}]},{"@type":"ImageObject","inLanguage":"pt-BR","@id":"https:\/\/www.correiobraziliense.com.br\/cbradar\/como-fortalecer-sua-imunidade-em-7-dias-com-mudancas-simples-na-rotina\/#primaryimage","url":"https:\/\/www.correiobraziliense.com.br\/cbradar\/wp-content\/uploads\/2026\/03\/imunidade_1772748211534.jpg","contentUrl":"https:\/\/www.correiobraziliense.com.br\/cbradar\/wp-content\/uploads\/2026\/03\/imunidade_1772748211534.jpg","width":1280,"height":720,"caption":"Fortale\u00e7a o sistema imunol\u00f3gico em 7 dias sem medicamentos - Cr\u00e9ditos: depositphotos.com \/ maryviolet"},{"@type":"BreadcrumbList","@id":"https:\/\/www.correiobraziliense.com.br\/cbradar\/como-fortalecer-sua-imunidade-em-7-dias-com-mudancas-simples-na-rotina\/#breadcrumb","itemListElement":[{"@type":"ListItem","position":1,"name":"In\u00edcio","item":"https:\/\/www.correiobraziliense.com.br\/cbradar\/"},{"@type":"ListItem","position":2,"name":"Como fortalecer sua imunidade em 7 dias com mudan\u00e7as simples na rotina"}]},{"@type":"WebSite","@id":"https:\/\/www.correiobraziliense.com.br\/cbradar\/#website","url":"https:\/\/www.correiobraziliense.com.br\/cbradar\/","name":"Correio Braziliense - Radar","description":"Acompanhe as \u00faltimas not\u00edcias e fique bem informado sobre tudo o que acontece no Brasil e no mundo.","potentialAction":[{"@type":"SearchAction","target":{"@type":"EntryPoint","urlTemplate":"https:\/\/www.correiobraziliense.com.br\/cbradar\/?s={search_term_string}"},"query-input":{"@type":"PropertyValueSpecification","valueRequired":true,"valueName":"search_term_string"}}],"inLanguage":"pt-BR"},{"@type":"Person","@id":"https:\/\/www.correiobraziliense.com.br\/cbradar\/#\/schema\/person\/3221b250518e74ac52c442d1c1236aaa","name":"Nicolas Otto","image":{"@type":"ImageObject","inLanguage":"pt-BR","@id":"https:\/\/www.correiobraziliense.com.br\/cbradar\/#\/schema\/person\/image\/","url":"https:\/\/secure.gravatar.com\/avatar\/05925f730d72f0ea0df144f236adfb18?s=96&d=mm&r=g","contentUrl":"https:\/\/secure.gravatar.com\/avatar\/05925f730d72f0ea0df144f236adfb18?s=96&d=mm&r=g","caption":"Nicolas Otto"},"sameAs":["https:\/\/www.correiobraziliense.com.br\/cbradar\/"],"url":"https:\/\/www.correiobraziliense.com.br\/cbradar\/author\/nicolas-otto\/"}]}},"_links":{"self":[{"href":"https:\/\/www.correiobraziliense.com.br\/cbradar\/wp-json\/wp\/v2\/posts\/203700","targetHints":{"allow":["GET"]}}],"collection":[{"href":"https:\/\/www.correiobraziliense.com.br\/cbradar\/wp-json\/wp\/v2\/posts"}],"about":[{"href":"https:\/\/www.correiobraziliense.com.br\/cbradar\/wp-json\/wp\/v2\/types\/post"}],"author":[{"embeddable":true,"href":"https:\/\/www.correiobraziliense.com.br\/cbradar\/wp-json\/wp\/v2\/users\/23"}],"replies":[{"embeddable":true,"href":"https:\/\/www.correiobraziliense.com.br\/cbradar\/wp-json\/wp\/v2\/comments?post=203700"}],"version-history":[{"count":2,"href":"https:\/\/www.correiobraziliense.com.br\/cbradar\/wp-json\/wp\/v2\/posts\/203700\/revisions"}],"predecessor-version":[{"id":204242,"href":"https:\/\/www.correiobraziliense.com.br\/cbradar\/wp-json\/wp\/v2\/posts\/203700\/revisions\/204242"}],"wp:featuredmedia":[{"embeddable":true,"href":"https:\/\/www.correiobraziliense.com.br\/cbradar\/wp-json\/wp\/v2\/media\/203701"}],"wp:attachment":[{"href":"https:\/\/www.correiobraziliense.com.br\/cbradar\/wp-json\/wp\/v2\/media?parent=203700"}],"wp:term":[{"taxonomy":"category","embeddable":true,"href":"https:\/\/www.correiobraziliense.com.br\/cbradar\/wp-json\/wp\/v2\/categories?post=203700"},{"taxonomy":"post_tag","embeddable":true,"href":"https:\/\/www.correiobraziliense.com.br\/cbradar\/wp-json\/wp\/v2\/post_tag?post=203700"}],"curies":[{"name":"wp","href":"https:\/\/api.w.org\/{rel}","templated":true}]}}