{"id":203718,"date":"2026-03-09T17:05:00","date_gmt":"2026-03-09T20:05:00","guid":{"rendered":"https:\/\/www.correiobraziliense.com.br\/cbradar\/?p=203718"},"modified":"2026-03-05T19:38:15","modified_gmt":"2026-03-05T22:38:15","slug":"7-tracos-de-personalidade-que-indicam-que-sua-inteligencia-e-acima-da-media","status":"publish","type":"post","link":"https:\/\/www.correiobraziliense.com.br\/cbradar\/7-tracos-de-personalidade-que-indicam-que-sua-inteligencia-e-acima-da-media\/","title":{"rendered":"7 tra\u00e7os de personalidade que indicam que sua intelig\u00eancia \u00e9 acima da m\u00e9dia"},"content":{"rendered":"\n<p>A intelig\u00eancia humana envolve mais do que desempenho acad\u00eamico ou resultados em testes. Pesquisas em <strong>Psicologia Cognitiva<\/strong> indicam que certos comportamentos e tra\u00e7os de personalidade costumam aparecer com maior frequ\u00eancia em pessoas com racioc\u00ednio anal\u00edtico avan\u00e7ado. Esses sinais surgem no cotidiano, na forma de curiosidade constante, reflex\u00e3o profunda e interesse cont\u00ednuo por aprendizado e resolu\u00e7\u00e3o de problemas complexos.<\/p>\n\n\n\n<h2 class=\"wp-block-heading\">O que caracteriza uma intelig\u00eancia acima da m\u00e9dia<\/h2>\n\n\n\n<p>Especialistas em <a href=\"https:\/\/www.correiobraziliense.com.br\/cbradar\/coisas-que-as-criancas-notam-na-relacao-entre-os-pais-mesmo-quando-ninguem-comenta-segundo-a-psicologia\/\" target=\"_blank\" rel=\"noreferrer noopener\"><strong>psicologia<\/strong> <\/a>explicam que intelig\u00eancia elevada est\u00e1 associada \u00e0 capacidade de interpretar informa\u00e7\u00f5es, identificar padr\u00f5es e tomar decis\u00f5es com base em an\u00e1lise cuidadosa. Pessoas com esse perfil costumam refletir antes de agir, avaliar diferentes perspectivas e demonstrar forte interesse por temas variados.<\/p>\n\n\n\n<p>Outro aspecto comum envolve a habilidade de aprender rapidamente e adaptar estrat\u00e9gias diante de novos desafios. Essa flexibilidade cognitiva permite compreender problemas complexos e encontrar solu\u00e7\u00f5es criativas, caracter\u00edsticas frequentemente observadas em indiv\u00edduos com desempenho intelectual superior.<\/p>\n\n\n\n<figure class=\"wp-block-image size-large\"><img decoding=\"async\" width=\"1278\" height=\"720\" src=\"https:\/\/www.correiobraziliense.com.br\/cbradar\/wp-content\/uploads\/2026\/03\/tracos-de-personalidade-que-indicam-que-sua-inteli-1-1278x720.png\" alt=\"7 tra\u00e7os de personalidade que indicam que sua intelig\u00eancia \u00e9 acima da m\u00e9dia\" class=\"wp-image-203720\" srcset=\"https:\/\/www.correiobraziliense.com.br\/cbradar\/wp-content\/uploads\/2026\/03\/tracos-de-personalidade-que-indicam-que-sua-inteli-1-1278x720.png 1278w, https:\/\/www.correiobraziliense.com.br\/cbradar\/wp-content\/uploads\/2026\/03\/tracos-de-personalidade-que-indicam-que-sua-inteli-1-300x169.png 300w, https:\/\/www.correiobraziliense.com.br\/cbradar\/wp-content\/uploads\/2026\/03\/tracos-de-personalidade-que-indicam-que-sua-inteli-1-768x433.png 768w, https:\/\/www.correiobraziliense.com.br\/cbradar\/wp-content\/uploads\/2026\/03\/tracos-de-personalidade-que-indicam-que-sua-inteli-1-750x422.png 750w, https:\/\/www.correiobraziliense.com.br\/cbradar\/wp-content\/uploads\/2026\/03\/tracos-de-personalidade-que-indicam-que-sua-inteli-1-1140x642.png 1140w, https:\/\/www.correiobraziliense.com.br\/cbradar\/wp-content\/uploads\/2026\/03\/tracos-de-personalidade-que-indicam-que-sua-inteli-1.png 1280w\" sizes=\"(max-width: 1278px) 100vw, 1278px\" \/><figcaption class=\"wp-element-caption\">Pessoas inteligentes costumam ter esses 7 comportamentos<\/figcaption><\/figure>\n\n\n\n<h2 class=\"wp-block-heading\">A curiosidade constante pode indicar maior capacidade intelectual<\/h2>\n\n\n\n<p>A curiosidade intelectual \u00e9 considerada um dos motores do aprendizado. Pesquisadores da <strong>Universidade de Cambridge<\/strong> destacam que o interesse cont\u00ednuo por novas informa\u00e7\u00f5es estimula conex\u00f5es neurais e fortalece a mem\u00f3ria, favorecendo o desenvolvimento de habilidades cognitivas ao longo da vida.<\/p>\n\n\n\n<p>Pessoas com forte curiosidade costumam fazer perguntas frequentes, analisar detalhes e buscar explica\u00e7\u00f5es mais profundas sobre diversos temas. Esse comportamento amplia o repert\u00f3rio de conhecimento e fortalece a capacidade de relacionar ideias distintas, algo frequentemente associado a n\u00edveis elevados de intelig\u00eancia.<\/p>\n\n\n\n<h2 class=\"wp-block-heading\">Quais tra\u00e7os de personalidade aparecem com mais frequ\u00eancia<\/h2>\n\n\n\n<p>Diversos estudos em <strong>Psicologia Cognitiva<\/strong> identificam padr\u00f5es comportamentais comuns em pessoas com racioc\u00ednio anal\u00edtico avan\u00e7ado. Esses tra\u00e7os n\u00e3o definem intelig\u00eancia de forma absoluta, por\u00e9m aparecem com maior frequ\u00eancia em indiv\u00edduos que demonstram alto desempenho intelectual e forte capacidade de reflex\u00e3o cr\u00edtica.<\/p>\n\n\n\n<p>Alguns tra\u00e7os frequentemente observados incluem:<\/p>\n\n\n\n<ul class=\"wp-block-list\">\n<li><strong>Curiosidade intelectual intensa<\/strong> e busca constante por conhecimento<\/li>\n\n\n\n<li><strong>Pensamento anal\u00edtico<\/strong> ao avaliar problemas e situa\u00e7\u00f5es complexas<\/li>\n\n\n\n<li><strong>Autocr\u00edtica equilibrada<\/strong>, com reflex\u00e3o sobre erros e decis\u00f5es<\/li>\n\n\n\n<li><strong>Apre\u00e7o por leitura e aprendizado cont\u00ednuo<\/strong><\/li>\n\n\n\n<li><strong>Capacidade de concentra\u00e7\u00e3o prolongada<\/strong> em atividades desafiadoras<\/li>\n\n\n\n<li><strong>Observa\u00e7\u00e3o detalhada do ambiente e das pessoas<\/strong><\/li>\n\n\n\n<li><strong>Interesse por discuss\u00f5es profundas e troca de ideias<\/strong><\/li>\n<\/ul>\n\n\n\n<h2 class=\"wp-block-heading\">Por que pessoas inteligentes tendem a refletir mais antes de agir<\/h2>\n\n\n\n<p>A reflex\u00e3o cuidadosa \u00e9 um comportamento comum em indiv\u00edduos com forte capacidade anal\u00edtica. Esse processo envolve avaliar informa\u00e7\u00f5es, considerar diferentes cen\u00e1rios e antecipar poss\u00edveis consequ\u00eancias antes de tomar decis\u00f5es, o que reduz erros e aumenta a efici\u00eancia das escolhas.<\/p>\n\n\n\n<p>Al\u00e9m disso, o pensamento reflexivo permite organizar ideias de forma estruturada e construir argumentos consistentes. Esse h\u00e1bito tamb\u00e9m favorece a resolu\u00e7\u00e3o de problemas complexos, pois incentiva a an\u00e1lise detalhada de fatores que muitas vezes passam despercebidos em decis\u00f5es impulsivas.<\/p>\n\n\n\n<p>Se voc\u00ea gosta de entender melhor como a mente funciona e reconhecer sinais de alta intelig\u00eancia, este v\u00eddeo do canal <strong><a href=\"https:\/\/www.youtube.com\/@ProativaMente\" target=\"_blank\" rel=\"noreferrer noopener\">ProativaMente<\/a><\/strong>, com 669 mil subscritores, foi escolhido especialmente para voc\u00ea. Ele apresenta 15 sinais curiosos que podem indicar um n\u00edvel de intelig\u00eancia acima da m\u00e9dia.<\/p>\n\n\n\n<figure class=\"wp-block-embed is-type-video is-provider-youtube wp-block-embed-youtube wp-embed-aspect-16-9 wp-has-aspect-ratio\"><div class=\"wp-block-embed__wrapper\">\n<div class=\"jeg_video_container jeg_video_content\"><iframe loading=\"lazy\" title=\"15 Sinais de Que Voc\u00ea \u00e9 Muito Inteligente.\" width=\"500\" height=\"281\" src=\"https:\/\/www.youtube.com\/embed\/Nap5t9NBJfQ?feature=oembed\" frameborder=\"0\" allow=\"accelerometer; autoplay; clipboard-write; encrypted-media; gyroscope; picture-in-picture; web-share\" referrerpolicy=\"strict-origin-when-cross-origin\" allowfullscreen><\/iframe><\/div>\n<\/div><\/figure>\n\n\n\n<h2 class=\"wp-block-heading\">A intelig\u00eancia tamb\u00e9m est\u00e1 ligada ao h\u00e1bito de aprender continuamente<\/h2>\n\n\n\n<p>Indiv\u00edduos com intelig\u00eancia acima da m\u00e9dia costumam demonstrar interesse constante por aprendizado. Esse comportamento inclui leitura frequente, an\u00e1lise de diferentes \u00e1reas do conhecimento e participa\u00e7\u00e3o ativa em debates que estimulam racioc\u00ednio cr\u00edtico e expans\u00e3o intelectual.<\/p>\n\n\n\n<p>O aprendizado cont\u00ednuo fortalece conex\u00f5es cognitivas e amplia a capacidade de interpretar informa\u00e7\u00f5es complexas. Ao manter contato frequente com novas ideias e perspectivas, essas pessoas desenvolvem habilidades anal\u00edticas mais refinadas e mant\u00eam o c\u00e9rebro em constante atividade ao longo da vida.<\/p>\n","protected":false},"excerpt":{"rendered":"<p>Curiosidade intensa, reflex\u00e3o profunda e aprendizado cont\u00ednuo est\u00e3o entre os sinais de intelig\u00eancia elevada. Conhe\u00e7a os principais<\/p>\n","protected":false},"author":23,"featured_media":203719,"comment_status":"open","ping_status":"open","sticky":false,"template":"","format":"standard","meta":{"_yoast_wpseo_focuskw":"Tra\u00e7os de personalidade","_yoast_wpseo_title":"","_yoast_wpseo_metadesc":"Curiosidade intensa, reflex\u00e3o profunda e aprendizado cont\u00ednuo est\u00e3o entre os sinais de intelig\u00eancia elevada. Conhe\u00e7a os principais","jnews-multi-image_gallery":[],"jnews_single_post":{"format":"standard"},"jnews_primary_category":[],"jnews_social_meta":[],"jnews_override_counter":[],"footnotes":""},"categories":[112],"tags":[144,4162,4400],"class_list":["post-203718","post","type-post","status-publish","format-standard","has-post-thumbnail","hentry","category-curiosidades","tag-curiosidades","tag-inteligencia","tag-personalidade"],"yoast_head":"<!-- This site is optimized with the Yoast SEO plugin v24.6 - https:\/\/yoast.com\/wordpress\/plugins\/seo\/ -->\n<title>7 tra\u00e7os de personalidade que indicam que sua intelig\u00eancia \u00e9 acima da m\u00e9dia - Correio Braziliense - Radar<\/title>\n<meta name=\"description\" content=\"Curiosidade intensa, reflex\u00e3o profunda e aprendizado cont\u00ednuo est\u00e3o entre os sinais de intelig\u00eancia elevada. Conhe\u00e7a os principais\" \/>\n<meta name=\"robots\" content=\"index, follow, max-snippet:-1, max-image-preview:large, max-video-preview:-1\" \/>\n<link rel=\"canonical\" href=\"https:\/\/www.correiobraziliense.com.br\/cbradar\/7-tracos-de-personalidade-que-indicam-que-sua-inteligencia-e-acima-da-media\/\" \/>\n<meta property=\"og:locale\" content=\"pt_BR\" \/>\n<meta property=\"og:type\" content=\"article\" \/>\n<meta property=\"og:title\" content=\"7 tra\u00e7os de personalidade que indicam que sua intelig\u00eancia \u00e9 acima da m\u00e9dia - Correio Braziliense - Radar\" \/>\n<meta property=\"og:description\" content=\"Curiosidade intensa, reflex\u00e3o profunda e aprendizado cont\u00ednuo est\u00e3o entre os sinais de intelig\u00eancia elevada. Conhe\u00e7a os principais\" \/>\n<meta property=\"og:url\" content=\"https:\/\/www.correiobraziliense.com.br\/cbradar\/7-tracos-de-personalidade-que-indicam-que-sua-inteligencia-e-acima-da-media\/\" \/>\n<meta property=\"og:site_name\" content=\"Correio Braziliense - Radar\" \/>\n<meta property=\"article:published_time\" content=\"2026-03-09T20:05:00+00:00\" \/>\n<meta property=\"og:image\" content=\"https:\/\/www.correiobraziliense.com.br\/cbradar\/wp-content\/uploads\/2026\/03\/tracos-de-personalidade-que-indicam-que-sua-inteli.png\" \/>\n\t<meta property=\"og:image:width\" content=\"1280\" \/>\n\t<meta property=\"og:image:height\" content=\"721\" \/>\n\t<meta property=\"og:image:type\" content=\"image\/png\" \/>\n<meta name=\"author\" content=\"Nicolas Otto\" \/>\n<meta name=\"twitter:card\" content=\"summary_large_image\" \/>\n<meta name=\"twitter:label1\" content=\"Escrito por\" \/>\n\t<meta name=\"twitter:data1\" content=\"Nicolas Otto\" \/>\n\t<meta name=\"twitter:label2\" content=\"Est. tempo de leitura\" \/>\n\t<meta name=\"twitter:data2\" content=\"4 minutos\" \/>\n<!-- \/ Yoast SEO plugin. -->","yoast_head_json":{"title":"7 tra\u00e7os de personalidade que indicam que sua intelig\u00eancia \u00e9 acima da m\u00e9dia - Correio Braziliense - Radar","description":"Curiosidade intensa, reflex\u00e3o profunda e aprendizado cont\u00ednuo est\u00e3o entre os sinais de intelig\u00eancia elevada. Conhe\u00e7a os principais","robots":{"index":"index","follow":"follow","max-snippet":"max-snippet:-1","max-image-preview":"max-image-preview:large","max-video-preview":"max-video-preview:-1"},"canonical":"https:\/\/www.correiobraziliense.com.br\/cbradar\/7-tracos-de-personalidade-que-indicam-que-sua-inteligencia-e-acima-da-media\/","og_locale":"pt_BR","og_type":"article","og_title":"7 tra\u00e7os de personalidade que indicam que sua intelig\u00eancia \u00e9 acima da m\u00e9dia - Correio Braziliense - Radar","og_description":"Curiosidade intensa, reflex\u00e3o profunda e aprendizado cont\u00ednuo est\u00e3o entre os sinais de intelig\u00eancia elevada. Conhe\u00e7a os principais","og_url":"https:\/\/www.correiobraziliense.com.br\/cbradar\/7-tracos-de-personalidade-que-indicam-que-sua-inteligencia-e-acima-da-media\/","og_site_name":"Correio Braziliense - Radar","article_published_time":"2026-03-09T20:05:00+00:00","og_image":[{"width":1280,"height":721,"url":"https:\/\/www.correiobraziliense.com.br\/cbradar\/wp-content\/uploads\/2026\/03\/tracos-de-personalidade-que-indicam-que-sua-inteli.png","type":"image\/png"}],"author":"Nicolas Otto","twitter_card":"summary_large_image","twitter_misc":{"Escrito por":"Nicolas Otto","Est. tempo de leitura":"4 minutos"},"schema":{"@context":"https:\/\/schema.org","@graph":[{"@type":"WebPage","@id":"https:\/\/www.correiobraziliense.com.br\/cbradar\/7-tracos-de-personalidade-que-indicam-que-sua-inteligencia-e-acima-da-media\/","url":"https:\/\/www.correiobraziliense.com.br\/cbradar\/7-tracos-de-personalidade-que-indicam-que-sua-inteligencia-e-acima-da-media\/","name":"7 tra\u00e7os de personalidade que indicam que sua intelig\u00eancia \u00e9 acima da m\u00e9dia - Correio Braziliense - Radar","isPartOf":{"@id":"https:\/\/www.correiobraziliense.com.br\/cbradar\/#website"},"primaryImageOfPage":{"@id":"https:\/\/www.correiobraziliense.com.br\/cbradar\/7-tracos-de-personalidade-que-indicam-que-sua-inteligencia-e-acima-da-media\/#primaryimage"},"image":{"@id":"https:\/\/www.correiobraziliense.com.br\/cbradar\/7-tracos-de-personalidade-que-indicam-que-sua-inteligencia-e-acima-da-media\/#primaryimage"},"thumbnailUrl":"https:\/\/www.correiobraziliense.com.br\/cbradar\/wp-content\/uploads\/2026\/03\/tracos-de-personalidade-que-indicam-que-sua-inteli.png","datePublished":"2026-03-09T20:05:00+00:00","author":{"@id":"https:\/\/www.correiobraziliense.com.br\/cbradar\/#\/schema\/person\/3221b250518e74ac52c442d1c1236aaa"},"description":"Curiosidade intensa, reflex\u00e3o profunda e aprendizado cont\u00ednuo est\u00e3o entre os sinais de intelig\u00eancia elevada. Conhe\u00e7a os principais","breadcrumb":{"@id":"https:\/\/www.correiobraziliense.com.br\/cbradar\/7-tracos-de-personalidade-que-indicam-que-sua-inteligencia-e-acima-da-media\/#breadcrumb"},"inLanguage":"pt-BR","potentialAction":[{"@type":"ReadAction","target":["https:\/\/www.correiobraziliense.com.br\/cbradar\/7-tracos-de-personalidade-que-indicam-que-sua-inteligencia-e-acima-da-media\/"]}]},{"@type":"ImageObject","inLanguage":"pt-BR","@id":"https:\/\/www.correiobraziliense.com.br\/cbradar\/7-tracos-de-personalidade-que-indicam-que-sua-inteligencia-e-acima-da-media\/#primaryimage","url":"https:\/\/www.correiobraziliense.com.br\/cbradar\/wp-content\/uploads\/2026\/03\/tracos-de-personalidade-que-indicam-que-sua-inteli.png","contentUrl":"https:\/\/www.correiobraziliense.com.br\/cbradar\/wp-content\/uploads\/2026\/03\/tracos-de-personalidade-que-indicam-que-sua-inteli.png","width":1280,"height":721,"caption":"Pessoas inteligentes costumam ter esses 7 comportamentos"},{"@type":"BreadcrumbList","@id":"https:\/\/www.correiobraziliense.com.br\/cbradar\/7-tracos-de-personalidade-que-indicam-que-sua-inteligencia-e-acima-da-media\/#breadcrumb","itemListElement":[{"@type":"ListItem","position":1,"name":"In\u00edcio","item":"https:\/\/www.correiobraziliense.com.br\/cbradar\/"},{"@type":"ListItem","position":2,"name":"7 tra\u00e7os de personalidade que indicam que sua intelig\u00eancia \u00e9 acima da m\u00e9dia"}]},{"@type":"WebSite","@id":"https:\/\/www.correiobraziliense.com.br\/cbradar\/#website","url":"https:\/\/www.correiobraziliense.com.br\/cbradar\/","name":"Correio Braziliense - Radar","description":"Acompanhe as \u00faltimas not\u00edcias e fique bem informado sobre tudo o que acontece no Brasil e no mundo.","potentialAction":[{"@type":"SearchAction","target":{"@type":"EntryPoint","urlTemplate":"https:\/\/www.correiobraziliense.com.br\/cbradar\/?s={search_term_string}"},"query-input":{"@type":"PropertyValueSpecification","valueRequired":true,"valueName":"search_term_string"}}],"inLanguage":"pt-BR"},{"@type":"Person","@id":"https:\/\/www.correiobraziliense.com.br\/cbradar\/#\/schema\/person\/3221b250518e74ac52c442d1c1236aaa","name":"Nicolas Otto","image":{"@type":"ImageObject","inLanguage":"pt-BR","@id":"https:\/\/www.correiobraziliense.com.br\/cbradar\/#\/schema\/person\/image\/","url":"https:\/\/secure.gravatar.com\/avatar\/05925f730d72f0ea0df144f236adfb18?s=96&d=mm&r=g","contentUrl":"https:\/\/secure.gravatar.com\/avatar\/05925f730d72f0ea0df144f236adfb18?s=96&d=mm&r=g","caption":"Nicolas Otto"},"sameAs":["https:\/\/www.correiobraziliense.com.br\/cbradar\/"],"url":"https:\/\/www.correiobraziliense.com.br\/cbradar\/author\/nicolas-otto\/"}]}},"_links":{"self":[{"href":"https:\/\/www.correiobraziliense.com.br\/cbradar\/wp-json\/wp\/v2\/posts\/203718","targetHints":{"allow":["GET"]}}],"collection":[{"href":"https:\/\/www.correiobraziliense.com.br\/cbradar\/wp-json\/wp\/v2\/posts"}],"about":[{"href":"https:\/\/www.correiobraziliense.com.br\/cbradar\/wp-json\/wp\/v2\/types\/post"}],"author":[{"embeddable":true,"href":"https:\/\/www.correiobraziliense.com.br\/cbradar\/wp-json\/wp\/v2\/users\/23"}],"replies":[{"embeddable":true,"href":"https:\/\/www.correiobraziliense.com.br\/cbradar\/wp-json\/wp\/v2\/comments?post=203718"}],"version-history":[{"count":1,"href":"https:\/\/www.correiobraziliense.com.br\/cbradar\/wp-json\/wp\/v2\/posts\/203718\/revisions"}],"predecessor-version":[{"id":203721,"href":"https:\/\/www.correiobraziliense.com.br\/cbradar\/wp-json\/wp\/v2\/posts\/203718\/revisions\/203721"}],"wp:featuredmedia":[{"embeddable":true,"href":"https:\/\/www.correiobraziliense.com.br\/cbradar\/wp-json\/wp\/v2\/media\/203719"}],"wp:attachment":[{"href":"https:\/\/www.correiobraziliense.com.br\/cbradar\/wp-json\/wp\/v2\/media?parent=203718"}],"wp:term":[{"taxonomy":"category","embeddable":true,"href":"https:\/\/www.correiobraziliense.com.br\/cbradar\/wp-json\/wp\/v2\/categories?post=203718"},{"taxonomy":"post_tag","embeddable":true,"href":"https:\/\/www.correiobraziliense.com.br\/cbradar\/wp-json\/wp\/v2\/tags?post=203718"}],"curies":[{"name":"wp","href":"https:\/\/api.w.org\/{rel}","templated":true}]}}