{"id":203722,"date":"2026-03-09T17:25:00","date_gmt":"2026-03-09T20:25:00","guid":{"rendered":"https:\/\/www.correiobraziliense.com.br\/cbradar\/?p=203722"},"modified":"2026-03-05T19:44:11","modified_gmt":"2026-03-05T22:44:11","slug":"como-o-seu-olfato-pode-prever-doencas-anos-antes-dos-primeiros-sintomas","status":"publish","type":"post","link":"https:\/\/www.correiobraziliense.com.br\/cbradar\/como-o-seu-olfato-pode-prever-doencas-anos-antes-dos-primeiros-sintomas\/","title":{"rendered":"Como o seu olfato pode prever doen\u00e7as anos antes dos primeiros sintomas"},"content":{"rendered":"\n<p>O <strong>olfato<\/strong> \u00e9 um dos sentidos mais sens\u00edveis do corpo humano e pode revelar mudan\u00e7as no organismo antes que sintomas vis\u00edveis apare\u00e7am. Pesquisas em <strong>Neurologia<\/strong> indicam que altera\u00e7\u00f5es na percep\u00e7\u00e3o de cheiros podem estar ligadas ao desenvolvimento de doen\u00e7as anos antes do diagn\u00f3stico cl\u00ednico. Esse sinal precoce tem despertado interesse crescente entre cientistas e profissionais da sa\u00fade.<\/p>\n\n\n\n<h2 class=\"wp-block-heading\">Por que o olfato est\u00e1 ligado ao funcionamento do c\u00e9rebro<\/h2>\n\n\n\n<p>O sistema olfativo possui liga\u00e7\u00e3o direta com regi\u00f5es cerebrais respons\u00e1veis por mem\u00f3ria, <a href=\"https:\/\/www.correiobraziliense.com.br\/cbradar\/birras-medo-e-inseguranca-3-livros-infantis-que-ajudam-criancas-a-lidar-com-emocoes-dificeis\/\" target=\"_blank\" rel=\"noreferrer noopener\">emo\u00e7\u00f5es <\/a>e comportamento. Estruturas como o <strong>Bulbo Olfat\u00f3rio<\/strong> e o <strong>Sistema L\u00edmbico<\/strong> processam informa\u00e7\u00f5es qu\u00edmicas captadas pelo nariz e enviam sinais rapidamente ao c\u00e9rebro, criando respostas imediatas e complexas.<\/p>\n\n\n\n<p>Essa conex\u00e3o pr\u00f3xima com \u00e1reas neurol\u00f3gicas faz com que mudan\u00e7as no c\u00e9rebro afetem rapidamente a percep\u00e7\u00e3o de odores. Altera\u00e7\u00f5es nesse sentido podem surgir quando determinados processos biol\u00f3gicos come\u00e7am a se desenvolver, funcionando como um poss\u00edvel indicativo precoce de transforma\u00e7\u00f5es internas no organismo.<\/p>\n\n\n\n<figure class=\"wp-block-image size-large\"><img decoding=\"async\" width=\"1278\" height=\"720\" src=\"https:\/\/www.correiobraziliense.com.br\/cbradar\/wp-content\/uploads\/2026\/03\/olfato-pode-prever-doencas-faz-sem-escritas-1-1278x720.png\" alt=\"Pesquisas revelam liga\u00e7\u00e3o entre perda de olfato e doen\u00e7as neurol\u00f3gicas\" class=\"wp-image-203724\" srcset=\"https:\/\/www.correiobraziliense.com.br\/cbradar\/wp-content\/uploads\/2026\/03\/olfato-pode-prever-doencas-faz-sem-escritas-1-1278x720.png 1278w, https:\/\/www.correiobraziliense.com.br\/cbradar\/wp-content\/uploads\/2026\/03\/olfato-pode-prever-doencas-faz-sem-escritas-1-300x169.png 300w, https:\/\/www.correiobraziliense.com.br\/cbradar\/wp-content\/uploads\/2026\/03\/olfato-pode-prever-doencas-faz-sem-escritas-1-768x433.png 768w, https:\/\/www.correiobraziliense.com.br\/cbradar\/wp-content\/uploads\/2026\/03\/olfato-pode-prever-doencas-faz-sem-escritas-1-750x422.png 750w, https:\/\/www.correiobraziliense.com.br\/cbradar\/wp-content\/uploads\/2026\/03\/olfato-pode-prever-doencas-faz-sem-escritas-1-1140x642.png 1140w, https:\/\/www.correiobraziliense.com.br\/cbradar\/wp-content\/uploads\/2026\/03\/olfato-pode-prever-doencas-faz-sem-escritas-1.png 1280w\" sizes=\"(max-width: 1278px) 100vw, 1278px\" \/><figcaption class=\"wp-element-caption\">Pesquisas revelam liga\u00e7\u00e3o entre perda de olfato e doen\u00e7as neurol\u00f3gicas<\/figcaption><\/figure>\n\n\n\n<h2 class=\"wp-block-heading\">Quais doen\u00e7as podem apresentar mudan\u00e7as no olfato<\/h2>\n\n\n\n<p>Diversos estudos indicam que dist\u00farbios na capacidade de sentir cheiros podem aparecer antes de sintomas cl\u00e1ssicos de algumas condi\u00e7\u00f5es m\u00e9dicas. Pesquisas em <strong>Neurologia<\/strong> e <strong>Medicina Preventiva<\/strong> analisam o olfato como um marcador biol\u00f3gico capaz de revelar altera\u00e7\u00f5es fisiol\u00f3gicas ainda silenciosas.<\/p>\n\n\n\n<p>Doen\u00e7as frequentemente associadas a altera\u00e7\u00f5es olfativas incluem <strong>Doen\u00e7a de Parkinson<\/strong>, <strong>Doen\u00e7a de Alzheimer<\/strong> e algumas infec\u00e7\u00f5es respirat\u00f3rias. Em muitos casos, a diminui\u00e7\u00e3o ou mudan\u00e7a na percep\u00e7\u00e3o de odores ocorre anos antes do diagn\u00f3stico cl\u00ednico, permitindo identificar poss\u00edveis riscos com maior anteced\u00eancia.<\/p>\n\n\n\n<h2 class=\"wp-block-heading\">Quais sinais no olfato merecem aten\u00e7\u00e3o<\/h2>\n\n\n\n<p>Altera\u00e7\u00f5es persistentes na forma como os cheiros s\u00e3o percebidos podem indicar mudan\u00e7as no organismo. Quando esse tipo de altera\u00e7\u00e3o ocorre sem causa aparente, profissionais de sa\u00fade costumam considerar avalia\u00e7\u00f5es mais detalhadas para investigar poss\u00edveis fatores neurol\u00f3gicos ou metab\u00f3licos envolvidos.<\/p>\n\n\n\n<p>Alguns sinais que podem aparecer incluem:<\/p>\n\n\n\n<ul class=\"wp-block-list\">\n<li><strong>Diminui\u00e7\u00e3o gradual da capacidade de sentir cheiros<\/strong><\/li>\n\n\n\n<li><strong>Dificuldade para identificar aromas comuns<\/strong><\/li>\n\n\n\n<li><strong>Percep\u00e7\u00e3o distorcida de odores familiares<\/strong><\/li>\n\n\n\n<li><strong>Sensa\u00e7\u00e3o de cheiros inexistentes no ambiente<\/strong><\/li>\n\n\n\n<li><strong>Mudan\u00e7a repentina na sensibilidade olfativa<\/strong><\/li>\n<\/ul>\n\n\n\n<h2 class=\"wp-block-heading\">Como a ci\u00eancia utiliza o olfato para prever doen\u00e7as<\/h2>\n\n\n\n<p>Pesquisadores investigam testes olfativos como ferramentas de triagem para detectar altera\u00e7\u00f5es neurol\u00f3gicas em est\u00e1gios iniciais. Esses exames utilizam diferentes subst\u00e2ncias arom\u00e1ticas para avaliar a capacidade de identifica\u00e7\u00e3o, intensidade percebida e mem\u00f3ria olfativa do paciente.<\/p>\n\n\n\n<p>Institui\u00e7\u00f5es de pesquisa em <strong>Neuroci\u00eancia<\/strong> estudam padr\u00f5es de resposta olfativa para identificar poss\u00edveis sinais de doen\u00e7as degenerativas. A an\u00e1lise dessas respostas permite mapear altera\u00e7\u00f5es sutis no funcionamento do c\u00e9rebro, contribuindo para estrat\u00e9gias de diagn\u00f3stico precoce e acompanhamento cl\u00ednico.<\/p>\n\n\n\n<p><br>Se voc\u00ea quer entender melhor por que podem ocorrer altera\u00e7\u00f5es ou at\u00e9 perda do olfato e do paladar, este v\u00eddeo do canal <strong><a href=\"https:\/\/www.youtube.com\/@neurocirurgiabr\" target=\"_blank\" rel=\"noreferrer noopener\">Julio Pereira &#8211; Neurocirurgi\u00e3o<\/a><\/strong>, com 1,16 milh\u00e3o de subscritores, foi escolhido especialmente para voc\u00ea. A explica\u00e7\u00e3o m\u00e9dica ajuda a esclarecer causas, sintomas e quando \u00e9 importante buscar orienta\u00e7\u00e3o.<\/p>\n\n\n\n<figure class=\"wp-block-embed is-type-video is-provider-youtube wp-block-embed-youtube wp-embed-aspect-16-9 wp-has-aspect-ratio\"><div class=\"wp-block-embed__wrapper\">\n<div class=\"jeg_video_container jeg_video_content\"><iframe loading=\"lazy\" title=\"Altera\u00e7\u00f5es ou Perda do Olfato e Paladar\" width=\"500\" height=\"281\" src=\"https:\/\/www.youtube.com\/embed\/q9b6xeD8A4M?feature=oembed\" frameborder=\"0\" allow=\"accelerometer; autoplay; clipboard-write; encrypted-media; gyroscope; picture-in-picture; web-share\" referrerpolicy=\"strict-origin-when-cross-origin\" allowfullscreen><\/iframe><\/div>\n<\/div><\/figure>\n\n\n\n<h2 class=\"wp-block-heading\">O que fazer ao perceber altera\u00e7\u00f5es no olfato<\/h2>\n\n\n\n<p>Mudan\u00e7as persistentes na percep\u00e7\u00e3o de odores devem ser avaliadas por profissionais de sa\u00fade. M\u00e9dicos especialistas em <strong>Neurologia<\/strong> e <strong>Otorrinolaringologia<\/strong> podem investigar poss\u00edveis causas por meio de exames cl\u00ednicos, testes sensoriais e an\u00e1lise do hist\u00f3rico m\u00e9dico do paciente.<\/p>\n\n\n\n<p>A identifica\u00e7\u00e3o precoce de altera\u00e7\u00f5es sensoriais aumenta as chances de acompanhamento adequado e interven\u00e7\u00e3o preventiva. Quando investigado de forma cuidadosa, o olfato pode funcionar como um importante sinal de alerta sobre mudan\u00e7as internas que ainda n\u00e3o se manifestaram por sintomas mais evidentes.<\/p>\n","protected":false},"excerpt":{"rendered":"<p>Mudan\u00e7as na forma de sentir cheiros podem ser um sinal precoce de altera\u00e7\u00f5es no c\u00e9rebro. Veja o que especialistas em neurologia revelam<\/p>\n","protected":false},"author":23,"featured_media":203723,"comment_status":"open","ping_status":"open","sticky":false,"template":"","format":"standard","meta":{"_yoast_wpseo_focuskw":"Como o seu olfato","_yoast_wpseo_title":"","_yoast_wpseo_metadesc":"Mudan\u00e7as na forma de sentir cheiros podem ser um sinal precoce de altera\u00e7\u00f5es no c\u00e9rebro. Veja o que especialistas em neurologia revelam","jnews-multi-image_gallery":[],"jnews_single_post":{"format":"standard"},"jnews_primary_category":[],"jnews_social_meta":[],"jnews_override_counter":[],"footnotes":""},"categories":[112],"tags":[144,944,8445],"class_list":["post-203722","post","type-post","status-publish","format-standard","has-post-thumbnail","hentry","category-curiosidades","tag-curiosidades","tag-doencas","tag-olfato"],"yoast_head":"<!-- This site is optimized with the Yoast SEO plugin v24.6 - https:\/\/yoast.com\/wordpress\/plugins\/seo\/ -->\n<title>Como o seu olfato pode prever doen\u00e7as anos antes dos primeiros sintomas - Correio Braziliense - Radar<\/title>\n<meta name=\"description\" content=\"Mudan\u00e7as na forma de sentir cheiros podem ser um sinal precoce de altera\u00e7\u00f5es no c\u00e9rebro. Veja o que especialistas em neurologia revelam\" \/>\n<meta name=\"robots\" content=\"index, follow, max-snippet:-1, max-image-preview:large, max-video-preview:-1\" \/>\n<link rel=\"canonical\" href=\"https:\/\/www.correiobraziliense.com.br\/cbradar\/como-o-seu-olfato-pode-prever-doencas-anos-antes-dos-primeiros-sintomas\/\" \/>\n<meta property=\"og:locale\" content=\"pt_BR\" \/>\n<meta property=\"og:type\" content=\"article\" \/>\n<meta property=\"og:title\" content=\"Como o seu olfato pode prever doen\u00e7as anos antes dos primeiros sintomas - Correio Braziliense - Radar\" \/>\n<meta property=\"og:description\" content=\"Mudan\u00e7as na forma de sentir cheiros podem ser um sinal precoce de altera\u00e7\u00f5es no c\u00e9rebro. Veja o que especialistas em neurologia revelam\" \/>\n<meta property=\"og:url\" content=\"https:\/\/www.correiobraziliense.com.br\/cbradar\/como-o-seu-olfato-pode-prever-doencas-anos-antes-dos-primeiros-sintomas\/\" \/>\n<meta property=\"og:site_name\" content=\"Correio Braziliense - Radar\" \/>\n<meta property=\"article:published_time\" content=\"2026-03-09T20:25:00+00:00\" \/>\n<meta property=\"og:image\" content=\"https:\/\/www.correiobraziliense.com.br\/cbradar\/wp-content\/uploads\/2026\/03\/olfato-pode-prever-doencas-faz-sem-escritas.png\" \/>\n\t<meta property=\"og:image:width\" content=\"1280\" \/>\n\t<meta property=\"og:image:height\" content=\"721\" \/>\n\t<meta property=\"og:image:type\" content=\"image\/png\" \/>\n<meta name=\"author\" content=\"Nicolas Otto\" \/>\n<meta name=\"twitter:card\" content=\"summary_large_image\" \/>\n<meta name=\"twitter:label1\" content=\"Escrito por\" \/>\n\t<meta name=\"twitter:data1\" content=\"Nicolas Otto\" \/>\n\t<meta name=\"twitter:label2\" content=\"Est. tempo de leitura\" \/>\n\t<meta name=\"twitter:data2\" content=\"4 minutos\" \/>\n<!-- \/ Yoast SEO plugin. -->","yoast_head_json":{"title":"Como o seu olfato pode prever doen\u00e7as anos antes dos primeiros sintomas - Correio Braziliense - Radar","description":"Mudan\u00e7as na forma de sentir cheiros podem ser um sinal precoce de altera\u00e7\u00f5es no c\u00e9rebro. Veja o que especialistas em neurologia revelam","robots":{"index":"index","follow":"follow","max-snippet":"max-snippet:-1","max-image-preview":"max-image-preview:large","max-video-preview":"max-video-preview:-1"},"canonical":"https:\/\/www.correiobraziliense.com.br\/cbradar\/como-o-seu-olfato-pode-prever-doencas-anos-antes-dos-primeiros-sintomas\/","og_locale":"pt_BR","og_type":"article","og_title":"Como o seu olfato pode prever doen\u00e7as anos antes dos primeiros sintomas - Correio Braziliense - Radar","og_description":"Mudan\u00e7as na forma de sentir cheiros podem ser um sinal precoce de altera\u00e7\u00f5es no c\u00e9rebro. Veja o que especialistas em neurologia revelam","og_url":"https:\/\/www.correiobraziliense.com.br\/cbradar\/como-o-seu-olfato-pode-prever-doencas-anos-antes-dos-primeiros-sintomas\/","og_site_name":"Correio Braziliense - Radar","article_published_time":"2026-03-09T20:25:00+00:00","og_image":[{"width":1280,"height":721,"url":"https:\/\/www.correiobraziliense.com.br\/cbradar\/wp-content\/uploads\/2026\/03\/olfato-pode-prever-doencas-faz-sem-escritas.png","type":"image\/png"}],"author":"Nicolas Otto","twitter_card":"summary_large_image","twitter_misc":{"Escrito por":"Nicolas Otto","Est. tempo de leitura":"4 minutos"},"schema":{"@context":"https:\/\/schema.org","@graph":[{"@type":"WebPage","@id":"https:\/\/www.correiobraziliense.com.br\/cbradar\/como-o-seu-olfato-pode-prever-doencas-anos-antes-dos-primeiros-sintomas\/","url":"https:\/\/www.correiobraziliense.com.br\/cbradar\/como-o-seu-olfato-pode-prever-doencas-anos-antes-dos-primeiros-sintomas\/","name":"Como o seu olfato pode prever doen\u00e7as anos antes dos primeiros sintomas - Correio Braziliense - Radar","isPartOf":{"@id":"https:\/\/www.correiobraziliense.com.br\/cbradar\/#website"},"primaryImageOfPage":{"@id":"https:\/\/www.correiobraziliense.com.br\/cbradar\/como-o-seu-olfato-pode-prever-doencas-anos-antes-dos-primeiros-sintomas\/#primaryimage"},"image":{"@id":"https:\/\/www.correiobraziliense.com.br\/cbradar\/como-o-seu-olfato-pode-prever-doencas-anos-antes-dos-primeiros-sintomas\/#primaryimage"},"thumbnailUrl":"https:\/\/www.correiobraziliense.com.br\/cbradar\/wp-content\/uploads\/2026\/03\/olfato-pode-prever-doencas-faz-sem-escritas.png","datePublished":"2026-03-09T20:25:00+00:00","author":{"@id":"https:\/\/www.correiobraziliense.com.br\/cbradar\/#\/schema\/person\/3221b250518e74ac52c442d1c1236aaa"},"description":"Mudan\u00e7as na forma de sentir cheiros podem ser um sinal precoce de altera\u00e7\u00f5es no c\u00e9rebro. Veja o que especialistas em neurologia revelam","breadcrumb":{"@id":"https:\/\/www.correiobraziliense.com.br\/cbradar\/como-o-seu-olfato-pode-prever-doencas-anos-antes-dos-primeiros-sintomas\/#breadcrumb"},"inLanguage":"pt-BR","potentialAction":[{"@type":"ReadAction","target":["https:\/\/www.correiobraziliense.com.br\/cbradar\/como-o-seu-olfato-pode-prever-doencas-anos-antes-dos-primeiros-sintomas\/"]}]},{"@type":"ImageObject","inLanguage":"pt-BR","@id":"https:\/\/www.correiobraziliense.com.br\/cbradar\/como-o-seu-olfato-pode-prever-doencas-anos-antes-dos-primeiros-sintomas\/#primaryimage","url":"https:\/\/www.correiobraziliense.com.br\/cbradar\/wp-content\/uploads\/2026\/03\/olfato-pode-prever-doencas-faz-sem-escritas.png","contentUrl":"https:\/\/www.correiobraziliense.com.br\/cbradar\/wp-content\/uploads\/2026\/03\/olfato-pode-prever-doencas-faz-sem-escritas.png","width":1280,"height":721,"caption":"Pesquisas revelam liga\u00e7\u00e3o entre perda de olfato e doen\u00e7as neurol\u00f3gicas"},{"@type":"BreadcrumbList","@id":"https:\/\/www.correiobraziliense.com.br\/cbradar\/como-o-seu-olfato-pode-prever-doencas-anos-antes-dos-primeiros-sintomas\/#breadcrumb","itemListElement":[{"@type":"ListItem","position":1,"name":"In\u00edcio","item":"https:\/\/www.correiobraziliense.com.br\/cbradar\/"},{"@type":"ListItem","position":2,"name":"Como o seu olfato pode prever doen\u00e7as anos antes dos primeiros sintomas"}]},{"@type":"WebSite","@id":"https:\/\/www.correiobraziliense.com.br\/cbradar\/#website","url":"https:\/\/www.correiobraziliense.com.br\/cbradar\/","name":"Correio Braziliense - Radar","description":"Acompanhe as \u00faltimas not\u00edcias e fique bem informado sobre tudo o que acontece no Brasil e no mundo.","potentialAction":[{"@type":"SearchAction","target":{"@type":"EntryPoint","urlTemplate":"https:\/\/www.correiobraziliense.com.br\/cbradar\/?s={search_term_string}"},"query-input":{"@type":"PropertyValueSpecification","valueRequired":true,"valueName":"search_term_string"}}],"inLanguage":"pt-BR"},{"@type":"Person","@id":"https:\/\/www.correiobraziliense.com.br\/cbradar\/#\/schema\/person\/3221b250518e74ac52c442d1c1236aaa","name":"Nicolas Otto","image":{"@type":"ImageObject","inLanguage":"pt-BR","@id":"https:\/\/www.correiobraziliense.com.br\/cbradar\/#\/schema\/person\/image\/","url":"https:\/\/secure.gravatar.com\/avatar\/05925f730d72f0ea0df144f236adfb18?s=96&d=mm&r=g","contentUrl":"https:\/\/secure.gravatar.com\/avatar\/05925f730d72f0ea0df144f236adfb18?s=96&d=mm&r=g","caption":"Nicolas Otto"},"sameAs":["https:\/\/www.correiobraziliense.com.br\/cbradar\/"],"url":"https:\/\/www.correiobraziliense.com.br\/cbradar\/author\/nicolas-otto\/"}]}},"_links":{"self":[{"href":"https:\/\/www.correiobraziliense.com.br\/cbradar\/wp-json\/wp\/v2\/posts\/203722","targetHints":{"allow":["GET"]}}],"collection":[{"href":"https:\/\/www.correiobraziliense.com.br\/cbradar\/wp-json\/wp\/v2\/posts"}],"about":[{"href":"https:\/\/www.correiobraziliense.com.br\/cbradar\/wp-json\/wp\/v2\/types\/post"}],"author":[{"embeddable":true,"href":"https:\/\/www.correiobraziliense.com.br\/cbradar\/wp-json\/wp\/v2\/users\/23"}],"replies":[{"embeddable":true,"href":"https:\/\/www.correiobraziliense.com.br\/cbradar\/wp-json\/wp\/v2\/comments?post=203722"}],"version-history":[{"count":1,"href":"https:\/\/www.correiobraziliense.com.br\/cbradar\/wp-json\/wp\/v2\/posts\/203722\/revisions"}],"predecessor-version":[{"id":203725,"href":"https:\/\/www.correiobraziliense.com.br\/cbradar\/wp-json\/wp\/v2\/posts\/203722\/revisions\/203725"}],"wp:featuredmedia":[{"embeddable":true,"href":"https:\/\/www.correiobraziliense.com.br\/cbradar\/wp-json\/wp\/v2\/media\/203723"}],"wp:attachment":[{"href":"https:\/\/www.correiobraziliense.com.br\/cbradar\/wp-json\/wp\/v2\/media?parent=203722"}],"wp:term":[{"taxonomy":"category","embeddable":true,"href":"https:\/\/www.correiobraziliense.com.br\/cbradar\/wp-json\/wp\/v2\/categories?post=203722"},{"taxonomy":"post_tag","embeddable":true,"href":"https:\/\/www.correiobraziliense.com.br\/cbradar\/wp-json\/wp\/v2\/tags?post=203722"}],"curies":[{"name":"wp","href":"https:\/\/api.w.org\/{rel}","templated":true}]}}