{"id":203734,"date":"2026-03-09T18:15:00","date_gmt":"2026-03-09T21:15:00","guid":{"rendered":"https:\/\/www.correiobraziliense.com.br\/cbradar\/?p=203734"},"modified":"2026-03-06T15:13:48","modified_gmt":"2026-03-06T18:13:48","slug":"qual-e-a-palavra-mais-longa-do-dicionario-brasileiro-e-o-que-ela-significa","status":"publish","type":"post","link":"https:\/\/www.correiobraziliense.com.br\/cbradar\/qual-e-a-palavra-mais-longa-do-dicionario-brasileiro-e-o-que-ela-significa\/","title":{"rendered":"Qual \u00e9 a palavra mais longa do dicion\u00e1rio brasileiro e o que ela significa"},"content":{"rendered":"\n<p>A <strong>l\u00edngua portuguesa<\/strong> possui um vocabul\u00e1rio amplo e complexo, formado por palavras curtas e termos extremamente longos criados por processos de deriva\u00e7\u00e3o e composi\u00e7\u00e3o. Em alguns casos, essas forma\u00e7\u00f5es resultam em voc\u00e1bulos impressionantes presentes em dicion\u00e1rios formais. Entre eles est\u00e1 um termo considerado o mais extenso registrado em obras lexicogr\u00e1ficas brasileiras.<\/p>\n\n\n\n<h2 class=\"wp-block-heading\">Qual \u00e9 a palavra mais longa registrada no portugu\u00eas brasileiro<\/h2>\n\n\n\n<p>Entre os voc\u00e1bulos mais extensos do <strong>portugu\u00eas brasileiro<\/strong>, destaca-se <strong>pneumoultramicroscopicossilicovulcanoconi\u00f3tico<\/strong>. Esse termo possui <strong>46 letras<\/strong> e deriva de um contexto cient\u00edfico relacionado \u00e0 <strong>Medicina<\/strong> e \u00e0 <strong>Pneumologia<\/strong>. Ele descreve algo associado a uma doen\u00e7a pulmonar provocada pela inala\u00e7\u00e3o de part\u00edculas microsc\u00f3picas de s\u00edlica vulc\u00e2nica.<\/p>\n\n\n\n<p>Apesar da extens\u00e3o incomum, a palavra segue regras de forma\u00e7\u00e3o do <a href=\"https:\/\/www.correiobraziliense.com.br\/cbradar\/os-alunos-com-maior-facilidade-para-aprender-idiomas-costumam-nascer-nestes-meses-segundo-pesquisa-internacional\/\" target=\"_blank\" rel=\"noreferrer noopener\">idioma<\/a>. Ela resulta da combina\u00e7\u00e3o de diversos elementos de origem <strong>grega<\/strong> e <strong>latina<\/strong>, pr\u00e1tica comum na terminologia cient\u00edfica. Essas estruturas permitem criar palavras muito espec\u00edficas para descrever condi\u00e7\u00f5es m\u00e9dicas ou fen\u00f4menos complexos.<\/p>\n\n\n\n<figure class=\"wp-block-image size-full\"><img decoding=\"async\" width=\"1280\" height=\"720\" src=\"https:\/\/www.correiobraziliense.com.br\/cbradar\/wp-content\/uploads\/2026\/03\/vulcao_1772751790681.jpg\" alt=\"Qual \u00e9 a palavra mais longa do dicion\u00e1rio brasileiro e o que ela significa?\" class=\"wp-image-203739\" srcset=\"https:\/\/www.correiobraziliense.com.br\/cbradar\/wp-content\/uploads\/2026\/03\/vulcao_1772751790681.jpg 1280w, https:\/\/www.correiobraziliense.com.br\/cbradar\/wp-content\/uploads\/2026\/03\/vulcao_1772751790681-300x169.jpg 300w, https:\/\/www.correiobraziliense.com.br\/cbradar\/wp-content\/uploads\/2026\/03\/vulcao_1772751790681-768x432.jpg 768w, https:\/\/www.correiobraziliense.com.br\/cbradar\/wp-content\/uploads\/2026\/03\/vulcao_1772751790681-750x422.jpg 750w, https:\/\/www.correiobraziliense.com.br\/cbradar\/wp-content\/uploads\/2026\/03\/vulcao_1772751790681-1140x641.jpg 1140w\" sizes=\"(max-width: 1280px) 100vw, 1280px\" \/><figcaption class=\"wp-element-caption\">Qual \u00e9 a palavra mais longa da l\u00edngua portuguesa &#8211; Cr\u00e9ditos: depositphotos.com \/ Antoksena<\/figcaption><\/figure>\n\n\n\n<h2 class=\"wp-block-heading\">O que significa pneumoultramicroscopicossilicovulcanoconi\u00f3tico<\/h2>\n\n\n\n<p>O termo <strong>pneumoultramicroscopicossilicovulcanoconi\u00f3tico<\/strong> refere-se a algo relacionado \u00e0 <strong>pneumoultramicroscopicossilicovulcanoconiose<\/strong>, uma doen\u00e7a pulmonar associada \u00e0 inala\u00e7\u00e3o prolongada de part\u00edculas extremamente finas de poeira vulc\u00e2nica contendo s\u00edlica. A palavra descreve pessoas, condi\u00e7\u00f5es ou estudos ligados a essa enfermidade respirat\u00f3ria rara.<\/p>\n\n\n\n<p>Na pr\u00e1tica, o voc\u00e1bulo quase n\u00e3o aparece em conversas cotidianas. Seu uso ocorre principalmente em contextos acad\u00eamicos ou lingu\u00edsticos, muitas vezes citado como curiosidade sobre o tamanho das palavras no <strong>portugu\u00eas<\/strong>. Ainda assim, ele demonstra como a linguagem cient\u00edfica pode gerar termos altamente especializados.<\/p>\n\n\n\n<h2 class=\"wp-block-heading\">Por que algumas palavras da l\u00edngua portuguesa s\u00e3o t\u00e3o longas<\/h2>\n\n\n\n<p>Palavras extensas costumam surgir quando v\u00e1rios elementos lingu\u00edsticos s\u00e3o combinados para representar conceitos complexos. Na <strong>terminologia cient\u00edfica<\/strong>, cada fragmento adiciona uma camada de significado. Esse processo permite criar termos t\u00e9cnicos precisos, mesmo que o resultado final seja pouco usado na comunica\u00e7\u00e3o di\u00e1ria.<\/p>\n\n\n\n<p>Alguns fatores explicam a forma\u00e7\u00e3o dessas palavras extremamente longas:<\/p>\n\n\n\n<ul class=\"wp-block-list\">\n<li><strong>Composi\u00e7\u00e3o de radicais gregos e latinos<\/strong>, comum em termos cient\u00edficos<\/li>\n\n\n\n<li><strong>Necessidade de precis\u00e3o t\u00e9cnica<\/strong>, especialmente em \u00e1reas m\u00e9dicas<\/li>\n\n\n\n<li><strong>Forma\u00e7\u00e3o de adjetivos derivados<\/strong> de doen\u00e7as ou processos espec\u00edficos<\/li>\n\n\n\n<li><strong>Expans\u00e3o do vocabul\u00e1rio acad\u00eamico<\/strong>, que busca detalhamento conceitual<\/li>\n\n\n\n<li><strong>Curiosidade lingu\u00edstica<\/strong>, frequentemente citada em estudos sobre palavras longas<\/li>\n<\/ul>\n\n\n\n<h2 class=\"wp-block-heading\">Existem outras palavras muito longas no portugu\u00eas<\/h2>\n\n\n\n<p>Embora <strong>pneumoultramicroscopicossilicovulcanoconi\u00f3tico<\/strong> seja amplamente citado como o termo mais longo, outros voc\u00e1bulos extensos tamb\u00e9m aparecem em dicion\u00e1rios ou registros lingu\u00edsticos. Muitos pertencem a \u00e1reas cient\u00edficas, jur\u00eddicas ou administrativas que exigem nomenclaturas detalhadas.<\/p>\n\n\n\n<p>Entre exemplos conhecidos est\u00e3o <strong>anticonstitucionalissimamente<\/strong>, um adv\u00e9rbio com <strong>29 letras<\/strong>, e <strong>hipopotomonstrosesquipedaliofobia<\/strong>, termo usado de forma ir\u00f4nica para indicar medo de palavras longas. Essas forma\u00e7\u00f5es mostram como o idioma permite grande flexibilidade na cria\u00e7\u00e3o de palavras complexas.<\/p>\n\n\n\n<p><br>Se voc\u00ea gosta de curiosidades sobre a l\u00edngua portuguesa, este v\u00eddeo do canal <strong><a href=\"https:\/\/www.youtube.com\/@PabloJamilk\" target=\"_blank\" rel=\"noreferrer noopener\">Pablo Jamilk<\/a><\/strong>, com 674 mil subscritores, foi escolhido especialmente para voc\u00ea. Nele, s\u00e3o apresentadas as 10 maiores palavras do idioma e as hist\u00f3rias curiosas por tr\u00e1s de cada uma.<\/p>\n\n\n\n<figure class=\"wp-block-embed is-type-video is-provider-youtube wp-block-embed-youtube wp-embed-aspect-16-9 wp-has-aspect-ratio\"><div class=\"wp-block-embed__wrapper\">\n<div class=\"jeg_video_container jeg_video_content\"><iframe loading=\"lazy\" title=\"As 10 maiores palavras da l\u00edngua portuguesa\" width=\"500\" height=\"281\" src=\"https:\/\/www.youtube.com\/embed\/sbSIDttV-Vo?feature=oembed\" frameborder=\"0\" allow=\"accelerometer; autoplay; clipboard-write; encrypted-media; gyroscope; picture-in-picture; web-share\" referrerpolicy=\"strict-origin-when-cross-origin\" allowfullscreen><\/iframe><\/div>\n<\/div><\/figure>\n\n\n\n<h2 class=\"wp-block-heading\">Por que palavras muito longas despertam curiosidade lingu\u00edstica<\/h2>\n\n\n\n<p>Voc\u00e1bulos extremamente extensos chamam aten\u00e7\u00e3o porque desafiam a percep\u00e7\u00e3o comum sobre a estrutura das palavras. Eles tamb\u00e9m revelam a capacidade da <strong>l\u00edngua portuguesa<\/strong> de incorporar elementos estrangeiros e formar termos detalhados para contextos cient\u00edficos, culturais e acad\u00eamicos.<\/p>\n\n\n\n<p>Al\u00e9m do interesse lingu\u00edstico, esses termos costumam aparecer em materiais educativos, jogos de linguagem e conte\u00fados sobre curiosidades do idioma. A presen\u00e7a em <strong>dicion\u00e1rios<\/strong> e estudos acad\u00eamicos refor\u00e7a seu valor como exemplo da riqueza estrutural e hist\u00f3rica do portugu\u00eas.<\/p>\n","protected":false},"excerpt":{"rendered":"<p>Pouca gente conhece essa palavra mais longa do portugu\u00eas. Veja qual \u00e9 esse termo gigante e por que ele existe<\/p>\n","protected":false},"author":23,"featured_media":203735,"comment_status":"open","ping_status":"open","sticky":false,"template":"","format":"standard","meta":{"_yoast_wpseo_focuskw":"Palavra mais longa do dicion\u00e1rio","_yoast_wpseo_title":"","_yoast_wpseo_metadesc":"Pouca gente conhece essa palavra mais longa do portugu\u00eas. Veja qual \u00e9 esse termo gigante e por que ele existe","jnews-multi-image_gallery":[],"jnews_single_post":{"format":"standard"},"jnews_primary_category":[],"jnews_social_meta":[],"jnews_override_counter":[],"footnotes":""},"categories":[112],"tags":[144,11254,3272],"class_list":["post-203734","post","type-post","status-publish","format-standard","has-post-thumbnail","hentry","category-curiosidades","tag-curiosidades","tag-lingua-2","tag-palavra"],"yoast_head":"<!-- This site is optimized with the Yoast SEO plugin v24.6 - https:\/\/yoast.com\/wordpress\/plugins\/seo\/ -->\n<title>Qual \u00e9 a palavra mais longa do dicion\u00e1rio brasileiro e o que ela significa - Correio Braziliense - Radar<\/title>\n<meta name=\"description\" content=\"Pouca gente conhece essa palavra mais longa do portugu\u00eas. Veja qual \u00e9 esse termo gigante e por que ele existe\" \/>\n<meta name=\"robots\" content=\"index, follow, max-snippet:-1, max-image-preview:large, max-video-preview:-1\" \/>\n<link rel=\"canonical\" href=\"https:\/\/www.correiobraziliense.com.br\/cbradar\/qual-e-a-palavra-mais-longa-do-dicionario-brasileiro-e-o-que-ela-significa\/\" \/>\n<meta property=\"og:locale\" content=\"pt_BR\" \/>\n<meta property=\"og:type\" content=\"article\" \/>\n<meta property=\"og:title\" content=\"Qual \u00e9 a palavra mais longa do dicion\u00e1rio brasileiro e o que ela significa - Correio Braziliense - Radar\" \/>\n<meta property=\"og:description\" content=\"Pouca gente conhece essa palavra mais longa do portugu\u00eas. Veja qual \u00e9 esse termo gigante e por que ele existe\" \/>\n<meta property=\"og:url\" content=\"https:\/\/www.correiobraziliense.com.br\/cbradar\/qual-e-a-palavra-mais-longa-do-dicionario-brasileiro-e-o-que-ela-significa\/\" \/>\n<meta property=\"og:site_name\" content=\"Correio Braziliense - Radar\" \/>\n<meta property=\"article:published_time\" content=\"2026-03-09T21:15:00+00:00\" \/>\n<meta property=\"og:image\" content=\"https:\/\/www.correiobraziliense.com.br\/cbradar\/wp-content\/uploads\/2026\/03\/dicionario-brasileiro_1772751731789.jpg\" \/>\n\t<meta property=\"og:image:width\" content=\"1280\" \/>\n\t<meta property=\"og:image:height\" content=\"720\" \/>\n\t<meta property=\"og:image:type\" content=\"image\/jpeg\" \/>\n<meta name=\"author\" content=\"Nicolas Otto\" \/>\n<meta name=\"twitter:card\" content=\"summary_large_image\" \/>\n<meta name=\"twitter:label1\" content=\"Escrito por\" \/>\n\t<meta name=\"twitter:data1\" content=\"Nicolas Otto\" \/>\n\t<meta name=\"twitter:label2\" content=\"Est. tempo de leitura\" \/>\n\t<meta name=\"twitter:data2\" content=\"4 minutos\" \/>\n<!-- \/ Yoast SEO plugin. -->","yoast_head_json":{"title":"Qual \u00e9 a palavra mais longa do dicion\u00e1rio brasileiro e o que ela significa - Correio Braziliense - Radar","description":"Pouca gente conhece essa palavra mais longa do portugu\u00eas. Veja qual \u00e9 esse termo gigante e por que ele existe","robots":{"index":"index","follow":"follow","max-snippet":"max-snippet:-1","max-image-preview":"max-image-preview:large","max-video-preview":"max-video-preview:-1"},"canonical":"https:\/\/www.correiobraziliense.com.br\/cbradar\/qual-e-a-palavra-mais-longa-do-dicionario-brasileiro-e-o-que-ela-significa\/","og_locale":"pt_BR","og_type":"article","og_title":"Qual \u00e9 a palavra mais longa do dicion\u00e1rio brasileiro e o que ela significa - Correio Braziliense - Radar","og_description":"Pouca gente conhece essa palavra mais longa do portugu\u00eas. Veja qual \u00e9 esse termo gigante e por que ele existe","og_url":"https:\/\/www.correiobraziliense.com.br\/cbradar\/qual-e-a-palavra-mais-longa-do-dicionario-brasileiro-e-o-que-ela-significa\/","og_site_name":"Correio Braziliense - Radar","article_published_time":"2026-03-09T21:15:00+00:00","og_image":[{"width":1280,"height":720,"url":"https:\/\/www.correiobraziliense.com.br\/cbradar\/wp-content\/uploads\/2026\/03\/dicionario-brasileiro_1772751731789.jpg","type":"image\/jpeg"}],"author":"Nicolas Otto","twitter_card":"summary_large_image","twitter_misc":{"Escrito por":"Nicolas Otto","Est. tempo de leitura":"4 minutos"},"schema":{"@context":"https:\/\/schema.org","@graph":[{"@type":"WebPage","@id":"https:\/\/www.correiobraziliense.com.br\/cbradar\/qual-e-a-palavra-mais-longa-do-dicionario-brasileiro-e-o-que-ela-significa\/","url":"https:\/\/www.correiobraziliense.com.br\/cbradar\/qual-e-a-palavra-mais-longa-do-dicionario-brasileiro-e-o-que-ela-significa\/","name":"Qual \u00e9 a palavra mais longa do dicion\u00e1rio brasileiro e o que ela significa - Correio Braziliense - Radar","isPartOf":{"@id":"https:\/\/www.correiobraziliense.com.br\/cbradar\/#website"},"primaryImageOfPage":{"@id":"https:\/\/www.correiobraziliense.com.br\/cbradar\/qual-e-a-palavra-mais-longa-do-dicionario-brasileiro-e-o-que-ela-significa\/#primaryimage"},"image":{"@id":"https:\/\/www.correiobraziliense.com.br\/cbradar\/qual-e-a-palavra-mais-longa-do-dicionario-brasileiro-e-o-que-ela-significa\/#primaryimage"},"thumbnailUrl":"https:\/\/www.correiobraziliense.com.br\/cbradar\/wp-content\/uploads\/2026\/03\/dicionario-brasileiro_1772751731789.jpg","datePublished":"2026-03-09T21:15:00+00:00","author":{"@id":"https:\/\/www.correiobraziliense.com.br\/cbradar\/#\/schema\/person\/3221b250518e74ac52c442d1c1236aaa"},"description":"Pouca gente conhece essa palavra mais longa do portugu\u00eas. Veja qual \u00e9 esse termo gigante e por que ele existe","breadcrumb":{"@id":"https:\/\/www.correiobraziliense.com.br\/cbradar\/qual-e-a-palavra-mais-longa-do-dicionario-brasileiro-e-o-que-ela-significa\/#breadcrumb"},"inLanguage":"pt-BR","potentialAction":[{"@type":"ReadAction","target":["https:\/\/www.correiobraziliense.com.br\/cbradar\/qual-e-a-palavra-mais-longa-do-dicionario-brasileiro-e-o-que-ela-significa\/"]}]},{"@type":"ImageObject","inLanguage":"pt-BR","@id":"https:\/\/www.correiobraziliense.com.br\/cbradar\/qual-e-a-palavra-mais-longa-do-dicionario-brasileiro-e-o-que-ela-significa\/#primaryimage","url":"https:\/\/www.correiobraziliense.com.br\/cbradar\/wp-content\/uploads\/2026\/03\/dicionario-brasileiro_1772751731789.jpg","contentUrl":"https:\/\/www.correiobraziliense.com.br\/cbradar\/wp-content\/uploads\/2026\/03\/dicionario-brasileiro_1772751731789.jpg","width":1280,"height":720,"caption":"Qual \u00e9 a palavra mais longa da l\u00edngua portuguesa - Cr\u00e9ditos: depositphotos.com \/ ayzek"},{"@type":"BreadcrumbList","@id":"https:\/\/www.correiobraziliense.com.br\/cbradar\/qual-e-a-palavra-mais-longa-do-dicionario-brasileiro-e-o-que-ela-significa\/#breadcrumb","itemListElement":[{"@type":"ListItem","position":1,"name":"In\u00edcio","item":"https:\/\/www.correiobraziliense.com.br\/cbradar\/"},{"@type":"ListItem","position":2,"name":"Qual \u00e9 a palavra mais longa do dicion\u00e1rio brasileiro e o que ela significa"}]},{"@type":"WebSite","@id":"https:\/\/www.correiobraziliense.com.br\/cbradar\/#website","url":"https:\/\/www.correiobraziliense.com.br\/cbradar\/","name":"Correio Braziliense - Radar","description":"Acompanhe as \u00faltimas not\u00edcias e fique bem informado sobre tudo o que acontece no Brasil e no mundo.","potentialAction":[{"@type":"SearchAction","target":{"@type":"EntryPoint","urlTemplate":"https:\/\/www.correiobraziliense.com.br\/cbradar\/?s={search_term_string}"},"query-input":{"@type":"PropertyValueSpecification","valueRequired":true,"valueName":"search_term_string"}}],"inLanguage":"pt-BR"},{"@type":"Person","@id":"https:\/\/www.correiobraziliense.com.br\/cbradar\/#\/schema\/person\/3221b250518e74ac52c442d1c1236aaa","name":"Nicolas Otto","image":{"@type":"ImageObject","inLanguage":"pt-BR","@id":"https:\/\/www.correiobraziliense.com.br\/cbradar\/#\/schema\/person\/image\/","url":"https:\/\/secure.gravatar.com\/avatar\/05925f730d72f0ea0df144f236adfb18?s=96&d=mm&r=g","contentUrl":"https:\/\/secure.gravatar.com\/avatar\/05925f730d72f0ea0df144f236adfb18?s=96&d=mm&r=g","caption":"Nicolas Otto"},"sameAs":["https:\/\/www.correiobraziliense.com.br\/cbradar\/"],"url":"https:\/\/www.correiobraziliense.com.br\/cbradar\/author\/nicolas-otto\/"}]}},"_links":{"self":[{"href":"https:\/\/www.correiobraziliense.com.br\/cbradar\/wp-json\/wp\/v2\/posts\/203734","targetHints":{"allow":["GET"]}}],"collection":[{"href":"https:\/\/www.correiobraziliense.com.br\/cbradar\/wp-json\/wp\/v2\/posts"}],"about":[{"href":"https:\/\/www.correiobraziliense.com.br\/cbradar\/wp-json\/wp\/v2\/types\/post"}],"author":[{"embeddable":true,"href":"https:\/\/www.correiobraziliense.com.br\/cbradar\/wp-json\/wp\/v2\/users\/23"}],"replies":[{"embeddable":true,"href":"https:\/\/www.correiobraziliense.com.br\/cbradar\/wp-json\/wp\/v2\/comments?post=203734"}],"version-history":[{"count":2,"href":"https:\/\/www.correiobraziliense.com.br\/cbradar\/wp-json\/wp\/v2\/posts\/203734\/revisions"}],"predecessor-version":[{"id":204247,"href":"https:\/\/www.correiobraziliense.com.br\/cbradar\/wp-json\/wp\/v2\/posts\/203734\/revisions\/204247"}],"wp:featuredmedia":[{"embeddable":true,"href":"https:\/\/www.correiobraziliense.com.br\/cbradar\/wp-json\/wp\/v2\/media\/203735"}],"wp:attachment":[{"href":"https:\/\/www.correiobraziliense.com.br\/cbradar\/wp-json\/wp\/v2\/media?parent=203734"}],"wp:term":[{"taxonomy":"category","embeddable":true,"href":"https:\/\/www.correiobraziliense.com.br\/cbradar\/wp-json\/wp\/v2\/categories?post=203734"},{"taxonomy":"post_tag","embeddable":true,"href":"https:\/\/www.correiobraziliense.com.br\/cbradar\/wp-json\/wp\/v2\/tags?post=203734"}],"curies":[{"name":"wp","href":"https:\/\/api.w.org\/{rel}","templated":true}]}}