{"id":203758,"date":"2026-03-06T11:05:00","date_gmt":"2026-03-06T14:05:00","guid":{"rendered":"https:\/\/www.correiobraziliense.com.br\/cbradar\/?p=203758"},"modified":"2026-03-05T21:06:30","modified_gmt":"2026-03-06T00:06:30","slug":"o-detalhe-no-quarto-que-pode-afetar-seu-sono-sem-voce-perceber","status":"publish","type":"post","link":"https:\/\/www.correiobraziliense.com.br\/cbradar\/o-detalhe-no-quarto-que-pode-afetar-seu-sono-sem-voce-perceber\/","title":{"rendered":"O detalhe no quarto que pode afetar seu sono sem voc\u00ea perceber"},"content":{"rendered":"\n<p>Escolher dormir com a porta do quarto fechada pode parecer uma decis\u00e3o trivial, por\u00e9m essa pr\u00e1tica tem implica\u00e7\u00f5es significativas na qualidade do sono, de acordo com pesquisas cient\u00edficas. Com portas e janelas fechadas, os n\u00edveis de di\u00f3xido de carbono (CO\u2082) no ambiente aumentam durante a noite, o que impacta diretamente a profundidade do descanso. Entretanto, existem solu\u00e7\u00f5es pr\u00e1ticas que podem melhorar essa situa\u00e7\u00e3o e promover um sono mais reparador.<\/p>\n\n\n\n<h2 class=\"wp-block-heading\">Como a ventila\u00e7\u00e3o afeta a qualidade do sono?<\/h2>\n\n\n\n<p>Durante o sono, os seres humanos exalam consider\u00e1veis quantidades de CO\u2082, cerca de 250 mililitros por minuto, e em um espa\u00e7o confinado esse g\u00e1s tende a se acumular rapidamente. Tal ac\u00famulo ativa receptores no tronco cerebral que regulam a respira\u00e7\u00e3o e pode provocar microdespertares, contribuindo para um sono mais superficial e aumento na produ\u00e7\u00e3o de cortisol, o horm\u00f4nio do estresse.<\/p>\n\n\n\n<p>Estudos, como o conduzido pela Universidade de Tecnologia de Eindhoven, indicam a import\u00e2ncia da ventila\u00e7\u00e3o para melhorar a qualidade do sono. Nessa pesquisa, os n\u00edveis de CO\u2082 em quartos ventilados ficaram em torno de 717 ppm, comparados a 1.150 ppm em quartos sem ventila\u00e7\u00e3o, e os participantes relataram sono mais profundo, menos fragmentado e maior sensa\u00e7\u00e3o de descanso ao acordar.<\/p>\n\n\n\n<p>Para compreender melhor o papel da ventila\u00e7\u00e3o domiciliar no tratamento dos <strong>Dist\u00farbios do sono<\/strong>, assista ao v\u00eddeo a seguir, no qual especialistas explicam o assunto de forma clara e did\u00e1tica no canal <strong>Associa\u00e7\u00e3o Brasileira do Sono<\/strong>.<\/p>\n\n\n\n<iframe loading=\"lazy\" width=\"1396\" height=\"785\" src=\"https:\/\/www.youtube.com\/embed\/K0yU9FtTOn4\" title=\"Webinar - Ventila\u00e7\u00e3o Domiciliar no Tratamento dos Dist\u00farbios do Sono:\" frameborder=\"0\" allow=\"accelerometer; autoplay; clipboard-write; encrypted-media; gyroscope; picture-in-picture; web-share\" referrerpolicy=\"strict-origin-when-cross-origin\" allowfullscreen><\/iframe>\n\n\n\n<h2 class=\"wp-block-heading\">Quando o CO\u2082 come\u00e7a a prejudicar significativamente o sono?<\/h2>\n\n\n\n<p>A qualidade do sono come\u00e7a a ser prejudicada de forma relevante a partir de concentra\u00e7\u00f5es de 1.000 ppm de CO\u2082. Em compara\u00e7\u00e3o com o n\u00edvel ideal de cerca de 750 ppm, esse aumento pode reduzir a efici\u00eancia do sono, elevar o tempo acordado durante a noite e intensificar a sensa\u00e7\u00e3o de fadiga matinal.<\/p>\n\n\n\n<p>Manter os n\u00edveis de CO\u2082 abaixo de 800 ppm \u00e9 considerado ideal para evitar cansa\u00e7o, dores de cabe\u00e7a leves e sensa\u00e7\u00e3o de sobrecarga ao acordar. Em ambientes urbanos pouco ventilados, o uso de sensores de CO\u2082 pode ajudar a identificar quartos com m\u00e1 renova\u00e7\u00e3o de ar e orientar ajustes simples na rotina de ventila\u00e7\u00e3o.<\/p>\n\n\n<div class=\"wp-block-image\">\n<figure class=\"aligncenter size-full\"><img decoding=\"async\" width=\"1280\" height=\"720\" src=\"https:\/\/www.correiobraziliense.com.br\/cbradar\/wp-content\/uploads\/2026\/03\/Dormir-com-a-porta-fechada_1772755519208.jpg\" alt=\"\" class=\"wp-image-203759\" srcset=\"https:\/\/www.correiobraziliense.com.br\/cbradar\/wp-content\/uploads\/2026\/03\/Dormir-com-a-porta-fechada_1772755519208.jpg 1280w, https:\/\/www.correiobraziliense.com.br\/cbradar\/wp-content\/uploads\/2026\/03\/Dormir-com-a-porta-fechada_1772755519208-300x169.jpg 300w, https:\/\/www.correiobraziliense.com.br\/cbradar\/wp-content\/uploads\/2026\/03\/Dormir-com-a-porta-fechada_1772755519208-768x432.jpg 768w, https:\/\/www.correiobraziliense.com.br\/cbradar\/wp-content\/uploads\/2026\/03\/Dormir-com-a-porta-fechada_1772755519208-750x422.jpg 750w, https:\/\/www.correiobraziliense.com.br\/cbradar\/wp-content\/uploads\/2026\/03\/Dormir-com-a-porta-fechada_1772755519208-1140x641.jpg 1140w\" sizes=\"(max-width: 1280px) 100vw, 1280px\" \/><figcaption class=\"wp-element-caption\">O erro comum no quarto que pode afetar a qualidade do sono &#8211; Cr\u00e9ditos: depositphotos.com \/ andriano_cz<\/figcaption><\/figure><\/div>\n\n\n<h2 class=\"wp-block-heading\">Quais as boas pr\u00e1ticas para ventilar o quarto de forma simples?<\/h2>\n\n\n\n<p>Melhorar a ventila\u00e7\u00e3o do quarto n\u00e3o requer mudan\u00e7as dr\u00e1sticas, mas sim a\u00e7\u00f5es simples e consistentes ao longo da rotina de sono. Pequenas aberturas em portas ou janelas j\u00e1 facilitam a circula\u00e7\u00e3o de ar e ajudam a controlar o ac\u00famulo de CO\u2082, mesmo em espa\u00e7os pequenos.<\/p>\n\n\n\n<p>Entre as principais estrat\u00e9gias pr\u00e1ticas de ventila\u00e7\u00e3o, destacam-se:<\/p>\n\n\n\n<style>\n  .make-wrap{\n    max-width: 760px;\n    margin: 26px auto;\n    padding: 18px;\n    border-radius: 18px;\n    background: linear-gradient(135deg,#fff7fb 0%,#f6f2ff 100%);\n    border: 1px solid #f7d4ea;\n    box-shadow: 0 8px 20px rgba(236,72,153,.12);\n    font-family: system-ui, -apple-system, Segoe UI, Roboto, Helvetica, Arial, sans-serif;\n  }\n\n  .make-title{\n    display:flex; \n    align-items:center; \n    gap:10px;\n    margin:0 0 12px 4px;\n    font-size:1.2rem; \n    font-weight:900; \n    color:#9d174d;\n  }\n\n  .make-table{\n    width:100%;\n    border-collapse:separate;\n    border-spacing:0;\n    overflow:hidden;\n    border-radius:16px;\n    border:1px solid #f7d4ea;\n    background:#fff;\n    font-size:.92rem;\n  }\n\n  .make-table thead th{\n    background:linear-gradient(90deg,#fde7f3 0%,#f8e9ff 100%);\n    padding:12px;\n    color:#7a1e63;\n    font-weight:800;\n    text-align:left;\n    border-bottom:1px solid #f7d4ea;\n  }\n\n  .make-table tbody td{\n    padding:12px;\n    color:#374151;\n    vertical-align:top;\n    border-bottom:1px dashed #f7d4ea;\n  }\n\n  .make-table tbody tr:nth-child(odd){\n    background:#fffaff;\n  }\n\n  .price{\n    display:inline-flex;\n    align-items:center;\n    background:#fff7ed;\n    color:#b45309;\n    padding:6px 10px;\n    border-radius:10px;\n    border:1px solid #fed7aa;\n    font-weight:700;\n    white-space:nowrap;\n  }\n\n  .badge{\n    display:inline-block;\n    background:#fde7f3;\n    color:#c026d3;\n    border:1px solid #fecdd3;\n    padding:4px 10px;\n    border-radius:999px;\n    font-weight:700;\n    font-size:.78rem;\n  }\n\n  @media (max-width:720px){\n    .make-table thead{display:none}\n    .make-table, .make-table tbody, .make-table tr, .make-table td{\n      display:block; \n      width:100%;\n    }\n    .make-table tr{\n      margin-bottom:12px;\n      border:1px solid #f7d4ea;\n      border-radius:14px;\n      overflow:hidden;\n      background:#fff;\n    }\n    .make-table td[data-label]:before{\n      content:attr(data-label);\n      display:block;\n      font-weight:800;\n      color:#7a1e63;\n      margin-bottom:4px;\n    }\n    .make-table tbody td:last-child{border-bottom:none}\n  }\n<\/style>\n\n<div class=\"make-wrap\">\n  <h3 class=\"make-title\">\ud83c\udf19\u2728 Dicas para Melhorar a Ventila\u00e7\u00e3o do Quarto<\/h3>\n\n  <table class=\"make-table\">\n    <thead>\n      <tr>\n        <th>A\u00e7\u00e3o<\/th>\n        <th>Orienta\u00e7\u00e3o<\/th>\n      <\/tr>\n    <\/thead>\n    <tbody>\n      <tr>\n        <td data-label=\"A\u00e7\u00e3o\">Deixar a porta entreaberta<\/td>\n        <td data-label=\"Orienta\u00e7\u00e3o\">Manter cerca de 10 cent\u00edmetros abertos para favorecer a troca de ar com o restante da casa.<\/td>\n      <\/tr>\n      <tr>\n        <td data-label=\"A\u00e7\u00e3o\">Abrir levemente a janela<\/td>\n        <td data-label=\"Orienta\u00e7\u00e3o\">Deixar uma abertura de aproximadamente 2 a 5 cent\u00edmetros durante a noite, quando for poss\u00edvel e seguro.<\/td>\n      <\/tr>\n      <tr>\n        <td data-label=\"A\u00e7\u00e3o\">Ventilar antes de dormir<\/td>\n        <td data-label=\"Orienta\u00e7\u00e3o\">Abrir bem portas e janelas por cerca de 30 minutos antes de se deitar.<\/td>\n      <\/tr>\n      <tr>\n        <td data-label=\"A\u00e7\u00e3o\">Evitar superlota\u00e7\u00e3o no quarto<\/td>\n        <td data-label=\"Orienta\u00e7\u00e3o\">Mais pessoas no mesmo ambiente aceleram o aumento dos n\u00edveis de CO\u2082.<\/td>\n      <\/tr>\n    <\/tbody>\n  <\/table>\n\n  <p style=\"margin-top:14px; color:#6b7280; font-size:.9rem;\">\n    \ud83d\udca1 <strong>Dica:<\/strong> Um quarto bem ventilado ajuda a melhorar a qualidade do sono e reduz o ac\u00famulo de di\u00f3xido de carbono durante a noite.\n  <\/p>\n<\/div>\n\n\n\n\n<h2 class=\"wp-block-heading\">Como manter boa ventila\u00e7\u00e3o quando a porta precisa ficar fechada?<\/h2>\n\n\n\n<p>Existem situa\u00e7\u00f5es em que a porta precisa permanecer fechada, seja por seguran\u00e7a, privacidade, presen\u00e7a de crian\u00e7as ou para reduzir barulho externo. Nesses casos, \u00e9 importante buscar alternativas que permitam alguma renova\u00e7\u00e3o e movimenta\u00e7\u00e3o do ar, minimizando o ac\u00famulo de CO\u2082 durante a noite.<\/p>\n\n\n\n<p>Nessas circunst\u00e2ncias, a combina\u00e7\u00e3o de uma fresta na janela com o uso de um ventilador silencioso pode ajudar a manter o ar em movimento. Vale destacar que aparelhos de ar-condicionado n\u00e3o substituem a renova\u00e7\u00e3o do ar, pois apenas recirculam o mesmo ar j\u00e1 presente no quarto; quando os problemas com o sono persistem, mesmo com boa ventila\u00e7\u00e3o, \u00e9 recomend\u00e1vel buscar avalia\u00e7\u00e3o com um especialista em medicina do sono para investigar causas adicionais.<\/p>\n\n\n<a href=\"https:\/\/www.instagram.com\/dra.annaluisabf\/\" target=\"_blank\" rel=\"noopener\" style=\"text-decoration: none; color: inherit;\">\n    <span style=\"display: inline-block; border: 1px solid #ccc; border-radius: 10px; padding: 15px; max-width: 550px; font-family: sans-serif; box-shadow: 0 2px 5px rgba(0,0,0,0.1); width: 100%;\">\n\n      <!-- T\u00edtulo -->\n      <span style=\"display: block; margin: 0 0 15px 0; font-weight: bold; color: #2c3e50; text-align: center;\">\n        Entre em contato:\n      <\/span>\n\n      <!-- Linha do perfil -->\n      <span style=\"display: flex; align-items: center; gap: 15px;\">\n        <img decoding=\"async\"\n          src=\"https:\/\/www.correiobraziliense.com.br\/cbradar\/wp-content\/uploads\/2025\/08\/dra_anna_luisa.jpeg\"\n          alt=\"Foto da Dra. Anna Lu\u00edsa\"\n          style=\"border-radius: 50%; width: 80px; height: 80px; object-fit: cover;\"\n        \/>\n        <span style=\"display: flex; flex-direction: column;\">\n          <span style=\"font-size: 18px; font-weight: 700; color: #2c3e50;\">Dra. Anna Lu\u00edsa Barbosa Fernandes<\/span>\n          <span style=\"color: #555;\">CRM-GO 33.271<\/span>\n        <\/span>\n      <\/span>\n\n      <!-- Redes -->\n      <span style=\"display: flex; align-items: center; gap: 10px; margin-top: 12px;\">\n        <img decoding=\"async\" src=\"https:\/\/cdn-icons-png.flaticon.com\/24\/1384\/1384063.png\" alt=\"Instagram\" width=\"24\" height=\"24\" \/>\n        <span style=\"text-decoration: underline; color: #2c3e50;\">@dra.annaluisabf<\/span>\n      <\/span>\n\n    <\/span>\n  <\/a>","protected":false},"excerpt":{"rendered":"<p>Escolher dormir com a porta do quarto fechada pode parecer uma decis\u00e3o trivial, por\u00e9m essa pr\u00e1tica tem implica\u00e7\u00f5es significativas na qualidade do sono, de acordo com pesquisas cient\u00edficas. Com portas e janelas fechadas, os n\u00edveis de di\u00f3xido de carbono (CO\u2082) no ambiente aumentam durante a noite, o que impacta diretamente a profundidade do descanso. Entretanto, [&hellip;]<\/p>\n","protected":false},"author":14,"featured_media":71288,"comment_status":"open","ping_status":"open","sticky":false,"template":"","format":"standard","meta":{"_yoast_wpseo_focuskw":"Dormir com a porta fechada","_yoast_wpseo_title":"","_yoast_wpseo_metadesc":"Dormir com a porta fechada pode prejudicar o sono profundo. Descubra como melhorar a ventila\u00e7\u00e3o do quarto.","jnews-multi-image_gallery":[],"jnews_single_post":{"format":"standard"},"jnews_primary_category":[],"jnews_social_meta":[],"jnews_override_counter":[],"footnotes":""},"categories":[4404],"post_tag":[120,247,1318],"class_list":["post-203758","post","type-post","status-publish","format-standard","has-post-thumbnail","hentry","category-saude","tag-bem-estar","tag-qualidade-de-vida","tag-saude-2"],"yoast_head":"<!-- This site is optimized with the Yoast SEO plugin v24.6 - https:\/\/yoast.com\/wordpress\/plugins\/seo\/ -->\n<title>O detalhe no quarto que pode afetar seu sono sem voc\u00ea perceber - Correio Braziliense - Radar<\/title>\n<meta name=\"description\" content=\"Dormir com a porta fechada pode prejudicar o sono profundo. Descubra como melhorar a ventila\u00e7\u00e3o do quarto.\" \/>\n<meta name=\"robots\" content=\"index, follow, max-snippet:-1, max-image-preview:large, max-video-preview:-1\" \/>\n<link rel=\"canonical\" href=\"https:\/\/www.correiobraziliense.com.br\/cbradar\/o-detalhe-no-quarto-que-pode-afetar-seu-sono-sem-voce-perceber\/\" \/>\n<meta property=\"og:locale\" content=\"pt_BR\" \/>\n<meta property=\"og:type\" content=\"article\" \/>\n<meta property=\"og:title\" content=\"O detalhe no quarto que pode afetar seu sono sem voc\u00ea perceber - Correio Braziliense - Radar\" \/>\n<meta property=\"og:description\" content=\"Dormir com a porta fechada pode prejudicar o sono profundo. Descubra como melhorar a ventila\u00e7\u00e3o do quarto.\" \/>\n<meta property=\"og:url\" content=\"https:\/\/www.correiobraziliense.com.br\/cbradar\/o-detalhe-no-quarto-que-pode-afetar-seu-sono-sem-voce-perceber\/\" \/>\n<meta property=\"og:site_name\" content=\"Correio Braziliense - Radar\" \/>\n<meta property=\"article:published_time\" content=\"2026-03-06T14:05:00+00:00\" \/>\n<meta property=\"og:image\" content=\"https:\/\/www.correiobraziliense.com.br\/cbradar\/wp-content\/uploads\/2025\/07\/cochilo_1752763926196.jpg\" \/>\n\t<meta property=\"og:image:width\" content=\"1280\" \/>\n\t<meta property=\"og:image:height\" content=\"720\" \/>\n\t<meta property=\"og:image:type\" content=\"image\/jpeg\" \/>\n<meta name=\"author\" content=\"guilherme_saude\" \/>\n<meta name=\"twitter:card\" content=\"summary_large_image\" \/>\n<meta name=\"twitter:label1\" content=\"Escrito por\" \/>\n\t<meta name=\"twitter:data1\" content=\"guilherme_saude\" \/>\n\t<meta name=\"twitter:label2\" content=\"Est. tempo de leitura\" \/>\n\t<meta name=\"twitter:data2\" content=\"5 minutos\" \/>\n<!-- \/ Yoast SEO plugin. -->","yoast_head_json":{"title":"O detalhe no quarto que pode afetar seu sono sem voc\u00ea perceber - Correio Braziliense - Radar","description":"Dormir com a porta fechada pode prejudicar o sono profundo. Descubra como melhorar a ventila\u00e7\u00e3o do quarto.","robots":{"index":"index","follow":"follow","max-snippet":"max-snippet:-1","max-image-preview":"max-image-preview:large","max-video-preview":"max-video-preview:-1"},"canonical":"https:\/\/www.correiobraziliense.com.br\/cbradar\/o-detalhe-no-quarto-que-pode-afetar-seu-sono-sem-voce-perceber\/","og_locale":"pt_BR","og_type":"article","og_title":"O detalhe no quarto que pode afetar seu sono sem voc\u00ea perceber - Correio Braziliense - Radar","og_description":"Dormir com a porta fechada pode prejudicar o sono profundo. Descubra como melhorar a ventila\u00e7\u00e3o do quarto.","og_url":"https:\/\/www.correiobraziliense.com.br\/cbradar\/o-detalhe-no-quarto-que-pode-afetar-seu-sono-sem-voce-perceber\/","og_site_name":"Correio Braziliense - Radar","article_published_time":"2026-03-06T14:05:00+00:00","og_image":[{"width":1280,"height":720,"url":"https:\/\/www.correiobraziliense.com.br\/cbradar\/wp-content\/uploads\/2025\/07\/cochilo_1752763926196.jpg","type":"image\/jpeg"}],"author":"guilherme_saude","twitter_card":"summary_large_image","twitter_misc":{"Escrito por":"guilherme_saude","Est. tempo de leitura":"5 minutos"},"schema":{"@context":"https:\/\/schema.org","@graph":[{"@type":"WebPage","@id":"https:\/\/www.correiobraziliense.com.br\/cbradar\/o-detalhe-no-quarto-que-pode-afetar-seu-sono-sem-voce-perceber\/","url":"https:\/\/www.correiobraziliense.com.br\/cbradar\/o-detalhe-no-quarto-que-pode-afetar-seu-sono-sem-voce-perceber\/","name":"O detalhe no quarto que pode afetar seu sono sem voc\u00ea perceber - Correio Braziliense - Radar","isPartOf":{"@id":"https:\/\/www.correiobraziliense.com.br\/cbradar\/#website"},"primaryImageOfPage":{"@id":"https:\/\/www.correiobraziliense.com.br\/cbradar\/o-detalhe-no-quarto-que-pode-afetar-seu-sono-sem-voce-perceber\/#primaryimage"},"image":{"@id":"https:\/\/www.correiobraziliense.com.br\/cbradar\/o-detalhe-no-quarto-que-pode-afetar-seu-sono-sem-voce-perceber\/#primaryimage"},"thumbnailUrl":"https:\/\/www.correiobraziliense.com.br\/cbradar\/wp-content\/uploads\/2025\/07\/cochilo_1752763926196.jpg","datePublished":"2026-03-06T14:05:00+00:00","author":{"@id":"https:\/\/www.correiobraziliense.com.br\/cbradar\/#\/schema\/person\/5aa4bf3c8fa699c267933611de12978b"},"description":"Dormir com a porta fechada pode prejudicar o sono profundo. Descubra como melhorar a ventila\u00e7\u00e3o do quarto.","breadcrumb":{"@id":"https:\/\/www.correiobraziliense.com.br\/cbradar\/o-detalhe-no-quarto-que-pode-afetar-seu-sono-sem-voce-perceber\/#breadcrumb"},"inLanguage":"pt-BR","potentialAction":[{"@type":"ReadAction","target":["https:\/\/www.correiobraziliense.com.br\/cbradar\/o-detalhe-no-quarto-que-pode-afetar-seu-sono-sem-voce-perceber\/"]}]},{"@type":"ImageObject","inLanguage":"pt-BR","@id":"https:\/\/www.correiobraziliense.com.br\/cbradar\/o-detalhe-no-quarto-que-pode-afetar-seu-sono-sem-voce-perceber\/#primaryimage","url":"https:\/\/www.correiobraziliense.com.br\/cbradar\/wp-content\/uploads\/2025\/07\/cochilo_1752763926196.jpg","contentUrl":"https:\/\/www.correiobraziliense.com.br\/cbradar\/wp-content\/uploads\/2025\/07\/cochilo_1752763926196.jpg","width":1280,"height":720,"caption":"Dormir melhor fortalece o cora\u00e7\u00e3o e previne cansa\u00e7o cr\u00f4nico - Cr\u00e9ditos: depositphotos.com \/ HayDmitriy"},{"@type":"BreadcrumbList","@id":"https:\/\/www.correiobraziliense.com.br\/cbradar\/o-detalhe-no-quarto-que-pode-afetar-seu-sono-sem-voce-perceber\/#breadcrumb","itemListElement":[{"@type":"ListItem","position":1,"name":"In\u00edcio","item":"https:\/\/www.correiobraziliense.com.br\/cbradar\/"},{"@type":"ListItem","position":2,"name":"O detalhe no quarto que pode afetar seu sono sem voc\u00ea perceber"}]},{"@type":"WebSite","@id":"https:\/\/www.correiobraziliense.com.br\/cbradar\/#website","url":"https:\/\/www.correiobraziliense.com.br\/cbradar\/","name":"Correio Braziliense - Radar","description":"Acompanhe as \u00faltimas not\u00edcias e fique bem informado sobre tudo o que acontece no Brasil e no mundo.","potentialAction":[{"@type":"SearchAction","target":{"@type":"EntryPoint","urlTemplate":"https:\/\/www.correiobraziliense.com.br\/cbradar\/?s={search_term_string}"},"query-input":{"@type":"PropertyValueSpecification","valueRequired":true,"valueName":"search_term_string"}}],"inLanguage":"pt-BR"},{"@type":"Person","@id":"https:\/\/www.correiobraziliense.com.br\/cbradar\/#\/schema\/person\/5aa4bf3c8fa699c267933611de12978b","name":"guilherme_saude","image":{"@type":"ImageObject","inLanguage":"pt-BR","@id":"https:\/\/www.correiobraziliense.com.br\/cbradar\/#\/schema\/person\/image\/","url":"https:\/\/secure.gravatar.com\/avatar\/df9adfb835d344bc0af109d41756253f?s=96&d=mm&r=g","contentUrl":"https:\/\/secure.gravatar.com\/avatar\/df9adfb835d344bc0af109d41756253f?s=96&d=mm&r=g","caption":"guilherme_saude"},"url":"https:\/\/www.correiobraziliense.com.br\/cbradar\/author\/guilherme_saude\/"}]}},"_links":{"self":[{"href":"https:\/\/www.correiobraziliense.com.br\/cbradar\/wp-json\/wp\/v2\/posts\/203758","targetHints":{"allow":["GET"]}}],"collection":[{"href":"https:\/\/www.correiobraziliense.com.br\/cbradar\/wp-json\/wp\/v2\/posts"}],"about":[{"href":"https:\/\/www.correiobraziliense.com.br\/cbradar\/wp-json\/wp\/v2\/types\/post"}],"author":[{"embeddable":true,"href":"https:\/\/www.correiobraziliense.com.br\/cbradar\/wp-json\/wp\/v2\/users\/14"}],"replies":[{"embeddable":true,"href":"https:\/\/www.correiobraziliense.com.br\/cbradar\/wp-json\/wp\/v2\/comments?post=203758"}],"version-history":[{"count":1,"href":"https:\/\/www.correiobraziliense.com.br\/cbradar\/wp-json\/wp\/v2\/posts\/203758\/revisions"}],"predecessor-version":[{"id":203760,"href":"https:\/\/www.correiobraziliense.com.br\/cbradar\/wp-json\/wp\/v2\/posts\/203758\/revisions\/203760"}],"wp:featuredmedia":[{"embeddable":true,"href":"https:\/\/www.correiobraziliense.com.br\/cbradar\/wp-json\/wp\/v2\/media\/71288"}],"wp:attachment":[{"href":"https:\/\/www.correiobraziliense.com.br\/cbradar\/wp-json\/wp\/v2\/media?parent=203758"}],"wp:term":[{"taxonomy":"category","embeddable":true,"href":"https:\/\/www.correiobraziliense.com.br\/cbradar\/wp-json\/wp\/v2\/categories?post=203758"},{"taxonomy":"post_tag","embeddable":true,"href":"https:\/\/www.correiobraziliense.com.br\/cbradar\/wp-json\/wp\/v2\/post_tag?post=203758"}],"curies":[{"name":"wp","href":"https:\/\/api.w.org\/{rel}","templated":true}]}}