{"id":203784,"date":"2026-03-06T07:55:00","date_gmt":"2026-03-06T10:55:00","guid":{"rendered":"https:\/\/www.correiobraziliense.com.br\/cbradar\/?p=203784"},"modified":"2026-03-06T00:54:23","modified_gmt":"2026-03-06T03:54:23","slug":"no-nordeste-a-atenas-alagoana-conquista-turistas-apaixonados-pelo-periodo-colonial-do-brasil-e-historia","status":"publish","type":"post","link":"https:\/\/www.correiobraziliense.com.br\/cbradar\/no-nordeste-a-atenas-alagoana-conquista-turistas-apaixonados-pelo-periodo-colonial-do-brasil-e-historia\/","title":{"rendered":"No Nordeste, a \u201cAtenas alagoana\u201d conquista turistas apaixonados pelo per\u00edodo colonial do Brasil e hist\u00f3ria"},"content":{"rendered":"\n<p>Casar\u00f5es coloridos, igrejas com ouro no altar e o <strong>Rio S\u00e3o Francisco<\/strong> passando logo ali embaixo. <strong>Penedo<\/strong>, apelidada de \u201cAtenas alagoana\u201d no extremo sul de <strong>Alagoas<\/strong>, guarda um dos centros hist\u00f3ricos mais preservados do Nordeste e, desde 2023, carrega o selo de <strong>Cidade Criativa do Cinema<\/strong> concedido pela <a href=\"https:\/\/alagoas.al.gov.br\/noticia\/unesco-reconhece-penedo-como-cidade-do-cinema\" target=\"_blank\" rel=\"noreferrer noopener\"><strong>UNESCO<\/strong><\/a>.<\/p>\n\n\n\n<h2 class=\"wp-block-heading\">Uma cidade erguida sobre a pedra do Velho Chico<\/h2>\n\n\n\n<p>O povoado nasceu na d\u00e9cada de 1560, quando bandeirantes vindos de Pernambuco alcan\u00e7aram as margens do S\u00e3o Francisco. O nome vem de uma grande rocha \u00e0 beira do rio que servia de mirante. Portugueses, holandeses e franceses passaram por ali e deixaram marcas na arquitetura colonial que resiste at\u00e9 hoje.<\/p>\n\n\n\n<p>Em 1859, <strong>Dom Pedro II<\/strong> visitou a cidade e se hospedou no sobrado que hoje abriga o <strong>Museu do Pa\u00e7o Imperial<\/strong>. Conta o imagin\u00e1rio popular que o imperador teria dito que Penedo deveria ser a capital da Prov\u00edncia. O conjunto hist\u00f3rico e paisag\u00edstico foi tombado pelo <a href=\"https:\/\/www.gov.br\/iphan\/pt-br\/superintendencias\/alagoas\/patrimonio-material\" target=\"_blank\" rel=\"noreferrer noopener\"><strong>Instituto do Patrim\u00f4nio Hist\u00f3rico e Art\u00edstico Nacional (IPHAN)<\/strong><\/a> em 1996.<\/p>\n\n\n<div class=\"wp-block-image\">\n<figure class=\"aligncenter size-large\"><img decoding=\"async\" width=\"1024\" height=\"576\" src=\"https:\/\/www.correiobraziliense.com.br\/cbradar\/wp-content\/uploads\/2025\/10\/Santos-Dumont-12-1-1024x576.png\" alt=\"Uma cidade est\u00e1 sendo chamada de &quot;Atenas alagoana&quot; no Nordeste e o motivo est\u00e1 nos detalhes das constru\u00e7\u00f5es\" class=\"wp-image-121736\" srcset=\"https:\/\/www.correiobraziliense.com.br\/cbradar\/wp-content\/uploads\/2025\/10\/Santos-Dumont-12-1-1024x576.png 1024w, https:\/\/www.correiobraziliense.com.br\/cbradar\/wp-content\/uploads\/2025\/10\/Santos-Dumont-12-1-300x169.png 300w, https:\/\/www.correiobraziliense.com.br\/cbradar\/wp-content\/uploads\/2025\/10\/Santos-Dumont-12-1-768x432.png 768w, https:\/\/www.correiobraziliense.com.br\/cbradar\/wp-content\/uploads\/2025\/10\/Santos-Dumont-12-1-750x422.png 750w, https:\/\/www.correiobraziliense.com.br\/cbradar\/wp-content\/uploads\/2025\/10\/Santos-Dumont-12-1-1140x641.png 1140w, https:\/\/www.correiobraziliense.com.br\/cbradar\/wp-content\/uploads\/2025\/10\/Santos-Dumont-12-1.png 1280w\" sizes=\"(max-width: 1024px) 100vw, 1024px\" \/><figcaption class=\"wp-element-caption\">Penedo \u00e9 uma cidade hist\u00f3rica de Alagoas \u00e0s margens do Rio S\u00e3o Francisco, com arquitetura colonial preservada. \/\/ Cr\u00e9ditos: Wikip\u00e9dia<\/figcaption><\/figure><\/div>\n\n\n<h2 class=\"wp-block-heading\">O que visitar no centro hist\u00f3rico de Penedo?<\/h2>\n\n\n\n<p>Quase todas as atra\u00e7\u00f5es ficam a poucos passos umas das outras, no per\u00edmetro tombado \u00e0s margens do rio. Uma caminhada de meio dia \u00e9 suficiente para cobrir os principais pontos.<\/p>\n\n\n\n<ul class=\"wp-block-list\">\n<li><strong>Igreja Nossa Senhora da Corrente<\/strong>: constru\u00edda a partir de 1764, \u00e9 uma obra-prima do rococ\u00f3 brasileiro. O altar-mor \u00e9 folheado a ouro, e as paredes s\u00e3o revestidas com azulejos portugueses em policromia.<\/li>\n\n\n\n<li><strong>Convento e Igreja Santa Maria dos Anjos<\/strong>: erguidos a partir de 1660, com talha barroca do s\u00e9culo XVIII. O altar traz ouro misturado a \u00f3leo de baleia e clara de ovo.<\/li>\n\n\n\n<li><strong>Theatro Sete de Setembro<\/strong>: inaugurado em 1884, \u00e9 o primeiro teatro de Alagoas e o oitavo mais antigo do pa\u00eds. Projetado pelo italiano <strong>Luigi Lucarini<\/strong>, tem ac\u00fastica quase perfeita e quatro musas de lou\u00e7a portuguesa na fachada.<\/li>\n\n\n\n<li><strong>Museu do Pa\u00e7o Imperial<\/strong>: porcelanas, mobili\u00e1rio e documentos do per\u00edodo colonial no sobrado onde Dom Pedro II se hospedou.<\/li>\n\n\n\n<li><strong>Orla dos Pescadores<\/strong>: no bairro <strong>Barro Vermelho<\/strong>, cal\u00e7ad\u00e3o com barcos pitorescos ancorados na beira do Velho Chico.<\/li>\n<\/ul>\n\n\n\n<p><strong>Penedo \u00e9 a &#8220;Atenas Alagoana&#8221;, uma joia hist\u00f3rica \u00e0s margens do Rio S\u00e3o Francisco que parece cen\u00e1rio de novela<\/strong>. O v\u00eddeo \u00e9 do canal <strong>Coisas do Mundo<\/strong>, com mais de 169 mil inscritos, e apresenta o centro hist\u00f3rico tombado, igrejas barrocas e a futura ponte que ligar\u00e1 Alagoas a Sergipe:<\/p>\n\n\n\n<figure class=\"wp-block-embed aligncenter is-type-video is-provider-youtube wp-block-embed-youtube wp-embed-aspect-16-9 wp-has-aspect-ratio\"><div class=\"wp-block-embed__wrapper\">\n<div class=\"jeg_video_container jeg_video_content\"><iframe loading=\"lazy\" title=\"PENEDO - A cidade mais incr\u00edvel de Alagoas.\" width=\"500\" height=\"281\" src=\"https:\/\/www.youtube.com\/embed\/JxaK_2lDnOE?feature=oembed\" frameborder=\"0\" allow=\"accelerometer; autoplay; clipboard-write; encrypted-media; gyroscope; picture-in-picture; web-share\" referrerpolicy=\"strict-origin-when-cross-origin\" allowfullscreen><\/iframe><\/div>\n<\/div><\/figure>\n\n\n\n<h2 class=\"wp-block-heading\">Por que a UNESCO escolheu Penedo como Cidade do Cinema?<\/h2>\n\n\n\n<p>O <strong>Festival de Cinema Brasileiro de Penedo<\/strong> \u00e9 um dos mais tradicionais do pa\u00eds e j\u00e1 reuniu nomes de peso do audiovisual nacional. Em 2023, a UNESCO reconheceu o munic\u00edpio na categoria Cinema, tornando-o a segunda cidade brasileira com esse selo, ao lado de <strong>Santos<\/strong>. Apenas cinco cidades no mundo receberam a distin\u00e7\u00e3o naquele edital.<\/p>\n\n\n\n<p>O antigo <strong>Cine Penedo<\/strong> foi restaurado com recursos do PAC Cidades Hist\u00f3ricas e reaberto em novembro de 2023. A voca\u00e7\u00e3o cinematogr\u00e1fica se soma a eventos como o <strong>Festival Penedo, Sabor &amp; Jazz<\/strong>, que une gastronomia ribeirinha e m\u00fasica na orla do S\u00e3o Francisco.<\/p>\n\n\n<div class=\"wp-block-image\">\n<figure class=\"aligncenter size-large\"><img decoding=\"async\" width=\"1024\" height=\"576\" src=\"https:\/\/www.correiobraziliense.com.br\/cbradar\/wp-content\/uploads\/2025\/08\/Edicoes-2025-08-18T183156.221-1024x576.png\" alt=\"A Atenas Alagoana est\u00e1 chamando aten\u00e7\u00e3o com beleza que lembra paisagens da Gr\u00e9cia antiga\" class=\"wp-image-89173\" srcset=\"https:\/\/www.correiobraziliense.com.br\/cbradar\/wp-content\/uploads\/2025\/08\/Edicoes-2025-08-18T183156.221-1024x576.png 1024w, https:\/\/www.correiobraziliense.com.br\/cbradar\/wp-content\/uploads\/2025\/08\/Edicoes-2025-08-18T183156.221-300x169.png 300w, https:\/\/www.correiobraziliense.com.br\/cbradar\/wp-content\/uploads\/2025\/08\/Edicoes-2025-08-18T183156.221-768x432.png 768w, https:\/\/www.correiobraziliense.com.br\/cbradar\/wp-content\/uploads\/2025\/08\/Edicoes-2025-08-18T183156.221-750x422.png 750w, https:\/\/www.correiobraziliense.com.br\/cbradar\/wp-content\/uploads\/2025\/08\/Edicoes-2025-08-18T183156.221-1140x641.png 1140w, https:\/\/www.correiobraziliense.com.br\/cbradar\/wp-content\/uploads\/2025\/08\/Edicoes-2025-08-18T183156.221.png 1280w\" sizes=\"(max-width: 1024px) 100vw, 1024px\" \/><figcaption class=\"wp-element-caption\">Penedo Alagoas encanta com casar\u00f5es coloniais, igrejas barrocas e Rio S\u00e3o Francisco, patrim\u00f4nio hist\u00f3rico do IPHAN no Nordeste brasileiro. \/\/ Cr\u00e9ditos: YouTube @passeioseviagens<\/figcaption><\/figure><\/div>\n\n\n<p><strong>Leia tamb\u00e9m: <a href=\"https:\/\/www.correiobraziliense.com.br\/cbradar\/a-capital-do-calcado-feminino-inventou-a-urna-de-lona-e-tem-o-maior-centro-de-transplante-de-medula-da-america-latina\/\" target=\"_blank\" rel=\"noreferrer noopener\">A &#8220;Capital do Cal\u00e7ado Feminino&#8221; inventou a urna de lona e tem o maior centro de transplante de medula da Am\u00e9rica Latina.<\/a><\/strong><\/p>\n\n\n\n<h2 class=\"wp-block-heading\">Qual a melhor \u00e9poca para conhecer a P\u00e9rola do S\u00e3o Francisco?<\/h2>\n\n\n\n<p>O clima \u00e9 quente o ano inteiro, com temperatura m\u00e9dia de 25 \u00b0C. As chuvas se concentram entre abril e julho, mas raramente impedem os passeios.<\/p>\n\n\n\n<div class=\"google-auto-ads-ignore\" style=\"font-family: 'Segoe UI', Roboto, Helvetica, Arial, sans-serif; max-width: 900px; margin: 10px auto; display: flex; flex-wrap: wrap; gap: 12px; justify-content: center;\">\n\n  <div style=\"flex: 1 1 200px; background: #ffffff; border-radius: 12px; border: 1px solid #bfdbfe; box-shadow: 0 2px 10px rgba(37, 99, 235, 0.05); overflow: hidden; display: flex; flex-direction: column;\">\n    <div style=\"background: #eff6ff; padding: 10px; border-bottom: 1px solid #dbeafe; display: flex; align-items: center; gap: 8px;\">\n      <div style=\"background: #2563eb; padding: 4px; border-radius: 6px; display: flex;\">\n        <svg width=\"14\" height=\"14\" viewBox=\"0 0 24 24\" fill=\"none\" stroke=\"#ffffff\" stroke-width=\"3\" stroke-linecap=\"round\" stroke-linejoin=\"round\"><circle cx=\"12\" cy=\"12\" r=\"5\"\/><line x1=\"12\" y1=\"1\" x2=\"12\" y2=\"3\"\/><line x1=\"12\" y1=\"21\" x2=\"12\" y2=\"23\"\/><line x1=\"4.22\" y1=\"4.22\" x2=\"5.64\" y2=\"5.64\"\/><line x1=\"18.36\" y1=\"18.36\" x2=\"19.78\" y2=\"19.78\"\/><line x1=\"1\" y1=\"12\" x2=\"3\" y2=\"12\"\/><line x1=\"21\" y1=\"12\" x2=\"23\" y2=\"12\"\/><\/svg>\n      <\/div>\n      <span style=\"font-size: 0.75rem; font-weight: 800; color: #1e3a8a; letter-spacing: 0.05em;\">VER\u00c3O<\/span>\n    <\/div>\n    <div style=\"padding: 12px; text-align: center;\">\n      <div style=\"font-size: 0.7rem; color: #1d4ed8; font-weight: 700;\">DEZ &#8211; FEV<\/div>\n      <div style=\"font-size: 1.2rem; font-weight: 900; color: #2563eb; margin: 2px 0;\">24-32 \u00b0C<\/div>\n      <div style=\"font-size: 0.8rem; color: #1e293b; line-height: 1.3;\">Chuva baixa. \u00c9poca perfeita para <strong>passeios de barco<\/strong> e explorar a <strong>Foz do S\u00e3o Francisco<\/strong>.<\/div>\n    <\/div>\n  <\/div>\n\n  <div style=\"flex: 1 1 200px; background: #ffffff; border-radius: 12px; border: 1px solid #bfdbfe; box-shadow: 0 2px 10px rgba(37, 99, 235, 0.05); overflow: hidden; display: flex; flex-direction: column;\">\n    <div style=\"background: #eff6ff; padding: 10px; border-bottom: 1px solid #dbeafe; display: flex; align-items: center; gap: 8px;\">\n      <div style=\"background: #2563eb; padding: 4px; border-radius: 6px; display: flex;\">\n        <svg width=\"14\" height=\"14\" viewBox=\"0 0 24 24\" fill=\"none\" stroke=\"#ffffff\" stroke-width=\"3\" stroke-linecap=\"round\" stroke-linejoin=\"round\"><path d=\"M12 2L2 7l10 5 10-5-10-5zM2 17l10 5 10-5M2 12l10 5 10-5\"\/><\/svg>\n      <\/div>\n      <span style=\"font-size: 0.75rem; font-weight: 800; color: #1e3a8a; letter-spacing: 0.05em;\">OUTONO<\/span>\n    <\/div>\n    <div style=\"padding: 12px; text-align: center;\">\n      <div style=\"font-size: 0.7rem; color: #1d4ed8; font-weight: 700;\">MAR &#8211; MAI<\/div>\n      <div style=\"font-size: 1.2rem; font-weight: 900; color: #2563eb; margin: 2px 0;\">23-30 \u00b0C<\/div>\n      <div style=\"font-size: 0.8rem; color: #1e293b; line-height: 1.3;\">Chuva alta. Clima ideal para mergulhar na hist\u00f3ria nos <strong>museus e igrejas<\/strong> do centro.<\/div>\n    <\/div>\n  <\/div>\n\n  <div style=\"flex: 1 1 200px; background: #ffffff; border-radius: 12px; border: 1px solid #bfdbfe; box-shadow: 0 2px 10px rgba(37, 99, 235, 0.05); overflow: hidden; display: flex; flex-direction: column;\">\n    <div style=\"background: #eff6ff; padding: 10px; border-bottom: 1px solid #dbeafe; display: flex; align-items: center; gap: 8px;\">\n      <div style=\"background: #2563eb; padding: 4px; border-radius: 6px; display: flex;\">\n        <svg width=\"14\" height=\"14\" viewBox=\"0 0 24 24\" fill=\"none\" stroke=\"#ffffff\" stroke-width=\"3\" stroke-linecap=\"round\" stroke-linejoin=\"round\"><path d=\"M18 8h1a4 4 0 0 1 0 8h-1\"\/><path d=\"M2 8h16v9a4 4 0 0 1-4 4H6a4 4 0 0 1-4-4V8z\"\/><\/svg>\n      <\/div>\n      <span style=\"font-size: 0.75rem; font-weight: 800; color: #1e3a8a; letter-spacing: 0.05em;\">INVERNO<\/span>\n    <\/div>\n    <div style=\"padding: 12px; text-align: center;\">\n      <div style=\"font-size: 0.7rem; color: #1d4ed8; font-weight: 700;\">JUN &#8211; AGO<\/div>\n      <div style=\"font-size: 1.2rem; font-weight: 900; color: #2563eb; margin: 2px 0;\">21-28 \u00b0C<\/div>\n      <div style=\"font-size: 0.8rem; color: #1e293b; line-height: 1.3;\">Chuva alta. Aproveite a <strong>gastronomia ribeirinha<\/strong> e prepare-se para o circuito cultural.<\/div>\n    <\/div>\n  <\/div>\n\n  <div style=\"flex: 1 1 200px; background: #ffffff; border-radius: 12px; border: 1px solid #bfdbfe; box-shadow: 0 2px 10px rgba(37, 99, 235, 0.05); overflow: hidden; display: flex; flex-direction: column;\">\n    <div style=\"background: #eff6ff; padding: 10px; border-bottom: 1px solid #dbeafe; display: flex; align-items: center; gap: 10px;\">\n      <div style=\"background: #2563eb; padding: 4px; border-radius: 6px; display: flex;\">\n        <svg width=\"14\" height=\"14\" viewBox=\"0 0 24 24\" fill=\"none\" stroke=\"#ffffff\" stroke-width=\"3\" stroke-linecap=\"round\" stroke-linejoin=\"round\"><path d=\"M12 7.5V21m-4.5-9L12 21l4.5-9\"\/><\/svg>\n      <\/div>\n      <span style=\"font-size: 0.75rem; font-weight: 800; color: #1e3a8a; letter-spacing: 0.05em;\">PRIMAVERA<\/span>\n    <\/div>\n    <div style=\"padding: 12px; text-align: center;\">\n      <div style=\"font-size: 0.7rem; color: #1d4ed8; font-weight: 700;\">SET &#8211; NOV<\/div>\n      <div style=\"font-size: 1.2rem; font-weight: 900; color: #2563eb; margin: 2px 0;\">23-31 \u00b0C<\/div>\n      <div style=\"font-size: 0.8rem; color: #1e293b; line-height: 1.3;\">Chuva baixa. Ideal para <strong>trilhas, Marituba<\/strong> e o imperd\u00edvel <strong>Festival de Cinema<\/strong>.<\/div>\n    <\/div>\n  <\/div>\n\n<\/div>\n\n\n\n<p><em>Temperaturas aproximadas com base no <a href=\"https:\/\/www.climatempo.com.br\/previsao-do-tempo\/cidade\/827\/penedo-al\" target=\"_blank\" rel=\"noreferrer noopener\"><strong>Climatempo<\/strong><\/a>. Condi\u00e7\u00f5es podem variar.<\/em><\/p>\n\n\n\n<h2 class=\"wp-block-heading\">O que comer \u00e0s margens do Velho Chico?<\/h2>\n\n\n\n<p>A cozinha de Penedo bebe direto do rio. Peixes de \u00e1gua doce dominam os card\u00e1pios, temperados com o dend\u00ea e o coentro t\u00edpicos do Nordeste alagoano.<\/p>\n\n\n\n<ul class=\"wp-block-list\">\n<li><strong>Surubim na brasa<\/strong>: peixe nobre do S\u00e3o Francisco, servido inteiro ou em postas nos restaurantes da orla.<\/li>\n\n\n\n<li><strong>Peixada alagoana<\/strong>: ensopado de peixe com legumes, leite de coco e pir\u00e3o, prato obrigat\u00f3rio na regi\u00e3o.<\/li>\n\n\n\n<li><strong>Doces conventuais<\/strong>: heran\u00e7a dos franciscanos, com receitas \u00e0 base de coco, a\u00e7\u00facar e ovos.<\/li>\n\n\n\n<li><strong>Queijo coalho e tapioca<\/strong>: encontrados nas feiras e barracas ao longo da avenida principal.<\/li>\n<\/ul>\n\n\n<div class=\"wp-block-image\">\n<figure class=\"aligncenter size-large\"><img decoding=\"async\" width=\"1024\" height=\"576\" src=\"https:\/\/www.correiobraziliense.com.br\/cbradar\/wp-content\/uploads\/2025\/10\/Santos-Dumont-11-1024x576.png\" alt=\"Fundada em 1560, A &quot;Atenas alagoana&quot; no Nordeste est\u00e1 conquistando novos visitantes que amam o per\u00edodo colonial do Brasil\" class=\"wp-image-121733\" srcset=\"https:\/\/www.correiobraziliense.com.br\/cbradar\/wp-content\/uploads\/2025\/10\/Santos-Dumont-11-1024x576.png 1024w, https:\/\/www.correiobraziliense.com.br\/cbradar\/wp-content\/uploads\/2025\/10\/Santos-Dumont-11-300x169.png 300w, https:\/\/www.correiobraziliense.com.br\/cbradar\/wp-content\/uploads\/2025\/10\/Santos-Dumont-11-768x432.png 768w, https:\/\/www.correiobraziliense.com.br\/cbradar\/wp-content\/uploads\/2025\/10\/Santos-Dumont-11-750x422.png 750w, https:\/\/www.correiobraziliense.com.br\/cbradar\/wp-content\/uploads\/2025\/10\/Santos-Dumont-11-1140x641.png 1140w, https:\/\/www.correiobraziliense.com.br\/cbradar\/wp-content\/uploads\/2025\/10\/Santos-Dumont-11.png 1280w\" sizes=\"(max-width: 1024px) 100vw, 1024px\" \/><figcaption class=\"wp-element-caption\">Penedo mant\u00e9m vivo seu passado colonial com museus, igrejas barrocas e eventos que celebram suas ra\u00edzes hist\u00f3ricas. \/\/ Cr\u00e9ditos: @BoaSorteViajante<\/figcaption><\/figure><\/div>\n\n\n<h2 class=\"wp-block-heading\">Como chegar \u00e0 cidade hist\u00f3rica no sul de Alagoas?<\/h2>\n\n\n\n<p>Penedo fica a 145 km de <strong>Macei\u00f3<\/strong> pela AL-101 Sul, cerca de 2h30 de carro. De <strong>Aracaju<\/strong>, s\u00e3o 120 km pela BR-101, com travessia de balsa sobre o S\u00e3o Francisco em <strong>Ne\u00f3polis<\/strong> (SE). \u00d4nibus da <strong>Real Alagoas<\/strong> fazem a linha Macei\u00f3\u2013Penedo com frequ\u00eancia di\u00e1ria. O aeroporto mais pr\u00f3ximo \u00e9 o <strong>Zumbi dos Palmares<\/strong>, em Macei\u00f3.<\/p>\n\n\n\n<h2 class=\"wp-block-heading\">A cidade onde o rio conta a hist\u00f3ria<\/h2>\n\n\n\n<p>Penedo oferece uma combina\u00e7\u00e3o rara: patrim\u00f4nio colonial preservado, t\u00edtulo da UNESCO, gastronomia ribeirinha e o S\u00e3o Francisco como cen\u00e1rio permanente. Poucos lugares no Nordeste entregam tanta hist\u00f3ria em t\u00e3o pouca dist\u00e2ncia.<\/p>\n\n\n\n<p>Voc\u00ea precisa descer at\u00e9 o sul de Alagoas e caminhar pelas ruas de Penedo para sentir o peso dos s\u00e9culos nos casar\u00f5es e a brisa leve que sobe do Velho Chico ao fim da tarde.<\/p>\n","protected":false},"excerpt":{"rendered":"<p>Casar\u00f5es coloridos, igrejas com ouro no altar e o Rio S\u00e3o Francisco passando logo ali embaixo. Penedo, apelidada de \u201cAtenas alagoana\u201d no extremo sul de Alagoas, guarda um dos centros hist\u00f3ricos mais preservados do Nordeste e, desde 2023, carrega o selo de Cidade Criativa do Cinema concedido pela UNESCO. Uma cidade erguida sobre a pedra [&hellip;]<\/p>\n","protected":false},"author":8,"featured_media":165396,"comment_status":"open","ping_status":"open","sticky":false,"template":"","format":"standard","meta":{"_yoast_wpseo_focuskw":"Atenas alagoana","_yoast_wpseo_title":"","_yoast_wpseo_metadesc":"Conhecida como \u201cAtenas alagoana\u201d, essa cidade preserva igrejas, casar\u00f5es e ruas coloniais que revelam uma das hist\u00f3rias do Nordeste.","jnews-multi-image_gallery":[],"jnews_single_post":{"format":"standard"},"jnews_primary_category":[],"jnews_social_meta":[],"jnews_override_counter":[],"footnotes":""},"categories":[108,111],"tags":[2815,1922],"class_list":["post-203784","post","type-post","status-publish","format-standard","has-post-thumbnail","hentry","category-cidades","category-turismo","tag-alagoas","tag-penedo"],"yoast_head":"<!-- This site is optimized with the Yoast SEO plugin v24.6 - https:\/\/yoast.com\/wordpress\/plugins\/seo\/ -->\n<title>No Nordeste, a \u201cAtenas alagoana\u201d conquista turistas apaixonados pelo per\u00edodo colonial do Brasil e hist\u00f3ria - Correio Braziliense - Radar<\/title>\n<meta name=\"description\" content=\"Conhecida como \u201cAtenas alagoana\u201d, essa cidade preserva igrejas, casar\u00f5es e ruas coloniais que revelam uma das hist\u00f3rias do Nordeste.\" \/>\n<meta name=\"robots\" content=\"index, follow, max-snippet:-1, max-image-preview:large, max-video-preview:-1\" \/>\n<link rel=\"canonical\" href=\"https:\/\/www.correiobraziliense.com.br\/cbradar\/no-nordeste-a-atenas-alagoana-conquista-turistas-apaixonados-pelo-periodo-colonial-do-brasil-e-historia\/\" \/>\n<meta property=\"og:locale\" content=\"pt_BR\" \/>\n<meta property=\"og:type\" content=\"article\" \/>\n<meta property=\"og:title\" content=\"No Nordeste, a \u201cAtenas alagoana\u201d conquista turistas apaixonados pelo per\u00edodo colonial do Brasil e hist\u00f3ria - Correio Braziliense - Radar\" \/>\n<meta property=\"og:description\" content=\"Conhecida como \u201cAtenas alagoana\u201d, essa cidade preserva igrejas, casar\u00f5es e ruas coloniais que revelam uma das hist\u00f3rias do Nordeste.\" \/>\n<meta property=\"og:url\" content=\"https:\/\/www.correiobraziliense.com.br\/cbradar\/no-nordeste-a-atenas-alagoana-conquista-turistas-apaixonados-pelo-periodo-colonial-do-brasil-e-historia\/\" \/>\n<meta property=\"og:site_name\" content=\"Correio Braziliense - Radar\" \/>\n<meta property=\"article:published_time\" content=\"2026-03-06T10:55:00+00:00\" \/>\n<meta property=\"og:image\" content=\"https:\/\/www.correiobraziliense.com.br\/cbradar\/wp-content\/uploads\/2025\/12\/canva-2025-12-29T090658.451.png\" \/>\n\t<meta property=\"og:image:width\" content=\"1280\" \/>\n\t<meta property=\"og:image:height\" content=\"720\" \/>\n\t<meta property=\"og:image:type\" content=\"image\/png\" \/>\n<meta name=\"author\" content=\"Maura Pereira\" \/>\n<meta name=\"twitter:card\" content=\"summary_large_image\" \/>\n<meta name=\"twitter:label1\" content=\"Escrito por\" \/>\n\t<meta name=\"twitter:data1\" content=\"Maura Pereira\" \/>\n\t<meta name=\"twitter:label2\" content=\"Est. tempo de leitura\" \/>\n\t<meta name=\"twitter:data2\" content=\"6 minutos\" \/>\n<!-- \/ Yoast SEO plugin. -->","yoast_head_json":{"title":"No Nordeste, a \u201cAtenas alagoana\u201d conquista turistas apaixonados pelo per\u00edodo colonial do Brasil e hist\u00f3ria - Correio Braziliense - Radar","description":"Conhecida como \u201cAtenas alagoana\u201d, essa cidade preserva igrejas, casar\u00f5es e ruas coloniais que revelam uma das hist\u00f3rias do Nordeste.","robots":{"index":"index","follow":"follow","max-snippet":"max-snippet:-1","max-image-preview":"max-image-preview:large","max-video-preview":"max-video-preview:-1"},"canonical":"https:\/\/www.correiobraziliense.com.br\/cbradar\/no-nordeste-a-atenas-alagoana-conquista-turistas-apaixonados-pelo-periodo-colonial-do-brasil-e-historia\/","og_locale":"pt_BR","og_type":"article","og_title":"No Nordeste, a \u201cAtenas alagoana\u201d conquista turistas apaixonados pelo per\u00edodo colonial do Brasil e hist\u00f3ria - Correio Braziliense - Radar","og_description":"Conhecida como \u201cAtenas alagoana\u201d, essa cidade preserva igrejas, casar\u00f5es e ruas coloniais que revelam uma das hist\u00f3rias do Nordeste.","og_url":"https:\/\/www.correiobraziliense.com.br\/cbradar\/no-nordeste-a-atenas-alagoana-conquista-turistas-apaixonados-pelo-periodo-colonial-do-brasil-e-historia\/","og_site_name":"Correio Braziliense - Radar","article_published_time":"2026-03-06T10:55:00+00:00","og_image":[{"width":1280,"height":720,"url":"https:\/\/www.correiobraziliense.com.br\/cbradar\/wp-content\/uploads\/2025\/12\/canva-2025-12-29T090658.451.png","type":"image\/png"}],"author":"Maura Pereira","twitter_card":"summary_large_image","twitter_misc":{"Escrito por":"Maura Pereira","Est. tempo de leitura":"6 minutos"},"schema":{"@context":"https:\/\/schema.org","@graph":[{"@type":"WebPage","@id":"https:\/\/www.correiobraziliense.com.br\/cbradar\/no-nordeste-a-atenas-alagoana-conquista-turistas-apaixonados-pelo-periodo-colonial-do-brasil-e-historia\/","url":"https:\/\/www.correiobraziliense.com.br\/cbradar\/no-nordeste-a-atenas-alagoana-conquista-turistas-apaixonados-pelo-periodo-colonial-do-brasil-e-historia\/","name":"No Nordeste, a \u201cAtenas alagoana\u201d conquista turistas apaixonados pelo per\u00edodo colonial do Brasil e hist\u00f3ria - Correio Braziliense - Radar","isPartOf":{"@id":"https:\/\/www.correiobraziliense.com.br\/cbradar\/#website"},"primaryImageOfPage":{"@id":"https:\/\/www.correiobraziliense.com.br\/cbradar\/no-nordeste-a-atenas-alagoana-conquista-turistas-apaixonados-pelo-periodo-colonial-do-brasil-e-historia\/#primaryimage"},"image":{"@id":"https:\/\/www.correiobraziliense.com.br\/cbradar\/no-nordeste-a-atenas-alagoana-conquista-turistas-apaixonados-pelo-periodo-colonial-do-brasil-e-historia\/#primaryimage"},"thumbnailUrl":"https:\/\/www.correiobraziliense.com.br\/cbradar\/wp-content\/uploads\/2025\/12\/canva-2025-12-29T090658.451.png","datePublished":"2026-03-06T10:55:00+00:00","author":{"@id":"https:\/\/www.correiobraziliense.com.br\/cbradar\/#\/schema\/person\/4053c651a9bfc785afc6f4cbc9032fd3"},"description":"Conhecida como \u201cAtenas alagoana\u201d, essa cidade preserva igrejas, casar\u00f5es e ruas coloniais que revelam uma das hist\u00f3rias do Nordeste.","breadcrumb":{"@id":"https:\/\/www.correiobraziliense.com.br\/cbradar\/no-nordeste-a-atenas-alagoana-conquista-turistas-apaixonados-pelo-periodo-colonial-do-brasil-e-historia\/#breadcrumb"},"inLanguage":"pt-BR","potentialAction":[{"@type":"ReadAction","target":["https:\/\/www.correiobraziliense.com.br\/cbradar\/no-nordeste-a-atenas-alagoana-conquista-turistas-apaixonados-pelo-periodo-colonial-do-brasil-e-historia\/"]}]},{"@type":"ImageObject","inLanguage":"pt-BR","@id":"https:\/\/www.correiobraziliense.com.br\/cbradar\/no-nordeste-a-atenas-alagoana-conquista-turistas-apaixonados-pelo-periodo-colonial-do-brasil-e-historia\/#primaryimage","url":"https:\/\/www.correiobraziliense.com.br\/cbradar\/wp-content\/uploads\/2025\/12\/canva-2025-12-29T090658.451.png","contentUrl":"https:\/\/www.correiobraziliense.com.br\/cbradar\/wp-content\/uploads\/2025\/12\/canva-2025-12-29T090658.451.png","width":1280,"height":720,"caption":"Penedo Alagoas \u00e9 puro charme! Passeie por ruas de pedra, igrejas antigas e o rio lindo, com gostinho de hist\u00f3ria acolhedora. \/ Imagem ilustrativa"},{"@type":"BreadcrumbList","@id":"https:\/\/www.correiobraziliense.com.br\/cbradar\/no-nordeste-a-atenas-alagoana-conquista-turistas-apaixonados-pelo-periodo-colonial-do-brasil-e-historia\/#breadcrumb","itemListElement":[{"@type":"ListItem","position":1,"name":"In\u00edcio","item":"https:\/\/www.correiobraziliense.com.br\/cbradar\/"},{"@type":"ListItem","position":2,"name":"No Nordeste, a \u201cAtenas alagoana\u201d conquista turistas apaixonados pelo per\u00edodo colonial do Brasil e hist\u00f3ria"}]},{"@type":"WebSite","@id":"https:\/\/www.correiobraziliense.com.br\/cbradar\/#website","url":"https:\/\/www.correiobraziliense.com.br\/cbradar\/","name":"Correio Braziliense - Radar","description":"Acompanhe as \u00faltimas not\u00edcias e fique bem informado sobre tudo o que acontece no Brasil e no mundo.","potentialAction":[{"@type":"SearchAction","target":{"@type":"EntryPoint","urlTemplate":"https:\/\/www.correiobraziliense.com.br\/cbradar\/?s={search_term_string}"},"query-input":{"@type":"PropertyValueSpecification","valueRequired":true,"valueName":"search_term_string"}}],"inLanguage":"pt-BR"},{"@type":"Person","@id":"https:\/\/www.correiobraziliense.com.br\/cbradar\/#\/schema\/person\/4053c651a9bfc785afc6f4cbc9032fd3","name":"Maura Pereira","image":{"@type":"ImageObject","inLanguage":"pt-BR","@id":"https:\/\/www.correiobraziliense.com.br\/cbradar\/#\/schema\/person\/image\/","url":"https:\/\/secure.gravatar.com\/avatar\/3effd6bdadfa447f15089c7f7144eaa6?s=96&d=mm&r=g","contentUrl":"https:\/\/secure.gravatar.com\/avatar\/3effd6bdadfa447f15089c7f7144eaa6?s=96&d=mm&r=g","caption":"Maura Pereira"},"sameAs":["https:\/\/www.correiobraziliense.com.br\/"],"url":"https:\/\/www.correiobraziliense.com.br\/cbradar\/author\/mauramyth\/"}]}},"_links":{"self":[{"href":"https:\/\/www.correiobraziliense.com.br\/cbradar\/wp-json\/wp\/v2\/posts\/203784","targetHints":{"allow":["GET"]}}],"collection":[{"href":"https:\/\/www.correiobraziliense.com.br\/cbradar\/wp-json\/wp\/v2\/posts"}],"about":[{"href":"https:\/\/www.correiobraziliense.com.br\/cbradar\/wp-json\/wp\/v2\/types\/post"}],"author":[{"embeddable":true,"href":"https:\/\/www.correiobraziliense.com.br\/cbradar\/wp-json\/wp\/v2\/users\/8"}],"replies":[{"embeddable":true,"href":"https:\/\/www.correiobraziliense.com.br\/cbradar\/wp-json\/wp\/v2\/comments?post=203784"}],"version-history":[{"count":11,"href":"https:\/\/www.correiobraziliense.com.br\/cbradar\/wp-json\/wp\/v2\/posts\/203784\/revisions"}],"predecessor-version":[{"id":203829,"href":"https:\/\/www.correiobraziliense.com.br\/cbradar\/wp-json\/wp\/v2\/posts\/203784\/revisions\/203829"}],"wp:featuredmedia":[{"embeddable":true,"href":"https:\/\/www.correiobraziliense.com.br\/cbradar\/wp-json\/wp\/v2\/media\/165396"}],"wp:attachment":[{"href":"https:\/\/www.correiobraziliense.com.br\/cbradar\/wp-json\/wp\/v2\/media?parent=203784"}],"wp:term":[{"taxonomy":"category","embeddable":true,"href":"https:\/\/www.correiobraziliense.com.br\/cbradar\/wp-json\/wp\/v2\/categories?post=203784"},{"taxonomy":"post_tag","embeddable":true,"href":"https:\/\/www.correiobraziliense.com.br\/cbradar\/wp-json\/wp\/v2\/tags?post=203784"}],"curies":[{"name":"wp","href":"https:\/\/api.w.org\/{rel}","templated":true}]}}