{"id":203785,"date":"2026-03-06T08:25:00","date_gmt":"2026-03-06T11:25:00","guid":{"rendered":"https:\/\/www.correiobraziliense.com.br\/cbradar\/?p=203785"},"modified":"2026-03-06T01:00:21","modified_gmt":"2026-03-06T04:00:21","slug":"onde-os-bons-ares-atraem-novos-moradores-ao-unir-tranquilidade-ar-puro-e-saude-de-referencia-a-235-km-de-sao-paulo","status":"publish","type":"post","link":"https:\/\/www.correiobraziliense.com.br\/cbradar\/onde-os-bons-ares-atraem-novos-moradores-ao-unir-tranquilidade-ar-puro-e-saude-de-referencia-a-235-km-de-sao-paulo\/","title":{"rendered":"Onde os &#8220;Bons Ares\u201d atraem novos moradores ao unir tranquilidade, ar puro e sa\u00fade de refer\u00eancia a 235 km de S\u00e3o Paulo"},"content":{"rendered":"\n<p>Pared\u00f5es de rocha, morros que desenham um gigante no horizonte e mais de 70 cachoeiras escondidas entre <strong>Mata Atl\u00e2ntica<\/strong> e <strong>Cerrado<\/strong>. <strong>Botucatu<\/strong>, ou &#8220;bons ares&#8221;, no centro-sul do estado de <strong>S\u00e3o Paulo<\/strong>, ocupa o topo da <strong>Cuesta Paulista<\/strong>, forma\u00e7\u00e3o geol\u00f3gica que funciona como \u00e1rea de recarga do <strong>Aqu\u00edfero Guarani<\/strong>, um dos maiores reservat\u00f3rios de \u00e1gua doce do planeta.<\/p>\n\n\n\n<h2 class=\"wp-block-heading\">De onde vem o nome da cidade dos bons ares?<\/h2>\n\n\n\n<p>O nome Botucatu vem do tupi <em>Ybytu-katu<\/em>, que significa &#8220;bons ares&#8221;. A brisa noturna que desce da Cuesta justifica o apelido at\u00e9 hoje. A cidade foi fundada em 1843, quando o capit\u00e3o <strong>Jos\u00e9 Gomes Pinheiro Vellozo<\/strong> doou terras para a cria\u00e7\u00e3o da Freguesia de Santana de Botucatu. Elevada a vila em 1855, cresceu com o caf\u00e9 e ganhou impulso definitivo com a chegada da <strong>Estrada de Ferro Sorocabana<\/strong> em 1886.<\/p>\n\n\n\n<p>A regi\u00e3o tamb\u00e9m \u00e9 considerada m\u00edstica. O antigo <strong>Caminho de Peabiru<\/strong>, rota de mais de 16 mil km que ligava o Imp\u00e9rio Inca ao litoral atl\u00e2ntico, passava pela Cuesta. Hoje, trechos desse caminho podem ser percorridos em trilhas guiadas no <strong>Ecoparque Pedra do \u00cdndio<\/strong>.<\/p>\n\n\n<div class=\"wp-block-image\">\n<figure class=\"aligncenter size-large\"><img decoding=\"async\" width=\"1024\" height=\"576\" src=\"https:\/\/www.correiobraziliense.com.br\/cbradar\/wp-content\/uploads\/2025\/07\/Botucatu-_1752381243887-1024x576.jpg\" alt=\"&quot;A Cidade dos Bons Ares&quot; \u00e9 um polo de prosperidade em S\u00e3o Paulo com clima agrad\u00e1vel e alta qualidade de vida que atrai moradores\" class=\"wp-image-68872\" srcset=\"https:\/\/www.correiobraziliense.com.br\/cbradar\/wp-content\/uploads\/2025\/07\/Botucatu-_1752381243887-1024x576.jpg 1024w, https:\/\/www.correiobraziliense.com.br\/cbradar\/wp-content\/uploads\/2025\/07\/Botucatu-_1752381243887-300x169.jpg 300w, https:\/\/www.correiobraziliense.com.br\/cbradar\/wp-content\/uploads\/2025\/07\/Botucatu-_1752381243887-768x432.jpg 768w, https:\/\/www.correiobraziliense.com.br\/cbradar\/wp-content\/uploads\/2025\/07\/Botucatu-_1752381243887-750x422.jpg 750w, https:\/\/www.correiobraziliense.com.br\/cbradar\/wp-content\/uploads\/2025\/07\/Botucatu-_1752381243887-1140x641.jpg 1140w, https:\/\/www.correiobraziliense.com.br\/cbradar\/wp-content\/uploads\/2025\/07\/Botucatu-_1752381243887.jpg 1280w\" sizes=\"(max-width: 1024px) 100vw, 1024px\" \/><figcaption class=\"wp-element-caption\">Botucatu em alta: obras como barragem Rio Pardo e parque Lavap\u00e9s impulsionam desenvolvimento urbano atual. \/\/ Cr\u00e9ditos: depositphotos.com \/ p.turrini<\/figcaption><\/figure><\/div>\n\n\n<h2 class=\"wp-block-heading\">O que fazer em Botucatu para quem busca natureza?<\/h2>\n\n\n\n<p>A Cuesta concentra mirantes, c\u00e2nions e cachoeiras a poucos minutos do centro. A <strong>\u00c1rea de Prote\u00e7\u00e3o Ambiental (APA) de Botucatu<\/strong>, criada em 1983, protege as escarpas e as zonas de recarga do Aqu\u00edfero Guarani.<\/p>\n\n\n\n<ul class=\"wp-block-list\">\n<li><strong>Pedra do \u00cdndio<\/strong>: deck panor\u00e2mico com vista de 180\u00b0 das Tr\u00eas Pedras, morros testemunhos que se destacam no horizonte da Cuesta. A rocha tem o perfil de uma cabe\u00e7a ind\u00edgena.<\/li>\n\n\n\n<li><strong>Gigante Adormecido<\/strong>: conjunto de morros que, vistos de longe, formam a silhueta de um homem deitado. A tirolesa do Gigante tem 800 m em tr\u00eas lances consecutivos.<\/li>\n\n\n\n<li><strong>Cachoeira da Marta<\/strong>: unidade de conserva\u00e7\u00e3o com queda d&#8217;\u00e1gua em forma\u00e7\u00e3o rochosa, trilha e banho liberado. Entrada gratuita.<\/li>\n\n\n\n<li><strong>Cachoeira V\u00e9u da Noiva<\/strong>: queda de 6 m no Rio Pardo, a apenas 4,5 km do centro, com mata natural e \u00e1rea para churrasco.<\/li>\n\n\n\n<li><strong>Rampa de voo livre<\/strong>: no topo da Cuesta, ponto de partida para paraglider e parapente com vista do vale inteiro.<\/li>\n<\/ul>\n\n\n\n<p><strong>Botucatu \u00e9 a &#8220;Cidade dos Bons Ares&#8221;, destacando-se pela excel\u00eancia acad\u00eamica da Unesp e por sua forte economia industrial.<\/strong> O v\u00eddeo \u00e9 do canal <strong>Cidades &amp; Cia<\/strong>, que conta com mais de <strong>103 mil inscritos,<\/strong> e apresenta o Parque Municipal Joaquim Amando de Barros e o Museu de Arte Contempor\u00e2nea:<\/p>\n\n\n\n<figure class=\"wp-block-embed aligncenter is-type-video is-provider-youtube wp-block-embed-youtube wp-embed-aspect-16-9 wp-has-aspect-ratio\"><div class=\"wp-block-embed__wrapper\">\n<div class=\"jeg_video_container jeg_video_content\"><iframe loading=\"lazy\" title=\"Botucatu: &quot;A Cidade dos Bons Ares&quot; Economia e Qualidade de Vida no Cora\u00e7\u00e3o de S\u00e3o Paulo!\" width=\"500\" height=\"281\" src=\"https:\/\/www.youtube.com\/embed\/pSLAu3Kj_dg?feature=oembed\" frameborder=\"0\" allow=\"accelerometer; autoplay; clipboard-write; encrypted-media; gyroscope; picture-in-picture; web-share\" referrerpolicy=\"strict-origin-when-cross-origin\" allowfullscreen><\/iframe><\/div>\n<\/div><\/figure>\n\n\n\n<h2 class=\"wp-block-heading\">Por que Botucatu se autoproclama a capital do Saci?<\/h2>\n\n\n\n<p>A cidade abriga a <strong>Associa\u00e7\u00e3o Nacional de Criadores de Saci<\/strong>, fundada por um grupo de amigos que decidiu &#8220;criar&#8221; sacis em uma fazenda local. A ideia era manter vivo o interesse pelo folclore brasileiro entre as novas gera\u00e7\u00f5es. O resultado: Botucatu adotou o <strong>Saci-Perer\u00ea<\/strong> como s\u00edmbolo e moradores fazem quest\u00e3o de contar aos visitantes que j\u00e1 avistaram o personagem nas redondezas da Cuesta.<\/p>\n\n\n\n<h2 class=\"wp-block-heading\">O que conhecer no centro da cidade?<\/h2>\n\n\n\n<p>Fora das trilhas, o per\u00edmetro urbano tem atra\u00e7\u00f5es que rendem uma manh\u00e3 inteira de passeio a p\u00e9.<\/p>\n\n\n\n<ul class=\"wp-block-list\">\n<li><strong>Catedral Metropolitana de Sant&#8217;Ana<\/strong>: inaugurada em 1943, tem arquitetura que lembra a Catedral da S\u00e9, em S\u00e3o Paulo, e guarda bispos sepultados na cripta.<\/li>\n\n\n\n<li><strong>Pinacoteca F\u00f3rum das Artes<\/strong>: antigo f\u00f3rum projetado pelo arquiteto <strong>Reinaldo de Azevedo<\/strong> nos anos 1920, restaurado e reaberto em 2012 como centro cultural com mostras permanentes e itinerantes.<\/li>\n\n\n\n<li><strong>MAGMA Museu<\/strong>: acervo com mais de 2 mil pe\u00e7as entre rochas, minerais e f\u00f3sseis de milh\u00f5es de anos da Cuesta, incluindo explica\u00e7\u00f5es sobre o Aqu\u00edfero Guarani.<\/li>\n\n\n\n<li><strong>Esta\u00e7\u00e3o Ferrovi\u00e1ria<\/strong>: pr\u00e9dio de 1934 tombado pelo <strong>Condephaat<\/strong>, restaurado em 2016. Marca a era em que a ferrovia abriu o oeste paulista.<\/li>\n<\/ul>\n\n\n<div class=\"wp-block-image\">\n<figure class=\"aligncenter size-large\"><img decoding=\"async\" width=\"1024\" height=\"576\" src=\"https:\/\/www.correiobraziliense.com.br\/cbradar\/wp-content\/uploads\/2025\/08\/botucatu_1755117988673-1024x576.jpg\" alt=\"A \u201cCidade dos Bons Ares\u201d est\u00e1 atraindo novos moradores ao unir tranquilidade, ar puro e sa\u00fade de refer\u00eancia\" class=\"wp-image-86207\" srcset=\"https:\/\/www.correiobraziliense.com.br\/cbradar\/wp-content\/uploads\/2025\/08\/botucatu_1755117988673-1024x576.jpg 1024w, https:\/\/www.correiobraziliense.com.br\/cbradar\/wp-content\/uploads\/2025\/08\/botucatu_1755117988673-300x169.jpg 300w, https:\/\/www.correiobraziliense.com.br\/cbradar\/wp-content\/uploads\/2025\/08\/botucatu_1755117988673-768x432.jpg 768w, https:\/\/www.correiobraziliense.com.br\/cbradar\/wp-content\/uploads\/2025\/08\/botucatu_1755117988673-750x422.jpg 750w, https:\/\/www.correiobraziliense.com.br\/cbradar\/wp-content\/uploads\/2025\/08\/botucatu_1755117988673-1140x641.jpg 1140w, https:\/\/www.correiobraziliense.com.br\/cbradar\/wp-content\/uploads\/2025\/08\/botucatu_1755117988673.jpg 1280w\" sizes=\"(max-width: 1024px) 100vw, 1024px\" \/><figcaption class=\"wp-element-caption\">Explore Botucatu relaxado: parques, museus e cachoeiras oferecem lazer simples e ar puro para dias agrad\u00e1veis.  \/\/ Cr\u00e9ditos: depositphotos.com \/ Ranimiro<\/figcaption><\/figure><\/div>\n\n\n<p><strong>Leia tamb\u00e9m: <a href=\"https:\/\/www.correiobraziliense.com.br\/cbradar\/a-capital-do-calcado-feminino-inventou-a-urna-de-lona-e-tem-o-maior-centro-de-transplante-de-medula-da-america-latina\/\" target=\"_blank\" rel=\"noreferrer noopener\">A &#8220;Capital do Cal\u00e7ado Feminino&#8221; inventou a urna de lona e tem o maior centro de transplante de medula da Am\u00e9rica Latina.<\/a><\/strong><\/p>\n\n\n\n<h2 class=\"wp-block-heading\">Quando o clima favorece cada tipo de passeio?<\/h2>\n\n\n\n<p>A altitude de 840 m garante noites frescas o ano inteiro. O inverno \u00e9 seco e ideal para trilhas, enquanto o ver\u00e3o traz chuvas que enchem as cachoeiras.<\/p>\n\n\n\n<div class=\"google-auto-ads-ignore\" style=\"font-family: 'Segoe UI', Roboto, Helvetica, Arial, sans-serif; max-width: 900px; margin: 10px auto; display: flex; flex-wrap: wrap; gap: 12px; justify-content: center;\">\n\n  <div style=\"flex: 1 1 200px; background: #ffffff; border-radius: 12px; border: 1px solid #bfdbfe; box-shadow: 0 2px 10px rgba(37, 99, 235, 0.05); overflow: hidden; display: flex; flex-direction: column;\">\n    <div style=\"background: #eff6ff; padding: 10px; border-bottom: 1px solid #dbeafe; display: flex; align-items: center; gap: 8px;\">\n      <div style=\"background: #2563eb; padding: 4px; border-radius: 6px; display: flex;\">\n        <svg width=\"14\" height=\"14\" viewBox=\"0 0 24 24\" fill=\"none\" stroke=\"#ffffff\" stroke-width=\"3\" stroke-linecap=\"round\" stroke-linejoin=\"round\"><circle cx=\"12\" cy=\"12\" r=\"5\"\/><line x1=\"12\" y1=\"1\" x2=\"12\" y2=\"3\"\/><line x1=\"12\" y1=\"21\" x2=\"12\" y2=\"23\"\/><line x1=\"4.22\" y1=\"4.22\" x2=\"5.64\" y2=\"5.64\"\/><line x1=\"18.36\" y1=\"18.36\" x2=\"19.78\" y2=\"19.78\"\/><line x1=\"1\" y1=\"12\" x2=\"3\" y2=\"12\"\/><line x1=\"21\" y1=\"12\" x2=\"23\" y2=\"12\"\/><\/svg>\n      <\/div>\n      <span style=\"font-size: 0.75rem; font-weight: 800; color: #1e3a8a; letter-spacing: 0.05em;\">VER\u00c3O<\/span>\n    <\/div>\n    <div style=\"padding: 12px; text-align: center;\">\n      <div style=\"font-size: 0.7rem; color: #1d4ed8; font-weight: 700;\">DEZ &#8211; FEV<\/div>\n      <div style=\"font-size: 1.2rem; font-weight: 900; color: #2563eb; margin: 2px 0;\">18-30 \u00b0C<\/div>\n      <div style=\"font-size: 0.8rem; color: #1e293b; line-height: 1.3;\">Chuva alta. As <strong>cachoeiras est\u00e3o cheias<\/strong>; aproveite o <strong>voo livre<\/strong> nas manh\u00e3s de c\u00e9u azul.<\/div>\n    <\/div>\n  <\/div>\n\n  <div style=\"flex: 1 1 200px; background: #ffffff; border-radius: 12px; border: 1px solid #bfdbfe; box-shadow: 0 2px 10px rgba(37, 99, 235, 0.05); overflow: hidden; display: flex; flex-direction: column;\">\n    <div style=\"background: #eff6ff; padding: 10px; border-bottom: 1px solid #dbeafe; display: flex; align-items: center; gap: 8px;\">\n      <div style=\"background: #2563eb; padding: 4px; border-radius: 6px; display: flex;\">\n        <svg width=\"14\" height=\"14\" viewBox=\"0 0 24 24\" fill=\"none\" stroke=\"#ffffff\" stroke-width=\"3\" stroke-linecap=\"round\" stroke-linejoin=\"round\"><path d=\"M12 2L2 7l10 5 10-5-10-5zM2 17l10 5 10-5M2 12l10 5 10-5\"\/><\/svg>\n      <\/div>\n      <span style=\"font-size: 0.75rem; font-weight: 800; color: #1e3a8a; letter-spacing: 0.05em;\">OUTONO<\/span>\n    <\/div>\n    <div style=\"padding: 12px; text-align: center;\">\n      <div style=\"font-size: 0.7rem; color: #1d4ed8; font-weight: 700;\">MAR &#8211; MAI<\/div>\n      <div style=\"font-size: 1.2rem; font-weight: 900; color: #2563eb; margin: 2px 0;\">14-26 \u00b0C<\/div>\n      <div style=\"font-size: 0.8rem; color: #1e293b; line-height: 1.3;\">Chuva m\u00e9dia. Clima ideal para explorar as <strong>trilhas e mirantes<\/strong> da Cuesta sem o calor intenso.<\/div>\n    <\/div>\n  <\/div>\n\n  <div style=\"flex: 1 1 200px; background: #ffffff; border-radius: 12px; border: 1px solid #bfdbfe; box-shadow: 0 2px 10px rgba(37, 99, 235, 0.05); overflow: hidden; display: flex; flex-direction: column;\">\n    <div style=\"background: #eff6ff; padding: 10px; border-bottom: 1px solid #dbeafe; display: flex; align-items: center; gap: 8px;\">\n      <div style=\"background: #2563eb; padding: 4px; border-radius: 6px; display: flex;\">\n        <svg width=\"14\" height=\"14\" viewBox=\"0 0 24 24\" fill=\"none\" stroke=\"#ffffff\" stroke-width=\"3\" stroke-linecap=\"round\" stroke-linejoin=\"round\"><path d=\"M12 3a6 6 0 0 0 9 9 9 9 0 1 1-9-9Z\"\/><path d=\"M19 3v4\"\/><path d=\"M21 5h-4\"\/><\/svg>\n      <\/div>\n      <span style=\"font-size: 0.75rem; font-weight: 800; color: #1e3a8a; letter-spacing: 0.05em;\">INVERNO<\/span>\n    <\/div>\n    <div style=\"padding: 12px; text-align: center;\">\n      <div style=\"font-size: 0.7rem; color: #1d4ed8; font-weight: 700;\">JUN &#8211; AGO<\/div>\n      <div style=\"font-size: 1.2rem; font-weight: 900; color: #2563eb; margin: 2px 0;\">10-24 \u00b0C<\/div>\n      <div style=\"font-size: 0.8rem; color: #1e293b; line-height: 1.3;\">Chuva baixa. Tempo firme para contemplar a <strong>Pedra do \u00cdndio<\/strong> e o <strong>Gigante Adormecido<\/strong>.<\/div>\n    <\/div>\n  <\/div>\n\n  <div style=\"flex: 1 1 200px; background: #ffffff; border-radius: 12px; border: 1px solid #bfdbfe; box-shadow: 0 2px 10px rgba(37, 99, 235, 0.05); overflow: hidden; display: flex; flex-direction: column;\">\n    <div style=\"background: #eff6ff; padding: 10px; border-bottom: 1px solid #dbeafe; display: flex; align-items: center; gap: 10px;\">\n      <div style=\"background: #2563eb; padding: 4px; border-radius: 6px; display: flex;\">\n        <svg width=\"14\" height=\"14\" viewBox=\"0 0 24 24\" fill=\"none\" stroke=\"#ffffff\" stroke-width=\"3\" stroke-linecap=\"round\" stroke-linejoin=\"round\"><path d=\"M12 7.5V21m-4.5-9L12 21l4.5-9\"\/><\/svg>\n      <\/div>\n      <span style=\"font-size: 0.75rem; font-weight: 800; color: #1e3a8a; letter-spacing: 0.05em;\">PRIMAVERA<\/span>\n    <\/div>\n    <div style=\"padding: 12px; text-align: center;\">\n      <div style=\"font-size: 0.7rem; color: #1d4ed8; font-weight: 700;\">SET &#8211; NOV<\/div>\n      <div style=\"font-size: 1.2rem; font-weight: 900; color: #2563eb; margin: 2px 0;\">15-28 \u00b0C<\/div>\n      <div style=\"font-size: 0.8rem; color: #1e293b; line-height: 1.3;\">Chuva m\u00e9dia. \u00c9poca perfeita para o <strong>mountain bike e cicloturismo<\/strong> pelas rotas floridas.<\/div>\n    <\/div>\n  <\/div>\n\n<\/div>\n\n\n\n<p><em>Temperaturas aproximadas com base no <a href=\"https:\/\/www.climatempo.com.br\/previsao-do-tempo\/cidade\/327\/botucatu-sp\" target=\"_blank\" rel=\"noreferrer noopener\"><strong>Climatempo<\/strong><\/a>. Condi\u00e7\u00f5es podem variar conforme a altitude.<\/em><\/p>\n\n\n<div class=\"wp-block-image\">\n<figure class=\"aligncenter size-large\"><img decoding=\"async\" width=\"1024\" height=\"576\" src=\"https:\/\/www.correiobraziliense.com.br\/cbradar\/wp-content\/uploads\/2025\/08\/botucatu_1756272815621-1024x576.jpg\" alt=\"A cidade perfeita para jovens viverem e estudarem com tranquilidade\" class=\"wp-image-93889\" srcset=\"https:\/\/www.correiobraziliense.com.br\/cbradar\/wp-content\/uploads\/2025\/08\/botucatu_1756272815621-1024x576.jpg 1024w, https:\/\/www.correiobraziliense.com.br\/cbradar\/wp-content\/uploads\/2025\/08\/botucatu_1756272815621-300x169.jpg 300w, https:\/\/www.correiobraziliense.com.br\/cbradar\/wp-content\/uploads\/2025\/08\/botucatu_1756272815621-768x432.jpg 768w, https:\/\/www.correiobraziliense.com.br\/cbradar\/wp-content\/uploads\/2025\/08\/botucatu_1756272815621-750x422.jpg 750w, https:\/\/www.correiobraziliense.com.br\/cbradar\/wp-content\/uploads\/2025\/08\/botucatu_1756272815621-1140x641.jpg 1140w, https:\/\/www.correiobraziliense.com.br\/cbradar\/wp-content\/uploads\/2025\/08\/botucatu_1756272815621.jpg 1280w\" sizes=\"(max-width: 1024px) 100vw, 1024px\" \/><figcaption class=\"wp-element-caption\">Respire os bons ares de Botucatu! Paisagens naturais e hist\u00f3ria viva inspiram tranquilidade e aventuras inesquec\u00edveis.\u200b \/\/ Cr\u00e9ditos: depositphotos.com \/ Ranimiro<\/figcaption><\/figure><\/div>\n\n\n<h2 class=\"wp-block-heading\">Como chegar \u00e0 Terra da Aventura saindo de S\u00e3o Paulo?<\/h2>\n\n\n\n<p>Botucatu fica a 235 km da capital pela <strong>Rodovia Castelo Branco<\/strong> (SP-280) at\u00e9 a sa\u00edda 210, seguindo pela SP-209. Outra op\u00e7\u00e3o \u00e9 a <strong>Rodovia Marechal Rondon<\/strong> (SP-300), que cruza a Cuesta com visuais da forma\u00e7\u00e3o geol\u00f3gica durante o trajeto. O percurso de carro leva cerca de 3 horas. \u00d4nibus partem do <strong>Terminal Barra Funda<\/strong> com frequ\u00eancia di\u00e1ria.<\/p>\n\n\n\n<h2 class=\"wp-block-heading\">Uma cidade que se equilibra entre o m\u00edstico e o natural<\/h2>\n\n\n\n<p>Botucatu entrega o que poucos destinos do interior paulista conseguem reunir: forma\u00e7\u00f5es geol\u00f3gicas raras, cachoeiras de f\u00e1cil acesso, folclore vivo e uma brisa que justifica o nome tupi. Tudo isso sobre uma das principais \u00e1reas de recarga do maior aqu\u00edfero da <strong>Am\u00e9rica Latina<\/strong>.<\/p>\n\n\n\n<p>Voc\u00ea precisa subir a Cuesta e sentir os bons ares de Botucatu para entender por que essa cidade transforma qualquer fim de semana comum em aventura.<\/p>\n","protected":false},"excerpt":{"rendered":"<p>Pared\u00f5es de rocha, morros que desenham um gigante no horizonte e mais de 70 cachoeiras escondidas entre Mata Atl\u00e2ntica e Cerrado. Botucatu, ou &#8220;bons ares&#8221;, no centro-sul do estado de S\u00e3o Paulo, ocupa o topo da Cuesta Paulista, forma\u00e7\u00e3o geol\u00f3gica que funciona como \u00e1rea de recarga do Aqu\u00edfero Guarani, um dos maiores reservat\u00f3rios de \u00e1gua [&hellip;]<\/p>\n","protected":false},"author":8,"featured_media":188595,"comment_status":"open","ping_status":"open","sticky":false,"template":"","format":"standard","meta":{"_yoast_wpseo_focuskw":"Bons Ares","_yoast_wpseo_title":"","_yoast_wpseo_metadesc":"Entre montanhas e ar puro, o destino famoso dos \u201cBons Ares\u201d virou ref\u00fagio para quem busca viver melhor no interior do Sudeste brasileiro.","jnews-multi-image_gallery":[],"jnews_single_post":{"format":"standard"},"jnews_primary_category":[],"jnews_social_meta":[],"jnews_override_counter":[],"footnotes":""},"categories":[108,111],"tags":[8101,278],"class_list":["post-203785","post","type-post","status-publish","format-standard","has-post-thumbnail","hentry","category-cidades","category-turismo","tag-botucatu","tag-sao-paulo"],"yoast_head":"<!-- This site is optimized with the Yoast SEO plugin v24.6 - https:\/\/yoast.com\/wordpress\/plugins\/seo\/ -->\n<title>Onde os &quot;Bons Ares\u201d atraem novos moradores ao unir tranquilidade, ar puro e sa\u00fade de refer\u00eancia a 235 km de S\u00e3o Paulo - Correio Braziliense - Radar<\/title>\n<meta name=\"description\" content=\"Entre montanhas e ar puro, o destino famoso dos \u201cBons Ares\u201d virou ref\u00fagio para quem busca viver melhor no interior do Sudeste brasileiro.\" \/>\n<meta name=\"robots\" content=\"index, follow, max-snippet:-1, max-image-preview:large, max-video-preview:-1\" \/>\n<link rel=\"canonical\" href=\"https:\/\/www.correiobraziliense.com.br\/cbradar\/onde-os-bons-ares-atraem-novos-moradores-ao-unir-tranquilidade-ar-puro-e-saude-de-referencia-a-235-km-de-sao-paulo\/\" \/>\n<meta property=\"og:locale\" content=\"pt_BR\" \/>\n<meta property=\"og:type\" content=\"article\" \/>\n<meta property=\"og:title\" content=\"Onde os &quot;Bons Ares\u201d atraem novos moradores ao unir tranquilidade, ar puro e sa\u00fade de refer\u00eancia a 235 km de S\u00e3o Paulo - Correio Braziliense - Radar\" \/>\n<meta property=\"og:description\" content=\"Entre montanhas e ar puro, o destino famoso dos \u201cBons Ares\u201d virou ref\u00fagio para quem busca viver melhor no interior do Sudeste brasileiro.\" \/>\n<meta property=\"og:url\" content=\"https:\/\/www.correiobraziliense.com.br\/cbradar\/onde-os-bons-ares-atraem-novos-moradores-ao-unir-tranquilidade-ar-puro-e-saude-de-referencia-a-235-km-de-sao-paulo\/\" \/>\n<meta property=\"og:site_name\" content=\"Correio Braziliense - Radar\" \/>\n<meta property=\"article:published_time\" content=\"2026-03-06T11:25:00+00:00\" \/>\n<meta property=\"og:image\" content=\"https:\/\/www.correiobraziliense.com.br\/cbradar\/wp-content\/uploads\/2026\/02\/aaa-2026-02-06T092549.965.png\" \/>\n\t<meta property=\"og:image:width\" content=\"1280\" \/>\n\t<meta property=\"og:image:height\" content=\"720\" \/>\n\t<meta property=\"og:image:type\" content=\"image\/png\" \/>\n<meta name=\"author\" content=\"Maura Pereira\" \/>\n<meta name=\"twitter:card\" content=\"summary_large_image\" \/>\n<meta name=\"twitter:label1\" content=\"Escrito por\" \/>\n\t<meta name=\"twitter:data1\" content=\"Maura Pereira\" \/>\n\t<meta name=\"twitter:label2\" content=\"Est. tempo de leitura\" \/>\n\t<meta name=\"twitter:data2\" content=\"7 minutos\" \/>\n<!-- \/ Yoast SEO plugin. -->","yoast_head_json":{"title":"Onde os \"Bons Ares\u201d atraem novos moradores ao unir tranquilidade, ar puro e sa\u00fade de refer\u00eancia a 235 km de S\u00e3o Paulo - Correio Braziliense - Radar","description":"Entre montanhas e ar puro, o destino famoso dos \u201cBons Ares\u201d virou ref\u00fagio para quem busca viver melhor no interior do Sudeste brasileiro.","robots":{"index":"index","follow":"follow","max-snippet":"max-snippet:-1","max-image-preview":"max-image-preview:large","max-video-preview":"max-video-preview:-1"},"canonical":"https:\/\/www.correiobraziliense.com.br\/cbradar\/onde-os-bons-ares-atraem-novos-moradores-ao-unir-tranquilidade-ar-puro-e-saude-de-referencia-a-235-km-de-sao-paulo\/","og_locale":"pt_BR","og_type":"article","og_title":"Onde os \"Bons Ares\u201d atraem novos moradores ao unir tranquilidade, ar puro e sa\u00fade de refer\u00eancia a 235 km de S\u00e3o Paulo - Correio Braziliense - Radar","og_description":"Entre montanhas e ar puro, o destino famoso dos \u201cBons Ares\u201d virou ref\u00fagio para quem busca viver melhor no interior do Sudeste brasileiro.","og_url":"https:\/\/www.correiobraziliense.com.br\/cbradar\/onde-os-bons-ares-atraem-novos-moradores-ao-unir-tranquilidade-ar-puro-e-saude-de-referencia-a-235-km-de-sao-paulo\/","og_site_name":"Correio Braziliense - Radar","article_published_time":"2026-03-06T11:25:00+00:00","og_image":[{"width":1280,"height":720,"url":"https:\/\/www.correiobraziliense.com.br\/cbradar\/wp-content\/uploads\/2026\/02\/aaa-2026-02-06T092549.965.png","type":"image\/png"}],"author":"Maura Pereira","twitter_card":"summary_large_image","twitter_misc":{"Escrito por":"Maura Pereira","Est. tempo de leitura":"7 minutos"},"schema":{"@context":"https:\/\/schema.org","@graph":[{"@type":"WebPage","@id":"https:\/\/www.correiobraziliense.com.br\/cbradar\/onde-os-bons-ares-atraem-novos-moradores-ao-unir-tranquilidade-ar-puro-e-saude-de-referencia-a-235-km-de-sao-paulo\/","url":"https:\/\/www.correiobraziliense.com.br\/cbradar\/onde-os-bons-ares-atraem-novos-moradores-ao-unir-tranquilidade-ar-puro-e-saude-de-referencia-a-235-km-de-sao-paulo\/","name":"Onde os \"Bons Ares\u201d atraem novos moradores ao unir tranquilidade, ar puro e sa\u00fade de refer\u00eancia a 235 km de S\u00e3o Paulo - Correio Braziliense - Radar","isPartOf":{"@id":"https:\/\/www.correiobraziliense.com.br\/cbradar\/#website"},"primaryImageOfPage":{"@id":"https:\/\/www.correiobraziliense.com.br\/cbradar\/onde-os-bons-ares-atraem-novos-moradores-ao-unir-tranquilidade-ar-puro-e-saude-de-referencia-a-235-km-de-sao-paulo\/#primaryimage"},"image":{"@id":"https:\/\/www.correiobraziliense.com.br\/cbradar\/onde-os-bons-ares-atraem-novos-moradores-ao-unir-tranquilidade-ar-puro-e-saude-de-referencia-a-235-km-de-sao-paulo\/#primaryimage"},"thumbnailUrl":"https:\/\/www.correiobraziliense.com.br\/cbradar\/wp-content\/uploads\/2026\/02\/aaa-2026-02-06T092549.965.png","datePublished":"2026-03-06T11:25:00+00:00","author":{"@id":"https:\/\/www.correiobraziliense.com.br\/cbradar\/#\/schema\/person\/4053c651a9bfc785afc6f4cbc9032fd3"},"description":"Entre montanhas e ar puro, o destino famoso dos \u201cBons Ares\u201d virou ref\u00fagio para quem busca viver melhor no interior do Sudeste brasileiro.","breadcrumb":{"@id":"https:\/\/www.correiobraziliense.com.br\/cbradar\/onde-os-bons-ares-atraem-novos-moradores-ao-unir-tranquilidade-ar-puro-e-saude-de-referencia-a-235-km-de-sao-paulo\/#breadcrumb"},"inLanguage":"pt-BR","potentialAction":[{"@type":"ReadAction","target":["https:\/\/www.correiobraziliense.com.br\/cbradar\/onde-os-bons-ares-atraem-novos-moradores-ao-unir-tranquilidade-ar-puro-e-saude-de-referencia-a-235-km-de-sao-paulo\/"]}]},{"@type":"ImageObject","inLanguage":"pt-BR","@id":"https:\/\/www.correiobraziliense.com.br\/cbradar\/onde-os-bons-ares-atraem-novos-moradores-ao-unir-tranquilidade-ar-puro-e-saude-de-referencia-a-235-km-de-sao-paulo\/#primaryimage","url":"https:\/\/www.correiobraziliense.com.br\/cbradar\/wp-content\/uploads\/2026\/02\/aaa-2026-02-06T092549.965.png","contentUrl":"https:\/\/www.correiobraziliense.com.br\/cbradar\/wp-content\/uploads\/2026\/02\/aaa-2026-02-06T092549.965.png","width":1280,"height":720,"caption":"Recentemente, a cidade de Botucatu foi eleita \"Top Destino Tur\u00edstico\" na categoria Estudos e Interc\u00e2mbio, consolidando sua voca\u00e7\u00e3o educacional. \/ Imagem Ilustrativa"},{"@type":"BreadcrumbList","@id":"https:\/\/www.correiobraziliense.com.br\/cbradar\/onde-os-bons-ares-atraem-novos-moradores-ao-unir-tranquilidade-ar-puro-e-saude-de-referencia-a-235-km-de-sao-paulo\/#breadcrumb","itemListElement":[{"@type":"ListItem","position":1,"name":"In\u00edcio","item":"https:\/\/www.correiobraziliense.com.br\/cbradar\/"},{"@type":"ListItem","position":2,"name":"Onde os &#8220;Bons Ares\u201d atraem novos moradores ao unir tranquilidade, ar puro e sa\u00fade de refer\u00eancia a 235 km de S\u00e3o Paulo"}]},{"@type":"WebSite","@id":"https:\/\/www.correiobraziliense.com.br\/cbradar\/#website","url":"https:\/\/www.correiobraziliense.com.br\/cbradar\/","name":"Correio Braziliense - Radar","description":"Acompanhe as \u00faltimas not\u00edcias e fique bem informado sobre tudo o que acontece no Brasil e no mundo.","potentialAction":[{"@type":"SearchAction","target":{"@type":"EntryPoint","urlTemplate":"https:\/\/www.correiobraziliense.com.br\/cbradar\/?s={search_term_string}"},"query-input":{"@type":"PropertyValueSpecification","valueRequired":true,"valueName":"search_term_string"}}],"inLanguage":"pt-BR"},{"@type":"Person","@id":"https:\/\/www.correiobraziliense.com.br\/cbradar\/#\/schema\/person\/4053c651a9bfc785afc6f4cbc9032fd3","name":"Maura Pereira","image":{"@type":"ImageObject","inLanguage":"pt-BR","@id":"https:\/\/www.correiobraziliense.com.br\/cbradar\/#\/schema\/person\/image\/","url":"https:\/\/secure.gravatar.com\/avatar\/3effd6bdadfa447f15089c7f7144eaa6?s=96&d=mm&r=g","contentUrl":"https:\/\/secure.gravatar.com\/avatar\/3effd6bdadfa447f15089c7f7144eaa6?s=96&d=mm&r=g","caption":"Maura Pereira"},"sameAs":["https:\/\/www.correiobraziliense.com.br\/"],"url":"https:\/\/www.correiobraziliense.com.br\/cbradar\/author\/mauramyth\/"}]}},"_links":{"self":[{"href":"https:\/\/www.correiobraziliense.com.br\/cbradar\/wp-json\/wp\/v2\/posts\/203785","targetHints":{"allow":["GET"]}}],"collection":[{"href":"https:\/\/www.correiobraziliense.com.br\/cbradar\/wp-json\/wp\/v2\/posts"}],"about":[{"href":"https:\/\/www.correiobraziliense.com.br\/cbradar\/wp-json\/wp\/v2\/types\/post"}],"author":[{"embeddable":true,"href":"https:\/\/www.correiobraziliense.com.br\/cbradar\/wp-json\/wp\/v2\/users\/8"}],"replies":[{"embeddable":true,"href":"https:\/\/www.correiobraziliense.com.br\/cbradar\/wp-json\/wp\/v2\/comments?post=203785"}],"version-history":[{"count":9,"href":"https:\/\/www.correiobraziliense.com.br\/cbradar\/wp-json\/wp\/v2\/posts\/203785\/revisions"}],"predecessor-version":[{"id":203836,"href":"https:\/\/www.correiobraziliense.com.br\/cbradar\/wp-json\/wp\/v2\/posts\/203785\/revisions\/203836"}],"wp:featuredmedia":[{"embeddable":true,"href":"https:\/\/www.correiobraziliense.com.br\/cbradar\/wp-json\/wp\/v2\/media\/188595"}],"wp:attachment":[{"href":"https:\/\/www.correiobraziliense.com.br\/cbradar\/wp-json\/wp\/v2\/media?parent=203785"}],"wp:term":[{"taxonomy":"category","embeddable":true,"href":"https:\/\/www.correiobraziliense.com.br\/cbradar\/wp-json\/wp\/v2\/categories?post=203785"},{"taxonomy":"post_tag","embeddable":true,"href":"https:\/\/www.correiobraziliense.com.br\/cbradar\/wp-json\/wp\/v2\/tags?post=203785"}],"curies":[{"name":"wp","href":"https:\/\/api.w.org\/{rel}","templated":true}]}}