{"id":203791,"date":"2026-03-06T12:45:00","date_gmt":"2026-03-06T15:45:00","guid":{"rendered":"https:\/\/www.correiobraziliense.com.br\/cbradar\/?p=203791"},"modified":"2026-03-06T01:41:08","modified_gmt":"2026-03-06T04:41:08","slug":"a-vila-de-6-mil-moradores-que-guarda-uma-praia-de-agua-doce-eleita-a-mais-bonita-do-mundo-por-jornal-britanico","status":"publish","type":"post","link":"https:\/\/www.correiobraziliense.com.br\/cbradar\/a-vila-de-6-mil-moradores-que-guarda-uma-praia-de-agua-doce-eleita-a-mais-bonita-do-mundo-por-jornal-britanico\/","title":{"rendered":"A vila de 6 mil moradores que guarda uma praia de \u00e1gua doce eleita a mais bonita do mundo por jornal brit\u00e2nico"},"content":{"rendered":"\n<p>Areia branca, \u00e1gua cristalina e a floresta amaz\u00f4nica como moldura. <strong>Alter do Ch\u00e3o<\/strong>, distrito de <strong>Santar\u00e9m<\/strong> no oeste do <strong>Par\u00e1<\/strong>, foi eleita a praia de \u00e1gua doce mais bonita do mundo pelo jornal brit\u00e2nico <strong>The Guardian<\/strong> e carrega o apelido de <strong>Caribe Amaz\u00f4nico<\/strong>. A vila de cerca de 6 mil moradores fica na margem direita do <strong>Rio Tapaj\u00f3s<\/strong>, a 37 km do centro de Santar\u00e9m, e desde 2022 \u00e9 patrim\u00f4nio cultural imaterial do estado.<\/p>\n\n\n\n<h2 class=\"wp-block-heading\">Uma vila fundada em 1626 que leva nome portugu\u00eas<\/h2>\n\n\n\n<p>O portugu\u00eas <strong>Pedro Teixeira<\/strong> fundou o povoado em 6 de mar\u00e7o de 1626. O nome \u00e9 uma homenagem \u00e0 vila medieval de <strong>Alter do Ch\u00e3o<\/strong>, em <strong>Portugal<\/strong>, na regi\u00e3o do Alentejo. Antes dos colonizadores, a terra era dos \u00edndios <strong>Borari<\/strong>, que foram catequizados por miss\u00f5es jesu\u00edtas ao longo dos s\u00e9culos XVII e XVIII.<\/p>\n\n\n\n<p>Em 1758, o governador da capitania do <strong>Gr\u00e3o-Par\u00e1<\/strong> elevou o povoado a vila. No in\u00edcio do s\u00e9culo XX, Alter entrou na rota de exporta\u00e7\u00e3o do l\u00e1tex das seringueiras de <strong>Belterra<\/strong> e <strong>Fordl\u00e2ndia<\/strong>, mas o ciclo durou pouco. Foi s\u00f3 a partir dos anos 1990 que o turismo se tornou o motor econ\u00f4mico da vila.<\/p>\n\n\n<div class=\"wp-block-image\">\n<figure class=\"aligncenter size-large\"><img decoding=\"async\" width=\"1024\" height=\"576\" src=\"https:\/\/www.correiobraziliense.com.br\/cbradar\/wp-content\/uploads\/2025\/08\/amazonia-alter_1754599637173-1024x576.jpg\" alt=\"O Caribe da Amaz\u00f4nia no cora\u00e7\u00e3o do Par\u00e1 pouco conhecido que encanta com \u00e1guas doces que lembram um para\u00edso\" class=\"wp-image-82751\" srcset=\"https:\/\/www.correiobraziliense.com.br\/cbradar\/wp-content\/uploads\/2025\/08\/amazonia-alter_1754599637173-1024x576.jpg 1024w, https:\/\/www.correiobraziliense.com.br\/cbradar\/wp-content\/uploads\/2025\/08\/amazonia-alter_1754599637173-300x169.jpg 300w, https:\/\/www.correiobraziliense.com.br\/cbradar\/wp-content\/uploads\/2025\/08\/amazonia-alter_1754599637173-768x432.jpg 768w, https:\/\/www.correiobraziliense.com.br\/cbradar\/wp-content\/uploads\/2025\/08\/amazonia-alter_1754599637173-750x422.jpg 750w, https:\/\/www.correiobraziliense.com.br\/cbradar\/wp-content\/uploads\/2025\/08\/amazonia-alter_1754599637173-1140x642.jpg 1140w, https:\/\/www.correiobraziliense.com.br\/cbradar\/wp-content\/uploads\/2025\/08\/amazonia-alter_1754599637173.jpg 1279w\" sizes=\"(max-width: 1024px) 100vw, 1024px\" \/><figcaption class=\"wp-element-caption\">Alter do Ch\u00e3o \u00e9 um vilarejo no Par\u00e1 famoso por suas praias de \u00e1gua doce e beleza natural \u00fanica. \/\/ Cr\u00e9ditos: depositphotos.com \/ RudiErnst<\/figcaption><\/figure><\/div>\n\n\n<h2 class=\"wp-block-heading\">O que fazer quando o rio baixa e as praias aparecem?<\/h2>\n\n\n\n<p><strong>A paisagem de Alter do Ch\u00e3o muda completamente conforme o n\u00edvel do Tapaj\u00f3s. <\/strong>De agosto a janeiro, a vazante revela bancos de areia branca e fina que formam as praias. De fevereiro a julho, a cheia transforma tudo em floresta alagada, ideal para passeios de canoa e observa\u00e7\u00e3o de fauna.<\/p>\n\n\n\n<ul class=\"wp-block-list\">\n<li><strong>Ilha do Amor<\/strong>: banco de areia que surge na vazante em frente \u00e0 vila, separado por um canal raso. \u00c9 o cart\u00e3o-postal de Alter do Ch\u00e3o, com barracas, cadeiras na margem e \u00e1gua morna e transparente do Tapaj\u00f3s.<\/li>\n\n\n\n<li><strong>Lago Verde<\/strong>: aparece na seca do outro lado da Ilha do Amor. A \u00e1gua \u00e9 mais calma e menos movimentada, perfeita para banho tranquilo.<\/li>\n\n\n\n<li><strong>Ponta de Pedras<\/strong>: praia com forma\u00e7\u00f5es rochosas na beira do Tapaj\u00f3s, a cerca de 15 km de Alter. Menos tur\u00edstica e com visual diferente.<\/li>\n\n\n\n<li><strong>Floresta Nacional do Tapaj\u00f3s<\/strong>: trilha de cinco horas at\u00e9 uma suma\u00fama gigante, com contato com comunidades ribeirinhas. Criada em parceria com a <strong>NASA<\/strong>, a Flona conta com torres clim\u00e1ticas que monitoram o metabolismo da floresta.<\/li>\n\n\n\n<li><strong>Encontro das \u00e1guas<\/strong>: o Tapaj\u00f3s (azul-esverdeado) e o <strong>Amazonas<\/strong> (barrento) correm lado a lado sem se misturar por quil\u00f4metros, fen\u00f4meno vis\u00edvel em passeio de barco a partir de Santar\u00e9m.<\/li>\n<\/ul>\n\n\n\n<p><strong>Alter do Ch\u00e3o \u00e9 um dos destinos amaz\u00f4nicos mais impressionantes, combinando praias de \u00e1gua doce com experi\u00eancias culturais profundas.<\/strong> O v\u00eddeo \u00e9 do canal Rol\u00ea Fam\u00edlia, que conta com mais de 34 mil inscritos, e detalha roteiros completos, dicas de hospedagem, culin\u00e1ria local e o famoso festival do Sair\u00e9:<\/p>\n\n\n\n<figure class=\"wp-block-embed aligncenter is-type-video is-provider-youtube wp-block-embed-youtube wp-embed-aspect-16-9 wp-has-aspect-ratio\"><div class=\"wp-block-embed__wrapper\">\n<div class=\"jeg_video_container jeg_video_content\"><iframe loading=\"lazy\" title=\"ALTER DO CH\u00c3O | GUIA COMPLETO com PRE\u00c7OS\" width=\"500\" height=\"281\" src=\"https:\/\/www.youtube.com\/embed\/aPC8O5x_2qs?feature=oembed\" frameborder=\"0\" allow=\"accelerometer; autoplay; clipboard-write; encrypted-media; gyroscope; picture-in-picture; web-share\" referrerpolicy=\"strict-origin-when-cross-origin\" allowfullscreen><\/iframe><\/div>\n<\/div><\/figure>\n\n\n\n<h2 class=\"wp-block-heading\">O que \u00e9 a Festa do Sair\u00e9?<\/h2>\n\n\n\n<p>Todo m\u00eas de setembro, Alter do Ch\u00e3o para para o <strong>Sair\u00e9<\/strong> (ou \u00c7air\u00e9), a manifesta\u00e7\u00e3o cultural mais antiga da regi\u00e3o Norte. S\u00e3o cinco dias de festa que misturam rituais cat\u00f3licos e tradi\u00e7\u00f5es ind\u00edgenas dos Borari. O ponto alto \u00e9 a disputa entre os botos <strong>Cor-de-Rosa<\/strong> e <strong>Tucuxi<\/strong>, com alegorias, fantasias e m\u00fasicas que lembram as escolas de samba.<\/p>\n\n\n\n<p>A programa\u00e7\u00e3o come\u00e7a com o hasteamento de mastros enfeitados com frutas regionais e termina na segunda-feira com a &#8220;varri\u00e7\u00e3o da festa&#8221; e um almo\u00e7o comunit\u00e1rio chamado <em>cecuiara<\/em>. As datas variam conforme a lua.<\/p>\n\n\n<div class=\"wp-block-image\">\n<figure class=\"aligncenter size-large\"><img decoding=\"async\" width=\"1024\" height=\"576\" src=\"https:\/\/www.correiobraziliense.com.br\/cbradar\/wp-content\/uploads\/2025\/06\/Edicoes-18-1-1024x576.png\" alt=\"No meio da Amaz\u00f4nia, esse para\u00edso de \u00e1guas doces chamado de \u201cCaribe Amaz\u00f4nico\u201d est\u00e1 encantando quem descobre o Par\u00e1\" class=\"wp-image-58428\" srcset=\"https:\/\/www.correiobraziliense.com.br\/cbradar\/wp-content\/uploads\/2025\/06\/Edicoes-18-1-1024x576.png 1024w, https:\/\/www.correiobraziliense.com.br\/cbradar\/wp-content\/uploads\/2025\/06\/Edicoes-18-1-300x169.png 300w, https:\/\/www.correiobraziliense.com.br\/cbradar\/wp-content\/uploads\/2025\/06\/Edicoes-18-1-768x432.png 768w, https:\/\/www.correiobraziliense.com.br\/cbradar\/wp-content\/uploads\/2025\/06\/Edicoes-18-1-750x422.png 750w, https:\/\/www.correiobraziliense.com.br\/cbradar\/wp-content\/uploads\/2025\/06\/Edicoes-18-1-1140x641.png 1140w, https:\/\/www.correiobraziliense.com.br\/cbradar\/wp-content\/uploads\/2025\/06\/Edicoes-18-1.png 1280w\" sizes=\"(max-width: 1024px) 100vw, 1024px\" \/><figcaption class=\"wp-element-caption\">Viva a magia da Amaz\u00f4nia em Alter do Ch\u00e3o, com suas \u00e1guas cristalinas e paisagens de tirar o f\u00f4lego. \/\/ Reprodu\u00e7\u00e3o: Wikipedia<\/figcaption><\/figure><\/div>\n\n\n<h2 class=\"wp-block-heading\">O que comer no Caribe Amaz\u00f4nico?<\/h2>\n\n\n\n<p>A culin\u00e1ria de Alter do Ch\u00e3o segue o vocabul\u00e1rio da cozinha paraense, com ingredientes que v\u00eam do rio e da floresta.<\/p>\n\n\n\n<ul class=\"wp-block-list\">\n<li><strong>Peixe frito com a\u00e7a\u00ed<\/strong>: combina\u00e7\u00e3o cl\u00e1ssica da regi\u00e3o. O a\u00e7a\u00ed \u00e9 servido puro, espesso, acompanhado de farinha d&#8217;\u00e1gua e peixe fresco do Tapaj\u00f3s.<\/li>\n\n\n\n<li><strong>Tacac\u00e1<\/strong>: caldo quente de tucupi com goma de tapioca, jambu (que formiga na boca) e camar\u00e3o seco, servido em cuias nas ruas da vila.<\/li>\n\n\n\n<li><strong>Avi\u00fa<\/strong>: considerado o menor camar\u00e3o do mundo, com cerca de 1 cm, se reproduz entre o Tapaj\u00f3s e o Amazonas. Aparece em caldos e farofas.<\/li>\n\n\n\n<li><strong>Piraruc\u00fa grelhado<\/strong>: o gigante dos rios amaz\u00f4nicos, com carne firme e sabor suave, preparado na brasa em restaurantes da orla.<\/li>\n<\/ul>\n\n\n\n<p><strong>Leia tamb\u00e9m: <a href=\"https:\/\/www.correiobraziliense.com.br\/cbradar\/a-capital-do-calcado-feminino-inventou-a-urna-de-lona-e-tem-o-maior-centro-de-transplante-de-medula-da-america-latina\/\" target=\"_blank\" rel=\"noreferrer noopener\">A &#8220;Capital do Cal\u00e7ado Feminino&#8221; inventou a urna de lona e tem o maior centro de transplante de medula da Am\u00e9rica Latina.<\/a><\/strong><\/p>\n\n\n\n<h2 class=\"wp-block-heading\">Qual a melhor \u00e9poca para visitar Alter do Ch\u00e3o?<\/h2>\n\n\n\n<p>A escolha depende do que voc\u00ea quer ver. Praias exigem vazante. Floresta alagada e fauna ativa pedem a cheia.<\/p>\n\n\n\n<div class=\"google-auto-ads-ignore\" style=\"font-family: 'Segoe UI', Roboto, Helvetica, Arial, sans-serif; max-width: 900px; margin: 10px auto; display: flex; flex-wrap: wrap; gap: 12px; justify-content: center;\">\n\n  <div style=\"flex: 1 1 200px; background: #ffffff; border-radius: 12px; border: 1px solid #bfdbfe; box-shadow: 0 2px 10px rgba(37, 99, 235, 0.05); overflow: hidden; display: flex; flex-direction: column;\">\n    <div style=\"background: #eff6ff; padding: 10px; border-bottom: 1px solid #dbeafe; display: flex; align-items: center; gap: 8px;\">\n      <div style=\"background: #2563eb; padding: 4px; border-radius: 6px; display: flex;\">\n        <svg width=\"14\" height=\"14\" viewBox=\"0 0 24 24\" fill=\"none\" stroke=\"#ffffff\" stroke-width=\"3\" stroke-linecap=\"round\" stroke-linejoin=\"round\"><circle cx=\"12\" cy=\"12\" r=\"5\"\/><line x1=\"12\" y1=\"1\" x2=\"12\" y2=\"3\"\/><line x1=\"12\" y1=\"21\" x2=\"12\" y2=\"23\"\/><line x1=\"4.22\" y1=\"4.22\" x2=\"5.64\" y2=\"5.64\"\/><line x1=\"18.36\" y1=\"18.36\" x2=\"19.78\" y2=\"19.78\"\/><line x1=\"1\" y1=\"12\" x2=\"3\" y2=\"12\"\/><line x1=\"21\" y1=\"12\" x2=\"23\" y2=\"12\"\/><\/svg>\n      <\/div>\n      <span style=\"font-size: 0.75rem; font-weight: 800; color: #1e3a8a; letter-spacing: 0.05em;\">VAZANTE<\/span>\n    <\/div>\n    <div style=\"padding: 12px; text-align: center;\">\n      <div style=\"font-size: 0.7rem; color: #1d4ed8; font-weight: 700;\">AGO &#8211; JAN<\/div>\n      <div style=\"font-size: 1.2rem; font-weight: 900; color: #2563eb; margin: 2px 0;\">25-35 \u00b0C<\/div>\n      <div style=\"font-size: 0.8rem; color: #1e293b; line-height: 1.3;\">Chuva baixa. \u00c9poca dourada das <strong>praias de areia branca<\/strong>, como a Ilha do Amor e o Lago Verde.<\/div>\n    <\/div>\n  <\/div>\n\n  <div style=\"flex: 1 1 200px; background: #ffffff; border-radius: 12px; border: 1px solid #bfdbfe; box-shadow: 0 2px 10px rgba(37, 99, 235, 0.05); overflow: hidden; display: flex; flex-direction: column;\">\n    <div style=\"background: #eff6ff; padding: 10px; border-bottom: 1px solid #dbeafe; display: flex; align-items: center; gap: 8px;\">\n      <div style=\"background: #2563eb; padding: 4px; border-radius: 6px; display: flex;\">\n        <svg width=\"14\" height=\"14\" viewBox=\"0 0 24 24\" fill=\"none\" stroke=\"#ffffff\" stroke-width=\"3\" stroke-linecap=\"round\" stroke-linejoin=\"round\"><path d=\"M4 14.899A7 7 0 1 1 15.71 8h1.79a4.5 4.5 0 0 1 2.5 8.242\"\/><path d=\"M16 14v6\"\/><path d=\"M8 14v6\"\/><path d=\"M12 16v6\"\/><\/svg>\n      <\/div>\n      <span style=\"font-size: 0.75rem; font-weight: 800; color: #1e3a8a; letter-spacing: 0.05em;\">CHEIA<\/span>\n    <\/div>\n    <div style=\"padding: 12px; text-align: center;\">\n      <div style=\"font-size: 0.7rem; color: #1d4ed8; font-weight: 700;\">FEV &#8211; JUL<\/div>\n      <div style=\"font-size: 1.2rem; font-weight: 900; color: #2563eb; margin: 2px 0;\">24-33 \u00b0C<\/div>\n      <div style=\"font-size: 0.8rem; color: #1e293b; line-height: 1.3;\">Chuva alta. O cen\u00e1rio muda para a <strong>floresta alagada<\/strong> (igap\u00f3s), ideal para passeios de canoa.<\/div>\n    <\/div>\n  <\/div>\n\n  <div style=\"flex: 1 1 200px; background: #ffffff; border-radius: 12px; border: 1px solid #bfdbfe; box-shadow: 0 2px 10px rgba(37, 99, 235, 0.05); overflow: hidden; display: flex; flex-direction: column;\">\n    <div style=\"background: #eff6ff; padding: 10px; border-bottom: 1px solid #dbeafe; display: flex; align-items: center; gap: 8px;\">\n      <div style=\"background: #2563eb; padding: 4px; border-radius: 6px; display: flex;\">\n        <svg width=\"14\" height=\"14\" viewBox=\"0 0 24 24\" fill=\"none\" stroke=\"#ffffff\" stroke-width=\"3\" stroke-linecap=\"round\" stroke-linejoin=\"round\"><path d=\"m19 21-7-4-7 4V5a2 2 0 0 1 2-2h10a2 2 0 0 1 2 2v16z\"\/><\/svg>\n      <\/div>\n      <span style=\"font-size: 0.75rem; font-weight: 800; color: #1e3a8a; letter-spacing: 0.05em;\">SAIR\u00c9<\/span>\n    <\/div>\n    <div style=\"padding: 12px; text-align: center;\">\n      <div style=\"font-size: 0.7rem; color: #1d4ed8; font-weight: 700;\">SETEMBRO<\/div>\n      <div style=\"font-size: 1.2rem; font-weight: 900; color: #2563eb; margin: 2px 0;\">26-35 \u00b0C<\/div>\n      <div style=\"font-size: 0.8rem; color: #1e293b; line-height: 1.3;\">Chuva baixa. O auge cultural com a <strong>Festa do Sair\u00e9<\/strong> enquanto as praias voltam a surgir.<\/div>\n    <\/div>\n  <\/div>\n\n<\/div>\n\n\n\n<p><em>Temperaturas aproximadas com base no <a href=\"https:\/\/www.climatempo.com.br\/previsao-do-tempo\/cidade\/1270\/santarem-pa\" target=\"_blank\" rel=\"noreferrer noopener\"><strong>Climatempo<\/strong><\/a> (Santar\u00e9m). Condi\u00e7\u00f5es podem variar.<\/em><\/p>\n\n\n<div class=\"wp-block-image\">\n<figure class=\"aligncenter size-large\"><img decoding=\"async\" width=\"1024\" height=\"576\" src=\"https:\/\/www.correiobraziliense.com.br\/cbradar\/wp-content\/uploads\/2025\/06\/Edicoes-19-2-1024x576.png\" alt=\"O 'Caribe da Amaz\u00f4nia' existe e est\u00e1 escondido em uma vila no Par\u00e1\" class=\"wp-image-58427\" srcset=\"https:\/\/www.correiobraziliense.com.br\/cbradar\/wp-content\/uploads\/2025\/06\/Edicoes-19-2-1024x576.png 1024w, https:\/\/www.correiobraziliense.com.br\/cbradar\/wp-content\/uploads\/2025\/06\/Edicoes-19-2-300x169.png 300w, https:\/\/www.correiobraziliense.com.br\/cbradar\/wp-content\/uploads\/2025\/06\/Edicoes-19-2-768x432.png 768w, https:\/\/www.correiobraziliense.com.br\/cbradar\/wp-content\/uploads\/2025\/06\/Edicoes-19-2-750x422.png 750w, https:\/\/www.correiobraziliense.com.br\/cbradar\/wp-content\/uploads\/2025\/06\/Edicoes-19-2-1140x641.png 1140w, https:\/\/www.correiobraziliense.com.br\/cbradar\/wp-content\/uploads\/2025\/06\/Edicoes-19-2.png 1280w\" sizes=\"(max-width: 1024px) 100vw, 1024px\" \/><figcaption class=\"wp-element-caption\">Alter do Ch\u00e3o foi eleito o Melhor Destino Tur\u00edstico Nacional em 2021, atraindo turistas de todo o Brasil. \/\/ Reprodu\u00e7\u00e3o: Wikipedia<\/figcaption><\/figure><\/div>\n\n\n<h2 class=\"wp-block-heading\">Como chegar ao distrito mais bonito da Amaz\u00f4nia?<\/h2>\n\n\n\n<p>O <strong>Aeroporto de Santar\u00e9m<\/strong> (STM) recebe voos diretos de <strong>Bel\u00e9m<\/strong>, <strong>Manaus<\/strong> e <strong>Bras\u00edlia<\/strong>. De Santar\u00e9m at\u00e9 Alter do Ch\u00e3o s\u00e3o 37 km pela PA-457, cerca de 45 minutos de carro ou van. Tamb\u00e9m \u00e9 poss\u00edvel chegar por barco, descendo o <strong>Amazonas<\/strong> a partir de Manaus (viagem de cerca de dois dias) ou subindo de Bel\u00e9m (cerca de tr\u00eas dias). Dentro de Alter, a maioria dos deslocamentos \u00e9 feita a p\u00e9, de bicicleta ou em pequenas embarca\u00e7\u00f5es.<\/p>\n\n\n\n<h2 class=\"wp-block-heading\">Um peda\u00e7o do Caribe dentro da Amaz\u00f4nia<\/h2>\n\n\n\n<p><strong>Alter do Ch\u00e3o entrega o que nenhum outro destino brasileiro consegue reunir: <\/strong>praias caribenhas de \u00e1gua doce, floresta amaz\u00f4nica preservada, culin\u00e1ria paraense aut\u00eantica e um festival folcl\u00f3rico que transforma a vila inteira em palco. Tudo isso a menos de uma hora de Santar\u00e9m.<\/p>\n\n\n\n<p>Voc\u00ea precisa pisar na areia branca da Ilha do Amor, provar um tacac\u00e1 na cuia e assistir ao p\u00f4r do sol sobre o Tapaj\u00f3s para entender por que esse canto do Par\u00e1 conquista quem vem de qualquer lugar do mundo.<\/p>\n","protected":false},"excerpt":{"rendered":"<p>Areia branca, \u00e1gua cristalina e a floresta amaz\u00f4nica como moldura. Alter do Ch\u00e3o, distrito de Santar\u00e9m no oeste do Par\u00e1, foi eleita a praia de \u00e1gua doce mais bonita do mundo pelo jornal brit\u00e2nico The Guardian e carrega o apelido de Caribe Amaz\u00f4nico. A vila de cerca de 6 mil moradores fica na margem direita [&hellip;]<\/p>\n","protected":false},"author":8,"featured_media":195366,"comment_status":"open","ping_status":"open","sticky":false,"template":"","format":"standard","meta":{"_yoast_wpseo_focuskw":"praia de \u00e1gua doce","_yoast_wpseo_title":"","_yoast_wpseo_metadesc":"A vila brasileira de 6 mil moradores que abriga a praia de \u00e1gua doce eleita a mais bonita do mundo, segundo jornal brit\u00e2nico.","jnews-multi-image_gallery":[],"jnews_single_post":{"format":"standard"},"jnews_primary_category":[],"jnews_social_meta":[],"jnews_override_counter":[],"footnotes":""},"categories":[108,111],"tags":[7052,291,7053],"class_list":["post-203791","post","type-post","status-publish","format-standard","has-post-thumbnail","hentry","category-cidades","category-turismo","tag-alter-do-chao","tag-para","tag-santarem"],"yoast_head":"<!-- This site is optimized with the Yoast SEO plugin v24.6 - https:\/\/yoast.com\/wordpress\/plugins\/seo\/ -->\n<title>A vila de 6 mil moradores que guarda uma praia de \u00e1gua doce eleita a mais bonita do mundo por jornal brit\u00e2nico - Correio Braziliense - Radar<\/title>\n<meta name=\"description\" content=\"A vila brasileira de 6 mil moradores que abriga a praia de \u00e1gua doce eleita a mais bonita do mundo, segundo jornal brit\u00e2nico.\" \/>\n<meta name=\"robots\" content=\"index, follow, max-snippet:-1, max-image-preview:large, max-video-preview:-1\" \/>\n<link rel=\"canonical\" href=\"https:\/\/www.correiobraziliense.com.br\/cbradar\/a-vila-de-6-mil-moradores-que-guarda-uma-praia-de-agua-doce-eleita-a-mais-bonita-do-mundo-por-jornal-britanico\/\" \/>\n<meta property=\"og:locale\" content=\"pt_BR\" \/>\n<meta property=\"og:type\" content=\"article\" \/>\n<meta property=\"og:title\" content=\"A vila de 6 mil moradores que guarda uma praia de \u00e1gua doce eleita a mais bonita do mundo por jornal brit\u00e2nico - Correio Braziliense - Radar\" \/>\n<meta property=\"og:description\" content=\"A vila brasileira de 6 mil moradores que abriga a praia de \u00e1gua doce eleita a mais bonita do mundo, segundo jornal brit\u00e2nico.\" \/>\n<meta property=\"og:url\" content=\"https:\/\/www.correiobraziliense.com.br\/cbradar\/a-vila-de-6-mil-moradores-que-guarda-uma-praia-de-agua-doce-eleita-a-mais-bonita-do-mundo-por-jornal-britanico\/\" \/>\n<meta property=\"og:site_name\" content=\"Correio Braziliense - Radar\" \/>\n<meta property=\"article:published_time\" content=\"2026-03-06T15:45:00+00:00\" \/>\n<meta property=\"og:image\" content=\"https:\/\/www.correiobraziliense.com.br\/cbradar\/wp-content\/uploads\/2026\/02\/aaa-2026-02-18T061800.398.png\" \/>\n\t<meta property=\"og:image:width\" content=\"1280\" \/>\n\t<meta property=\"og:image:height\" content=\"720\" \/>\n\t<meta property=\"og:image:type\" content=\"image\/png\" \/>\n<meta name=\"author\" content=\"Maura Pereira\" \/>\n<meta name=\"twitter:card\" content=\"summary_large_image\" \/>\n<meta name=\"twitter:label1\" content=\"Escrito por\" \/>\n\t<meta name=\"twitter:data1\" content=\"Maura Pereira\" \/>\n\t<meta name=\"twitter:label2\" content=\"Est. tempo de leitura\" \/>\n\t<meta name=\"twitter:data2\" content=\"7 minutos\" \/>\n<!-- \/ Yoast SEO plugin. -->","yoast_head_json":{"title":"A vila de 6 mil moradores que guarda uma praia de \u00e1gua doce eleita a mais bonita do mundo por jornal brit\u00e2nico - Correio Braziliense - Radar","description":"A vila brasileira de 6 mil moradores que abriga a praia de \u00e1gua doce eleita a mais bonita do mundo, segundo jornal brit\u00e2nico.","robots":{"index":"index","follow":"follow","max-snippet":"max-snippet:-1","max-image-preview":"max-image-preview:large","max-video-preview":"max-video-preview:-1"},"canonical":"https:\/\/www.correiobraziliense.com.br\/cbradar\/a-vila-de-6-mil-moradores-que-guarda-uma-praia-de-agua-doce-eleita-a-mais-bonita-do-mundo-por-jornal-britanico\/","og_locale":"pt_BR","og_type":"article","og_title":"A vila de 6 mil moradores que guarda uma praia de \u00e1gua doce eleita a mais bonita do mundo por jornal brit\u00e2nico - Correio Braziliense - Radar","og_description":"A vila brasileira de 6 mil moradores que abriga a praia de \u00e1gua doce eleita a mais bonita do mundo, segundo jornal brit\u00e2nico.","og_url":"https:\/\/www.correiobraziliense.com.br\/cbradar\/a-vila-de-6-mil-moradores-que-guarda-uma-praia-de-agua-doce-eleita-a-mais-bonita-do-mundo-por-jornal-britanico\/","og_site_name":"Correio Braziliense - Radar","article_published_time":"2026-03-06T15:45:00+00:00","og_image":[{"width":1280,"height":720,"url":"https:\/\/www.correiobraziliense.com.br\/cbradar\/wp-content\/uploads\/2026\/02\/aaa-2026-02-18T061800.398.png","type":"image\/png"}],"author":"Maura Pereira","twitter_card":"summary_large_image","twitter_misc":{"Escrito por":"Maura Pereira","Est. tempo de leitura":"7 minutos"},"schema":{"@context":"https:\/\/schema.org","@graph":[{"@type":"WebPage","@id":"https:\/\/www.correiobraziliense.com.br\/cbradar\/a-vila-de-6-mil-moradores-que-guarda-uma-praia-de-agua-doce-eleita-a-mais-bonita-do-mundo-por-jornal-britanico\/","url":"https:\/\/www.correiobraziliense.com.br\/cbradar\/a-vila-de-6-mil-moradores-que-guarda-uma-praia-de-agua-doce-eleita-a-mais-bonita-do-mundo-por-jornal-britanico\/","name":"A vila de 6 mil moradores que guarda uma praia de \u00e1gua doce eleita a mais bonita do mundo por jornal brit\u00e2nico - Correio Braziliense - Radar","isPartOf":{"@id":"https:\/\/www.correiobraziliense.com.br\/cbradar\/#website"},"primaryImageOfPage":{"@id":"https:\/\/www.correiobraziliense.com.br\/cbradar\/a-vila-de-6-mil-moradores-que-guarda-uma-praia-de-agua-doce-eleita-a-mais-bonita-do-mundo-por-jornal-britanico\/#primaryimage"},"image":{"@id":"https:\/\/www.correiobraziliense.com.br\/cbradar\/a-vila-de-6-mil-moradores-que-guarda-uma-praia-de-agua-doce-eleita-a-mais-bonita-do-mundo-por-jornal-britanico\/#primaryimage"},"thumbnailUrl":"https:\/\/www.correiobraziliense.com.br\/cbradar\/wp-content\/uploads\/2026\/02\/aaa-2026-02-18T061800.398.png","datePublished":"2026-03-06T15:45:00+00:00","author":{"@id":"https:\/\/www.correiobraziliense.com.br\/cbradar\/#\/schema\/person\/4053c651a9bfc785afc6f4cbc9032fd3"},"description":"A vila brasileira de 6 mil moradores que abriga a praia de \u00e1gua doce eleita a mais bonita do mundo, segundo jornal brit\u00e2nico.","breadcrumb":{"@id":"https:\/\/www.correiobraziliense.com.br\/cbradar\/a-vila-de-6-mil-moradores-que-guarda-uma-praia-de-agua-doce-eleita-a-mais-bonita-do-mundo-por-jornal-britanico\/#breadcrumb"},"inLanguage":"pt-BR","potentialAction":[{"@type":"ReadAction","target":["https:\/\/www.correiobraziliense.com.br\/cbradar\/a-vila-de-6-mil-moradores-que-guarda-uma-praia-de-agua-doce-eleita-a-mais-bonita-do-mundo-por-jornal-britanico\/"]}]},{"@type":"ImageObject","inLanguage":"pt-BR","@id":"https:\/\/www.correiobraziliense.com.br\/cbradar\/a-vila-de-6-mil-moradores-que-guarda-uma-praia-de-agua-doce-eleita-a-mais-bonita-do-mundo-por-jornal-britanico\/#primaryimage","url":"https:\/\/www.correiobraziliense.com.br\/cbradar\/wp-content\/uploads\/2026\/02\/aaa-2026-02-18T061800.398.png","contentUrl":"https:\/\/www.correiobraziliense.com.br\/cbradar\/wp-content\/uploads\/2026\/02\/aaa-2026-02-18T061800.398.png","width":1280,"height":720,"caption":"Viver em Alter do Ch\u00e3o oferece uma din\u00e2mica pautada pela tranquilidade amaz\u00f4nica e por uma forte conex\u00e3o com a ancestralidade ind\u00edgena Borari. \/ Imagem ilustrativa"},{"@type":"BreadcrumbList","@id":"https:\/\/www.correiobraziliense.com.br\/cbradar\/a-vila-de-6-mil-moradores-que-guarda-uma-praia-de-agua-doce-eleita-a-mais-bonita-do-mundo-por-jornal-britanico\/#breadcrumb","itemListElement":[{"@type":"ListItem","position":1,"name":"In\u00edcio","item":"https:\/\/www.correiobraziliense.com.br\/cbradar\/"},{"@type":"ListItem","position":2,"name":"A vila de 6 mil moradores que guarda uma praia de \u00e1gua doce eleita a mais bonita do mundo por jornal brit\u00e2nico"}]},{"@type":"WebSite","@id":"https:\/\/www.correiobraziliense.com.br\/cbradar\/#website","url":"https:\/\/www.correiobraziliense.com.br\/cbradar\/","name":"Correio Braziliense - Radar","description":"Acompanhe as \u00faltimas not\u00edcias e fique bem informado sobre tudo o que acontece no Brasil e no mundo.","potentialAction":[{"@type":"SearchAction","target":{"@type":"EntryPoint","urlTemplate":"https:\/\/www.correiobraziliense.com.br\/cbradar\/?s={search_term_string}"},"query-input":{"@type":"PropertyValueSpecification","valueRequired":true,"valueName":"search_term_string"}}],"inLanguage":"pt-BR"},{"@type":"Person","@id":"https:\/\/www.correiobraziliense.com.br\/cbradar\/#\/schema\/person\/4053c651a9bfc785afc6f4cbc9032fd3","name":"Maura Pereira","image":{"@type":"ImageObject","inLanguage":"pt-BR","@id":"https:\/\/www.correiobraziliense.com.br\/cbradar\/#\/schema\/person\/image\/","url":"https:\/\/secure.gravatar.com\/avatar\/3effd6bdadfa447f15089c7f7144eaa6?s=96&d=mm&r=g","contentUrl":"https:\/\/secure.gravatar.com\/avatar\/3effd6bdadfa447f15089c7f7144eaa6?s=96&d=mm&r=g","caption":"Maura Pereira"},"sameAs":["https:\/\/www.correiobraziliense.com.br\/"],"url":"https:\/\/www.correiobraziliense.com.br\/cbradar\/author\/mauramyth\/"}]}},"_links":{"self":[{"href":"https:\/\/www.correiobraziliense.com.br\/cbradar\/wp-json\/wp\/v2\/posts\/203791","targetHints":{"allow":["GET"]}}],"collection":[{"href":"https:\/\/www.correiobraziliense.com.br\/cbradar\/wp-json\/wp\/v2\/posts"}],"about":[{"href":"https:\/\/www.correiobraziliense.com.br\/cbradar\/wp-json\/wp\/v2\/types\/post"}],"author":[{"embeddable":true,"href":"https:\/\/www.correiobraziliense.com.br\/cbradar\/wp-json\/wp\/v2\/users\/8"}],"replies":[{"embeddable":true,"href":"https:\/\/www.correiobraziliense.com.br\/cbradar\/wp-json\/wp\/v2\/comments?post=203791"}],"version-history":[{"count":10,"href":"https:\/\/www.correiobraziliense.com.br\/cbradar\/wp-json\/wp\/v2\/posts\/203791\/revisions"}],"predecessor-version":[{"id":203865,"href":"https:\/\/www.correiobraziliense.com.br\/cbradar\/wp-json\/wp\/v2\/posts\/203791\/revisions\/203865"}],"wp:featuredmedia":[{"embeddable":true,"href":"https:\/\/www.correiobraziliense.com.br\/cbradar\/wp-json\/wp\/v2\/media\/195366"}],"wp:attachment":[{"href":"https:\/\/www.correiobraziliense.com.br\/cbradar\/wp-json\/wp\/v2\/media?parent=203791"}],"wp:term":[{"taxonomy":"category","embeddable":true,"href":"https:\/\/www.correiobraziliense.com.br\/cbradar\/wp-json\/wp\/v2\/categories?post=203791"},{"taxonomy":"post_tag","embeddable":true,"href":"https:\/\/www.correiobraziliense.com.br\/cbradar\/wp-json\/wp\/v2\/tags?post=203791"}],"curies":[{"name":"wp","href":"https:\/\/api.w.org\/{rel}","templated":true}]}}