{"id":203853,"date":"2026-03-07T08:15:24","date_gmt":"2026-03-07T11:15:24","guid":{"rendered":"https:\/\/www.correiobraziliense.com.br\/cbradar\/?p=203853"},"modified":"2026-03-06T14:41:57","modified_gmt":"2026-03-06T17:41:57","slug":"a-fruta-do-quintal-que-muita-gente-colhia-na-infancia-pode-ter-beneficios-surpreendentes-para-a-saude","status":"publish","type":"post","link":"https:\/\/www.correiobraziliense.com.br\/cbradar\/a-fruta-do-quintal-que-muita-gente-colhia-na-infancia-pode-ter-beneficios-surpreendentes-para-a-saude\/","title":{"rendered":"A fruta do quintal que muita gente colhia na inf\u00e2ncia pode ter benef\u00edcios surpreendentes para a sa\u00fade"},"content":{"rendered":"\n<p>Imagine poder colher uma <b>rom\u00e3 madura<\/b> no quintal, abrir o fruto com as m\u00e3os e usar as sementes tanto para um <b>suco refrescante<\/b> quanto para aliviar aquela dorzinha de garganta. Cada vez mais presente em hortas dom\u00e9sticas e em pesquisas, a rom\u00e3 une sabor marcante, beleza no jardim e um grande potencial para cuidar da <b>sa\u00fade natural<\/b> de forma simples e natural.<\/p>\n\n\n\n<h2 class=\"wp-block-heading\">Quais s\u00e3o os benef\u00edcios anti-inflamat\u00f3rios e antioxidantes da rom\u00e3<\/h2>\n\n\n\n<p>Pesquisas mostram que a casca, a polpa e o suco concentram compostos como polifen\u00f3is, taninos e flavonoides, que ajudam a reduzir <b>inflama\u00e7\u00f5es cr\u00f4nicas<\/b> ligadas a dores, incha\u00e7os e irrita\u00e7\u00f5es em diferentes partes do corpo.<\/p>\n\n\n\n<p>A rom\u00e3 \u00e9 muito citada em estudos sobre inflama\u00e7\u00f5es na <b>boca e garganta<\/b>, algumas doen\u00e7as articulares e altera\u00e7\u00f5es metab\u00f3licas. Al\u00e9m disso, sua a\u00e7\u00e3o <b>antioxidante intensa<\/b> combate o excesso de radicais livres, protegendo c\u00e9lulas e tecidos, o que pode favorecer a sa\u00fade do <b>cora\u00e7\u00e3o<\/b>, da pele e o bem-estar geral ao longo do tempo.<\/p>\n\n\n<div class=\"wp-block-image\">\n<figure class=\"aligncenter size-full\"><img decoding=\"async\" width=\"1280\" height=\"720\" src=\"https:\/\/www.correiobraziliense.com.br\/cbradar\/wp-content\/uploads\/2026\/03\/Gemini_Generated_Image_itaxnbitaxnbitax-2.png\" alt=\"\" class=\"wp-image-203867\" srcset=\"https:\/\/www.correiobraziliense.com.br\/cbradar\/wp-content\/uploads\/2026\/03\/Gemini_Generated_Image_itaxnbitaxnbitax-2.png 1280w, https:\/\/www.correiobraziliense.com.br\/cbradar\/wp-content\/uploads\/2026\/03\/Gemini_Generated_Image_itaxnbitaxnbitax-2-300x169.png 300w, https:\/\/www.correiobraziliense.com.br\/cbradar\/wp-content\/uploads\/2026\/03\/Gemini_Generated_Image_itaxnbitaxnbitax-2-768x432.png 768w, https:\/\/www.correiobraziliense.com.br\/cbradar\/wp-content\/uploads\/2026\/03\/Gemini_Generated_Image_itaxnbitaxnbitax-2-750x422.png 750w, https:\/\/www.correiobraziliense.com.br\/cbradar\/wp-content\/uploads\/2026\/03\/Gemini_Generated_Image_itaxnbitaxnbitax-2-1140x641.png 1140w\" sizes=\"(max-width: 1280px) 100vw, 1280px\" \/><figcaption class=\"wp-element-caption\">A rom\u00e3 \u00e9 muito citada em estudos sobre inflama\u00e7\u00f5es na boca e garganta, algumas doen\u00e7as articulares e altera\u00e7\u00f5es metab\u00f3licas<\/figcaption><\/figure><\/div>\n\n\n<p>Leia tamb\u00e9m:\u00a0<a href=\"https:\/\/www.correiobraziliense.com.br\/cbradar\/a-planta-aromatica-usada-ha-seculos-que-pode-aliviar-gases-e-estufamento-de-forma-natural\/\" target=\"_blank\" rel=\"noreferrer noopener\">A planta arom\u00e1tica usada h\u00e1 s\u00e9culos que pode aliviar gases e estufamento de forma natural<\/a><\/p>\n\n\n\n<h2 class=\"wp-block-heading\">Como incluir a rom\u00e3 na rotina para aproveitar melhor seus efeitos<\/h2>\n\n\n\n<p>\u00c9 poss\u00edvel colocar a <b>rom\u00e3<\/b> no dia a dia de forma simples, sem receitas complicadas. As sementes podem ser consumidas puras, em saladas de frutas, saladas verdes ou misturadas ao iogurte, ajudando a aumentar a ingest\u00e3o de <b>fibras antioxidantes<\/b> e de compostos protetores ao longo do dia.<\/p>\n\n\n\n<p>Para ficar mais f\u00e1cil visualizar como consumir a rom\u00e3 no cotidiano, veja algumas formas pr\u00e1ticas de uso que podem se adaptar a diferentes gostos e hor\u00e1rios do dia, sempre lembrando de variar o <b>modo de preparo<\/b> para aproveitar melhor seus nutrientes e combinar com uma alimenta\u00e7\u00e3o <b>equilibrada<\/b>.<\/p>\n\n\n\n<ul class=\"wp-block-list\">\n<li><strong>Sementes frescas:<\/strong> mant\u00eam <b>fibras importantes<\/b>, vitaminas e compostos bioativos importantes, podendo ser usadas em lanches r\u00e1pidos ou como toque crocante em pratos doces e salgados.<\/li>\n\n\n\n<li><strong>Suco de rom\u00e3:<\/strong> pode ser combinado com <b>laranja<\/b>, ma\u00e7\u00e3 ou outras frutas, preferindo prepara\u00e7\u00f5es naturais sem a\u00e7\u00facar em excesso para preservar melhor o <b>benef\u00edcio antioxidante<\/b>.<\/li>\n\n\n\n<li><strong>Ch\u00e1 da casca ou das flores:<\/strong> muito usado em infus\u00f5es caseiras, sempre com <b>modera\u00e7\u00e3o<\/b> e orienta\u00e7\u00e3o profissional em casos de gestantes, crian\u00e7as ou pessoas com doen\u00e7as <b>cr\u00f4nicas<\/b>.<\/li>\n\n\n\n<li><strong>Uso culin\u00e1rio variado:<\/strong> entra em molhos, sobremesas e pratos salgados, trazendo <b>cor vibrante<\/b> e croc\u00e2ncia, al\u00e9m de harmonizar bem com ervas frescas e <b>gr\u00e3os integrais<\/b>.<\/li>\n<\/ul>\n\n\n\n<h2 class=\"wp-block-heading\">Como plantar rom\u00e3 em casa de forma simples<\/h2>\n\n\n\n<p>Quem deseja ter um p\u00e9 de rom\u00e3 em casa pode come\u00e7ar por sementes ou por mudas j\u00e1 formadas. Para iniciantes, a <b>muda enxertada<\/b> costuma ser a melhor escolha, pois reduz o tempo at\u00e9 a primeira colheita e tende a oferecer frutos de <b>melhor qualidade<\/b>. Se voc\u00ea gosta de cultivo, separamos esse v\u00eddeo do canal <a href=\"https:\/\/www.youtube.com\/@mundoverdeorganico\" target=\"_blank\" rel=\"noreferrer noopener\">Mundo verde org\u00e2nico<\/a> ensinando como a plantar em casa:<\/p>\n\n\n\n<figure class=\"wp-block-embed is-type-video is-provider-youtube wp-block-embed-youtube wp-embed-aspect-16-9 wp-has-aspect-ratio\"><div class=\"wp-block-embed__wrapper\">\n<div class=\"jeg_video_container jeg_video_content\"><iframe loading=\"lazy\" title=\"Como fazer muda de rom\u00e3 por galho, bem f\u00e1cil ( estaquia) # 45\" width=\"500\" height=\"281\" src=\"https:\/\/www.youtube.com\/embed\/JDTrBHMFeD0?feature=oembed\" frameborder=\"0\" allow=\"accelerometer; autoplay; clipboard-write; encrypted-media; gyroscope; picture-in-picture; web-share\" referrerpolicy=\"strict-origin-when-cross-origin\" allowfullscreen><\/iframe><\/div>\n<\/div><\/figure>\n\n\n\n<p>O rom\u00e3zeiro prefere clima quente ou ameno, bastante sol direto e solo <b>bem drenado<\/b>, seja em quintais, pequenos s\u00edtios ou vasos grandes. No plantio, \u00e9 importante escolher um local que receba de 4 a 6 horas de sol, usar um substrato leve (com terra vegetal, areia e mat\u00e9ria org\u00e2nica) e manter o solo levemente \u00famido nas primeiras semanas, sem <b>encharcar excessivamente<\/b>.<\/p>\n\n\n\n<p>Em vasos, furos de drenagem e uma camada de pedrinhas no fundo ajudam a evitar o excesso de \u00e1gua, que pode apodrecer as <b>ra\u00edzes finas<\/b>. Tamb\u00e9m vale observar o crescimento da planta e fazer transplantes para vasos maiores quando necess\u00e1rio, garantindo espa\u00e7o para o desenvolvimento do <b>sistema radicular<\/b>.<\/p>\n\n\n\n<h2 class=\"wp-block-heading\">Quais cuidados ajudam a manter o rom\u00e3zeiro saud\u00e1vel por muitos anos<\/h2>\n\n\n\n<p>Depois de bem estabelecido, o p\u00e9 de rom\u00e3 tende a ser resistente e produtivo, mas alguns cuidados simples fazem diferen\u00e7a. Observar <b>folhas e galhos<\/b> com frequ\u00eancia ajuda a perceber logo o surgimento de pragas, como cochonilhas e pulg\u00f5es, e doen\u00e7as f\u00fangicas, mais comuns em per\u00edodos muito <b>\u00famidos<\/b>.<\/p>\n\n\n\n<figure class=\"wp-block-embed is-type-rich is-provider-pinterest wp-block-embed-pinterest\"><div class=\"wp-block-embed__wrapper\">\n<iframe loading=\"lazy\" title=\"Rom\u00e3 em vasos\" src=\"https:\/\/assets.pinterest.com\/ext\/embed.html?id=329607266498031362&#038;src=oembed\" height=\"899\" width=\"450\" frameborder=\"0\" scrolling=\"no\" ><\/iframe>\n<\/div><\/figure>\n\n\n\n<p>Evitar encharcamento, podar galhos secos, permitir boa circula\u00e7\u00e3o de ar entre os ramos e fazer aduba\u00e7\u00f5es org\u00e2nicas moderadas ao longo do ano, com compostos como <b>h\u00famus de minhoca<\/b> ou composto caseiro, ajudam a manter a planta forte e com boa <b>frutifica\u00e7\u00e3o<\/b>.<\/p>\n\n\n\n<p>Assim, o cultivo dom\u00e9stico da rom\u00e3 garante frutos frescos, ligados a poss\u00edveis benef\u00edcios anti-inflamat\u00f3rios, e ainda embeleza a casa com <b>flores vistosas<\/b> e uma \u00e1rvore cheia de significado e tradi\u00e7\u00e3o, tornando o jardim mais <b>diverso<\/b> e produtivo.<\/p>\n","protected":false},"excerpt":{"rendered":"<p>Imagine poder colher uma rom\u00e3 madura no quintal, abrir o fruto com as m\u00e3os e usar as sementes tanto para um suco refrescante quanto para aliviar aquela dorzinha de garganta. Cada vez mais presente em hortas dom\u00e9sticas e em pesquisas, a rom\u00e3 une sabor marcante, beleza no jardim e um grande potencial para cuidar da [&hellip;]<\/p>\n","protected":false},"author":9,"featured_media":204193,"comment_status":"open","ping_status":"open","sticky":false,"template":"","format":"standard","meta":{"_yoast_wpseo_focuskw":"plantar rom\u00e3","_yoast_wpseo_title":"","_yoast_wpseo_metadesc":"Uma frutinha comum em quintais brasileiros re\u00fane nutrientes e compostos naturais que despertam interesse de quem busca sa\u00fade e cultivo f\u00e1cil","jnews-multi-image_gallery":[],"jnews_single_post":{"format":"standard"},"jnews_primary_category":[],"jnews_social_meta":[],"jnews_override_counter":[],"footnotes":""},"categories":[119,136],"post_tag":[1802,6431,1595],"class_list":["post-203853","post","type-post","status-publish","format-standard","has-post-thumbnail","hentry","category-bem-estar","category-jardinagem","tag-anti-inflamatorio","tag-plantar-roma","tag-roma"],"yoast_head":"<!-- This site is optimized with the Yoast SEO plugin v24.6 - https:\/\/yoast.com\/wordpress\/plugins\/seo\/ -->\n<title>A fruta do quintal que muita gente colhia na inf\u00e2ncia pode ter benef\u00edcios surpreendentes para a sa\u00fade - Correio Braziliense - Radar<\/title>\n<meta name=\"description\" content=\"Uma frutinha comum em quintais brasileiros re\u00fane nutrientes e compostos naturais que despertam interesse de quem busca sa\u00fade e cultivo f\u00e1cil\" \/>\n<meta name=\"robots\" content=\"index, follow, max-snippet:-1, max-image-preview:large, max-video-preview:-1\" \/>\n<link rel=\"canonical\" href=\"https:\/\/www.correiobraziliense.com.br\/cbradar\/a-fruta-do-quintal-que-muita-gente-colhia-na-infancia-pode-ter-beneficios-surpreendentes-para-a-saude\/\" \/>\n<meta property=\"og:locale\" content=\"pt_BR\" \/>\n<meta property=\"og:type\" content=\"article\" \/>\n<meta property=\"og:title\" content=\"A fruta do quintal que muita gente colhia na inf\u00e2ncia pode ter benef\u00edcios surpreendentes para a sa\u00fade - Correio Braziliense - Radar\" \/>\n<meta property=\"og:description\" content=\"Uma frutinha comum em quintais brasileiros re\u00fane nutrientes e compostos naturais que despertam interesse de quem busca sa\u00fade e cultivo f\u00e1cil\" \/>\n<meta property=\"og:url\" content=\"https:\/\/www.correiobraziliense.com.br\/cbradar\/a-fruta-do-quintal-que-muita-gente-colhia-na-infancia-pode-ter-beneficios-surpreendentes-para-a-saude\/\" \/>\n<meta property=\"og:site_name\" content=\"Correio Braziliense - Radar\" \/>\n<meta property=\"article:published_time\" content=\"2026-03-07T11:15:24+00:00\" \/>\n<meta property=\"og:image\" content=\"https:\/\/www.correiobraziliense.com.br\/cbradar\/wp-content\/uploads\/2026\/03\/freepik__rom-aberta-ao-meio-sobre-mesa-de-cozinha-mostrando__21205.jpeg\" \/>\n\t<meta property=\"og:image:width\" content=\"1280\" \/>\n\t<meta property=\"og:image:height\" content=\"720\" \/>\n\t<meta property=\"og:image:type\" content=\"image\/jpeg\" \/>\n<meta name=\"author\" content=\"Daniely Cardoso\" \/>\n<meta name=\"twitter:card\" content=\"summary_large_image\" \/>\n<meta name=\"twitter:label1\" content=\"Escrito por\" \/>\n\t<meta name=\"twitter:data1\" content=\"Daniely Cardoso\" \/>\n\t<meta name=\"twitter:label2\" content=\"Est. tempo de leitura\" \/>\n\t<meta name=\"twitter:data2\" content=\"5 minutos\" \/>\n<!-- \/ Yoast SEO plugin. -->","yoast_head_json":{"title":"A fruta do quintal que muita gente colhia na inf\u00e2ncia pode ter benef\u00edcios surpreendentes para a sa\u00fade - Correio Braziliense - Radar","description":"Uma frutinha comum em quintais brasileiros re\u00fane nutrientes e compostos naturais que despertam interesse de quem busca sa\u00fade e cultivo f\u00e1cil","robots":{"index":"index","follow":"follow","max-snippet":"max-snippet:-1","max-image-preview":"max-image-preview:large","max-video-preview":"max-video-preview:-1"},"canonical":"https:\/\/www.correiobraziliense.com.br\/cbradar\/a-fruta-do-quintal-que-muita-gente-colhia-na-infancia-pode-ter-beneficios-surpreendentes-para-a-saude\/","og_locale":"pt_BR","og_type":"article","og_title":"A fruta do quintal que muita gente colhia na inf\u00e2ncia pode ter benef\u00edcios surpreendentes para a sa\u00fade - Correio Braziliense - Radar","og_description":"Uma frutinha comum em quintais brasileiros re\u00fane nutrientes e compostos naturais que despertam interesse de quem busca sa\u00fade e cultivo f\u00e1cil","og_url":"https:\/\/www.correiobraziliense.com.br\/cbradar\/a-fruta-do-quintal-que-muita-gente-colhia-na-infancia-pode-ter-beneficios-surpreendentes-para-a-saude\/","og_site_name":"Correio Braziliense - Radar","article_published_time":"2026-03-07T11:15:24+00:00","og_image":[{"width":1280,"height":720,"url":"https:\/\/www.correiobraziliense.com.br\/cbradar\/wp-content\/uploads\/2026\/03\/freepik__rom-aberta-ao-meio-sobre-mesa-de-cozinha-mostrando__21205.jpeg","type":"image\/jpeg"}],"author":"Daniely Cardoso","twitter_card":"summary_large_image","twitter_misc":{"Escrito por":"Daniely Cardoso","Est. tempo de leitura":"5 minutos"},"schema":{"@context":"https:\/\/schema.org","@graph":[{"@type":"WebPage","@id":"https:\/\/www.correiobraziliense.com.br\/cbradar\/a-fruta-do-quintal-que-muita-gente-colhia-na-infancia-pode-ter-beneficios-surpreendentes-para-a-saude\/","url":"https:\/\/www.correiobraziliense.com.br\/cbradar\/a-fruta-do-quintal-que-muita-gente-colhia-na-infancia-pode-ter-beneficios-surpreendentes-para-a-saude\/","name":"A fruta do quintal que muita gente colhia na inf\u00e2ncia pode ter benef\u00edcios surpreendentes para a sa\u00fade - Correio Braziliense - Radar","isPartOf":{"@id":"https:\/\/www.correiobraziliense.com.br\/cbradar\/#website"},"primaryImageOfPage":{"@id":"https:\/\/www.correiobraziliense.com.br\/cbradar\/a-fruta-do-quintal-que-muita-gente-colhia-na-infancia-pode-ter-beneficios-surpreendentes-para-a-saude\/#primaryimage"},"image":{"@id":"https:\/\/www.correiobraziliense.com.br\/cbradar\/a-fruta-do-quintal-que-muita-gente-colhia-na-infancia-pode-ter-beneficios-surpreendentes-para-a-saude\/#primaryimage"},"thumbnailUrl":"https:\/\/www.correiobraziliense.com.br\/cbradar\/wp-content\/uploads\/2026\/03\/freepik__rom-aberta-ao-meio-sobre-mesa-de-cozinha-mostrando__21205.jpeg","datePublished":"2026-03-07T11:15:24+00:00","author":{"@id":"https:\/\/www.correiobraziliense.com.br\/cbradar\/#\/schema\/person\/7356666e12ec0ee53f348ee5db227032"},"description":"Uma frutinha comum em quintais brasileiros re\u00fane nutrientes e compostos naturais que despertam interesse de quem busca sa\u00fade e cultivo f\u00e1cil","breadcrumb":{"@id":"https:\/\/www.correiobraziliense.com.br\/cbradar\/a-fruta-do-quintal-que-muita-gente-colhia-na-infancia-pode-ter-beneficios-surpreendentes-para-a-saude\/#breadcrumb"},"inLanguage":"pt-BR","potentialAction":[{"@type":"ReadAction","target":["https:\/\/www.correiobraziliense.com.br\/cbradar\/a-fruta-do-quintal-que-muita-gente-colhia-na-infancia-pode-ter-beneficios-surpreendentes-para-a-saude\/"]}]},{"@type":"ImageObject","inLanguage":"pt-BR","@id":"https:\/\/www.correiobraziliense.com.br\/cbradar\/a-fruta-do-quintal-que-muita-gente-colhia-na-infancia-pode-ter-beneficios-surpreendentes-para-a-saude\/#primaryimage","url":"https:\/\/www.correiobraziliense.com.br\/cbradar\/wp-content\/uploads\/2026\/03\/freepik__rom-aberta-ao-meio-sobre-mesa-de-cozinha-mostrando__21205.jpeg","contentUrl":"https:\/\/www.correiobraziliense.com.br\/cbradar\/wp-content\/uploads\/2026\/03\/freepik__rom-aberta-ao-meio-sobre-mesa-de-cozinha-mostrando__21205.jpeg","width":1280,"height":720,"caption":"A rom\u00e3 \u00e9 rica em antioxidantes como polifen\u00f3is e antocianinas"},{"@type":"BreadcrumbList","@id":"https:\/\/www.correiobraziliense.com.br\/cbradar\/a-fruta-do-quintal-que-muita-gente-colhia-na-infancia-pode-ter-beneficios-surpreendentes-para-a-saude\/#breadcrumb","itemListElement":[{"@type":"ListItem","position":1,"name":"In\u00edcio","item":"https:\/\/www.correiobraziliense.com.br\/cbradar\/"},{"@type":"ListItem","position":2,"name":"A fruta do quintal que muita gente colhia na inf\u00e2ncia pode ter benef\u00edcios surpreendentes para a sa\u00fade"}]},{"@type":"WebSite","@id":"https:\/\/www.correiobraziliense.com.br\/cbradar\/#website","url":"https:\/\/www.correiobraziliense.com.br\/cbradar\/","name":"Correio Braziliense - Radar","description":"Acompanhe as \u00faltimas not\u00edcias e fique bem informado sobre tudo o que acontece no Brasil e no mundo.","potentialAction":[{"@type":"SearchAction","target":{"@type":"EntryPoint","urlTemplate":"https:\/\/www.correiobraziliense.com.br\/cbradar\/?s={search_term_string}"},"query-input":{"@type":"PropertyValueSpecification","valueRequired":true,"valueName":"search_term_string"}}],"inLanguage":"pt-BR"},{"@type":"Person","@id":"https:\/\/www.correiobraziliense.com.br\/cbradar\/#\/schema\/person\/7356666e12ec0ee53f348ee5db227032","name":"Daniely Cardoso","image":{"@type":"ImageObject","inLanguage":"pt-BR","@id":"https:\/\/www.correiobraziliense.com.br\/cbradar\/#\/schema\/person\/image\/","url":"https:\/\/secure.gravatar.com\/avatar\/4b80ddbd124d1f071b626d52d62e5dff?s=96&d=mm&r=g","contentUrl":"https:\/\/secure.gravatar.com\/avatar\/4b80ddbd124d1f071b626d52d62e5dff?s=96&d=mm&r=g","caption":"Daniely Cardoso"},"description":"Redatora nos portais CB Radar e EM Foco, formada pela Universidade Federal de Goi\u00e1s, em Goi\u00e2nia. Apaixonada por comunica\u00e7\u00e3o, arte, decora\u00e7\u00e3o e tend\u00eancias, atuo na produ\u00e7\u00e3o de conte\u00fados envolventes sobre curiosidades, moda, beleza e paisagismo, sempre com um olhar atento \u00e0s novidades do momento.","sameAs":["https:\/\/www.correiobraziliense.com.br\/cbradar"],"url":"https:\/\/www.correiobraziliense.com.br\/cbradar\/author\/danielymyth\/"}]}},"_links":{"self":[{"href":"https:\/\/www.correiobraziliense.com.br\/cbradar\/wp-json\/wp\/v2\/posts\/203853","targetHints":{"allow":["GET"]}}],"collection":[{"href":"https:\/\/www.correiobraziliense.com.br\/cbradar\/wp-json\/wp\/v2\/posts"}],"about":[{"href":"https:\/\/www.correiobraziliense.com.br\/cbradar\/wp-json\/wp\/v2\/types\/post"}],"author":[{"embeddable":true,"href":"https:\/\/www.correiobraziliense.com.br\/cbradar\/wp-json\/wp\/v2\/users\/9"}],"replies":[{"embeddable":true,"href":"https:\/\/www.correiobraziliense.com.br\/cbradar\/wp-json\/wp\/v2\/comments?post=203853"}],"version-history":[{"count":3,"href":"https:\/\/www.correiobraziliense.com.br\/cbradar\/wp-json\/wp\/v2\/posts\/203853\/revisions"}],"predecessor-version":[{"id":203869,"href":"https:\/\/www.correiobraziliense.com.br\/cbradar\/wp-json\/wp\/v2\/posts\/203853\/revisions\/203869"}],"wp:featuredmedia":[{"embeddable":true,"href":"https:\/\/www.correiobraziliense.com.br\/cbradar\/wp-json\/wp\/v2\/media\/204193"}],"wp:attachment":[{"href":"https:\/\/www.correiobraziliense.com.br\/cbradar\/wp-json\/wp\/v2\/media?parent=203853"}],"wp:term":[{"taxonomy":"category","embeddable":true,"href":"https:\/\/www.correiobraziliense.com.br\/cbradar\/wp-json\/wp\/v2\/categories?post=203853"},{"taxonomy":"post_tag","embeddable":true,"href":"https:\/\/www.correiobraziliense.com.br\/cbradar\/wp-json\/wp\/v2\/post_tag?post=203853"}],"curies":[{"name":"wp","href":"https:\/\/api.w.org\/{rel}","templated":true}]}}