{"id":203857,"date":"2026-03-07T17:35:00","date_gmt":"2026-03-07T20:35:00","guid":{"rendered":"https:\/\/www.correiobraziliense.com.br\/cbradar\/?p=203857"},"modified":"2026-03-06T18:00:49","modified_gmt":"2026-03-06T21:00:49","slug":"essa-frutinha-doce-pode-ajudar-a-deixar-a-pele-mais-bonita-e-ainda-cresce-facil-em-vasos-pequenos-na-varanda","status":"publish","type":"post","link":"https:\/\/www.correiobraziliense.com.br\/cbradar\/essa-frutinha-doce-pode-ajudar-a-deixar-a-pele-mais-bonita-e-ainda-cresce-facil-em-vasos-pequenos-na-varanda\/","title":{"rendered":"Essa frutinha doce pode ajudar a deixar a pele mais bonita e ainda cresce f\u00e1cil em vasos pequenos na varanda"},"content":{"rendered":"\n<p>Imagine colher um <b>morango<\/b> direto do vaso da sua <b>varanda<\/b>, sentir o cheiro doce subindo no ar e usar a fruta no seu caf\u00e9 da manh\u00e3 e at\u00e9 em uma m\u00e1scara r\u00e1pida para deixar a <b>pele<\/b> mais bonita. Al\u00e9m de saboroso e colorido, o morango chama aten\u00e7\u00e3o pelas propriedades ben\u00e9ficas para a pele e pela facilidade de cultivo em espa\u00e7os <b>pequenos<\/b>, podendo ser consumido in natura, em prepara\u00e7\u00f5es variadas ou em receitas caseiras de beleza, enquanto muitas pessoas t\u00eam buscado aprender como plantar morango em casa para ter frutos mais frescos e sob seu pr\u00f3prio cuidado.<\/p>\n\n\n\n<h2 class=\"wp-block-heading\">Morango faz bem para a pele e quais s\u00e3o seus principais nutrientes<\/h2>\n\n\n\n<p>O morango \u00e9 famoso por sua alta concentra\u00e7\u00e3o de <b>vitamina C<\/b>, importante para a forma\u00e7\u00e3o de <b>col\u00e1geno<\/b> e para a prote\u00e7\u00e3o contra radicais livres do dia a dia. Essa vitamina atua como um forte <b>antioxidante<\/b>, ajudando a amenizar os efeitos de sol em excesso, polui\u00e7\u00e3o, estresse e noites mal dormidas que deixam a pele com aspecto cansado.<\/p>\n\n\n\n<p>O fruto tamb\u00e9m cont\u00e9m mangan\u00eas, <b>folato<\/b> e compostos fen\u00f3licos que refor\u00e7am essa prote\u00e7\u00e3o, al\u00e9m de \u00e1cidos org\u00e2nicos, como o <b>\u00e1cido salic\u00edlico<\/b> em pequenas quantidades, que colaboram com uma renova\u00e7\u00e3o suave da pele. Em peles oleosas, m\u00e1scaras com morango podem deixar o aspecto mais <b>uniforme<\/b>, mas \u00e9 essencial observar poss\u00edveis sensibilidades e suspender o uso em caso de qualquer sinal de irrita\u00e7\u00e3o ou <b>desconforto<\/b>.<\/p>\n\n\n<div class=\"wp-block-image\">\n<figure class=\"aligncenter size-large\"><img decoding=\"async\" width=\"1024\" height=\"576\" src=\"https:\/\/www.correiobraziliense.com.br\/cbradar\/wp-content\/uploads\/2025\/11\/Design-sem-nome-1-1024x576.png\" alt=\"\" class=\"wp-image-139459\" srcset=\"https:\/\/www.correiobraziliense.com.br\/cbradar\/wp-content\/uploads\/2025\/11\/Design-sem-nome-1-1024x576.png 1024w, https:\/\/www.correiobraziliense.com.br\/cbradar\/wp-content\/uploads\/2025\/11\/Design-sem-nome-1-300x169.png 300w, https:\/\/www.correiobraziliense.com.br\/cbradar\/wp-content\/uploads\/2025\/11\/Design-sem-nome-1-768x432.png 768w, https:\/\/www.correiobraziliense.com.br\/cbradar\/wp-content\/uploads\/2025\/11\/Design-sem-nome-1-750x422.png 750w, https:\/\/www.correiobraziliense.com.br\/cbradar\/wp-content\/uploads\/2025\/11\/Design-sem-nome-1-1140x641.png 1140w, https:\/\/www.correiobraziliense.com.br\/cbradar\/wp-content\/uploads\/2025\/11\/Design-sem-nome-1.png 1280w\" sizes=\"(max-width: 1024px) 100vw, 1024px\" \/><figcaption class=\"wp-element-caption\">O primeiro passo para cultivar morangos dessa forma \u00e9 selecionar a muda adequada ao clima da sua regi\u00e3o<\/figcaption><\/figure><\/div>\n\n\n<p>Leia tamb\u00e9m:&nbsp;<a href=\"https:\/\/www.correiobraziliense.com.br\/cbradar\/a-planta-aromatica-usada-ha-seculos-que-pode-aliviar-gases-e-estufamento-de-forma-natural\/\" target=\"_blank\" rel=\"noopener\">A planta arom\u00e1tica usada h\u00e1 s\u00e9culos que pode aliviar gases e estufamento de forma natural<\/a><\/p>\n\n\n\n<h2 class=\"wp-block-heading\">Como incluir o morango na rotina de cuidados com a pele<\/h2>\n\n\n\n<p>No dia a dia, o morango ajuda a cuidar da pele de duas formas principais: pelo consumo <b>regular<\/b> e pelo uso em cosm\u00e9ticos ou receitinhas simples. Quando inclu\u00eddo na alimenta\u00e7\u00e3o, sua combina\u00e7\u00e3o de <b>antioxidantes<\/b>, fibras e \u00e1gua contribui para um organismo mais hidratado e nutrido, o que tende a se refletir em uma pele mais <b>vi\u00e7osa<\/b> a m\u00e9dio e longo prazo.<\/p>\n\n\n\n<p>Em cosm\u00e9ticos, o extrato de morango aparece em cremes, g\u00e9is de limpeza e esfoliantes suaves, geralmente associado a outros <b>ativos<\/b> hidratantes e calmantes. Em casa, muitas pessoas usam o morango amassado com iogurte <b>natural<\/b> ou mel, deixando agir por poucos minutos e enxaguando bem, sempre evitando a regi\u00e3o dos olhos e atentos a qualquer sinal de vermelhid\u00e3o ou <b>coceira<\/b> depois do uso.<\/p>\n\n\n\n<h2 class=\"wp-block-heading\">Como plantar morango em casa de forma simples e pr\u00e1tica<\/h2>\n\n\n\n<p>Aprender como <b>plantar<\/b> morango \u00e9 uma forma acess\u00edvel de ter a fruta sempre por perto, mesmo em apartamentos pequenos e varandas discretas. O cultivo pode ser feito em vasos, jardineiras <b>suspensas<\/b>, floreiras de varanda ou diretamente no solo, desde que o local receba boa luminosidade por algumas horas ao longo do <b>dia<\/b>.<\/p>\n\n\n\n<p>Para quem est\u00e1 come\u00e7ando, as <b>mudas<\/b> costumam ser mais f\u00e1ceis do que sementes e podem ser compradas em viveiros ou hortos de confian\u00e7a. D\u00ea prefer\u00eancia a plantas com folhas firmes e sem manchas escuras e use recipientes com boa <b>drenagem<\/b>, como vasos com furos no fundo e uma camada de pedrinhas ou argila expandida para evitar ac\u00famulo de \u00e1gua, que pode apodrecer as <b>ra\u00edzes<\/b>.<\/p>\n\n\n\n<p>Se voc\u00ea gosta de cultivo, separamos esse v\u00eddeo do canal <a href=\"https:\/\/www.youtube.com\/@MinutoHorta\" target=\"_blank\" rel=\"noreferrer noopener\">Minuto Horta<\/a> ensinando a plantar em casa:<\/p>\n\n\n\n<figure class=\"wp-block-embed is-type-video is-provider-youtube wp-block-embed-youtube wp-embed-aspect-16-9 wp-has-aspect-ratio\"><div class=\"wp-block-embed__wrapper\">\n<div class=\"jeg_video_container jeg_video_content\"><iframe loading=\"lazy\" title=\"COMO PLANTAR MORANGO EM VASOS OU JARDINEIRAS.\" width=\"500\" height=\"281\" src=\"https:\/\/www.youtube.com\/embed\/xxrHZXYxFNA?feature=oembed\" frameborder=\"0\" allow=\"accelerometer; autoplay; clipboard-write; encrypted-media; gyroscope; picture-in-picture; web-share\" referrerpolicy=\"strict-origin-when-cross-origin\" allowfullscreen><\/iframe><\/div>\n<\/div><\/figure>\n\n\n\n<h2 class=\"wp-block-heading\">Quais s\u00e3o os cuidados b\u00e1sicos para manter o morangueiro saud\u00e1vel<\/h2>\n\n\n\n<p>O solo ideal para o morangueiro deve ser bem drenado, leve e rico em mat\u00e9ria <b>org\u00e2nica<\/b>, criando uma base nutritiva para a planta se desenvolver. Uma mistura simples costuma funcionar bem: terra vegetal peneirada, composto org\u00e2nico ou h\u00famus de minhoca e um pouco de areia para facilitar a <b>drenagem<\/b>, deixando o ambiente mais \u201cfofo\u201d para as <b>ra\u00edzes<\/b>.<\/p>\n\n\n\n<p>Depois de preencher o vaso, fa\u00e7a um pequeno buraco, acomode a muda e cubra delicadamente as ra\u00edzes, sem enterrar o <b>cora\u00e7\u00e3o<\/b> da planta, que \u00e9 a parte central de onde saem as folhas novas. Mantenha o substrato levemente \u00famido, evitando <b>encharcar<\/b>, e procure posicionar o vaso em sol da manh\u00e3 e sombra parcial \u00e0 tarde em regi\u00f5es quentes, ou em sol mais direto em locais frios, adubando a cada quatro a seis semanas para repor <b>nutrientes<\/b>.<\/p>\n\n\n\n<h2 class=\"wp-block-heading\">Qual \u00e9 o passo a passo resumido para plantar morango<\/h2>\n\n\n\n<p>Para facilitar a vida de quem est\u00e1 come\u00e7ando agora, vale seguir um passo a passo simples que organiza todas as etapas, desde a escolha do local at\u00e9 o momento de colher os frutos bem vermelhos e <b>brilhantes<\/b>. Assim, voc\u00ea acompanha todo o ciclo do morango e aproveita melhor cada fase da planta, sem se perder em detalhes <b>complicados<\/b>.<\/p>\n\n\n\n<div class=\"google-auto-ads-ignore\" style=\"box-sizing: border-box; display: flex; flex-direction: column; width: 100%; max-width: 800px; margin: 30px auto; background-color: #f0faff; color: #1f1f1f; border-radius: 12px; overflow: hidden; font-family: 'Segoe UI', Roboto, Helvetica, Arial, sans-serif; box-shadow: 0 4px 15px rgba(0,0,0,0.08); border: 1px solid #d9f7ff; position: relative; z-index: 5;\">\n\n  <div style=\"background-color: #e6f7ff; padding: 25px; border-bottom: 3px solid #1890ff; text-align: center;\">\n    <h2 style=\"margin: 0; color: #003a8c; font-size: 1.5rem; line-height: 1.3;\">\ud83c\udf31 Guia de Plantio e Cultivo<\/h2>\n    <div style=\"font-size: 0.95rem; margin-top: 8px; color: #434343; opacity: 0.9;\">Passo a passo para garantir uma horta saud\u00e1vel e produtiva<\/div>\n  <\/div>\n\n  <div style=\"padding: 25px;\">\n    <div style=\"background-color: #ffffff; border-radius: 8px; padding: 20px; border: 1px solid #bae7ff; box-shadow: 0 2px 5px rgba(0,0,0,0.02);\">\n      <ol style=\"margin: 0; padding-left: 20px; font-size: 0.95rem; line-height: 1.8;\">\n        <li><b>Definir o local:<\/b> escolher vaso ou canteiro com boa <b>luminosidade<\/b>.<\/li>\n        <li><b>Preparar o recipiente:<\/b> garantir furos de drenagem e camada de <b>pedrinhas<\/b> no fundo.<\/li>\n        <li><b>Montar o substrato:<\/b> misturar terra f\u00e9rtil, composto <b>org\u00e2nico<\/b> e um pouco de areia.<\/li>\n        <li><b>Plantar a muda:<\/b> acomodar a planta sem enterrar o centro e firmar o <b>solo<\/b> ao redor.<\/li>\n        <li><b>Regar com cuidado:<\/b> manter o solo \u00famido, sem excesso de <b>\u00e1gua<\/b>.<\/li>\n        <li><b>Monitorar pragas:<\/b> observar lesmas ou fungos e agir com manejo <b>adequado<\/b>.<\/li>\n        <li><b>Colher no ponto certo:<\/b> retirar os frutos quando estiverem vermelhos, firmes e <b>brilhantes<\/b>.<\/li>\n      <\/ol>\n    <\/div>\n  <\/div>\n<\/div>\n\n\n\n<h2 class=\"wp-block-heading\">Quais s\u00e3o as dicas finais para come\u00e7ar sua horta de morangos<\/h2>\n\n\n\n<p>Cuidar de um <b>morangueiro<\/b> em casa \u00e9 uma forma simples de aproximar a rotina da natureza e ter alimentos mais frescos ao alcance das m\u00e3os. Com alguns cuidados b\u00e1sicos, voc\u00ea garante frutos mais <b>saborosos<\/b> e ainda aproveita os benef\u00edcios para a pele, seja pelo consumo ou por receitas caseiras f\u00e1ceis de incluir no dia a dia.<\/p>\n\n\n\n<p>Se a ideia de colher seu pr\u00f3prio morango te animou, escolha um cantinho com <b>sol<\/b>, prepare um vaso e d\u00ea o primeiro passo ainda esta semana. Comece com poucas mudas, observe o desenvolvimento da planta e v\u00e1 ajustando a rotina de regas e <b>aduba\u00e7\u00e3o<\/b>, criando seu pequeno ritual de cuidado e <b>bem-estar<\/b> sempre que olhar para a sua nova horta.<\/p>\n","protected":false},"excerpt":{"rendered":"<p>Imagine colher um morango direto do vaso da sua varanda, sentir o cheiro doce subindo no ar e usar a fruta no seu caf\u00e9 da manh\u00e3 e at\u00e9 em uma m\u00e1scara r\u00e1pida para deixar a pele mais bonita. Al\u00e9m de saboroso e colorido, o morango chama aten\u00e7\u00e3o pelas propriedades ben\u00e9ficas para a pele e pela [&hellip;]<\/p>\n","protected":false},"author":9,"featured_media":204231,"comment_status":"open","ping_status":"open","sticky":false,"template":"","format":"standard","meta":{"_yoast_wpseo_focuskw":"plantar morango","_yoast_wpseo_title":"","_yoast_wpseo_metadesc":"Uma fruta muito querida pode trazer benef\u00edcios para a pele e ainda crescer bem em vasos. Veja por que tanta gente come\u00e7ou a plantar em casa.","jnews-multi-image_gallery":[],"jnews_single_post":{"format":"standard"},"jnews_primary_category":[],"jnews_social_meta":[],"jnews_override_counter":[],"footnotes":""},"categories":[119,136],"tags":[615,592,5579],"class_list":["post-203857","post","type-post","status-publish","format-standard","has-post-thumbnail","hentry","category-bem-estar","category-jardinagem","tag-fruta","tag-morango","tag-plantar-morango"],"yoast_head":"<!-- This site is optimized with the Yoast SEO plugin v24.6 - https:\/\/yoast.com\/wordpress\/plugins\/seo\/ -->\n<title>Essa frutinha doce pode ajudar a deixar a pele mais bonita e ainda cresce f\u00e1cil em vasos pequenos na varanda - Correio Braziliense - Radar<\/title>\n<meta name=\"description\" content=\"Uma fruta muito querida pode trazer benef\u00edcios para a pele e ainda crescer bem em vasos. Veja por que tanta gente come\u00e7ou a plantar em casa.\" \/>\n<meta name=\"robots\" content=\"index, follow, max-snippet:-1, max-image-preview:large, max-video-preview:-1\" \/>\n<link rel=\"canonical\" href=\"https:\/\/www.correiobraziliense.com.br\/cbradar\/essa-frutinha-doce-pode-ajudar-a-deixar-a-pele-mais-bonita-e-ainda-cresce-facil-em-vasos-pequenos-na-varanda\/\" \/>\n<meta property=\"og:locale\" content=\"pt_BR\" \/>\n<meta property=\"og:type\" content=\"article\" \/>\n<meta property=\"og:title\" content=\"Essa frutinha doce pode ajudar a deixar a pele mais bonita e ainda cresce f\u00e1cil em vasos pequenos na varanda - Correio Braziliense - Radar\" \/>\n<meta property=\"og:description\" content=\"Uma fruta muito querida pode trazer benef\u00edcios para a pele e ainda crescer bem em vasos. Veja por que tanta gente come\u00e7ou a plantar em casa.\" \/>\n<meta property=\"og:url\" content=\"https:\/\/www.correiobraziliense.com.br\/cbradar\/essa-frutinha-doce-pode-ajudar-a-deixar-a-pele-mais-bonita-e-ainda-cresce-facil-em-vasos-pequenos-na-varanda\/\" \/>\n<meta property=\"og:site_name\" content=\"Correio Braziliense - Radar\" \/>\n<meta property=\"article:published_time\" content=\"2026-03-07T20:35:00+00:00\" \/>\n<meta property=\"og:image\" content=\"https:\/\/www.correiobraziliense.com.br\/cbradar\/wp-content\/uploads\/2026\/03\/freepik__morangos-vermelhos-maduros-ainda-no-p-em-um-vaso-n__21217.jpeg\" \/>\n\t<meta property=\"og:image:width\" content=\"1280\" \/>\n\t<meta property=\"og:image:height\" content=\"720\" \/>\n\t<meta property=\"og:image:type\" content=\"image\/jpeg\" \/>\n<meta name=\"author\" content=\"Daniely Cardoso\" \/>\n<meta name=\"twitter:card\" content=\"summary_large_image\" \/>\n<meta name=\"twitter:label1\" content=\"Escrito por\" \/>\n\t<meta name=\"twitter:data1\" content=\"Daniely Cardoso\" \/>\n\t<meta name=\"twitter:label2\" content=\"Est. tempo de leitura\" \/>\n\t<meta name=\"twitter:data2\" content=\"6 minutos\" \/>\n<!-- \/ Yoast SEO plugin. -->","yoast_head_json":{"title":"Essa frutinha doce pode ajudar a deixar a pele mais bonita e ainda cresce f\u00e1cil em vasos pequenos na varanda - Correio Braziliense - Radar","description":"Uma fruta muito querida pode trazer benef\u00edcios para a pele e ainda crescer bem em vasos. Veja por que tanta gente come\u00e7ou a plantar em casa.","robots":{"index":"index","follow":"follow","max-snippet":"max-snippet:-1","max-image-preview":"max-image-preview:large","max-video-preview":"max-video-preview:-1"},"canonical":"https:\/\/www.correiobraziliense.com.br\/cbradar\/essa-frutinha-doce-pode-ajudar-a-deixar-a-pele-mais-bonita-e-ainda-cresce-facil-em-vasos-pequenos-na-varanda\/","og_locale":"pt_BR","og_type":"article","og_title":"Essa frutinha doce pode ajudar a deixar a pele mais bonita e ainda cresce f\u00e1cil em vasos pequenos na varanda - Correio Braziliense - Radar","og_description":"Uma fruta muito querida pode trazer benef\u00edcios para a pele e ainda crescer bem em vasos. Veja por que tanta gente come\u00e7ou a plantar em casa.","og_url":"https:\/\/www.correiobraziliense.com.br\/cbradar\/essa-frutinha-doce-pode-ajudar-a-deixar-a-pele-mais-bonita-e-ainda-cresce-facil-em-vasos-pequenos-na-varanda\/","og_site_name":"Correio Braziliense - Radar","article_published_time":"2026-03-07T20:35:00+00:00","og_image":[{"width":1280,"height":720,"url":"https:\/\/www.correiobraziliense.com.br\/cbradar\/wp-content\/uploads\/2026\/03\/freepik__morangos-vermelhos-maduros-ainda-no-p-em-um-vaso-n__21217.jpeg","type":"image\/jpeg"}],"author":"Daniely Cardoso","twitter_card":"summary_large_image","twitter_misc":{"Escrito por":"Daniely Cardoso","Est. tempo de leitura":"6 minutos"},"schema":{"@context":"https:\/\/schema.org","@graph":[{"@type":"WebPage","@id":"https:\/\/www.correiobraziliense.com.br\/cbradar\/essa-frutinha-doce-pode-ajudar-a-deixar-a-pele-mais-bonita-e-ainda-cresce-facil-em-vasos-pequenos-na-varanda\/","url":"https:\/\/www.correiobraziliense.com.br\/cbradar\/essa-frutinha-doce-pode-ajudar-a-deixar-a-pele-mais-bonita-e-ainda-cresce-facil-em-vasos-pequenos-na-varanda\/","name":"Essa frutinha doce pode ajudar a deixar a pele mais bonita e ainda cresce f\u00e1cil em vasos pequenos na varanda - Correio Braziliense - Radar","isPartOf":{"@id":"https:\/\/www.correiobraziliense.com.br\/cbradar\/#website"},"primaryImageOfPage":{"@id":"https:\/\/www.correiobraziliense.com.br\/cbradar\/essa-frutinha-doce-pode-ajudar-a-deixar-a-pele-mais-bonita-e-ainda-cresce-facil-em-vasos-pequenos-na-varanda\/#primaryimage"},"image":{"@id":"https:\/\/www.correiobraziliense.com.br\/cbradar\/essa-frutinha-doce-pode-ajudar-a-deixar-a-pele-mais-bonita-e-ainda-cresce-facil-em-vasos-pequenos-na-varanda\/#primaryimage"},"thumbnailUrl":"https:\/\/www.correiobraziliense.com.br\/cbradar\/wp-content\/uploads\/2026\/03\/freepik__morangos-vermelhos-maduros-ainda-no-p-em-um-vaso-n__21217.jpeg","datePublished":"2026-03-07T20:35:00+00:00","author":{"@id":"https:\/\/www.correiobraziliense.com.br\/cbradar\/#\/schema\/person\/7356666e12ec0ee53f348ee5db227032"},"description":"Uma fruta muito querida pode trazer benef\u00edcios para a pele e ainda crescer bem em vasos. Veja por que tanta gente come\u00e7ou a plantar em casa.","breadcrumb":{"@id":"https:\/\/www.correiobraziliense.com.br\/cbradar\/essa-frutinha-doce-pode-ajudar-a-deixar-a-pele-mais-bonita-e-ainda-cresce-facil-em-vasos-pequenos-na-varanda\/#breadcrumb"},"inLanguage":"pt-BR","potentialAction":[{"@type":"ReadAction","target":["https:\/\/www.correiobraziliense.com.br\/cbradar\/essa-frutinha-doce-pode-ajudar-a-deixar-a-pele-mais-bonita-e-ainda-cresce-facil-em-vasos-pequenos-na-varanda\/"]}]},{"@type":"ImageObject","inLanguage":"pt-BR","@id":"https:\/\/www.correiobraziliense.com.br\/cbradar\/essa-frutinha-doce-pode-ajudar-a-deixar-a-pele-mais-bonita-e-ainda-cresce-facil-em-vasos-pequenos-na-varanda\/#primaryimage","url":"https:\/\/www.correiobraziliense.com.br\/cbradar\/wp-content\/uploads\/2026\/03\/freepik__morangos-vermelhos-maduros-ainda-no-p-em-um-vaso-n__21217.jpeg","contentUrl":"https:\/\/www.correiobraziliense.com.br\/cbradar\/wp-content\/uploads\/2026\/03\/freepik__morangos-vermelhos-maduros-ainda-no-p-em-um-vaso-n__21217.jpeg","width":1280,"height":720,"caption":"O morango \u00e9 rico em vitamina C, antioxidantes e compostos fen\u00f3licos"},{"@type":"BreadcrumbList","@id":"https:\/\/www.correiobraziliense.com.br\/cbradar\/essa-frutinha-doce-pode-ajudar-a-deixar-a-pele-mais-bonita-e-ainda-cresce-facil-em-vasos-pequenos-na-varanda\/#breadcrumb","itemListElement":[{"@type":"ListItem","position":1,"name":"In\u00edcio","item":"https:\/\/www.correiobraziliense.com.br\/cbradar\/"},{"@type":"ListItem","position":2,"name":"Essa frutinha doce pode ajudar a deixar a pele mais bonita e ainda cresce f\u00e1cil em vasos pequenos na varanda"}]},{"@type":"WebSite","@id":"https:\/\/www.correiobraziliense.com.br\/cbradar\/#website","url":"https:\/\/www.correiobraziliense.com.br\/cbradar\/","name":"Correio Braziliense - Radar","description":"Acompanhe as \u00faltimas not\u00edcias e fique bem informado sobre tudo o que acontece no Brasil e no mundo.","potentialAction":[{"@type":"SearchAction","target":{"@type":"EntryPoint","urlTemplate":"https:\/\/www.correiobraziliense.com.br\/cbradar\/?s={search_term_string}"},"query-input":{"@type":"PropertyValueSpecification","valueRequired":true,"valueName":"search_term_string"}}],"inLanguage":"pt-BR"},{"@type":"Person","@id":"https:\/\/www.correiobraziliense.com.br\/cbradar\/#\/schema\/person\/7356666e12ec0ee53f348ee5db227032","name":"Daniely Cardoso","image":{"@type":"ImageObject","inLanguage":"pt-BR","@id":"https:\/\/www.correiobraziliense.com.br\/cbradar\/#\/schema\/person\/image\/","url":"https:\/\/secure.gravatar.com\/avatar\/4b80ddbd124d1f071b626d52d62e5dff?s=96&d=mm&r=g","contentUrl":"https:\/\/secure.gravatar.com\/avatar\/4b80ddbd124d1f071b626d52d62e5dff?s=96&d=mm&r=g","caption":"Daniely Cardoso"},"description":"Redatora nos portais CB Radar e EM Foco, formada pela Universidade Federal de Goi\u00e1s, em Goi\u00e2nia. Apaixonada por comunica\u00e7\u00e3o, arte, decora\u00e7\u00e3o e tend\u00eancias, atuo na produ\u00e7\u00e3o de conte\u00fados envolventes sobre curiosidades, moda, beleza e paisagismo, sempre com um olhar atento \u00e0s novidades do momento.","sameAs":["https:\/\/www.correiobraziliense.com.br\/cbradar"],"url":"https:\/\/www.correiobraziliense.com.br\/cbradar\/author\/danielymyth\/"}]}},"_links":{"self":[{"href":"https:\/\/www.correiobraziliense.com.br\/cbradar\/wp-json\/wp\/v2\/posts\/203857","targetHints":{"allow":["GET"]}}],"collection":[{"href":"https:\/\/www.correiobraziliense.com.br\/cbradar\/wp-json\/wp\/v2\/posts"}],"about":[{"href":"https:\/\/www.correiobraziliense.com.br\/cbradar\/wp-json\/wp\/v2\/types\/post"}],"author":[{"embeddable":true,"href":"https:\/\/www.correiobraziliense.com.br\/cbradar\/wp-json\/wp\/v2\/users\/9"}],"replies":[{"embeddable":true,"href":"https:\/\/www.correiobraziliense.com.br\/cbradar\/wp-json\/wp\/v2\/comments?post=203857"}],"version-history":[{"count":2,"href":"https:\/\/www.correiobraziliense.com.br\/cbradar\/wp-json\/wp\/v2\/posts\/203857\/revisions"}],"predecessor-version":[{"id":203874,"href":"https:\/\/www.correiobraziliense.com.br\/cbradar\/wp-json\/wp\/v2\/posts\/203857\/revisions\/203874"}],"wp:featuredmedia":[{"embeddable":true,"href":"https:\/\/www.correiobraziliense.com.br\/cbradar\/wp-json\/wp\/v2\/media\/204231"}],"wp:attachment":[{"href":"https:\/\/www.correiobraziliense.com.br\/cbradar\/wp-json\/wp\/v2\/media?parent=203857"}],"wp:term":[{"taxonomy":"category","embeddable":true,"href":"https:\/\/www.correiobraziliense.com.br\/cbradar\/wp-json\/wp\/v2\/categories?post=203857"},{"taxonomy":"post_tag","embeddable":true,"href":"https:\/\/www.correiobraziliense.com.br\/cbradar\/wp-json\/wp\/v2\/tags?post=203857"}],"curies":[{"name":"wp","href":"https:\/\/api.w.org\/{rel}","templated":true}]}}