{"id":203886,"date":"2026-03-07T14:55:14","date_gmt":"2026-03-07T17:55:14","guid":{"rendered":"https:\/\/www.correiobraziliense.com.br\/cbradar\/?p=203886"},"modified":"2026-03-06T15:37:24","modified_gmt":"2026-03-06T18:37:24","slug":"nem-laranja-nem-acerola-esse-vegetal-tem-mais-vitamina-c-que-muitas-frutas-e-ajuda-a-fortalecer-a-imunidade","status":"publish","type":"post","link":"https:\/\/www.correiobraziliense.com.br\/cbradar\/nem-laranja-nem-acerola-esse-vegetal-tem-mais-vitamina-c-que-muitas-frutas-e-ajuda-a-fortalecer-a-imunidade\/","title":{"rendered":"Nem laranja, nem acerola: esse vegetal tem mais vitamina C que muitas frutas e ajuda a fortalecer a imunidade"},"content":{"rendered":"\n<p>Voc\u00ea j\u00e1 parou para pensar que aquele <strong>br\u00f3colis \u201cde canto<\/strong> do prato\u201d pode ser muito mais poderoso do que parece? Esse vegetal simples, presente em <strong>feiras e supermercados<\/strong>, \u00e9 um dos alimentos mais completos quando o assunto \u00e9 vitaminas, minerais e compostos que fazem bem para o corpo. Em 2026, pesquisas nutricionais continuam destacando o br\u00f3colis como grande aliado da sa\u00fade, especialmente por causa da <strong>vitamina C<\/strong>, famosa por participar da defesa do organismo.<\/p>\n\n\n\n<h2 class=\"wp-block-heading\">Br\u00f3colis \u00e9 realmente rico em vitamina C e um destaque na alimenta\u00e7\u00e3o<\/h2>\n\n\n\n<p>Embora muitas pessoas ainda o vejam s\u00f3 como <strong>acompanhamento, o br\u00f3colis<\/strong> tem um papel importante em uma alimenta\u00e7\u00e3o equilibrada. Ele oferece vitamina C em quantidade que pode ser semelhante ou at\u00e9 maior do que a encontrada em algumas frutas do dia a dia, como certas variedades de <strong>ma\u00e7\u00e3 e banana<\/strong>. Em planos alimentares atuais, nutricionistas costumam indicar o consumo regular desse vegetal para apoiar a <strong>preven\u00e7\u00e3o de doen\u00e7as<\/strong> cr\u00f4nicas.<\/p>\n\n\n\n<p>Al\u00e9m disso, traz fibras, c\u00e1lcio, pot\u00e1ssio e compostos antioxidantes, como <strong>flavonoides, que ajudam<\/strong> na prote\u00e7\u00e3o das c\u00e9lulas e no equil\u00edbrio do intestino. Como \u00e9 pouco cal\u00f3rico, combina bem com diferentes objetivos: manuten\u00e7\u00e3o de peso, ganho de <strong>massa magra<\/strong> ou apenas uma rotina mais saud\u00e1vel. Outro ponto interessante \u00e9 que o br\u00f3colis faz parte do grupo das <strong>brassicas, junto<\/strong> com couve-flor e repolho, famosas pelo potencial de suporte \u00e0 sa\u00fade metab\u00f3lica.<\/p>\n\n\n<div class=\"wp-block-image\">\n<figure class=\"aligncenter size-large\"><img decoding=\"async\" width=\"1024\" height=\"576\" src=\"https:\/\/www.correiobraziliense.com.br\/cbradar\/wp-content\/uploads\/2026\/01\/Gemini_Generated_Image_w2n2e3w2n2e3w2n2-1-1024x576.png\" alt=\"Esse vegetal tem a\u00e7\u00e3o detox e ajuda o f\u00edgado a funcionar melhor no dia a dia\" class=\"wp-image-177000\" srcset=\"https:\/\/www.correiobraziliense.com.br\/cbradar\/wp-content\/uploads\/2026\/01\/Gemini_Generated_Image_w2n2e3w2n2e3w2n2-1-1024x576.png 1024w, https:\/\/www.correiobraziliense.com.br\/cbradar\/wp-content\/uploads\/2026\/01\/Gemini_Generated_Image_w2n2e3w2n2e3w2n2-1-300x169.png 300w, https:\/\/www.correiobraziliense.com.br\/cbradar\/wp-content\/uploads\/2026\/01\/Gemini_Generated_Image_w2n2e3w2n2e3w2n2-1-768x432.png 768w, https:\/\/www.correiobraziliense.com.br\/cbradar\/wp-content\/uploads\/2026\/01\/Gemini_Generated_Image_w2n2e3w2n2e3w2n2-1-750x422.png 750w, https:\/\/www.correiobraziliense.com.br\/cbradar\/wp-content\/uploads\/2026\/01\/Gemini_Generated_Image_w2n2e3w2n2e3w2n2-1-1140x641.png 1140w, https:\/\/www.correiobraziliense.com.br\/cbradar\/wp-content\/uploads\/2026\/01\/Gemini_Generated_Image_w2n2e3w2n2e3w2n2-1.png 1280w\" sizes=\"(max-width: 1024px) 100vw, 1024px\" \/><figcaption class=\"wp-element-caption\">Ao analisar o br\u00f3colis sob a \u00f3tica da prote\u00e7\u00e3o celular, alguns componentes se destacam, como antioxidantes cl\u00e1ssicos<\/figcaption><\/figure><\/div>\n\n\n<p>Leia tamb\u00e9m:&nbsp;<a href=\"https:\/\/www.correiobraziliense.com.br\/cbradar\/alimento-de-sabor-intenso-e-natural-que-pode-ajudar-na-pressao-colesterol-e-saude-das-arterias\/\" target=\"_blank\" rel=\"noopener\">Alimento de sabor intenso e natural que pode ajudar na press\u00e3o, colesterol e sa\u00fade das art\u00e9rias<\/a><\/p>\n\n\n\n<h2 class=\"wp-block-heading\">Como o br\u00f3colis contribui para fortalecer a imunidade<\/h2>\n\n\n\n<p>A rela\u00e7\u00e3o entre br\u00f3colis e sistema imunol\u00f3gico est\u00e1 ligada principalmente \u00e0 <strong>vitamina C, que<\/strong> ajuda a proteger as c\u00e9lulas contra radicais livres e apoia o funcionamento das c\u00e9lulas de defesa. Em \u00e9pocas de maior exposi\u00e7\u00e3o a v\u00edrus e bact\u00e9rias, incluir o vegetal com frequ\u00eancia pode ajudar a evitar falta desse <strong>nutriente essencial<\/strong>. Estudos mais recentes tamb\u00e9m investigam compostos sulforados do br\u00f3colis em poss\u00edveis efeitos na <strong>regula\u00e7\u00e3o inflamat\u00f3ria<\/strong> do organismo.<\/p>\n\n\n\n<p>Esse efeito \u00e9 refor\u00e7ado pela presen\u00e7a de vitamina A (na forma de carotenoides), vitamina K, folato, al\u00e9m de pequenas quantidades de <strong>zinco e sel\u00eanio<\/strong>. As fibras colaboram para um intestino mais equilibrado, e hoje j\u00e1 se sabe que um \u201cintestino em ordem\u201d tem tudo a ver com uma boa <strong>resposta imune<\/strong>. Cuidar da microbiota intestinal com vegetais variados, incluindo o <strong>br\u00f3colis com frequ\u00eancia<\/strong>, \u00e9 uma estrat\u00e9gia simples para apoiar a sa\u00fade ao longo dos anos.<\/p>\n\n\n\n<h2 class=\"wp-block-heading\">Qual \u00e9 a tabela nutricional do br\u00f3colis cru por 100 g<\/h2>\n\n\n\n<p>Os valores abaixo s\u00e3o aproximados e podem mudar um pouco conforme a <strong>variedade, o solo<\/strong> e a forma de cultivo. Ainda assim, d\u00e3o uma boa ideia de como o br\u00f3colis \u00e9 completo do ponto de vista <strong>nutricional e funcional<\/strong>. Em consultas nutricionais, \u00e9 comum usar esses dados como base para montar card\u00e1pios equilibrados para diferentes <strong>faixas et\u00e1rias<\/strong>.<\/p>\n\n\n\n<figure class=\"wp-block-table\"><table class=\"has-fixed-layout\"><tbody><tr><th>Nutriente<\/th><th>Quantidade aproximada por 100 g<\/th><\/tr><tr><td>Calorias<\/td><td>\u2248 34 kcal<\/td><\/tr><tr><td>Carboidratos totais<\/td><td>\u2248 6,6 g<\/td><\/tr><tr><td>Prote\u00ednas<\/td><td>\u2248 2,8 g<\/td><\/tr><tr><td>Gorduras totais<\/td><td>\u2248 0,4 g<\/td><\/tr><tr><td>Fibras<\/td><td>\u2248 2,6 g<\/td><\/tr><tr><td>Vitamina C<\/td><td>\u2248 89 mg<\/td><\/tr><tr><td>Vitamina A (equivalente em retinol)<\/td><td>\u2248 30 \u00b5g<\/td><\/tr><tr><td>Vitamina K<\/td><td>\u2248 101 \u00b5g<\/td><\/tr><tr><td>Folato (\u00e1cido f\u00f3lico)<\/td><td>\u2248 63 \u00b5g<\/td><\/tr><tr><td>C\u00e1lcio<\/td><td>\u2248 47 mg<\/td><\/tr><tr><td>Ferro<\/td><td>\u2248 0,7 mg<\/td><\/tr><tr><td>Pot\u00e1ssio<\/td><td>\u2248 316 mg<\/td><\/tr><tr><td>Magn\u00e9sio<\/td><td>\u2248 21 mg<\/td><\/tr><\/tbody><\/table><\/figure>\n\n\n\n<h2 class=\"wp-block-heading\">O br\u00f3colis substitui as frutas ricas em vitamina C no dia a dia<\/h2>\n\n\n\n<p>Mesmo com tanta vitamina C, o br\u00f3colis n\u00e3o deve ser visto como substituto das <strong>frutas, e sim<\/strong> como complemento. Laranja, acerola, kiwi, morango e outras frutas tamb\u00e9m trazem altas doses desse nutriente, al\u00e9m de compostos espec\u00edficos que aparecem em menor quantidade no <strong>br\u00f3colis fresco<\/strong>. No contexto de uma alimenta\u00e7\u00e3o variada, essa combina\u00e7\u00e3o de vegetais e frutas ajuda a manter um bom <strong>equil\u00edbrio de nutrientes<\/strong>. Se voc\u00ea gosta de ouvir especialistas, separamos esse v\u00eddeo da <a href=\"https:\/\/www.youtube.com\/@NutricionistaPatriciaLeite\">Nutricionista Patricia Leite<\/a> mostrando com mais detalhes os benef\u00edcios do br\u00f3colis:<\/p>\n\n\n\n<figure class=\"wp-block-embed is-type-video is-provider-youtube wp-block-embed-youtube wp-embed-aspect-16-9 wp-has-aspect-ratio\"><div class=\"wp-block-embed__wrapper\">\n<div class=\"jeg_video_container jeg_video_content\"><iframe loading=\"lazy\" title=\"Benef\u00edcios do Br\u00f3colis - Para Que Serve, Como Fazer e Dicas [EMAGRECE?]\" width=\"500\" height=\"281\" src=\"https:\/\/www.youtube.com\/embed\/xdqQDWg4kqs?start=1&#038;feature=oembed\" frameborder=\"0\" allow=\"accelerometer; autoplay; clipboard-write; encrypted-media; gyroscope; picture-in-picture; web-share\" referrerpolicy=\"strict-origin-when-cross-origin\" allowfullscreen><\/iframe><\/div>\n<\/div><\/figure>\n\n\n\n<p>Uma alimenta\u00e7\u00e3o que mistura br\u00f3colis com frutas variadas costuma ser mais completa, colorida e <strong>saborosa, al\u00e9m<\/strong> de facilitar o consumo di\u00e1rio de fibras. Essa diversidade garante diferentes tipos de antioxidantes, fibras e fitoqu\u00edmicos, reduzindo a chance de faltar vitamina C se, em algum momento, o consumo de um <strong>alimento espec\u00edfico<\/strong> diminuir. Ao planejar o prato, vale pensar em cores diferentes: verde-escuro do br\u00f3colis, laranja das frutas c\u00edtricas e vermelho das berries, formando uma <strong>combina\u00e7\u00e3o protetora<\/strong> para o organismo.<\/p>\n\n\n\n<h2 class=\"wp-block-heading\">Quais formas de preparo ajudam a preservar a vitamina C do br\u00f3colis<\/h2>\n\n\n\n<p>Como a vitamina C \u00e9 sens\u00edvel ao calor e ao tempo de cozimento, vale a pena escolher m\u00e9todos que conservem melhor os <strong>nutrientes do vegetal<\/strong>. Abaixo est\u00e3o algumas formas simples de preparo para incluir o br\u00f3colis na rotina sem perder tanto o seu valor nutricional, o que \u00e9 especialmente interessante para quem busca mais <strong>imunidade e energia<\/strong>. Sempre que poss\u00edvel, \u00e9 \u00fatil variar os preparos durante a semana para aproveitar texturas e sabores diferentes, mantendo o <strong>consumo regular<\/strong>.<\/p>\n\n\n\n<ul class=\"wp-block-list\">\n<li><strong>Cozimento r\u00e1pido<\/strong> no vapor: deixa o br\u00f3colis macio em poucos minutos, com menor perda de vitamina C.<\/li>\n\n\n\n<li><strong>Salteado em<\/strong> fogo alto: preparo breve em frigideira com pouco \u00f3leo preserva mais nutrientes do que longos cozimentos em \u00e1gua.<\/li>\n\n\n\n<li><strong>Uso cru<\/strong>: em saladas, tabules e prepara\u00e7\u00f5es frias, mant\u00e9m quase todo o teor de vitamina C.<\/li>\n\n\n\n<li><strong>Evitar reaquecer<\/strong> v\u00e1rias vezes: cada novo aquecimento aumenta a perda de vitaminas sens\u00edveis ao calor.<\/li>\n<\/ul>\n\n\n\n<figure class=\"wp-block-embed is-type-rich is-provider-pinterest wp-block-embed-pinterest\"><div class=\"wp-block-embed__wrapper\">\n<iframe loading=\"lazy\" title=\"Benef\u00edcios do br\u00f3colis\" src=\"https:\/\/assets.pinterest.com\/ext\/embed.html?id=9640586698224948&#038;src=oembed\" height=\"775\" width=\"450\" frameborder=\"0\" scrolling=\"no\" ><\/iframe>\n<\/div><\/figure>\n\n\n\n<p>No dia a dia, ajuda muito lavar bem os <strong>ramos, cortar<\/strong> em tamanhos parecidos, usar panelas tampadas e consumir logo ap\u00f3s o preparo. Inserido com frequ\u00eancia, o br\u00f3colis soma pontos importantes na sua alimenta\u00e7\u00e3o e apoia o sistema imunol\u00f3gico a <strong>longo prazo<\/strong>. Para quem tem dificuldade de consumo, pode ser interessante testar receitas como cremes, sopas leves e tortas salgadas, facilitando a presen\u00e7a do <strong>br\u00f3colis nas refei\u00e7\u00f5es<\/strong>.<\/p>\n","protected":false},"excerpt":{"rendered":"<p>Voc\u00ea j\u00e1 parou para pensar que aquele br\u00f3colis \u201cde canto do prato\u201d pode ser muito mais poderoso do que parece? Esse vegetal simples, presente em feiras e supermercados, \u00e9 um dos alimentos mais completos quando o assunto \u00e9 vitaminas, minerais e compostos que fazem bem para o corpo. Em 2026, pesquisas nutricionais continuam destacando o [&hellip;]<\/p>\n","protected":false},"author":9,"featured_media":204233,"comment_status":"open","ping_status":"open","sticky":false,"template":"","format":"standard","meta":{"_yoast_wpseo_focuskw":"Br\u00f3colis","_yoast_wpseo_title":"","_yoast_wpseo_metadesc":"O br\u00f3colis pode ter mais vitamina C do que muita gente imagina. Um detalhe nutricional desse vegetal chama aten\u00e7\u00e3o","jnews-multi-image_gallery":[],"jnews_single_post":{"format":"standard"},"jnews_primary_category":[],"jnews_social_meta":[],"jnews_override_counter":[],"footnotes":""},"categories":[119,4404],"post_tag":[12850,1691,3634],"class_list":["post-203886","post","type-post","status-publish","format-standard","has-post-thumbnail","hentry","category-bem-estar","category-saude","tag-beneficios-do-brocolis","tag-brocolis","tag-vitamina"],"yoast_head":"<!-- This site is optimized with the Yoast SEO plugin v24.6 - https:\/\/yoast.com\/wordpress\/plugins\/seo\/ -->\n<title>Nem laranja, nem acerola: esse vegetal tem mais vitamina C que muitas frutas e ajuda a fortalecer a imunidade - Correio Braziliense - Radar<\/title>\n<meta name=\"description\" content=\"O br\u00f3colis pode ter mais vitamina C do que muita gente imagina. Um detalhe nutricional desse vegetal chama aten\u00e7\u00e3o\" \/>\n<meta name=\"robots\" content=\"index, follow, max-snippet:-1, max-image-preview:large, max-video-preview:-1\" \/>\n<link rel=\"canonical\" href=\"https:\/\/www.correiobraziliense.com.br\/cbradar\/nem-laranja-nem-acerola-esse-vegetal-tem-mais-vitamina-c-que-muitas-frutas-e-ajuda-a-fortalecer-a-imunidade\/\" \/>\n<meta property=\"og:locale\" content=\"pt_BR\" \/>\n<meta property=\"og:type\" content=\"article\" \/>\n<meta property=\"og:title\" content=\"Nem laranja, nem acerola: esse vegetal tem mais vitamina C que muitas frutas e ajuda a fortalecer a imunidade - Correio Braziliense - Radar\" \/>\n<meta property=\"og:description\" content=\"O br\u00f3colis pode ter mais vitamina C do que muita gente imagina. Um detalhe nutricional desse vegetal chama aten\u00e7\u00e3o\" \/>\n<meta property=\"og:url\" content=\"https:\/\/www.correiobraziliense.com.br\/cbradar\/nem-laranja-nem-acerola-esse-vegetal-tem-mais-vitamina-c-que-muitas-frutas-e-ajuda-a-fortalecer-a-imunidade\/\" \/>\n<meta property=\"og:site_name\" content=\"Correio Braziliense - Radar\" \/>\n<meta property=\"article:published_time\" content=\"2026-03-07T17:55:14+00:00\" \/>\n<meta property=\"og:image\" content=\"https:\/\/www.correiobraziliense.com.br\/cbradar\/wp-content\/uploads\/2026\/03\/freepik__cabea-de-brcolis-verde-fresca-sobre-bancada-de-coz__21214.jpeg\" \/>\n\t<meta property=\"og:image:width\" content=\"1280\" \/>\n\t<meta property=\"og:image:height\" content=\"720\" \/>\n\t<meta property=\"og:image:type\" content=\"image\/jpeg\" \/>\n<meta name=\"author\" content=\"Daniely Cardoso\" \/>\n<meta name=\"twitter:card\" content=\"summary_large_image\" \/>\n<meta name=\"twitter:label1\" content=\"Escrito por\" \/>\n\t<meta name=\"twitter:data1\" content=\"Daniely Cardoso\" \/>\n\t<meta name=\"twitter:label2\" content=\"Est. tempo de leitura\" \/>\n\t<meta name=\"twitter:data2\" content=\"6 minutos\" \/>\n<!-- \/ Yoast SEO plugin. -->","yoast_head_json":{"title":"Nem laranja, nem acerola: esse vegetal tem mais vitamina C que muitas frutas e ajuda a fortalecer a imunidade - Correio Braziliense - Radar","description":"O br\u00f3colis pode ter mais vitamina C do que muita gente imagina. Um detalhe nutricional desse vegetal chama aten\u00e7\u00e3o","robots":{"index":"index","follow":"follow","max-snippet":"max-snippet:-1","max-image-preview":"max-image-preview:large","max-video-preview":"max-video-preview:-1"},"canonical":"https:\/\/www.correiobraziliense.com.br\/cbradar\/nem-laranja-nem-acerola-esse-vegetal-tem-mais-vitamina-c-que-muitas-frutas-e-ajuda-a-fortalecer-a-imunidade\/","og_locale":"pt_BR","og_type":"article","og_title":"Nem laranja, nem acerola: esse vegetal tem mais vitamina C que muitas frutas e ajuda a fortalecer a imunidade - Correio Braziliense - Radar","og_description":"O br\u00f3colis pode ter mais vitamina C do que muita gente imagina. Um detalhe nutricional desse vegetal chama aten\u00e7\u00e3o","og_url":"https:\/\/www.correiobraziliense.com.br\/cbradar\/nem-laranja-nem-acerola-esse-vegetal-tem-mais-vitamina-c-que-muitas-frutas-e-ajuda-a-fortalecer-a-imunidade\/","og_site_name":"Correio Braziliense - Radar","article_published_time":"2026-03-07T17:55:14+00:00","og_image":[{"width":1280,"height":720,"url":"https:\/\/www.correiobraziliense.com.br\/cbradar\/wp-content\/uploads\/2026\/03\/freepik__cabea-de-brcolis-verde-fresca-sobre-bancada-de-coz__21214.jpeg","type":"image\/jpeg"}],"author":"Daniely Cardoso","twitter_card":"summary_large_image","twitter_misc":{"Escrito por":"Daniely Cardoso","Est. tempo de leitura":"6 minutos"},"schema":{"@context":"https:\/\/schema.org","@graph":[{"@type":"WebPage","@id":"https:\/\/www.correiobraziliense.com.br\/cbradar\/nem-laranja-nem-acerola-esse-vegetal-tem-mais-vitamina-c-que-muitas-frutas-e-ajuda-a-fortalecer-a-imunidade\/","url":"https:\/\/www.correiobraziliense.com.br\/cbradar\/nem-laranja-nem-acerola-esse-vegetal-tem-mais-vitamina-c-que-muitas-frutas-e-ajuda-a-fortalecer-a-imunidade\/","name":"Nem laranja, nem acerola: esse vegetal tem mais vitamina C que muitas frutas e ajuda a fortalecer a imunidade - Correio Braziliense - Radar","isPartOf":{"@id":"https:\/\/www.correiobraziliense.com.br\/cbradar\/#website"},"primaryImageOfPage":{"@id":"https:\/\/www.correiobraziliense.com.br\/cbradar\/nem-laranja-nem-acerola-esse-vegetal-tem-mais-vitamina-c-que-muitas-frutas-e-ajuda-a-fortalecer-a-imunidade\/#primaryimage"},"image":{"@id":"https:\/\/www.correiobraziliense.com.br\/cbradar\/nem-laranja-nem-acerola-esse-vegetal-tem-mais-vitamina-c-que-muitas-frutas-e-ajuda-a-fortalecer-a-imunidade\/#primaryimage"},"thumbnailUrl":"https:\/\/www.correiobraziliense.com.br\/cbradar\/wp-content\/uploads\/2026\/03\/freepik__cabea-de-brcolis-verde-fresca-sobre-bancada-de-coz__21214.jpeg","datePublished":"2026-03-07T17:55:14+00:00","author":{"@id":"https:\/\/www.correiobraziliense.com.br\/cbradar\/#\/schema\/person\/7356666e12ec0ee53f348ee5db227032"},"description":"O br\u00f3colis pode ter mais vitamina C do que muita gente imagina. Um detalhe nutricional desse vegetal chama aten\u00e7\u00e3o","breadcrumb":{"@id":"https:\/\/www.correiobraziliense.com.br\/cbradar\/nem-laranja-nem-acerola-esse-vegetal-tem-mais-vitamina-c-que-muitas-frutas-e-ajuda-a-fortalecer-a-imunidade\/#breadcrumb"},"inLanguage":"pt-BR","potentialAction":[{"@type":"ReadAction","target":["https:\/\/www.correiobraziliense.com.br\/cbradar\/nem-laranja-nem-acerola-esse-vegetal-tem-mais-vitamina-c-que-muitas-frutas-e-ajuda-a-fortalecer-a-imunidade\/"]}]},{"@type":"ImageObject","inLanguage":"pt-BR","@id":"https:\/\/www.correiobraziliense.com.br\/cbradar\/nem-laranja-nem-acerola-esse-vegetal-tem-mais-vitamina-c-que-muitas-frutas-e-ajuda-a-fortalecer-a-imunidade\/#primaryimage","url":"https:\/\/www.correiobraziliense.com.br\/cbradar\/wp-content\/uploads\/2026\/03\/freepik__cabea-de-brcolis-verde-fresca-sobre-bancada-de-coz__21214.jpeg","contentUrl":"https:\/\/www.correiobraziliense.com.br\/cbradar\/wp-content\/uploads\/2026\/03\/freepik__cabea-de-brcolis-verde-fresca-sobre-bancada-de-coz__21214.jpeg","width":1280,"height":720,"caption":"O br\u00f3colis \u00e9 rico em vitamina C, fibras, \u00e1cido f\u00f3lico e diversos antioxidantes"},{"@type":"BreadcrumbList","@id":"https:\/\/www.correiobraziliense.com.br\/cbradar\/nem-laranja-nem-acerola-esse-vegetal-tem-mais-vitamina-c-que-muitas-frutas-e-ajuda-a-fortalecer-a-imunidade\/#breadcrumb","itemListElement":[{"@type":"ListItem","position":1,"name":"In\u00edcio","item":"https:\/\/www.correiobraziliense.com.br\/cbradar\/"},{"@type":"ListItem","position":2,"name":"Nem laranja, nem acerola: esse vegetal tem mais vitamina C que muitas frutas e ajuda a fortalecer a imunidade"}]},{"@type":"WebSite","@id":"https:\/\/www.correiobraziliense.com.br\/cbradar\/#website","url":"https:\/\/www.correiobraziliense.com.br\/cbradar\/","name":"Correio Braziliense - Radar","description":"Acompanhe as \u00faltimas not\u00edcias e fique bem informado sobre tudo o que acontece no Brasil e no mundo.","potentialAction":[{"@type":"SearchAction","target":{"@type":"EntryPoint","urlTemplate":"https:\/\/www.correiobraziliense.com.br\/cbradar\/?s={search_term_string}"},"query-input":{"@type":"PropertyValueSpecification","valueRequired":true,"valueName":"search_term_string"}}],"inLanguage":"pt-BR"},{"@type":"Person","@id":"https:\/\/www.correiobraziliense.com.br\/cbradar\/#\/schema\/person\/7356666e12ec0ee53f348ee5db227032","name":"Daniely Cardoso","image":{"@type":"ImageObject","inLanguage":"pt-BR","@id":"https:\/\/www.correiobraziliense.com.br\/cbradar\/#\/schema\/person\/image\/","url":"https:\/\/secure.gravatar.com\/avatar\/4b80ddbd124d1f071b626d52d62e5dff?s=96&d=mm&r=g","contentUrl":"https:\/\/secure.gravatar.com\/avatar\/4b80ddbd124d1f071b626d52d62e5dff?s=96&d=mm&r=g","caption":"Daniely Cardoso"},"description":"Redatora nos portais CB Radar e EM Foco, formada pela Universidade Federal de Goi\u00e1s, em Goi\u00e2nia. Apaixonada por comunica\u00e7\u00e3o, arte, decora\u00e7\u00e3o e tend\u00eancias, atuo na produ\u00e7\u00e3o de conte\u00fados envolventes sobre curiosidades, moda, beleza e paisagismo, sempre com um olhar atento \u00e0s novidades do momento.","sameAs":["https:\/\/www.correiobraziliense.com.br\/cbradar"],"url":"https:\/\/www.correiobraziliense.com.br\/cbradar\/author\/danielymyth\/"}]}},"_links":{"self":[{"href":"https:\/\/www.correiobraziliense.com.br\/cbradar\/wp-json\/wp\/v2\/posts\/203886","targetHints":{"allow":["GET"]}}],"collection":[{"href":"https:\/\/www.correiobraziliense.com.br\/cbradar\/wp-json\/wp\/v2\/posts"}],"about":[{"href":"https:\/\/www.correiobraziliense.com.br\/cbradar\/wp-json\/wp\/v2\/types\/post"}],"author":[{"embeddable":true,"href":"https:\/\/www.correiobraziliense.com.br\/cbradar\/wp-json\/wp\/v2\/users\/9"}],"replies":[{"embeddable":true,"href":"https:\/\/www.correiobraziliense.com.br\/cbradar\/wp-json\/wp\/v2\/comments?post=203886"}],"version-history":[{"count":3,"href":"https:\/\/www.correiobraziliense.com.br\/cbradar\/wp-json\/wp\/v2\/posts\/203886\/revisions"}],"predecessor-version":[{"id":203988,"href":"https:\/\/www.correiobraziliense.com.br\/cbradar\/wp-json\/wp\/v2\/posts\/203886\/revisions\/203988"}],"wp:featuredmedia":[{"embeddable":true,"href":"https:\/\/www.correiobraziliense.com.br\/cbradar\/wp-json\/wp\/v2\/media\/204233"}],"wp:attachment":[{"href":"https:\/\/www.correiobraziliense.com.br\/cbradar\/wp-json\/wp\/v2\/media?parent=203886"}],"wp:term":[{"taxonomy":"category","embeddable":true,"href":"https:\/\/www.correiobraziliense.com.br\/cbradar\/wp-json\/wp\/v2\/categories?post=203886"},{"taxonomy":"post_tag","embeddable":true,"href":"https:\/\/www.correiobraziliense.com.br\/cbradar\/wp-json\/wp\/v2\/post_tag?post=203886"}],"curies":[{"name":"wp","href":"https:\/\/api.w.org\/{rel}","templated":true}]}}