{"id":203887,"date":"2026-03-07T16:25:21","date_gmt":"2026-03-07T19:25:21","guid":{"rendered":"https:\/\/www.correiobraziliense.com.br\/cbradar\/?p=203887"},"modified":"2026-03-06T15:08:51","modified_gmt":"2026-03-06T18:08:51","slug":"o-tempero-simples-da-cozinha-brasileira-que-pode-ajudar-na-digestao-e-aliviar-o-estufamento","status":"publish","type":"post","link":"https:\/\/www.correiobraziliense.com.br\/cbradar\/o-tempero-simples-da-cozinha-brasileira-que-pode-ajudar-na-digestao-e-aliviar-o-estufamento\/","title":{"rendered":"O tempero simples da cozinha brasileira que pode ajudar na digest\u00e3o e aliviar o estufamento"},"content":{"rendered":"\n<p>Voc\u00ea j\u00e1 sentiu aquele <b>desconforto digestivo<\/b> depois de uma refei\u00e7\u00e3o pesada e percebeu que um simples <b>temperinho natural<\/b> fez tudo parecer mais leve? O coentro, t\u00e3o comum na cozinha brasileira, \u00e9 exatamente esse tipo de ingrediente: simples, acess\u00edvel e cheio de hist\u00f3rias de quem confia nele para deixar a comida mais <b>saborosa<\/b> e o corpo mais \u201cem ordem\u201d. Al\u00e9m de marcar presen\u00e7a em pratos do dia a dia, ele costuma ser lembrado como um aliado da digest\u00e3o e do bem-estar geral.<\/p>\n\n\n\n<h2 class=\"wp-block-heading\">Como o coentro age na digest\u00e3o do dia a dia<\/h2>\n\n\n\n<p>Em muitas casas, o coentro entra na panela justamente quando a refei\u00e7\u00e3o \u00e9 mais gordurosa ou pesada. A cren\u00e7a popular, hoje estudada pela ci\u00eancia, \u00e9 que ele pode estimular a produ\u00e7\u00e3o de <b>enzimas digestivas<\/b> e ajudar o intestino a funcionar de forma mais <b>ritmada<\/b>, reduzindo a sensa\u00e7\u00e3o de <b>estufamento<\/b> ap\u00f3s comer.<\/p>\n\n\n\n<p>Os \u00f3leos essenciais presentes na planta, especialmente nas sementes, s\u00e3o apontados como poss\u00edveis aliados na elimina\u00e7\u00e3o de <b>gases intestinais<\/b>. Somados \u00e0s fibras, vitaminas e minerais, eles podem colaborar para um intestino mais <b>regular<\/b>, principalmente quando o coentro faz parte de uma alimenta\u00e7\u00e3o equilibrada e com boa ingest\u00e3o de <b>\u00e1gua<\/b>.<\/p>\n\n\n<div class=\"wp-block-image\">\n<figure class=\"aligncenter size-large\"><img decoding=\"async\" width=\"1024\" height=\"576\" src=\"https:\/\/www.correiobraziliense.com.br\/cbradar\/wp-content\/uploads\/2026\/01\/coentro-plantacao_1769262487256-1024x576.jpg\" alt=\"\" class=\"wp-image-180600\" srcset=\"https:\/\/www.correiobraziliense.com.br\/cbradar\/wp-content\/uploads\/2026\/01\/coentro-plantacao_1769262487256-1024x576.jpg 1024w, https:\/\/www.correiobraziliense.com.br\/cbradar\/wp-content\/uploads\/2026\/01\/coentro-plantacao_1769262487256-300x169.jpg 300w, https:\/\/www.correiobraziliense.com.br\/cbradar\/wp-content\/uploads\/2026\/01\/coentro-plantacao_1769262487256-768x432.jpg 768w, https:\/\/www.correiobraziliense.com.br\/cbradar\/wp-content\/uploads\/2026\/01\/coentro-plantacao_1769262487256-750x422.jpg 750w, https:\/\/www.correiobraziliense.com.br\/cbradar\/wp-content\/uploads\/2026\/01\/coentro-plantacao_1769262487256-1140x641.jpg 1140w, https:\/\/www.correiobraziliense.com.br\/cbradar\/wp-content\/uploads\/2026\/01\/coentro-plantacao_1769262487256.jpg 1280w\" sizes=\"(max-width: 1024px) 100vw, 1024px\" \/><figcaption class=\"wp-element-caption\">O cultivo do coentro pode ser feito diretamente no solo ou em vasos, desde que o ambiente receba boa luminosidade e o solo &#8211; Cr\u00e9ditos: depositphotos.com \/ thewet<\/figcaption><\/figure><\/div>\n\n\n<p>Leia tamb\u00e9m:&nbsp;<a href=\"https:\/\/www.correiobraziliense.com.br\/cbradar\/alimento-de-sabor-intenso-e-natural-que-pode-ajudar-na-pressao-colesterol-e-saude-das-arterias\/\" target=\"_blank\" rel=\"noopener\">Alimento de sabor intenso e natural que pode ajudar na press\u00e3o, colesterol e sa\u00fade das art\u00e9rias<\/a><\/p>\n\n\n\n<h2 class=\"wp-block-heading\">O coentro realmente ajuda na elimina\u00e7\u00e3o de toxinas<\/h2>\n\n\n\n<p>Muita gente associa o coentro a receitas \u201cdetox\u201d e estrat\u00e9gias naturais de limpeza do organismo. Alguns estudos investigam se ele ajuda a se ligar a certas subst\u00e2ncias, como <b>metais pesados<\/b>, facilitando sua elimina\u00e7\u00e3o pela urina e pelas <b>fezes<\/b>, embora as pesquisas ainda n\u00e3o sejam totalmente <b>conclusivas<\/b>.<\/p>\n\n\n\n<p>Al\u00e9m desse poss\u00edvel papel na \u201cfaxina interna\u201d, o coentro traz antioxidantes que combatem <b>radicais livres<\/b>, relacionados ao envelhecimento das c\u00e9lulas. Vitaminas como a C e minerais como o pot\u00e1ssio ajudam no equil\u00edbrio geral do corpo, especialmente quando o coentro aparece junto com <b>frutas c\u00edtricas<\/b> e vegetais verde-escuros em saladas, sopas ou <b>sucos<\/b>.<\/p>\n\n\n\n<h2 class=\"wp-block-heading\">Como incluir o coentro de forma pr\u00e1tica nas refei\u00e7\u00f5es<\/h2>\n\n\n\n<p>Se a ideia \u00e9 aproveitar melhor os benef\u00edcios digestivos do coentro sem complicar a rotina, vale ir testando a erva em diferentes preparos. Folhas frescas podem ser colocadas no final do cozimento de <b>pratos quentes<\/b>, ajudando a preservar o aroma marcante e parte dos compostos mais sens\u00edveis ao <b>calor<\/b>, o que torna o uso di\u00e1rio ainda mais <b>vers\u00e1til<\/b>. Se voc\u00ea gosta de ouvir especialistas, separamos esse v\u00eddeo da <a href=\"https:\/\/www.youtube.com\/@AngelaXavier\" target=\"_blank\" rel=\"noreferrer noopener\">Angela Xavier<\/a> mostrando com mais detalhes os benef\u00edcios do coentro:<\/p>\n\n\n\n<figure class=\"wp-block-embed is-type-video is-provider-youtube wp-block-embed-youtube wp-embed-aspect-16-9 wp-has-aspect-ratio\"><div class=\"wp-block-embed__wrapper\">\n<div class=\"jeg_video_container jeg_video_content\"><iframe loading=\"lazy\" title=\"Coentro: ajuda a tratar a hipertens\u00e3o, diabetes, c\u00e2ncer...\" width=\"500\" height=\"281\" src=\"https:\/\/www.youtube.com\/embed\/QejhUEs_NXA?start=220&#038;feature=oembed\" frameborder=\"0\" allow=\"accelerometer; autoplay; clipboard-write; encrypted-media; gyroscope; picture-in-picture; web-share\" referrerpolicy=\"strict-origin-when-cross-origin\" allowfullscreen><\/iframe><\/div>\n<\/div><\/figure>\n\n\n\n<p>As sementes tostadas e mo\u00eddas d\u00e3o um toque especial a carnes, legumes e gr\u00e3os, mantendo o consumo da planta no dia a dia. Para variar o uso, voc\u00ea pode apostar em preparos simples e frequentes, como os exemplos <b>abaixo<\/b>:<\/p>\n\n\n\n<ul class=\"wp-block-list\">\n<li>Folhas picadas em <b>saladas<\/b>, farofas e <b>caldos<\/b>;<\/li>\n\n\n\n<li>Talos em refogados, <b>sopas<\/b> e <b>feij\u00f5es<\/b>;<\/li>\n\n\n\n<li>Sementes em <b>ch\u00e1s<\/b>, marinadas e misturas de <b>especiarias<\/b>;<\/li>\n\n\n\n<li>Molhos verdes e pastas com <b>coentro<\/b>, alho, lim\u00e3o e <b>azeite<\/b>;<\/li>\n\n\n\n<li>Sucos e \u00e1guas aromatizadas com coentro e <b>frutas<\/b> c\u00edtricas para deixar a hidrata\u00e7\u00e3o mais <b>saborosa<\/b>.<\/li>\n<\/ul>\n\n\n\n<h2 class=\"wp-block-heading\">Tabela nutricional aproximada do coentro fresco em folhas<\/h2>\n\n\n\n<p>Abaixo voc\u00ea encontra valores m\u00e9dios do coentro fresco cru por por\u00e7\u00e3o de 10 g (cerca de um pequeno punhado). Esses n\u00fameros podem variar conforme origem, solo, forma de cultivo e frescor do <b>alimento<\/b>, mas j\u00e1 d\u00e3o uma boa ideia do que essa erva oferece em termos de <b>nutrientes<\/b> e podem auxiliar em um planejamento alimentar mais <b>equilibrado<\/b>.<\/p>\n\n\n\n<figure class=\"wp-block-table\"><table class=\"has-fixed-layout\"><tbody><tr><th>Componente<\/th><th>Quantidade em 10 g de coentro fresco<\/th><\/tr><tr><td>Energia<\/td><td>3 kcal<\/td><\/tr><tr><td>Carboidratos totais<\/td><td>0,6 g<\/td><\/tr><tr><td>Prote\u00ednas<\/td><td>0,3 g<\/td><\/tr><tr><td>Gorduras totais<\/td><td>0,1 g<\/td><\/tr><tr><td>Fibras<\/td><td>0,3 g<\/td><\/tr><tr><td>S\u00f3dio<\/td><td>2 mg<\/td><\/tr><tr><td>Pot\u00e1ssio<\/td><td>50\u201355 mg<\/td><\/tr><tr><td>C\u00e1lcio<\/td><td>7\u20138 mg<\/td><\/tr><tr><td>Vitamina C<\/td><td>3\u20134 mg<\/td><\/tr><tr><td>Vitamina A (como betacaroteno)<\/td><td>90\u2013110 \u00b5g<\/td><\/tr><tr><td>Folatos (vitamina B9)<\/td><td>3\u20134 \u00b5g<\/td><\/tr><\/tbody><\/table><\/figure>\n\n\n\n<p>A uni\u00e3o desses nutrientes com os compostos <b>bioativos<\/b> ajuda a explicar por que o coentro vem ganhando espa\u00e7o nas conversas sobre sa\u00fade e <b>bem-estar<\/b>. Usado com regularidade, em pequenas quantidades e dentro de uma alimenta\u00e7\u00e3o variada, ele pode ser um <b>tempero<\/b> simples que faz diferen\u00e7a no prato e na sensa\u00e7\u00e3o de leveza ao longo do dia.<\/p>\n","protected":false},"excerpt":{"rendered":"<p>Voc\u00ea j\u00e1 sentiu aquele desconforto digestivo depois de uma refei\u00e7\u00e3o pesada e percebeu que um simples temperinho natural fez tudo parecer mais leve? O coentro, t\u00e3o comum na cozinha brasileira, \u00e9 exatamente esse tipo de ingrediente: simples, acess\u00edvel e cheio de hist\u00f3rias de quem confia nele para deixar a comida mais saborosa e o corpo [&hellip;]<\/p>\n","protected":false},"author":9,"featured_media":204237,"comment_status":"open","ping_status":"open","sticky":false,"template":"","format":"standard","meta":{"_yoast_wpseo_focuskw":"coentro","_yoast_wpseo_title":"","_yoast_wpseo_metadesc":"Um tempero simples e muito usado na cozinha pode ajudar na digest\u00e3o e trazer mais leveza ap\u00f3s refei\u00e7\u00f5es pesadas no dia a dia.","jnews-multi-image_gallery":[],"jnews_single_post":{"format":"standard"},"jnews_primary_category":[],"jnews_social_meta":[],"jnews_override_counter":[],"footnotes":""},"categories":[119,4404],"post_tag":[768,5501,2141],"class_list":["post-203887","post","type-post","status-publish","format-standard","has-post-thumbnail","hentry","category-bem-estar","category-saude","tag-coentro","tag-erva","tag-tempero"],"yoast_head":"<!-- This site is optimized with the Yoast SEO plugin v24.6 - https:\/\/yoast.com\/wordpress\/plugins\/seo\/ -->\n<title>O tempero simples da cozinha brasileira que pode ajudar na digest\u00e3o e aliviar o estufamento - Correio Braziliense - Radar<\/title>\n<meta name=\"description\" content=\"Um tempero simples e muito usado na cozinha pode ajudar na digest\u00e3o e trazer mais leveza ap\u00f3s refei\u00e7\u00f5es pesadas no dia a dia.\" \/>\n<meta name=\"robots\" content=\"index, follow, max-snippet:-1, max-image-preview:large, max-video-preview:-1\" \/>\n<link rel=\"canonical\" href=\"https:\/\/www.correiobraziliense.com.br\/cbradar\/o-tempero-simples-da-cozinha-brasileira-que-pode-ajudar-na-digestao-e-aliviar-o-estufamento\/\" \/>\n<meta property=\"og:locale\" content=\"pt_BR\" \/>\n<meta property=\"og:type\" content=\"article\" \/>\n<meta property=\"og:title\" content=\"O tempero simples da cozinha brasileira que pode ajudar na digest\u00e3o e aliviar o estufamento - Correio Braziliense - Radar\" \/>\n<meta property=\"og:description\" content=\"Um tempero simples e muito usado na cozinha pode ajudar na digest\u00e3o e trazer mais leveza ap\u00f3s refei\u00e7\u00f5es pesadas no dia a dia.\" \/>\n<meta property=\"og:url\" content=\"https:\/\/www.correiobraziliense.com.br\/cbradar\/o-tempero-simples-da-cozinha-brasileira-que-pode-ajudar-na-digestao-e-aliviar-o-estufamento\/\" \/>\n<meta property=\"og:site_name\" content=\"Correio Braziliense - Radar\" \/>\n<meta property=\"article:published_time\" content=\"2026-03-07T19:25:21+00:00\" \/>\n<meta property=\"og:image\" content=\"https:\/\/www.correiobraziliense.com.br\/cbradar\/wp-content\/uploads\/2026\/03\/freepik__mao-de-coentro-fresco-com-folhas-verdes-e-talos-so__21215.jpeg\" \/>\n\t<meta property=\"og:image:width\" content=\"1280\" \/>\n\t<meta property=\"og:image:height\" content=\"720\" \/>\n\t<meta property=\"og:image:type\" content=\"image\/jpeg\" \/>\n<meta name=\"author\" content=\"Daniely Cardoso\" \/>\n<meta name=\"twitter:card\" content=\"summary_large_image\" \/>\n<meta name=\"twitter:label1\" content=\"Escrito por\" \/>\n\t<meta name=\"twitter:data1\" content=\"Daniely Cardoso\" \/>\n\t<meta name=\"twitter:label2\" content=\"Est. tempo de leitura\" \/>\n\t<meta name=\"twitter:data2\" content=\"4 minutos\" \/>\n<!-- \/ Yoast SEO plugin. -->","yoast_head_json":{"title":"O tempero simples da cozinha brasileira que pode ajudar na digest\u00e3o e aliviar o estufamento - Correio Braziliense - Radar","description":"Um tempero simples e muito usado na cozinha pode ajudar na digest\u00e3o e trazer mais leveza ap\u00f3s refei\u00e7\u00f5es pesadas no dia a dia.","robots":{"index":"index","follow":"follow","max-snippet":"max-snippet:-1","max-image-preview":"max-image-preview:large","max-video-preview":"max-video-preview:-1"},"canonical":"https:\/\/www.correiobraziliense.com.br\/cbradar\/o-tempero-simples-da-cozinha-brasileira-que-pode-ajudar-na-digestao-e-aliviar-o-estufamento\/","og_locale":"pt_BR","og_type":"article","og_title":"O tempero simples da cozinha brasileira que pode ajudar na digest\u00e3o e aliviar o estufamento - Correio Braziliense - Radar","og_description":"Um tempero simples e muito usado na cozinha pode ajudar na digest\u00e3o e trazer mais leveza ap\u00f3s refei\u00e7\u00f5es pesadas no dia a dia.","og_url":"https:\/\/www.correiobraziliense.com.br\/cbradar\/o-tempero-simples-da-cozinha-brasileira-que-pode-ajudar-na-digestao-e-aliviar-o-estufamento\/","og_site_name":"Correio Braziliense - Radar","article_published_time":"2026-03-07T19:25:21+00:00","og_image":[{"width":1280,"height":720,"url":"https:\/\/www.correiobraziliense.com.br\/cbradar\/wp-content\/uploads\/2026\/03\/freepik__mao-de-coentro-fresco-com-folhas-verdes-e-talos-so__21215.jpeg","type":"image\/jpeg"}],"author":"Daniely Cardoso","twitter_card":"summary_large_image","twitter_misc":{"Escrito por":"Daniely Cardoso","Est. tempo de leitura":"4 minutos"},"schema":{"@context":"https:\/\/schema.org","@graph":[{"@type":"WebPage","@id":"https:\/\/www.correiobraziliense.com.br\/cbradar\/o-tempero-simples-da-cozinha-brasileira-que-pode-ajudar-na-digestao-e-aliviar-o-estufamento\/","url":"https:\/\/www.correiobraziliense.com.br\/cbradar\/o-tempero-simples-da-cozinha-brasileira-que-pode-ajudar-na-digestao-e-aliviar-o-estufamento\/","name":"O tempero simples da cozinha brasileira que pode ajudar na digest\u00e3o e aliviar o estufamento - Correio Braziliense - Radar","isPartOf":{"@id":"https:\/\/www.correiobraziliense.com.br\/cbradar\/#website"},"primaryImageOfPage":{"@id":"https:\/\/www.correiobraziliense.com.br\/cbradar\/o-tempero-simples-da-cozinha-brasileira-que-pode-ajudar-na-digestao-e-aliviar-o-estufamento\/#primaryimage"},"image":{"@id":"https:\/\/www.correiobraziliense.com.br\/cbradar\/o-tempero-simples-da-cozinha-brasileira-que-pode-ajudar-na-digestao-e-aliviar-o-estufamento\/#primaryimage"},"thumbnailUrl":"https:\/\/www.correiobraziliense.com.br\/cbradar\/wp-content\/uploads\/2026\/03\/freepik__mao-de-coentro-fresco-com-folhas-verdes-e-talos-so__21215.jpeg","datePublished":"2026-03-07T19:25:21+00:00","author":{"@id":"https:\/\/www.correiobraziliense.com.br\/cbradar\/#\/schema\/person\/7356666e12ec0ee53f348ee5db227032"},"description":"Um tempero simples e muito usado na cozinha pode ajudar na digest\u00e3o e trazer mais leveza ap\u00f3s refei\u00e7\u00f5es pesadas no dia a dia.","breadcrumb":{"@id":"https:\/\/www.correiobraziliense.com.br\/cbradar\/o-tempero-simples-da-cozinha-brasileira-que-pode-ajudar-na-digestao-e-aliviar-o-estufamento\/#breadcrumb"},"inLanguage":"pt-BR","potentialAction":[{"@type":"ReadAction","target":["https:\/\/www.correiobraziliense.com.br\/cbradar\/o-tempero-simples-da-cozinha-brasileira-que-pode-ajudar-na-digestao-e-aliviar-o-estufamento\/"]}]},{"@type":"ImageObject","inLanguage":"pt-BR","@id":"https:\/\/www.correiobraziliense.com.br\/cbradar\/o-tempero-simples-da-cozinha-brasileira-que-pode-ajudar-na-digestao-e-aliviar-o-estufamento\/#primaryimage","url":"https:\/\/www.correiobraziliense.com.br\/cbradar\/wp-content\/uploads\/2026\/03\/freepik__mao-de-coentro-fresco-com-folhas-verdes-e-talos-so__21215.jpeg","contentUrl":"https:\/\/www.correiobraziliense.com.br\/cbradar\/wp-content\/uploads\/2026\/03\/freepik__mao-de-coentro-fresco-com-folhas-verdes-e-talos-so__21215.jpeg","width":1280,"height":720,"caption":"O coentro \u00e9 uma erva arom\u00e1tica muito usada na culin\u00e1ria brasileira, especialmente no Norte e Nordeste"},{"@type":"BreadcrumbList","@id":"https:\/\/www.correiobraziliense.com.br\/cbradar\/o-tempero-simples-da-cozinha-brasileira-que-pode-ajudar-na-digestao-e-aliviar-o-estufamento\/#breadcrumb","itemListElement":[{"@type":"ListItem","position":1,"name":"In\u00edcio","item":"https:\/\/www.correiobraziliense.com.br\/cbradar\/"},{"@type":"ListItem","position":2,"name":"O tempero simples da cozinha brasileira que pode ajudar na digest\u00e3o e aliviar o estufamento"}]},{"@type":"WebSite","@id":"https:\/\/www.correiobraziliense.com.br\/cbradar\/#website","url":"https:\/\/www.correiobraziliense.com.br\/cbradar\/","name":"Correio Braziliense - Radar","description":"Acompanhe as \u00faltimas not\u00edcias e fique bem informado sobre tudo o que acontece no Brasil e no mundo.","potentialAction":[{"@type":"SearchAction","target":{"@type":"EntryPoint","urlTemplate":"https:\/\/www.correiobraziliense.com.br\/cbradar\/?s={search_term_string}"},"query-input":{"@type":"PropertyValueSpecification","valueRequired":true,"valueName":"search_term_string"}}],"inLanguage":"pt-BR"},{"@type":"Person","@id":"https:\/\/www.correiobraziliense.com.br\/cbradar\/#\/schema\/person\/7356666e12ec0ee53f348ee5db227032","name":"Daniely Cardoso","image":{"@type":"ImageObject","inLanguage":"pt-BR","@id":"https:\/\/www.correiobraziliense.com.br\/cbradar\/#\/schema\/person\/image\/","url":"https:\/\/secure.gravatar.com\/avatar\/4b80ddbd124d1f071b626d52d62e5dff?s=96&d=mm&r=g","contentUrl":"https:\/\/secure.gravatar.com\/avatar\/4b80ddbd124d1f071b626d52d62e5dff?s=96&d=mm&r=g","caption":"Daniely Cardoso"},"description":"Redatora nos portais CB Radar e EM Foco, formada pela Universidade Federal de Goi\u00e1s, em Goi\u00e2nia. Apaixonada por comunica\u00e7\u00e3o, arte, decora\u00e7\u00e3o e tend\u00eancias, atuo na produ\u00e7\u00e3o de conte\u00fados envolventes sobre curiosidades, moda, beleza e paisagismo, sempre com um olhar atento \u00e0s novidades do momento.","sameAs":["https:\/\/www.correiobraziliense.com.br\/cbradar"],"url":"https:\/\/www.correiobraziliense.com.br\/cbradar\/author\/danielymyth\/"}]}},"_links":{"self":[{"href":"https:\/\/www.correiobraziliense.com.br\/cbradar\/wp-json\/wp\/v2\/posts\/203887","targetHints":{"allow":["GET"]}}],"collection":[{"href":"https:\/\/www.correiobraziliense.com.br\/cbradar\/wp-json\/wp\/v2\/posts"}],"about":[{"href":"https:\/\/www.correiobraziliense.com.br\/cbradar\/wp-json\/wp\/v2\/types\/post"}],"author":[{"embeddable":true,"href":"https:\/\/www.correiobraziliense.com.br\/cbradar\/wp-json\/wp\/v2\/users\/9"}],"replies":[{"embeddable":true,"href":"https:\/\/www.correiobraziliense.com.br\/cbradar\/wp-json\/wp\/v2\/comments?post=203887"}],"version-history":[{"count":2,"href":"https:\/\/www.correiobraziliense.com.br\/cbradar\/wp-json\/wp\/v2\/posts\/203887\/revisions"}],"predecessor-version":[{"id":203995,"href":"https:\/\/www.correiobraziliense.com.br\/cbradar\/wp-json\/wp\/v2\/posts\/203887\/revisions\/203995"}],"wp:featuredmedia":[{"embeddable":true,"href":"https:\/\/www.correiobraziliense.com.br\/cbradar\/wp-json\/wp\/v2\/media\/204237"}],"wp:attachment":[{"href":"https:\/\/www.correiobraziliense.com.br\/cbradar\/wp-json\/wp\/v2\/media?parent=203887"}],"wp:term":[{"taxonomy":"category","embeddable":true,"href":"https:\/\/www.correiobraziliense.com.br\/cbradar\/wp-json\/wp\/v2\/categories?post=203887"},{"taxonomy":"post_tag","embeddable":true,"href":"https:\/\/www.correiobraziliense.com.br\/cbradar\/wp-json\/wp\/v2\/post_tag?post=203887"}],"curies":[{"name":"wp","href":"https:\/\/api.w.org\/{rel}","templated":true}]}}