{"id":203888,"date":"2026-03-07T19:05:30","date_gmt":"2026-03-07T22:05:30","guid":{"rendered":"https:\/\/www.correiobraziliense.com.br\/cbradar\/?p=203888"},"modified":"2026-03-06T15:10:19","modified_gmt":"2026-03-06T18:10:19","slug":"nem-carne-nem-whey-esse-alimento-simples-ajuda-na-saude-muscular","status":"publish","type":"post","link":"https:\/\/www.correiobraziliense.com.br\/cbradar\/nem-carne-nem-whey-esse-alimento-simples-ajuda-na-saude-muscular\/","title":{"rendered":"Nem carne, nem whey: esse alimento simples ajuda na sa\u00fade muscular"},"content":{"rendered":"\n<p>Voc\u00ea j\u00e1 reparou como a <b>clara de ovo<\/b> aparece em receitas de quem <b>treina<\/b>, faz dieta ou simplesmente quer comer melhor? Ela \u00e9 um alimento simples, barato e muito pr\u00e1tico, conhecido pelo alto teor de <b>prote\u00ednas<\/b> e poucas calorias. Por isso, costuma ser presen\u00e7a certa em card\u00e1pios voltados \u00e0 manuten\u00e7\u00e3o e ao ganho de massa muscular, mas tamb\u00e9m pode entrar facilmente na rotina de qualquer pessoa que busca se alimentar de forma mais equilibrada.<\/p>\n\n\n\n<h2 class=\"wp-block-heading\">Por que a clara de ovo \u00e9 t\u00e3o valorizada nas dietas<\/h2>\n\n\n\n<p>A <b>clara de ovo<\/b> \u00e9 considerada uma fonte de <b>prote\u00edna<\/b> completa, pois oferece todos os amino\u00e1cidos essenciais, aqueles que o corpo n\u00e3o produz sozinho. A prote\u00edna principal da clara, a <b>albumina<\/b>, \u00e9 bem aproveitada pelo organismo e participa de processos de reparo e manuten\u00e7\u00e3o dos tecidos, especialmente os m\u00fasculos.<\/p>\n\n\n\n<p>Ela tamb\u00e9m se destaca por ter baixo teor de <b>gordura<\/b>, quase nada de carboidrato e zero <b>colesterol<\/b>, o que chama a aten\u00e7\u00e3o de quem quer emagrecer ou definir o corpo. Al\u00e9m disso, fornece pequenas quantidades de vitaminas do complexo <b>B<\/b> e minerais como pot\u00e1ssio e magn\u00e9sio, importantes para energia, equil\u00edbrio dos l\u00edquidos corporais e bom funcionamento muscular.<\/p>\n\n\n<div class=\"wp-block-image\">\n<figure class=\"aligncenter size-full\"><img decoding=\"async\" width=\"1280\" height=\"720\" src=\"https:\/\/www.correiobraziliense.com.br\/cbradar\/wp-content\/uploads\/2026\/03\/Gemini_Generated_Image_jq3sfjjq3sfjjq3s-1.png\" alt=\"\" class=\"wp-image-204010\" srcset=\"https:\/\/www.correiobraziliense.com.br\/cbradar\/wp-content\/uploads\/2026\/03\/Gemini_Generated_Image_jq3sfjjq3sfjjq3s-1.png 1280w, https:\/\/www.correiobraziliense.com.br\/cbradar\/wp-content\/uploads\/2026\/03\/Gemini_Generated_Image_jq3sfjjq3sfjjq3s-1-300x169.png 300w, https:\/\/www.correiobraziliense.com.br\/cbradar\/wp-content\/uploads\/2026\/03\/Gemini_Generated_Image_jq3sfjjq3sfjjq3s-1-768x432.png 768w, https:\/\/www.correiobraziliense.com.br\/cbradar\/wp-content\/uploads\/2026\/03\/Gemini_Generated_Image_jq3sfjjq3sfjjq3s-1-750x422.png 750w, https:\/\/www.correiobraziliense.com.br\/cbradar\/wp-content\/uploads\/2026\/03\/Gemini_Generated_Image_jq3sfjjq3sfjjq3s-1-1140x641.png 1140w\" sizes=\"(max-width: 1280px) 100vw, 1280px\" \/><figcaption class=\"wp-element-caption\">A clara de ovo \u00e9 considerada uma fonte de prote\u00edna completa, pois oferece todos os amino\u00e1cidos essenciais, aqueles que o corpo n\u00e3o produz sozinho<\/figcaption><\/figure><\/div>\n\n\n<p>Leia tamb\u00e9m:&nbsp;<a href=\"https:\/\/www.correiobraziliense.com.br\/cbradar\/alimento-de-sabor-intenso-e-natural-que-pode-ajudar-na-pressao-colesterol-e-saude-das-arterias\/\" target=\"_blank\" rel=\"noopener\">Alimento de sabor intenso e natural que pode ajudar na press\u00e3o, colesterol e sa\u00fade das art\u00e9rias<\/a><\/p>\n\n\n\n<h2 class=\"wp-block-heading\">Como a clara de ovo ajuda na manuten\u00e7\u00e3o muscular<\/h2>\n\n\n\n<p>Consumir <b>prote\u00edna<\/b> suficiente ao longo do dia \u00e9 fundamental para preservar e construir <b>massa<\/b> muscular, principalmente para quem treina ou est\u00e1 em fases da vida com maior risco de perda de m\u00fasculo, como ap\u00f3s os 40 anos. A clara de ovo, rica em <b>albumina<\/b>, oferece os amino\u00e1cidos que o corpo usa para formar novas fibras musculares e reparar microles\u00f5es causadas pelo esfor\u00e7o f\u00edsico.<\/p>\n\n\n\n<p>Quando associada a uma alimenta\u00e7\u00e3o <b>equilibrada<\/b> e a exerc\u00edcios de for\u00e7a, a clara de ovo pode contribuir para manter a <b>massa magra<\/b>, melhorar a recupera\u00e7\u00e3o ap\u00f3s o treino e aumentar a sensa\u00e7\u00e3o de <b>saciedade<\/b>. N\u00e3o \u00e9 um alimento \u201cmilagroso\u201d, mas um aliado que ajuda a refor\u00e7ar o aporte proteico di\u00e1rio dentro de um plano alimentar bem montado.<\/p>\n\n\n\n<h2 class=\"wp-block-heading\">Como incluir a clara de ovo na alimenta\u00e7\u00e3o do dia a dia<\/h2>\n\n\n\n<p>Por ter sabor <b>neutro<\/b> e textura leve, a clara de ovo combina com v\u00e1rios tipos de preparo, do caf\u00e9 da manh\u00e3 ao jantar. Isso facilita distribuir a ingest\u00e3o de <b>prote\u00ednas<\/b> ao longo do dia, o que costuma ser mais eficiente do que concentrar tudo em uma \u00fanica <b>refei\u00e7\u00e3o<\/b>. Se voc\u00ea gosta de ouvir especialistas, separamos esse v\u00eddeo do Dr. Andr\u00e9 Wambier do canal <a href=\"https:\/\/www.youtube.com\/@CardioDF\" target=\"_blank\" rel=\"noreferrer noopener\">Cardio DF <\/a> mostrando com mais detalhes os benef\u00edcios da clara do ovo:<\/p>\n\n\n\n<figure class=\"wp-block-embed is-type-video is-provider-youtube wp-block-embed-youtube wp-embed-aspect-16-9 wp-has-aspect-ratio\"><div class=\"wp-block-embed__wrapper\">\n<div class=\"jeg_video_container jeg_video_content\"><iframe loading=\"lazy\" title=\"COMA OVOS TODOS OS DIAS e VEJA O QUE ACONTECE COM SEU CORPO (8 BENEF\u00cdCIOS PROVADOS PELA CI\u00caNCIA)\" width=\"500\" height=\"281\" src=\"https:\/\/www.youtube.com\/embed\/tdv94HhAKJ4?feature=oembed\" frameborder=\"0\" allow=\"accelerometer; autoplay; clipboard-write; encrypted-media; gyroscope; picture-in-picture; web-share\" referrerpolicy=\"strict-origin-when-cross-origin\" allowfullscreen><\/iframe><\/div>\n<\/div><\/figure>\n\n\n\n<p>Algumas ideias simples podem deixar o consumo mais <b>pr\u00e1tico<\/b> e variado:<\/p>\n\n\n\n<ol class=\"wp-block-list\">\n<li><strong>Caf\u00e9 da manh\u00e3 proteico<\/strong>: claras mexidas ou omelete de <b>claras<\/b>, combinadas com legumes, temperos <b>naturais<\/b> ou queijo <b>branco<\/b>.<\/li>\n\n\n\n<li><strong>Lanches intermedi\u00e1rios<\/strong>: claras <b>cozidas<\/b> picadas em saladas, sandu\u00edches ou misturadas a <b>pastas<\/b> e <b>pat\u00eas<\/b>.<\/li>\n\n\n\n<li><strong>Refei\u00e7\u00f5es principais<\/strong>: uso de <b>clara<\/b> em receitas de tortas salgadas, sufl\u00eas, panquecas leves e <b>recheios<\/b>.<\/li>\n\n\n\n<li><strong>Prepara\u00e7\u00f5es doces<\/strong>: claras em <b>neve<\/b> em mousses, bolos com maior teor <b>proteico<\/b> ou panquecas <b>doces<\/b>.<\/li>\n<\/ol>\n\n\n\n<p>Para seguran\u00e7a <b>alimentar<\/b>, \u00e9 importante consumir a clara sempre bem cozida ou <b>pasteurizada<\/b>, evitando a vers\u00e3o crua em receitas caseiras. O cozimento adequado reduz o risco de contamina\u00e7\u00e3o por <b>micro-organismos<\/b> e ainda melhora a digestibilidade das prote\u00ednas.<\/p>\n\n\n\n<h2 class=\"wp-block-heading\">Quais s\u00e3o os principais nutrientes da clara de ovo<\/h2>\n\n\n\n<p>A seguir, um exemplo de composi\u00e7\u00e3o <b>nutricional<\/b> aproximada de <b>100 g<\/b> de clara de ovo cozida (cerca de tr\u00eas <b>claras<\/b> m\u00e9dias):<\/p>\n\n\n\n<figure class=\"wp-block-table\"><table class=\"has-fixed-layout\"><tbody><tr><th>Nutriente<\/th><th>Quantidade em 100 g de clara de ovo<\/th><\/tr><tr><td>Energia (calorias)<\/td><td>48 kcal<\/td><\/tr><tr><td>Prote\u00ednas<\/td><td>10,5 g<\/td><\/tr><tr><td>Carboidratos<\/td><td>0,7 g<\/td><\/tr><tr><td>Gorduras totais<\/td><td>0,1 g<\/td><\/tr><tr><td>Gorduras saturadas<\/td><td>0 g<\/td><\/tr><tr><td>Colesterol<\/td><td>0 mg<\/td><\/tr><tr><td>S\u00f3dio<\/td><td>166 mg<\/td><\/tr><tr><td>Pot\u00e1ssio<\/td><td>163 mg<\/td><\/tr><tr><td>C\u00e1lcio<\/td><td>7 mg<\/td><\/tr><tr><td>Magn\u00e9sio<\/td><td>11 mg<\/td><\/tr><tr><td>Vitamina B2 (riboflavina)<\/td><td>0,4 mg<\/td><\/tr><\/tbody><\/table><\/figure>\n\n\n\n<p>Os valores podem variar conforme o tamanho do <b>ovo<\/b> e o modo de preparo, mas esse perfil mostra como a clara \u00e9 uma fonte de <b>prote\u00edna magra<\/b>, com poucas calorias e gordura quase inexistente. Simples, vers\u00e1til e <b>acess\u00edvel<\/b>, ela se mant\u00e9m como um ingrediente estrat\u00e9gico para apoiar a manuten\u00e7\u00e3o muscular e tornar o dia a dia mais saud\u00e1vel.<\/p>\n","protected":false},"excerpt":{"rendered":"<p>Voc\u00ea j\u00e1 reparou como a clara de ovo aparece em receitas de quem treina, faz dieta ou simplesmente quer comer melhor? Ela \u00e9 um alimento simples, barato e muito pr\u00e1tico, conhecido pelo alto teor de prote\u00ednas e poucas calorias. Por isso, costuma ser presen\u00e7a certa em card\u00e1pios voltados \u00e0 manuten\u00e7\u00e3o e ao ganho de massa [&hellip;]<\/p>\n","protected":false},"author":9,"featured_media":204232,"comment_status":"open","ping_status":"open","sticky":false,"template":"","format":"standard","meta":{"_yoast_wpseo_focuskw":"clara de ovo","_yoast_wpseo_title":"","_yoast_wpseo_metadesc":"Um alimento simples e rico em prote\u00edna pode ajudar na saciedade, na manuten\u00e7\u00e3o muscular e em uma alimenta\u00e7\u00e3o mais equilibrada.","jnews-multi-image_gallery":[],"jnews_single_post":{"format":"standard"},"jnews_primary_category":[],"jnews_social_meta":[],"jnews_override_counter":[],"footnotes":""},"categories":[119,4404],"post_tag":[15811,1571,409],"class_list":["post-203888","post","type-post","status-publish","format-standard","has-post-thumbnail","hentry","category-bem-estar","category-saude","tag-clara-de-ovo","tag-musculos","tag-ovo"],"yoast_head":"<!-- This site is optimized with the Yoast SEO plugin v24.6 - https:\/\/yoast.com\/wordpress\/plugins\/seo\/ -->\n<title>Nem carne, nem whey: esse alimento simples ajuda na sa\u00fade muscular - Correio Braziliense - Radar<\/title>\n<meta name=\"description\" content=\"Um alimento simples e rico em prote\u00edna pode ajudar na saciedade, na manuten\u00e7\u00e3o muscular e em uma alimenta\u00e7\u00e3o mais equilibrada.\" \/>\n<meta name=\"robots\" content=\"index, follow, max-snippet:-1, max-image-preview:large, max-video-preview:-1\" \/>\n<link rel=\"canonical\" href=\"https:\/\/www.correiobraziliense.com.br\/cbradar\/nem-carne-nem-whey-esse-alimento-simples-ajuda-na-saude-muscular\/\" \/>\n<meta property=\"og:locale\" content=\"pt_BR\" \/>\n<meta property=\"og:type\" content=\"article\" \/>\n<meta property=\"og:title\" content=\"Nem carne, nem whey: esse alimento simples ajuda na sa\u00fade muscular - Correio Braziliense - Radar\" \/>\n<meta property=\"og:description\" content=\"Um alimento simples e rico em prote\u00edna pode ajudar na saciedade, na manuten\u00e7\u00e3o muscular e em uma alimenta\u00e7\u00e3o mais equilibrada.\" \/>\n<meta property=\"og:url\" content=\"https:\/\/www.correiobraziliense.com.br\/cbradar\/nem-carne-nem-whey-esse-alimento-simples-ajuda-na-saude-muscular\/\" \/>\n<meta property=\"og:site_name\" content=\"Correio Braziliense - Radar\" \/>\n<meta property=\"article:published_time\" content=\"2026-03-07T22:05:30+00:00\" \/>\n<meta property=\"og:image\" content=\"https:\/\/www.correiobraziliense.com.br\/cbradar\/wp-content\/uploads\/2026\/03\/freepik__prato-com-claras-de-ovo-mexidas-brancas-e-fofas-ao__21218.jpeg\" \/>\n\t<meta property=\"og:image:width\" content=\"1280\" \/>\n\t<meta property=\"og:image:height\" content=\"720\" \/>\n\t<meta property=\"og:image:type\" content=\"image\/jpeg\" \/>\n<meta name=\"author\" content=\"Daniely Cardoso\" \/>\n<meta name=\"twitter:card\" content=\"summary_large_image\" \/>\n<meta name=\"twitter:label1\" content=\"Escrito por\" \/>\n\t<meta name=\"twitter:data1\" content=\"Daniely Cardoso\" \/>\n\t<meta name=\"twitter:label2\" content=\"Est. tempo de leitura\" \/>\n\t<meta name=\"twitter:data2\" content=\"5 minutos\" \/>\n<!-- \/ Yoast SEO plugin. -->","yoast_head_json":{"title":"Nem carne, nem whey: esse alimento simples ajuda na sa\u00fade muscular - Correio Braziliense - Radar","description":"Um alimento simples e rico em prote\u00edna pode ajudar na saciedade, na manuten\u00e7\u00e3o muscular e em uma alimenta\u00e7\u00e3o mais equilibrada.","robots":{"index":"index","follow":"follow","max-snippet":"max-snippet:-1","max-image-preview":"max-image-preview:large","max-video-preview":"max-video-preview:-1"},"canonical":"https:\/\/www.correiobraziliense.com.br\/cbradar\/nem-carne-nem-whey-esse-alimento-simples-ajuda-na-saude-muscular\/","og_locale":"pt_BR","og_type":"article","og_title":"Nem carne, nem whey: esse alimento simples ajuda na sa\u00fade muscular - Correio Braziliense - Radar","og_description":"Um alimento simples e rico em prote\u00edna pode ajudar na saciedade, na manuten\u00e7\u00e3o muscular e em uma alimenta\u00e7\u00e3o mais equilibrada.","og_url":"https:\/\/www.correiobraziliense.com.br\/cbradar\/nem-carne-nem-whey-esse-alimento-simples-ajuda-na-saude-muscular\/","og_site_name":"Correio Braziliense - Radar","article_published_time":"2026-03-07T22:05:30+00:00","og_image":[{"width":1280,"height":720,"url":"https:\/\/www.correiobraziliense.com.br\/cbradar\/wp-content\/uploads\/2026\/03\/freepik__prato-com-claras-de-ovo-mexidas-brancas-e-fofas-ao__21218.jpeg","type":"image\/jpeg"}],"author":"Daniely Cardoso","twitter_card":"summary_large_image","twitter_misc":{"Escrito por":"Daniely Cardoso","Est. tempo de leitura":"5 minutos"},"schema":{"@context":"https:\/\/schema.org","@graph":[{"@type":"WebPage","@id":"https:\/\/www.correiobraziliense.com.br\/cbradar\/nem-carne-nem-whey-esse-alimento-simples-ajuda-na-saude-muscular\/","url":"https:\/\/www.correiobraziliense.com.br\/cbradar\/nem-carne-nem-whey-esse-alimento-simples-ajuda-na-saude-muscular\/","name":"Nem carne, nem whey: esse alimento simples ajuda na sa\u00fade muscular - Correio Braziliense - Radar","isPartOf":{"@id":"https:\/\/www.correiobraziliense.com.br\/cbradar\/#website"},"primaryImageOfPage":{"@id":"https:\/\/www.correiobraziliense.com.br\/cbradar\/nem-carne-nem-whey-esse-alimento-simples-ajuda-na-saude-muscular\/#primaryimage"},"image":{"@id":"https:\/\/www.correiobraziliense.com.br\/cbradar\/nem-carne-nem-whey-esse-alimento-simples-ajuda-na-saude-muscular\/#primaryimage"},"thumbnailUrl":"https:\/\/www.correiobraziliense.com.br\/cbradar\/wp-content\/uploads\/2026\/03\/freepik__prato-com-claras-de-ovo-mexidas-brancas-e-fofas-ao__21218.jpeg","datePublished":"2026-03-07T22:05:30+00:00","author":{"@id":"https:\/\/www.correiobraziliense.com.br\/cbradar\/#\/schema\/person\/7356666e12ec0ee53f348ee5db227032"},"description":"Um alimento simples e rico em prote\u00edna pode ajudar na saciedade, na manuten\u00e7\u00e3o muscular e em uma alimenta\u00e7\u00e3o mais equilibrada.","breadcrumb":{"@id":"https:\/\/www.correiobraziliense.com.br\/cbradar\/nem-carne-nem-whey-esse-alimento-simples-ajuda-na-saude-muscular\/#breadcrumb"},"inLanguage":"pt-BR","potentialAction":[{"@type":"ReadAction","target":["https:\/\/www.correiobraziliense.com.br\/cbradar\/nem-carne-nem-whey-esse-alimento-simples-ajuda-na-saude-muscular\/"]}]},{"@type":"ImageObject","inLanguage":"pt-BR","@id":"https:\/\/www.correiobraziliense.com.br\/cbradar\/nem-carne-nem-whey-esse-alimento-simples-ajuda-na-saude-muscular\/#primaryimage","url":"https:\/\/www.correiobraziliense.com.br\/cbradar\/wp-content\/uploads\/2026\/03\/freepik__prato-com-claras-de-ovo-mexidas-brancas-e-fofas-ao__21218.jpeg","contentUrl":"https:\/\/www.correiobraziliense.com.br\/cbradar\/wp-content\/uploads\/2026\/03\/freepik__prato-com-claras-de-ovo-mexidas-brancas-e-fofas-ao__21218.jpeg","width":1280,"height":720,"caption":"A clara de ovo \u00e9 rica em prote\u00edna de alta qualidade chamada albumina"},{"@type":"BreadcrumbList","@id":"https:\/\/www.correiobraziliense.com.br\/cbradar\/nem-carne-nem-whey-esse-alimento-simples-ajuda-na-saude-muscular\/#breadcrumb","itemListElement":[{"@type":"ListItem","position":1,"name":"In\u00edcio","item":"https:\/\/www.correiobraziliense.com.br\/cbradar\/"},{"@type":"ListItem","position":2,"name":"Nem carne, nem whey: esse alimento simples ajuda na sa\u00fade muscular"}]},{"@type":"WebSite","@id":"https:\/\/www.correiobraziliense.com.br\/cbradar\/#website","url":"https:\/\/www.correiobraziliense.com.br\/cbradar\/","name":"Correio Braziliense - Radar","description":"Acompanhe as \u00faltimas not\u00edcias e fique bem informado sobre tudo o que acontece no Brasil e no mundo.","potentialAction":[{"@type":"SearchAction","target":{"@type":"EntryPoint","urlTemplate":"https:\/\/www.correiobraziliense.com.br\/cbradar\/?s={search_term_string}"},"query-input":{"@type":"PropertyValueSpecification","valueRequired":true,"valueName":"search_term_string"}}],"inLanguage":"pt-BR"},{"@type":"Person","@id":"https:\/\/www.correiobraziliense.com.br\/cbradar\/#\/schema\/person\/7356666e12ec0ee53f348ee5db227032","name":"Daniely Cardoso","image":{"@type":"ImageObject","inLanguage":"pt-BR","@id":"https:\/\/www.correiobraziliense.com.br\/cbradar\/#\/schema\/person\/image\/","url":"https:\/\/secure.gravatar.com\/avatar\/4b80ddbd124d1f071b626d52d62e5dff?s=96&d=mm&r=g","contentUrl":"https:\/\/secure.gravatar.com\/avatar\/4b80ddbd124d1f071b626d52d62e5dff?s=96&d=mm&r=g","caption":"Daniely Cardoso"},"description":"Redatora nos portais CB Radar e EM Foco, formada pela Universidade Federal de Goi\u00e1s, em Goi\u00e2nia. Apaixonada por comunica\u00e7\u00e3o, arte, decora\u00e7\u00e3o e tend\u00eancias, atuo na produ\u00e7\u00e3o de conte\u00fados envolventes sobre curiosidades, moda, beleza e paisagismo, sempre com um olhar atento \u00e0s novidades do momento.","sameAs":["https:\/\/www.correiobraziliense.com.br\/cbradar"],"url":"https:\/\/www.correiobraziliense.com.br\/cbradar\/author\/danielymyth\/"}]}},"_links":{"self":[{"href":"https:\/\/www.correiobraziliense.com.br\/cbradar\/wp-json\/wp\/v2\/posts\/203888","targetHints":{"allow":["GET"]}}],"collection":[{"href":"https:\/\/www.correiobraziliense.com.br\/cbradar\/wp-json\/wp\/v2\/posts"}],"about":[{"href":"https:\/\/www.correiobraziliense.com.br\/cbradar\/wp-json\/wp\/v2\/types\/post"}],"author":[{"embeddable":true,"href":"https:\/\/www.correiobraziliense.com.br\/cbradar\/wp-json\/wp\/v2\/users\/9"}],"replies":[{"embeddable":true,"href":"https:\/\/www.correiobraziliense.com.br\/cbradar\/wp-json\/wp\/v2\/comments?post=203888"}],"version-history":[{"count":2,"href":"https:\/\/www.correiobraziliense.com.br\/cbradar\/wp-json\/wp\/v2\/posts\/203888\/revisions"}],"predecessor-version":[{"id":204014,"href":"https:\/\/www.correiobraziliense.com.br\/cbradar\/wp-json\/wp\/v2\/posts\/203888\/revisions\/204014"}],"wp:featuredmedia":[{"embeddable":true,"href":"https:\/\/www.correiobraziliense.com.br\/cbradar\/wp-json\/wp\/v2\/media\/204232"}],"wp:attachment":[{"href":"https:\/\/www.correiobraziliense.com.br\/cbradar\/wp-json\/wp\/v2\/media?parent=203888"}],"wp:term":[{"taxonomy":"category","embeddable":true,"href":"https:\/\/www.correiobraziliense.com.br\/cbradar\/wp-json\/wp\/v2\/categories?post=203888"},{"taxonomy":"post_tag","embeddable":true,"href":"https:\/\/www.correiobraziliense.com.br\/cbradar\/wp-json\/wp\/v2\/post_tag?post=203888"}],"curies":[{"name":"wp","href":"https:\/\/api.w.org\/{rel}","templated":true}]}}