{"id":203889,"date":"2026-03-07T22:35:38","date_gmt":"2026-03-08T01:35:38","guid":{"rendered":"https:\/\/www.correiobraziliense.com.br\/cbradar\/?p=203889"},"modified":"2026-03-06T15:14:06","modified_gmt":"2026-03-06T18:14:06","slug":"o-cafe-da-manha-simples-que-muita-gente-usa-para-ter-mais-energia-no-dia","status":"publish","type":"post","link":"https:\/\/www.correiobraziliense.com.br\/cbradar\/o-cafe-da-manha-simples-que-muita-gente-usa-para-ter-mais-energia-no-dia\/","title":{"rendered":"O caf\u00e9 da manh\u00e3 simples que muita gente usa para ter mais energia no dia"},"content":{"rendered":"\n<p>Voc\u00ea j\u00e1 acordou com aquela fome e pensou em algo r\u00e1pido, gostoso e que sustentasse de verdade? Em muitas casas brasileiras, o <b>cuscuz<\/b> cumpre exatamente esse papel: simples de fazer, vers\u00e1til e cheio de mem\u00f3rias afetivas, ele combina tradi\u00e7\u00e3o com um bom aporte de <b>energia<\/b> para o dia a dia.<\/p>\n\n\n\n<h2 class=\"wp-block-heading\">Cuscuz fornece energia e ajuda na disposi\u00e7\u00e3o?<\/h2>\n\n\n\n<p>A principal caracter\u00edstica do <b>cuscuz<\/b> \u00e9 o fornecimento de <b>energia<\/b> por meio dos carboidratos, que s\u00e3o o \u201ccombust\u00edvel\u201d b\u00e1sico do corpo. Eles ajudam em tarefas simples, como caminhar e estudar, at\u00e9 momentos de maior foco e esfor\u00e7o f\u00edsico. Consumido em por\u00e7\u00f5es adequadas, o cuscuz pode contribuir para mais disposi\u00e7\u00e3o, especialmente no <b>caf\u00e9<\/b> da manh\u00e3 ou antes de treinos e atividades intensas.<\/p>\n\n\n\n<p>Quando preparado com <b>milho<\/b>, o cuscuz tamb\u00e9m oferece pequenas quantidades de <b>fibras<\/b>, que ajudam na saciedade e podem segurar a fome por mais tempo. Vers\u00f5es integrais, com milho menos processado, costumam ter ainda mais fibras, o que favorece o funcionamento do intestino e auxilia no controle da <b>glicemia<\/b>, principalmente se combinado com prote\u00ednas e gorduras boas.<\/p>\n\n\n<div class=\"wp-block-image\">\n<figure class=\"aligncenter size-full\"><img decoding=\"async\" width=\"1280\" height=\"720\" src=\"https:\/\/www.correiobraziliense.com.br\/cbradar\/wp-content\/uploads\/2026\/03\/Cuscuz_1772806786153.jpg\" alt=\"\" class=\"wp-image-204018\" srcset=\"https:\/\/www.correiobraziliense.com.br\/cbradar\/wp-content\/uploads\/2026\/03\/Cuscuz_1772806786153.jpg 1280w, https:\/\/www.correiobraziliense.com.br\/cbradar\/wp-content\/uploads\/2026\/03\/Cuscuz_1772806786153-300x169.jpg 300w, https:\/\/www.correiobraziliense.com.br\/cbradar\/wp-content\/uploads\/2026\/03\/Cuscuz_1772806786153-768x432.jpg 768w, https:\/\/www.correiobraziliense.com.br\/cbradar\/wp-content\/uploads\/2026\/03\/Cuscuz_1772806786153-750x422.jpg 750w, https:\/\/www.correiobraziliense.com.br\/cbradar\/wp-content\/uploads\/2026\/03\/Cuscuz_1772806786153-1140x641.jpg 1140w\" sizes=\"(max-width: 1280px) 100vw, 1280px\" \/><figcaption class=\"wp-element-caption\">A principal caracter\u00edstica do cuscuz \u00e9 o fornecimento de energia por meio dos carboidratos, que s\u00e3o o \u201ccombust\u00edvel\u201d b\u00e1sico do corpo &#8211; Cr\u00e9ditos: depositphotos.com \/ salmassara<\/figcaption><\/figure><\/div>\n\n\n<p>Leia tamb\u00e9m:&nbsp;<a href=\"https:\/\/www.correiobraziliense.com.br\/cbradar\/alimento-de-sabor-intenso-e-natural-que-pode-ajudar-na-pressao-colesterol-e-saude-das-arterias\/\" target=\"_blank\" rel=\"noopener\">Alimento de sabor intenso e natural que pode ajudar na press\u00e3o, colesterol e sa\u00fade das art\u00e9rias<\/a><\/p>\n\n\n\n<h2 class=\"wp-block-heading\">Quais s\u00e3o os principais nutrientes do cuscuz de milho<\/h2>\n\n\n\n<p>O cuscuz de milho re\u00fane nutrientes importantes para o dia a dia, como <b>carboidratos<\/b>, um pouco de <b>prote\u00ednas<\/b>, vitaminas do complexo B e minerais como ferro e magn\u00e9sio. Em compara\u00e7\u00e3o com p\u00e3o franc\u00eas ou biscoitos muito refinados, muitas vezes ele tem menos gordura e <b>s\u00f3dio<\/b>, dependendo do modo de preparo.<\/p>\n\n\n\n<p>O que voc\u00ea coloca junto com o <b>cuscuz<\/b> faz toda a diferen\u00e7a na qualidade da refei\u00e7\u00e3o. Exagerar em margarina, embutidos ou queijos gordurosos aumenta bastante as calorias e a <b>gordura<\/b> saturada. J\u00e1 combina\u00e7\u00f5es com <b>ovos<\/b>, frango desfiado, queijos magros, legumes ou verduras deixam o prato mais equilibrado, com boa mistura de energia, prote\u00ednas e micronutrientes.<\/p>\n\n\n\n<h2 class=\"wp-block-heading\">Como incluir o cuscuz na alimenta\u00e7\u00e3o do dia a dia<\/h2>\n\n\n\n<p>O <b>cuscuz<\/b> pode entrar em diferentes refei\u00e7\u00f5es, adaptando-se \u00e0 sua rotina e ao seu objetivo, seja ganhar <b>energia<\/b>, manter o peso ou apenas variar o card\u00e1pio. No caf\u00e9 da manh\u00e3, costuma ser feito no vapor, s\u00f3 com \u00e1gua e sal, e acompanhado de ovos mexidos, queijo fresco ou <b>frutas<\/b>; no almo\u00e7o e jantar, pode ganhar carnes magras, leguminosas como feij\u00e3o e saladas, formando um prato mais completo. Se voc\u00ea gosta de ouvir especialistas, separamos esse v\u00eddeo do <a href=\"https:\/\/www.youtube.com\/@DayanSiebra\">Dayan Siebra<\/a> mostrando com mais detalhes os benef\u00edcios do cuscuz:<\/p>\n\n\n\n<figure class=\"wp-block-embed is-type-video is-provider-youtube wp-block-embed-youtube wp-embed-aspect-16-9 wp-has-aspect-ratio\"><div class=\"wp-block-embed__wrapper\">\n<div class=\"jeg_video_container jeg_video_content\"><iframe loading=\"lazy\" title=\"OBTENHA TODOS OS BENEF\u00cdCIOS DO CUSCUZ DE FORMA SIMPLES  | Dr Dayan Siebra\" width=\"500\" height=\"281\" src=\"https:\/\/www.youtube.com\/embed\/mMLV4Un3Njk?feature=oembed\" frameborder=\"0\" allow=\"accelerometer; autoplay; clipboard-write; encrypted-media; gyroscope; picture-in-picture; web-share\" referrerpolicy=\"strict-origin-when-cross-origin\" allowfullscreen><\/iframe><\/div>\n<\/div><\/figure>\n\n\n\n<p>Para facilitar a organiza\u00e7\u00e3o das refei\u00e7\u00f5es e variar o uso do <b>cuscuz<\/b> ao longo do dia, veja algumas formas pr\u00e1ticas de inclu\u00ed-lo no <b>card\u00e1pio<\/b>:<\/p>\n\n\n\n<ul class=\"wp-block-list\">\n<li><b>Caf\u00e9<\/b> da manh\u00e3 com cuscuz de milho, ovo mexido e uma <b>fruta<\/b> da esta\u00e7\u00e3o;<\/li>\n\n\n\n<li>Lanche da tarde com <b>cuscuz<\/b> recheado com frango desfiado e <b>legumes<\/b>;<\/li>\n\n\n\n<li>Almo\u00e7o com cuscuz, <b>feij\u00e3o<\/b>, salada variada e uma por\u00e7\u00e3o de carne <b>magra<\/b>;<\/li>\n\n\n\n<li>Vers\u00e3o doce, preparada com pouco <b>a\u00e7\u00facar<\/b> e combinada com <b>frutas<\/b>, em ocasi\u00f5es pontuais.<\/li>\n<\/ul>\n\n\n\n<h2 class=\"wp-block-heading\">Tabela nutricional do cuscuz de milho cozido por 100 g<\/h2>\n\n\n\n<p>Os valores abaixo s\u00e3o aproximados e podem mudar conforme a marca, o tipo de <b>milho<\/b> e o modo de <b>preparo<\/b>, principalmente se forem adicionados \u00f3leos, manteiga ou outros ingredientes. Ainda assim, eles ajudam a ter uma ideia geral do que o cuscuz oferece em termos de <b>energia<\/b> e nutrientes.<\/p>\n\n\n\n<figure class=\"wp-block-table\"><table class=\"has-fixed-layout\"><tbody><tr><th>Componente<\/th><th>Quantidade aproximada por 100 g<\/th><\/tr><tr><td><b>Energia<\/b><\/td><td>110 a 130 <b>kcal<\/b><\/td><\/tr><tr><td><b>Carboidratos<\/b><\/td><td>23 a 28 <b>g<\/b><\/td><\/tr><tr><td><b>Prote\u00ednas<\/b><\/td><td>2,5 a 4 <b>g<\/b><\/td><\/tr><tr><td>Gorduras totais<\/td><td>0,5 a 1,5 <b>g<\/b><\/td><\/tr><tr><td><b>Fibras<\/b><\/td><td>1,5 a 3 <b>g<\/b><\/td><\/tr><tr><td><b>S\u00f3dio<\/b><\/td><td>0 a 5 mg (sem sal no <b>preparo<\/b>)<\/td><\/tr><tr><td><b>C\u00e1lcio<\/b><\/td><td>2 a 5 <b>mg<\/b><\/td><\/tr><tr><td><b>Ferro<\/b><\/td><td>0,3 a 0,8 <b>mg<\/b><\/td><\/tr><tr><td><b>Magn\u00e9sio<\/b><\/td><td>8 a 15 <b>mg<\/b><\/td><\/tr><tr><td>Vitaminas do complexo B<\/td><td>Pequenas quantidades de <b>B1<\/b>, B2, B3 e <b>B6<\/b><\/td><\/tr><\/tbody><\/table><\/figure>\n\n\n\n<h2 class=\"wp-block-heading\">Quais cuidados e combina\u00e7\u00f5es melhoram o aproveitamento do cuscuz<\/h2>\n\n\n\n<p>Para que o <b>cuscuz<\/b> realmente ajude na <b>energia<\/b> ao longo do dia, vale ter alguns cuidados simples. Um deles \u00e9 n\u00e3o exagerar na quantidade, principalmente \u00e0 noite, j\u00e1 que muitas pessoas n\u00e3o precisam de tanto carboidrato perto da hora de dormir. Outro ponto \u00e9 maneirar no <b>sal<\/b>, na manteiga e em outras gorduras durante o preparo.<\/p>\n\n\n\n<p>Combina\u00e7\u00f5es equilibradas costumam incluir fontes de <b>prote\u00edna<\/b> e <b>fibras<\/b>, como ovos, queijos brancos, feij\u00e3o, gr\u00e3o-de-bico, vegetais refogados ou saladas frescas. Assim, o cuscuz deixa de ser apenas um carboidrato e passa a compor uma refei\u00e7\u00e3o mais completa, mantendo o v\u00ednculo com a comida <b>tradicional<\/b>, acess\u00edvel e aconchegante, mas alinhada a uma rotina alimentar variada e bem <b>organizada<\/b>.<\/p>\n","protected":false},"excerpt":{"rendered":"<p>Voc\u00ea j\u00e1 acordou com aquela fome e pensou em algo r\u00e1pido, gostoso e que sustentasse de verdade? Em muitas casas brasileiras, o cuscuz cumpre exatamente esse papel: simples de fazer, vers\u00e1til e cheio de mem\u00f3rias afetivas, ele combina tradi\u00e7\u00e3o com um bom aporte de energia para o dia a dia. Cuscuz fornece energia e ajuda [&hellip;]<\/p>\n","protected":false},"author":9,"featured_media":204246,"comment_status":"open","ping_status":"open","sticky":false,"template":"","format":"standard","meta":{"_yoast_wpseo_focuskw":"cuscuz","_yoast_wpseo_title":"","_yoast_wpseo_metadesc":"Um prato simples e tradicional pode ajudar na energia do dia e ainda combinar com v\u00e1rias op\u00e7\u00f5es no caf\u00e9 da manh\u00e3.","jnews-multi-image_gallery":[],"jnews_single_post":{"format":"standard"},"jnews_primary_category":[],"jnews_social_meta":[],"jnews_override_counter":[],"footnotes":""},"categories":[119,4404],"post_tag":[15812,4284,14271],"class_list":["post-203889","post","type-post","status-publish","format-standard","has-post-thumbnail","hentry","category-bem-estar","category-saude","tag-beneficios-do-cuscuz","tag-cuscuz","tag-supercarboidrato"],"yoast_head":"<!-- This site is optimized with the Yoast SEO plugin v24.6 - https:\/\/yoast.com\/wordpress\/plugins\/seo\/ -->\n<title>O caf\u00e9 da manh\u00e3 simples que muita gente usa para ter mais energia no dia - Correio Braziliense - Radar<\/title>\n<meta name=\"description\" content=\"Um prato simples e tradicional pode ajudar na energia do dia e ainda combinar com v\u00e1rias op\u00e7\u00f5es no caf\u00e9 da manh\u00e3.\" \/>\n<meta name=\"robots\" content=\"index, follow, max-snippet:-1, max-image-preview:large, max-video-preview:-1\" \/>\n<link rel=\"canonical\" href=\"https:\/\/www.correiobraziliense.com.br\/cbradar\/o-cafe-da-manha-simples-que-muita-gente-usa-para-ter-mais-energia-no-dia\/\" \/>\n<meta property=\"og:locale\" content=\"pt_BR\" \/>\n<meta property=\"og:type\" content=\"article\" \/>\n<meta property=\"og:title\" content=\"O caf\u00e9 da manh\u00e3 simples que muita gente usa para ter mais energia no dia - Correio Braziliense - Radar\" \/>\n<meta property=\"og:description\" content=\"Um prato simples e tradicional pode ajudar na energia do dia e ainda combinar com v\u00e1rias op\u00e7\u00f5es no caf\u00e9 da manh\u00e3.\" \/>\n<meta property=\"og:url\" content=\"https:\/\/www.correiobraziliense.com.br\/cbradar\/o-cafe-da-manha-simples-que-muita-gente-usa-para-ter-mais-energia-no-dia\/\" \/>\n<meta property=\"og:site_name\" content=\"Correio Braziliense - Radar\" \/>\n<meta property=\"article:published_time\" content=\"2026-03-08T01:35:38+00:00\" \/>\n<meta property=\"og:image\" content=\"https:\/\/www.correiobraziliense.com.br\/cbradar\/wp-content\/uploads\/2026\/03\/freepik__prato-com-cuscuz-de-milho-amarelo-recmpreparado-no__21221.jpeg\" \/>\n\t<meta property=\"og:image:width\" content=\"1280\" \/>\n\t<meta property=\"og:image:height\" content=\"720\" \/>\n\t<meta property=\"og:image:type\" content=\"image\/jpeg\" \/>\n<meta name=\"author\" content=\"Daniely Cardoso\" \/>\n<meta name=\"twitter:card\" content=\"summary_large_image\" \/>\n<meta name=\"twitter:label1\" content=\"Escrito por\" \/>\n\t<meta name=\"twitter:data1\" content=\"Daniely Cardoso\" \/>\n\t<meta name=\"twitter:label2\" content=\"Est. tempo de leitura\" \/>\n\t<meta name=\"twitter:data2\" content=\"5 minutos\" \/>\n<!-- \/ Yoast SEO plugin. -->","yoast_head_json":{"title":"O caf\u00e9 da manh\u00e3 simples que muita gente usa para ter mais energia no dia - Correio Braziliense - Radar","description":"Um prato simples e tradicional pode ajudar na energia do dia e ainda combinar com v\u00e1rias op\u00e7\u00f5es no caf\u00e9 da manh\u00e3.","robots":{"index":"index","follow":"follow","max-snippet":"max-snippet:-1","max-image-preview":"max-image-preview:large","max-video-preview":"max-video-preview:-1"},"canonical":"https:\/\/www.correiobraziliense.com.br\/cbradar\/o-cafe-da-manha-simples-que-muita-gente-usa-para-ter-mais-energia-no-dia\/","og_locale":"pt_BR","og_type":"article","og_title":"O caf\u00e9 da manh\u00e3 simples que muita gente usa para ter mais energia no dia - Correio Braziliense - Radar","og_description":"Um prato simples e tradicional pode ajudar na energia do dia e ainda combinar com v\u00e1rias op\u00e7\u00f5es no caf\u00e9 da manh\u00e3.","og_url":"https:\/\/www.correiobraziliense.com.br\/cbradar\/o-cafe-da-manha-simples-que-muita-gente-usa-para-ter-mais-energia-no-dia\/","og_site_name":"Correio Braziliense - Radar","article_published_time":"2026-03-08T01:35:38+00:00","og_image":[{"width":1280,"height":720,"url":"https:\/\/www.correiobraziliense.com.br\/cbradar\/wp-content\/uploads\/2026\/03\/freepik__prato-com-cuscuz-de-milho-amarelo-recmpreparado-no__21221.jpeg","type":"image\/jpeg"}],"author":"Daniely Cardoso","twitter_card":"summary_large_image","twitter_misc":{"Escrito por":"Daniely Cardoso","Est. tempo de leitura":"5 minutos"},"schema":{"@context":"https:\/\/schema.org","@graph":[{"@type":"WebPage","@id":"https:\/\/www.correiobraziliense.com.br\/cbradar\/o-cafe-da-manha-simples-que-muita-gente-usa-para-ter-mais-energia-no-dia\/","url":"https:\/\/www.correiobraziliense.com.br\/cbradar\/o-cafe-da-manha-simples-que-muita-gente-usa-para-ter-mais-energia-no-dia\/","name":"O caf\u00e9 da manh\u00e3 simples que muita gente usa para ter mais energia no dia - Correio Braziliense - Radar","isPartOf":{"@id":"https:\/\/www.correiobraziliense.com.br\/cbradar\/#website"},"primaryImageOfPage":{"@id":"https:\/\/www.correiobraziliense.com.br\/cbradar\/o-cafe-da-manha-simples-que-muita-gente-usa-para-ter-mais-energia-no-dia\/#primaryimage"},"image":{"@id":"https:\/\/www.correiobraziliense.com.br\/cbradar\/o-cafe-da-manha-simples-que-muita-gente-usa-para-ter-mais-energia-no-dia\/#primaryimage"},"thumbnailUrl":"https:\/\/www.correiobraziliense.com.br\/cbradar\/wp-content\/uploads\/2026\/03\/freepik__prato-com-cuscuz-de-milho-amarelo-recmpreparado-no__21221.jpeg","datePublished":"2026-03-08T01:35:38+00:00","author":{"@id":"https:\/\/www.correiobraziliense.com.br\/cbradar\/#\/schema\/person\/7356666e12ec0ee53f348ee5db227032"},"description":"Um prato simples e tradicional pode ajudar na energia do dia e ainda combinar com v\u00e1rias op\u00e7\u00f5es no caf\u00e9 da manh\u00e3.","breadcrumb":{"@id":"https:\/\/www.correiobraziliense.com.br\/cbradar\/o-cafe-da-manha-simples-que-muita-gente-usa-para-ter-mais-energia-no-dia\/#breadcrumb"},"inLanguage":"pt-BR","potentialAction":[{"@type":"ReadAction","target":["https:\/\/www.correiobraziliense.com.br\/cbradar\/o-cafe-da-manha-simples-que-muita-gente-usa-para-ter-mais-energia-no-dia\/"]}]},{"@type":"ImageObject","inLanguage":"pt-BR","@id":"https:\/\/www.correiobraziliense.com.br\/cbradar\/o-cafe-da-manha-simples-que-muita-gente-usa-para-ter-mais-energia-no-dia\/#primaryimage","url":"https:\/\/www.correiobraziliense.com.br\/cbradar\/wp-content\/uploads\/2026\/03\/freepik__prato-com-cuscuz-de-milho-amarelo-recmpreparado-no__21221.jpeg","contentUrl":"https:\/\/www.correiobraziliense.com.br\/cbradar\/wp-content\/uploads\/2026\/03\/freepik__prato-com-cuscuz-de-milho-amarelo-recmpreparado-no__21221.jpeg","width":1280,"height":720,"caption":"O cuscuz brasileiro \u00e9 geralmente feito com flocos de milho hidratados e cozidos no vapor"},{"@type":"BreadcrumbList","@id":"https:\/\/www.correiobraziliense.com.br\/cbradar\/o-cafe-da-manha-simples-que-muita-gente-usa-para-ter-mais-energia-no-dia\/#breadcrumb","itemListElement":[{"@type":"ListItem","position":1,"name":"In\u00edcio","item":"https:\/\/www.correiobraziliense.com.br\/cbradar\/"},{"@type":"ListItem","position":2,"name":"O caf\u00e9 da manh\u00e3 simples que muita gente usa para ter mais energia no dia"}]},{"@type":"WebSite","@id":"https:\/\/www.correiobraziliense.com.br\/cbradar\/#website","url":"https:\/\/www.correiobraziliense.com.br\/cbradar\/","name":"Correio Braziliense - Radar","description":"Acompanhe as \u00faltimas not\u00edcias e fique bem informado sobre tudo o que acontece no Brasil e no mundo.","potentialAction":[{"@type":"SearchAction","target":{"@type":"EntryPoint","urlTemplate":"https:\/\/www.correiobraziliense.com.br\/cbradar\/?s={search_term_string}"},"query-input":{"@type":"PropertyValueSpecification","valueRequired":true,"valueName":"search_term_string"}}],"inLanguage":"pt-BR"},{"@type":"Person","@id":"https:\/\/www.correiobraziliense.com.br\/cbradar\/#\/schema\/person\/7356666e12ec0ee53f348ee5db227032","name":"Daniely Cardoso","image":{"@type":"ImageObject","inLanguage":"pt-BR","@id":"https:\/\/www.correiobraziliense.com.br\/cbradar\/#\/schema\/person\/image\/","url":"https:\/\/secure.gravatar.com\/avatar\/4b80ddbd124d1f071b626d52d62e5dff?s=96&d=mm&r=g","contentUrl":"https:\/\/secure.gravatar.com\/avatar\/4b80ddbd124d1f071b626d52d62e5dff?s=96&d=mm&r=g","caption":"Daniely Cardoso"},"description":"Redatora nos portais CB Radar e EM Foco, formada pela Universidade Federal de Goi\u00e1s, em Goi\u00e2nia. Apaixonada por comunica\u00e7\u00e3o, arte, decora\u00e7\u00e3o e tend\u00eancias, atuo na produ\u00e7\u00e3o de conte\u00fados envolventes sobre curiosidades, moda, beleza e paisagismo, sempre com um olhar atento \u00e0s novidades do momento.","sameAs":["https:\/\/www.correiobraziliense.com.br\/cbradar"],"url":"https:\/\/www.correiobraziliense.com.br\/cbradar\/author\/danielymyth\/"}]}},"_links":{"self":[{"href":"https:\/\/www.correiobraziliense.com.br\/cbradar\/wp-json\/wp\/v2\/posts\/203889","targetHints":{"allow":["GET"]}}],"collection":[{"href":"https:\/\/www.correiobraziliense.com.br\/cbradar\/wp-json\/wp\/v2\/posts"}],"about":[{"href":"https:\/\/www.correiobraziliense.com.br\/cbradar\/wp-json\/wp\/v2\/types\/post"}],"author":[{"embeddable":true,"href":"https:\/\/www.correiobraziliense.com.br\/cbradar\/wp-json\/wp\/v2\/users\/9"}],"replies":[{"embeddable":true,"href":"https:\/\/www.correiobraziliense.com.br\/cbradar\/wp-json\/wp\/v2\/comments?post=203889"}],"version-history":[{"count":2,"href":"https:\/\/www.correiobraziliense.com.br\/cbradar\/wp-json\/wp\/v2\/posts\/203889\/revisions"}],"predecessor-version":[{"id":204021,"href":"https:\/\/www.correiobraziliense.com.br\/cbradar\/wp-json\/wp\/v2\/posts\/203889\/revisions\/204021"}],"wp:featuredmedia":[{"embeddable":true,"href":"https:\/\/www.correiobraziliense.com.br\/cbradar\/wp-json\/wp\/v2\/media\/204246"}],"wp:attachment":[{"href":"https:\/\/www.correiobraziliense.com.br\/cbradar\/wp-json\/wp\/v2\/media?parent=203889"}],"wp:term":[{"taxonomy":"category","embeddable":true,"href":"https:\/\/www.correiobraziliense.com.br\/cbradar\/wp-json\/wp\/v2\/categories?post=203889"},{"taxonomy":"post_tag","embeddable":true,"href":"https:\/\/www.correiobraziliense.com.br\/cbradar\/wp-json\/wp\/v2\/post_tag?post=203889"}],"curies":[{"name":"wp","href":"https:\/\/api.w.org\/{rel}","templated":true}]}}