{"id":203954,"date":"2026-03-07T20:15:00","date_gmt":"2026-03-07T23:15:00","guid":{"rendered":"https:\/\/www.correiobraziliense.com.br\/cbradar\/?p=203954"},"modified":"2026-03-06T14:51:28","modified_gmt":"2026-03-06T17:51:28","slug":"por-que-a-atemoia-pode-ser-uma-otima-fruta-para-incluir-na-alimentacao","status":"publish","type":"post","link":"https:\/\/www.correiobraziliense.com.br\/cbradar\/por-que-a-atemoia-pode-ser-uma-otima-fruta-para-incluir-na-alimentacao\/","title":{"rendered":"Por que a atem\u00f3ia pode ser uma \u00f3tima fruta para incluir na alimenta\u00e7\u00e3o"},"content":{"rendered":"\n<p>Incluir frutas h\u00edbridas e altamente energ\u00e9ticas na sua rotina alimentar \u00e9 uma das decis\u00f5es mais inteligentes para quem busca otimizar a performance f\u00edsica e o vigor celular. A <strong>atem\u00f3ia<\/strong> se destaca como um superalimento funcional, oferecendo uma densidade de <strong>carboidratos saud\u00e1veis<\/strong> e minerais essenciais que fortalecem o organismo naturalmente em todo o territ\u00f3rio nacional. Entender essas propriedades nutritivas ajuda voc\u00ea a transformar sua disposi\u00e7\u00e3o di\u00e1ria.<\/p>\n\n\n\n<h2 class=\"wp-block-heading\">Por que a atem\u00f3ia \u00e9 considerada a fonte de energia ideal para o seu dia?<\/h2>\n\n\n\n<p>Para muitos brasileiros que enfrentam rotinas de alta performance, a atem\u00f3ia representa o desejo de alcan\u00e7ar um <strong>aporte energ\u00e9tico imediato<\/strong> sem recorrer a produtos ultraprocessados. A alta concentra\u00e7\u00e3o de a\u00e7\u00facares naturais e carboidratos de boa qualidade na polpa cria um impacto positivo na resist\u00eancia muscular, conferindo um vigor que se destaca em treinos intensos ou jornadas de trabalho exigentes futuramente.<\/p>\n\n\n\n<p>A versatilidade desta fruta permite o consumo <em>in natura<\/em> ou em mousses funcionais, adaptando-se perfeitamente aos diferentes protocolos de nutri\u00e7\u00e3o esportiva presentes na nossa cultura diversa agora. Optar por essa inclus\u00e3o garante que os n\u00edveis de <strong>glicog\u00eanio<\/strong> sejam repostos de maneira eficiente, evitando a fadiga precoce e garantindo uma performance f\u00edsica superior ao longo de toda a vida ativa atual de forma muito pr\u00e1tica.<\/p>\n\n\n\n<figure class=\"wp-block-image size-full\"><img decoding=\"async\" width=\"1280\" height=\"720\" src=\"https:\/\/www.correiobraziliense.com.br\/cbradar\/wp-content\/uploads\/2026\/03\/Gemini_Generated_Image_bgpew5bgpew5bgpe-1-1.png\" alt=\"Por que a atem\u00f3ia pode ser uma \u00f3tima fruta para incluir na alimenta\u00e7\u00e3o\" class=\"wp-image-203969\" srcset=\"https:\/\/www.correiobraziliense.com.br\/cbradar\/wp-content\/uploads\/2026\/03\/Gemini_Generated_Image_bgpew5bgpew5bgpe-1-1.png 1280w, https:\/\/www.correiobraziliense.com.br\/cbradar\/wp-content\/uploads\/2026\/03\/Gemini_Generated_Image_bgpew5bgpew5bgpe-1-1-300x169.png 300w, https:\/\/www.correiobraziliense.com.br\/cbradar\/wp-content\/uploads\/2026\/03\/Gemini_Generated_Image_bgpew5bgpew5bgpe-1-1-768x432.png 768w, https:\/\/www.correiobraziliense.com.br\/cbradar\/wp-content\/uploads\/2026\/03\/Gemini_Generated_Image_bgpew5bgpew5bgpe-1-1-750x422.png 750w, https:\/\/www.correiobraziliense.com.br\/cbradar\/wp-content\/uploads\/2026\/03\/Gemini_Generated_Image_bgpew5bgpew5bgpe-1-1-1140x641.png 1140w\" sizes=\"(max-width: 1280px) 100vw, 1280px\" \/><figcaption class=\"wp-element-caption\">A atem\u00f3ia \u00e9 uma fruta tropical rica em fibras, pot\u00e1ssio e antioxidantes que pode ajudar na digest\u00e3o<\/figcaption><\/figure>\n\n\n\n<h2 class=\"wp-block-heading\">Quais s\u00e3o os segredos do pot\u00e1ssio para o seu equil\u00edbrio cardiovascular?<\/h2>\n\n\n\n<p>Explorar a composi\u00e7\u00e3o mineral da atem\u00f3ia revela conex\u00f5es profundas com o controle da <strong>press\u00e3o arterial<\/strong> e a sa\u00fade do m\u00fasculo card\u00edaco que atravessam as recomenda\u00e7\u00f5es m\u00e9dicas mais modernas hoje. A fruta \u00e9 uma fonte riqu\u00edssima de <strong>pot\u00e1ssio<\/strong>, oferecendo um suporte mineral extremamente positivo para contrabalan\u00e7ar os efeitos do excesso de s\u00f3dio e prevenir eventos hipertensivos. Compreender esses mecanismos biol\u00f3gicos permite escolhas alimentares conscientes e muito precisas agora.<\/p>\n\n\n\n<p>A presen\u00e7a de antioxidantes potentes na polpa auxilia no combate aos radicais livres que podem prejudicar a elasticidade das art\u00e9rias vitais por todo o pa\u00eds. Investigar o potencial integral do alimento ajuda a evitar o desgaste cardiovascular precoce e garante que voc\u00ea receba todos os benef\u00edcios funcionais dispon\u00edveis em contextos de dietas equilibradas e focadas na <strong>longevidade saud\u00e1vel<\/strong> hoje em dia.<\/p>\n\n\n\n<h2 class=\"wp-block-heading\">Como encontrar o equil\u00edbrio entre o sabor doce e o controle do peso?<\/h2>\n\n\n\n<p>A an\u00e1lise das tend\u00eancias nutricionais atuais mostra a atem\u00f3ia como uma aliada estrat\u00e9gica para quem busca reduzir o consumo de doces industriais por todo o territ\u00f3rio nacional. Essa busca por saciedade atrav\u00e9s do sabor doce natural reflete o desejo de utilizar o alimento como um suporte metab\u00f3lico, promovendo o prazer gastron\u00f4mico sem perder a qualidade nutricional necess\u00e1ria para uma silhueta saud\u00e1vel hoje.<\/p>\n\n\n\n<p>Confira a lista abaixo:<\/p>\n\n\n\n<ul class=\"wp-block-list\">\n<li><strong>Fonte de energia r\u00e1pida<\/strong> ideal para atletas e profissionais ativos.<\/li>\n\n\n\n<li><strong>Melhora o tr\u00e2nsito intestinal<\/strong> devido ao alto teor de fibras sol\u00faveis.<\/li>\n\n\n\n<li><strong>Auxilia no controle da press\u00e3o<\/strong> arterial atrav\u00e9s da riqueza em pot\u00e1ssio.<\/li>\n\n\n\n<li><strong>Fortalece a imunidade<\/strong> com compostos antioxidantes e Vitamina C.<\/li>\n\n\n\n<li><strong>Promove a saciedade<\/strong> auxiliando no gerenciamento do apetite de forma natural.<\/li>\n<\/ul>\n\n\n\n<h2 class=\"wp-block-heading\">De que forma a digestibilidade impacta a percep\u00e7\u00e3o do seu bem-estar?<\/h2>\n\n\n\n<p>Testar a inclus\u00e3o desta fruta na dieta ajuda a identificar uma melhora vis\u00edvel no <strong>funcionamento digestivo<\/strong>, combatendo a constipa\u00e7\u00e3o de forma suave e natural. O ritmo de absor\u00e7\u00e3o de suas fibras deve ser respeitado, garantindo que a digest\u00e3o seja sempre agrad\u00e1vel e funcional para o seu metabolismo atual. Ter um sistema digestivo regulado \u00e9 a base fundamental para uma imunidade sempre alta e resistente agora.<\/p>\n\n\n\n<p>Considerar o consumo moderado evita picos insul\u00ednicos desnecess\u00e1rios em planos de emagrecimento limitados no futuro pr\u00f3ximo, proporcionando um <strong>suporte glic\u00eamico<\/strong> organizado. A textura cremosa da polpa harmoniza perfeitamente com rotinas de alimenta\u00e7\u00e3o limpa, equilibrando a experi\u00eancia sensorial com resultados biol\u00f3gicos reais e sustent\u00e1veis hoje para quem busca performance e prazer.<\/p>\n\n\n\n<p>No v\u00eddeo abaixo do TikTok <strong><em>Julioluchmann<\/em><\/strong>, que conta com mais de <strong><em>1.7 milh\u00e3o <\/em><\/strong>de seguidores, ele cita os benef\u00edcios da atem\u00f3ia na alimenta\u00e7\u00e3o:<\/p>\n\n\n\n<blockquote class=\"tiktok-embed\" cite=\"https:\/\/www.tiktok.com\/@julioluchmann\/video\/7216702167669886214\" data-video-id=\"7216702167669886214\" style=\"max-width: 605px;min-width: 325px;\" > <section> <a target=\"_blank\" title=\"@julioluchmann\" href=\"https:\/\/www.tiktok.com\/@julioluchmann?refer=embed\">@julioluchmann<\/a> Dica de fitoterapia para melhorar a energia  <a title=\"energia\" target=\"_blank\" href=\"https:\/\/www.tiktok.com\/tag\/energia?refer=embed\">#energia<\/a> <a title=\"atemoia\" target=\"_blank\" href=\"https:\/\/www.tiktok.com\/tag\/atemoia?refer=embed\">#atemoia<\/a> <a title=\"frutodoconde\" target=\"_blank\" href=\"https:\/\/www.tiktok.com\/tag\/frutodoconde?refer=embed\">#frutodoconde<\/a> <a title=\"tiktokreceita\" target=\"_blank\" href=\"https:\/\/www.tiktok.com\/tag\/tiktokreceita?refer=embed\">#TikTokReceita<\/a> <a title=\"julioluchmann\" target=\"_blank\" href=\"https:\/\/www.tiktok.com\/tag\/julioluchmann?refer=embed\">#julioluchmann<\/a> <a title=\"fitoterapia\" target=\"_blank\" href=\"https:\/\/www.tiktok.com\/tag\/fitoterapia?refer=embed\">#fitoterapia<\/a> <a target=\"_blank\" title=\"\u266c som original - J\u00falio\u2002luchmann\" href=\"https:\/\/www.tiktok.com\/music\/som-original-7216702191426472710?refer=embed\">\u266c som original &#8211; J\u00falio\u2002luchmann<\/a> <\/section> <\/blockquote> <script async src=\"https:\/\/www.tiktok.com\/embed.js\"><\/script>\n\n\n\n<p>Leia tamb\u00e9m:<a href=\"https:\/\/www.correiobraziliense.com.br\/cbradar\/o-que-faz-da-acelga-um-vegetal-cada-vez-mais-presente-em-dietas-saudaveis-e-equilibradas\/\" target=\"_blank\" rel=\"noreferrer noopener\">O que faz da acelga um vegetal cada vez mais presente em dietas saud\u00e1veis e equilibradas<\/a><\/p>\n\n\n\n<h2 class=\"wp-block-heading\">O que a ci\u00eancia agr\u00edcola e nutricional revela sobre a excel\u00eancia nacional?<\/h2>\n\n\n\n<p>Consultar levantamentos t\u00e9cnicos reais permite entender como o cultivo da atem\u00f3ia no Brasil se tornou uma refer\u00eancia de qualidade nutricional e sabor superior. Acompanhar as pesquisas cient\u00edficas ajuda a prever novas formas de aproveitamento das sementes e da casca, que possuem propriedades que potencializam os benef\u00edcios na sua <strong>prote\u00e7\u00e3o celular<\/strong> a longo prazo. Ter essa informa\u00e7\u00e3o permite refor\u00e7ar a escolha consciente hoje por alimentos da nossa biodiversidade.<\/p>\n\n\n\n<p>Segundo as diretrizes de fruticultura da <strong><a href=\"https:\/\/www.embrapa.br\/en\/busca-de-publicacoes\/-\/publicacao\/859903\/producao-de-frutas-de-clima-temperado-no-semiarido-brasileiro\" target=\"_blank\" rel=\"noreferrer noopener\">Embrapa<\/a><\/strong>, o Brasil possui condi\u00e7\u00f5es ideais para a produ\u00e7\u00e3o de frutos com alta densidade de nutrientes. Utilizar refer\u00eancias oficiais garante que a decis\u00e3o alimentar seja pautada em fatos t\u00e9cnicos concretos, fundamentando a <strong>estrat\u00e9gia nutricional perfeita<\/strong> para o seu corpo agora de forma plena e extremamente segura.<\/p>\n","protected":false},"excerpt":{"rendered":"<p>Incluir frutas h\u00edbridas e altamente energ\u00e9ticas na sua rotina alimentar \u00e9 uma das decis\u00f5es mais inteligentes para quem busca otimizar a performance f\u00edsica e o vigor celular. A atem\u00f3ia se destaca como um superalimento funcional, oferecendo uma densidade de carboidratos saud\u00e1veis e minerais essenciais que fortalecem o organismo naturalmente em todo o territ\u00f3rio nacional. Entender [&hellip;]<\/p>\n","protected":false},"author":21,"featured_media":203967,"comment_status":"open","ping_status":"open","sticky":false,"template":"","format":"standard","meta":{"_yoast_wpseo_focuskw":"benef\u00edcios da atem\u00f3ia","_yoast_wpseo_title":"","_yoast_wpseo_metadesc":"A atem\u00f3ia \u00e9 uma fruta tropical rica que pode ajudar na digest\u00e3o, fornecer energia natural e contribuir para a sa\u00fade","jnews-multi-image_gallery":[],"jnews_single_post":{"format":"standard"},"jnews_primary_category":[],"jnews_social_meta":[],"jnews_override_counter":[],"footnotes":""},"categories":[119],"tags":[281,12538,615,1318],"class_list":["post-203954","post","type-post","status-publish","format-standard","has-post-thumbnail","hentry","category-bem-estar","tag-alimentacao","tag-atemoia-2","tag-fruta","tag-saude-2"],"yoast_head":"<!-- This site is optimized with the Yoast SEO plugin v24.6 - https:\/\/yoast.com\/wordpress\/plugins\/seo\/ -->\n<title>Por que a atem\u00f3ia pode ser uma \u00f3tima fruta para incluir na alimenta\u00e7\u00e3o - Correio Braziliense - Radar<\/title>\n<meta name=\"description\" content=\"A atem\u00f3ia \u00e9 uma fruta tropical rica que pode ajudar na digest\u00e3o, fornecer energia natural e contribuir para a sa\u00fade\" \/>\n<meta name=\"robots\" content=\"index, follow, max-snippet:-1, max-image-preview:large, max-video-preview:-1\" \/>\n<link rel=\"canonical\" href=\"https:\/\/www.correiobraziliense.com.br\/cbradar\/por-que-a-atemoia-pode-ser-uma-otima-fruta-para-incluir-na-alimentacao\/\" \/>\n<meta property=\"og:locale\" content=\"pt_BR\" \/>\n<meta property=\"og:type\" content=\"article\" \/>\n<meta property=\"og:title\" content=\"Por que a atem\u00f3ia pode ser uma \u00f3tima fruta para incluir na alimenta\u00e7\u00e3o - Correio Braziliense - Radar\" \/>\n<meta property=\"og:description\" content=\"A atem\u00f3ia \u00e9 uma fruta tropical rica que pode ajudar na digest\u00e3o, fornecer energia natural e contribuir para a sa\u00fade\" \/>\n<meta property=\"og:url\" content=\"https:\/\/www.correiobraziliense.com.br\/cbradar\/por-que-a-atemoia-pode-ser-uma-otima-fruta-para-incluir-na-alimentacao\/\" \/>\n<meta property=\"og:site_name\" content=\"Correio Braziliense - Radar\" \/>\n<meta property=\"article:published_time\" content=\"2026-03-07T23:15:00+00:00\" \/>\n<meta property=\"og:image\" content=\"https:\/\/www.correiobraziliense.com.br\/cbradar\/wp-content\/uploads\/2026\/03\/Gemini_Generated_Image_7uevug7uevug7uev-1-1.png\" \/>\n\t<meta property=\"og:image:width\" content=\"1280\" \/>\n\t<meta property=\"og:image:height\" content=\"720\" \/>\n\t<meta property=\"og:image:type\" content=\"image\/png\" \/>\n<meta name=\"author\" content=\"Patrick Silva\" \/>\n<meta name=\"twitter:card\" content=\"summary_large_image\" \/>\n<meta name=\"twitter:label1\" content=\"Escrito por\" \/>\n\t<meta name=\"twitter:data1\" content=\"Patrick Silva\" \/>\n\t<meta name=\"twitter:label2\" content=\"Est. tempo de leitura\" \/>\n\t<meta name=\"twitter:data2\" content=\"5 minutos\" \/>\n<!-- \/ Yoast SEO plugin. -->","yoast_head_json":{"title":"Por que a atem\u00f3ia pode ser uma \u00f3tima fruta para incluir na alimenta\u00e7\u00e3o - Correio Braziliense - Radar","description":"A atem\u00f3ia \u00e9 uma fruta tropical rica que pode ajudar na digest\u00e3o, fornecer energia natural e contribuir para a sa\u00fade","robots":{"index":"index","follow":"follow","max-snippet":"max-snippet:-1","max-image-preview":"max-image-preview:large","max-video-preview":"max-video-preview:-1"},"canonical":"https:\/\/www.correiobraziliense.com.br\/cbradar\/por-que-a-atemoia-pode-ser-uma-otima-fruta-para-incluir-na-alimentacao\/","og_locale":"pt_BR","og_type":"article","og_title":"Por que a atem\u00f3ia pode ser uma \u00f3tima fruta para incluir na alimenta\u00e7\u00e3o - Correio Braziliense - Radar","og_description":"A atem\u00f3ia \u00e9 uma fruta tropical rica que pode ajudar na digest\u00e3o, fornecer energia natural e contribuir para a sa\u00fade","og_url":"https:\/\/www.correiobraziliense.com.br\/cbradar\/por-que-a-atemoia-pode-ser-uma-otima-fruta-para-incluir-na-alimentacao\/","og_site_name":"Correio Braziliense - Radar","article_published_time":"2026-03-07T23:15:00+00:00","og_image":[{"width":1280,"height":720,"url":"https:\/\/www.correiobraziliense.com.br\/cbradar\/wp-content\/uploads\/2026\/03\/Gemini_Generated_Image_7uevug7uevug7uev-1-1.png","type":"image\/png"}],"author":"Patrick Silva","twitter_card":"summary_large_image","twitter_misc":{"Escrito por":"Patrick Silva","Est. tempo de leitura":"5 minutos"},"schema":{"@context":"https:\/\/schema.org","@graph":[{"@type":"WebPage","@id":"https:\/\/www.correiobraziliense.com.br\/cbradar\/por-que-a-atemoia-pode-ser-uma-otima-fruta-para-incluir-na-alimentacao\/","url":"https:\/\/www.correiobraziliense.com.br\/cbradar\/por-que-a-atemoia-pode-ser-uma-otima-fruta-para-incluir-na-alimentacao\/","name":"Por que a atem\u00f3ia pode ser uma \u00f3tima fruta para incluir na alimenta\u00e7\u00e3o - Correio Braziliense - Radar","isPartOf":{"@id":"https:\/\/www.correiobraziliense.com.br\/cbradar\/#website"},"primaryImageOfPage":{"@id":"https:\/\/www.correiobraziliense.com.br\/cbradar\/por-que-a-atemoia-pode-ser-uma-otima-fruta-para-incluir-na-alimentacao\/#primaryimage"},"image":{"@id":"https:\/\/www.correiobraziliense.com.br\/cbradar\/por-que-a-atemoia-pode-ser-uma-otima-fruta-para-incluir-na-alimentacao\/#primaryimage"},"thumbnailUrl":"https:\/\/www.correiobraziliense.com.br\/cbradar\/wp-content\/uploads\/2026\/03\/Gemini_Generated_Image_7uevug7uevug7uev-1-1.png","datePublished":"2026-03-07T23:15:00+00:00","author":{"@id":"https:\/\/www.correiobraziliense.com.br\/cbradar\/#\/schema\/person\/5440b72be9c7eb74f446c846479dc4da"},"description":"A atem\u00f3ia \u00e9 uma fruta tropical rica que pode ajudar na digest\u00e3o, fornecer energia natural e contribuir para a sa\u00fade","breadcrumb":{"@id":"https:\/\/www.correiobraziliense.com.br\/cbradar\/por-que-a-atemoia-pode-ser-uma-otima-fruta-para-incluir-na-alimentacao\/#breadcrumb"},"inLanguage":"pt-BR","potentialAction":[{"@type":"ReadAction","target":["https:\/\/www.correiobraziliense.com.br\/cbradar\/por-que-a-atemoia-pode-ser-uma-otima-fruta-para-incluir-na-alimentacao\/"]}]},{"@type":"ImageObject","inLanguage":"pt-BR","@id":"https:\/\/www.correiobraziliense.com.br\/cbradar\/por-que-a-atemoia-pode-ser-uma-otima-fruta-para-incluir-na-alimentacao\/#primaryimage","url":"https:\/\/www.correiobraziliense.com.br\/cbradar\/wp-content\/uploads\/2026\/03\/Gemini_Generated_Image_7uevug7uevug7uev-1-1.png","contentUrl":"https:\/\/www.correiobraziliense.com.br\/cbradar\/wp-content\/uploads\/2026\/03\/Gemini_Generated_Image_7uevug7uevug7uev-1-1.png","width":1280,"height":720,"caption":"A atem\u00f3ia \u00e9 uma fruta tropical rica em fibras, pot\u00e1ssio e antioxidantes que pode ajudar na digest\u00e3o"},{"@type":"BreadcrumbList","@id":"https:\/\/www.correiobraziliense.com.br\/cbradar\/por-que-a-atemoia-pode-ser-uma-otima-fruta-para-incluir-na-alimentacao\/#breadcrumb","itemListElement":[{"@type":"ListItem","position":1,"name":"In\u00edcio","item":"https:\/\/www.correiobraziliense.com.br\/cbradar\/"},{"@type":"ListItem","position":2,"name":"Por que a atem\u00f3ia pode ser uma \u00f3tima fruta para incluir na alimenta\u00e7\u00e3o"}]},{"@type":"WebSite","@id":"https:\/\/www.correiobraziliense.com.br\/cbradar\/#website","url":"https:\/\/www.correiobraziliense.com.br\/cbradar\/","name":"Correio Braziliense - Radar","description":"Acompanhe as \u00faltimas not\u00edcias e fique bem informado sobre tudo o que acontece no Brasil e no mundo.","potentialAction":[{"@type":"SearchAction","target":{"@type":"EntryPoint","urlTemplate":"https:\/\/www.correiobraziliense.com.br\/cbradar\/?s={search_term_string}"},"query-input":{"@type":"PropertyValueSpecification","valueRequired":true,"valueName":"search_term_string"}}],"inLanguage":"pt-BR"},{"@type":"Person","@id":"https:\/\/www.correiobraziliense.com.br\/cbradar\/#\/schema\/person\/5440b72be9c7eb74f446c846479dc4da","name":"Patrick Silva","image":{"@type":"ImageObject","inLanguage":"pt-BR","@id":"https:\/\/www.correiobraziliense.com.br\/cbradar\/#\/schema\/person\/image\/","url":"https:\/\/secure.gravatar.com\/avatar\/944109df296fc087785c9715fd5f80b2?s=96&d=mm&r=g","contentUrl":"https:\/\/secure.gravatar.com\/avatar\/944109df296fc087785c9715fd5f80b2?s=96&d=mm&r=g","caption":"Patrick Silva"},"sameAs":["https:\/\/www.correiobraziliense.com.br\/cbradar\/"],"url":"https:\/\/www.correiobraziliense.com.br\/cbradar\/author\/patrick-silva\/"}]}},"_links":{"self":[{"href":"https:\/\/www.correiobraziliense.com.br\/cbradar\/wp-json\/wp\/v2\/posts\/203954","targetHints":{"allow":["GET"]}}],"collection":[{"href":"https:\/\/www.correiobraziliense.com.br\/cbradar\/wp-json\/wp\/v2\/posts"}],"about":[{"href":"https:\/\/www.correiobraziliense.com.br\/cbradar\/wp-json\/wp\/v2\/types\/post"}],"author":[{"embeddable":true,"href":"https:\/\/www.correiobraziliense.com.br\/cbradar\/wp-json\/wp\/v2\/users\/21"}],"replies":[{"embeddable":true,"href":"https:\/\/www.correiobraziliense.com.br\/cbradar\/wp-json\/wp\/v2\/comments?post=203954"}],"version-history":[{"count":2,"href":"https:\/\/www.correiobraziliense.com.br\/cbradar\/wp-json\/wp\/v2\/posts\/203954\/revisions"}],"predecessor-version":[{"id":204216,"href":"https:\/\/www.correiobraziliense.com.br\/cbradar\/wp-json\/wp\/v2\/posts\/203954\/revisions\/204216"}],"wp:featuredmedia":[{"embeddable":true,"href":"https:\/\/www.correiobraziliense.com.br\/cbradar\/wp-json\/wp\/v2\/media\/203967"}],"wp:attachment":[{"href":"https:\/\/www.correiobraziliense.com.br\/cbradar\/wp-json\/wp\/v2\/media?parent=203954"}],"wp:term":[{"taxonomy":"category","embeddable":true,"href":"https:\/\/www.correiobraziliense.com.br\/cbradar\/wp-json\/wp\/v2\/categories?post=203954"},{"taxonomy":"post_tag","embeddable":true,"href":"https:\/\/www.correiobraziliense.com.br\/cbradar\/wp-json\/wp\/v2\/tags?post=203954"}],"curies":[{"name":"wp","href":"https:\/\/api.w.org\/{rel}","templated":true}]}}