{"id":203968,"date":"2026-03-07T22:05:00","date_gmt":"2026-03-08T01:05:00","guid":{"rendered":"https:\/\/www.correiobraziliense.com.br\/cbradar\/?p=203968"},"modified":"2026-03-06T11:05:24","modified_gmt":"2026-03-06T14:05:24","slug":"segundo-a-psicologia-pessoas-que-gostam-de-passar-tempo-sozinhas-frequentemente-desenvolvem-uma-forte-autonomia-emocional","status":"publish","type":"post","link":"https:\/\/www.correiobraziliense.com.br\/cbradar\/segundo-a-psicologia-pessoas-que-gostam-de-passar-tempo-sozinhas-frequentemente-desenvolvem-uma-forte-autonomia-emocional\/","title":{"rendered":"Segundo a psicologia, pessoas que gostam de passar tempo sozinhas frequentemente desenvolvem uma forte autonomia emocional"},"content":{"rendered":"\n<p>Aprender a desfrutar da pr\u00f3pria companhia \u00e9 um marco decisivo para o amadurecimento psicol\u00f3gico e a constru\u00e7\u00e3o de uma identidade s\u00f3lida. Indiv\u00edduos que apreciam momentos de solitude costumam desenvolver mecanismos internos que fortalecem a resili\u00eancia e a autossufici\u00eancia. Esse comportamento promove um mergulho profundo no autoconhecimento, essencial para enfrentar adversidades da vida.<\/p>\n\n\n\n<h2 class=\"wp-block-heading\">Por que o sil\u00eancio ajuda na regula\u00e7\u00e3o dos sentimentos?<\/h2>\n\n\n\n<p>Estar sozinho permite que o c\u00e9rebro processe emo\u00e7\u00f5es complexas sem a interfer\u00eancia constante de opini\u00f5es externas ou julgamentos sociais. Esse tempo de introspec\u00e7\u00e3o \u00e9 fundamental para identificar gatilhos mentais e compreender as ra\u00edzes de frustra\u00e7\u00f5es passageiras. <strong>Autonomia emocional<\/strong> surge quando deixamos de depender da valida\u00e7\u00e3o alheia para nos sentirmos seguros e plenamente equilibrados no cotidiano.<\/p>\n\n\n\n<p>A solitude oferece o espa\u00e7o necess\u00e1rio para que a mente organize pensamentos ca\u00f3ticos e recupere a energia vital gasta em intera\u00e7\u00f5es desgastantes. Ao cultivar esse h\u00e1bito, a pessoa aprende a validar seus pr\u00f3prios sentimentos de forma independente e muito mais assertiva. <strong>Estabilidade interna<\/strong> \u00e9 o resultado direto de um di\u00e1logo honesto mantido consigo mesmo durante os per\u00edodos de isolamento.<\/p>\n\n\n<div class=\"wp-block-image\">\n<figure class=\"aligncenter size-full\"><img decoding=\"async\" width=\"1280\" height=\"720\" src=\"https:\/\/www.correiobraziliense.com.br\/cbradar\/wp-content\/uploads\/2026\/03\/Gemini_Generated_Image_gqcijdgqcijdgqci-1-1.png\" alt=\"Segundo a psicologia, pessoas que gostam de passar tempo sozinhas frequentemente desenvolvem uma forte autonomia emocional\" class=\"wp-image-203981\" srcset=\"https:\/\/www.correiobraziliense.com.br\/cbradar\/wp-content\/uploads\/2026\/03\/Gemini_Generated_Image_gqcijdgqcijdgqci-1-1.png 1280w, https:\/\/www.correiobraziliense.com.br\/cbradar\/wp-content\/uploads\/2026\/03\/Gemini_Generated_Image_gqcijdgqcijdgqci-1-1-300x169.png 300w, https:\/\/www.correiobraziliense.com.br\/cbradar\/wp-content\/uploads\/2026\/03\/Gemini_Generated_Image_gqcijdgqcijdgqci-1-1-768x432.png 768w, https:\/\/www.correiobraziliense.com.br\/cbradar\/wp-content\/uploads\/2026\/03\/Gemini_Generated_Image_gqcijdgqcijdgqci-1-1-750x422.png 750w, https:\/\/www.correiobraziliense.com.br\/cbradar\/wp-content\/uploads\/2026\/03\/Gemini_Generated_Image_gqcijdgqcijdgqci-1-1-1140x641.png 1140w\" sizes=\"(max-width: 1280px) 100vw, 1280px\" \/><figcaption class=\"wp-element-caption\">Gostar da pr\u00f3pria companhia pode revelar maturidade emocional e forte autoconhecimento mental<\/figcaption><\/figure><\/div>\n\n\n<h2 class=\"wp-block-heading\">Como a solitude molda a autoconfian\u00e7a individual?<\/h2>\n\n\n\n<p>Pessoas solit\u00e1rias por escolha costumam tomar decis\u00f5es baseadas em seus pr\u00f3prios valores internos, ignorando press\u00f5es grupais que podem ser prejudiciais. Essa independ\u00eancia decis\u00f3ria fortalece a autoconfian\u00e7a, pois o indiv\u00edduo percebe que \u00e9 perfeitamente capaz de guiar o seu pr\u00f3prio destino. <strong>Seguran\u00e7a pessoal<\/strong> cresce \u00e0 medida que os sucessos s\u00e3o alcan\u00e7ados atrav\u00e9s de esfor\u00e7os puramente individuais e conscientes todos os dias.<\/p>\n\n\n\n<p>O enfrentamento de desafios sem suporte imediato de terceiros cria uma casca de resili\u00eancia que protege a sa\u00fade mental a longo prazo. Quem aprecia o tempo a s\u00f3s desenvolve uma percep\u00e7\u00e3o mais clara de suas compet\u00eancias e limites reais. <strong>Amadurecimento <\/strong><a href=\"https:\/\/www.correiobraziliense.com.br\/cbradar\/segundo-a-psicologia-pessoas-que-tem-poucos-amigos-verdadeiramente-proximos-muitas-vezes-aprendem-a-ser-independentes-muito-cedo\/\" target=\"_blank\" rel=\"noreferrer noopener\"><strong>psicol\u00f3gico<\/strong> <\/a>acontece quando o sil\u00eancio deixa de ser assustador para se tornar um aliado poderoso em sua jornada.<\/p>\n\n\n\n<h2 class=\"wp-block-heading\">Quais s\u00e3o as vantagens competitivas da mente solit\u00e1ria?<\/h2>\n\n\n\n<p>A capacidade de concentra\u00e7\u00e3o profunda \u00e9 muito superior em indiv\u00edduos que n\u00e3o temem o isolamento tempor\u00e1rio para realizar tarefas complexas e exigentes. Esse foco inabal\u00e1vel permite a resolu\u00e7\u00e3o de problemas de forma criativa, destacando a pessoa em ambientes profissionais muito competitivos e din\u00e2micos. <strong>Criatividade produtiva<\/strong> floresce quando a mente est\u00e1 livre de distra\u00e7\u00f5es sociais. Confira a lista abaixo:<\/p>\n\n\n\n<ul class=\"wp-block-list\">\n<li>Maior capacidade de observa\u00e7\u00e3o detalhada.<\/li>\n\n\n\n<li>Independ\u00eancia em processos de tomada de decis\u00e3o.<\/li>\n\n\n\n<li>Redu\u00e7\u00e3o dr\u00e1stica na depend\u00eancia de aprova\u00e7\u00e3o.<\/li>\n\n\n\n<li>Aumento significativo da criatividade individual pura.<\/li>\n<\/ul>\n\n\n\n<h2 class=\"wp-block-heading\">O que as pesquisas dizem sobre a solitude saud\u00e1vel?<\/h2>\n\n\n\n<p>Estudos indicam que a solitude volunt\u00e1ria est\u00e1 correlacionada com n\u00edveis mais altos de bem-estar e menor propens\u00e3o \u00e0 depress\u00e3o em adultos. Diferente do isolamento for\u00e7ado, a escolha deliberada por ficar sozinho promove o crescimento pessoal e a autoaceita\u00e7\u00e3o profunda. <strong>Bem-estar subjetivo<\/strong> depende da qualidade da rela\u00e7\u00e3o que cada ser humano mant\u00e9m com seu pr\u00f3prio mundo interior privado e secreto.<\/p>\n\n\n\n<p>Segundo dados da <strong><a target=\"_blank\" rel=\"noreferrer noopener\" href=\"https:\/\/www.google.com\/search?q=https:\/\/www.bps.org.uk\/psychologist\/benefits-solitude\">British Psychological Society<\/a><\/strong>, a solitude produtiva \u00e9 essencial para a inova\u00e7\u00e3o e para o desenvolvimento de uma lideran\u00e7a emp\u00e1tica e muito resiliente. Esses par\u00e2metros cient\u00edficos validam o comportamento de quem prefere o sil\u00eancio para recarregar as energias e planejar o futuro. <strong>Desenvolvimento humano<\/strong> \u00e9 potencializado pela capacidade de estar bem sem intera\u00e7\u00f5es sociais obrigat\u00f3rias.<\/p>\n\n\n\n<p>A depress\u00e3o n\u00e3o afeta apenas o estado emocional; ela pode impactar diversas fun\u00e7\u00f5es do organismo, influenciando sono, energia, imunidade e at\u00e9 o metabolismo. Compreender essa dimens\u00e3o amplia a forma de encarar o tratamento. No conte\u00fado do <strong>PodPeople &#8211; Ana Beatriz Barbosa<\/strong>, com 4,58 milh\u00f5es de inscritos, voc\u00ea entende melhor:<\/p>\n\n\n\n<iframe loading=\"lazy\" width=\"459\" height=\"816\" src=\"https:\/\/www.youtube.com\/embed\/LXttytORl7Q\" title=\"A depress\u00e3o \u00e9 uma doen\u00e7a do organismo inteiro | ANA BEATRIZ  #shorts\" frameborder=\"0\" allow=\"accelerometer; autoplay; clipboard-write; encrypted-media; gyroscope; picture-in-picture; web-share\" referrerpolicy=\"strict-origin-when-cross-origin\" allowfullscreen><\/iframe>\n\n\n\n<h2 class=\"wp-block-heading\">O isolamento volunt\u00e1rio pode reduzir o estresse social?<\/h2>\n\n\n\n<p>Evitar a exposi\u00e7\u00e3o constante ao ru\u00eddo social previne o esgotamento mental causado pela necessidade de manter apar\u00eancias ou agradar a todos. O tempo a s\u00f3s atua como uma desintoxica\u00e7\u00e3o emocional necess\u00e1ria para restaurar a clareza de pensamento e a paz interior. <strong>Paz de esp\u00edrito<\/strong> \u00e9 alcan\u00e7ada quando reconhecemos que a solitude n\u00e3o \u00e9 sin\u00f4nimo de solid\u00e3o indesejada ou sofrimento.<\/p>\n\n\n\n<p>O controle sobre o pr\u00f3prio ambiente e ritmo de vida diminui a sensa\u00e7\u00e3o de press\u00e3o externa que gera ansiedade cr\u00f4nica severa. Ao escolher momentos de recolhimento, o indiv\u00edduo estabelece limites saud\u00e1veis que protegem sua energia mental contra invas\u00f5es desnecess\u00e1rias. <strong>Sa\u00fade mental preservada<\/strong> \u00e9 o benef\u00edcio mais vis\u00edvel de quem sabe desfrutar da pr\u00f3pria companhia sem medos bobos ou inseguran\u00e7as.<\/p>\n","protected":false},"excerpt":{"rendered":"<p>Aprender a desfrutar da pr\u00f3pria companhia \u00e9 um marco decisivo para o amadurecimento psicol\u00f3gico e a constru\u00e7\u00e3o de uma identidade s\u00f3lida. Indiv\u00edduos que apreciam momentos de solitude costumam desenvolver mecanismos internos que fortalecem a resili\u00eancia e a autossufici\u00eancia. Esse comportamento promove um mergulho profundo no autoconhecimento, essencial para enfrentar adversidades da vida. Por que o [&hellip;]<\/p>\n","protected":false},"author":21,"featured_media":203985,"comment_status":"open","ping_status":"open","sticky":false,"template":"","format":"standard","meta":{"_yoast_wpseo_focuskw":"psicologia de quem gosta de ficar sozinho por escolha","_yoast_wpseo_title":"","_yoast_wpseo_metadesc":"Gostar da pr\u00f3pria companhia pode revelar tra\u00e7os psicol\u00f3gicos ligados \u00e0 maturidade emocional, foco e independ\u00eancia que poucos","jnews-multi-image_gallery":[],"jnews_single_post":{"format":"standard"},"jnews_primary_category":[],"jnews_social_meta":[],"jnews_override_counter":[],"footnotes":""},"categories":[112],"post_tag":[15820,404,10437],"class_list":["post-203968","post","type-post","status-publish","format-standard","has-post-thumbnail","hentry","category-curiosidades","tag-autonomia-emocional","tag-psicologia","tag-sentimentos"],"yoast_head":"<!-- This site is optimized with the Yoast SEO plugin v24.6 - https:\/\/yoast.com\/wordpress\/plugins\/seo\/ -->\n<title>Segundo a psicologia, pessoas que gostam de passar tempo sozinhas frequentemente desenvolvem uma forte autonomia emocional - Correio Braziliense - Radar<\/title>\n<meta name=\"description\" content=\"Gostar da pr\u00f3pria companhia pode revelar tra\u00e7os psicol\u00f3gicos ligados \u00e0 maturidade emocional, foco e independ\u00eancia que poucos\" \/>\n<meta name=\"robots\" content=\"index, follow, max-snippet:-1, max-image-preview:large, max-video-preview:-1\" \/>\n<link rel=\"canonical\" href=\"https:\/\/www.correiobraziliense.com.br\/cbradar\/segundo-a-psicologia-pessoas-que-gostam-de-passar-tempo-sozinhas-frequentemente-desenvolvem-uma-forte-autonomia-emocional\/\" \/>\n<meta property=\"og:locale\" content=\"pt_BR\" \/>\n<meta property=\"og:type\" content=\"article\" \/>\n<meta property=\"og:title\" content=\"Segundo a psicologia, pessoas que gostam de passar tempo sozinhas frequentemente desenvolvem uma forte autonomia emocional - Correio Braziliense - Radar\" \/>\n<meta property=\"og:description\" content=\"Gostar da pr\u00f3pria companhia pode revelar tra\u00e7os psicol\u00f3gicos ligados \u00e0 maturidade emocional, foco e independ\u00eancia que poucos\" \/>\n<meta property=\"og:url\" content=\"https:\/\/www.correiobraziliense.com.br\/cbradar\/segundo-a-psicologia-pessoas-que-gostam-de-passar-tempo-sozinhas-frequentemente-desenvolvem-uma-forte-autonomia-emocional\/\" \/>\n<meta property=\"og:site_name\" content=\"Correio Braziliense - Radar\" \/>\n<meta property=\"article:published_time\" content=\"2026-03-08T01:05:00+00:00\" \/>\n<meta property=\"og:image\" content=\"https:\/\/www.correiobraziliense.com.br\/cbradar\/wp-content\/uploads\/2026\/03\/Gemini_Generated_Image_1zby5g1zby5g1zby-1-1.png\" \/>\n\t<meta property=\"og:image:width\" content=\"1280\" \/>\n\t<meta property=\"og:image:height\" content=\"720\" \/>\n\t<meta property=\"og:image:type\" content=\"image\/png\" \/>\n<meta name=\"author\" content=\"Patrick Silva\" \/>\n<meta name=\"twitter:card\" content=\"summary_large_image\" \/>\n<meta name=\"twitter:label1\" content=\"Escrito por\" \/>\n\t<meta name=\"twitter:data1\" content=\"Patrick Silva\" \/>\n\t<meta name=\"twitter:label2\" content=\"Est. tempo de leitura\" \/>\n\t<meta name=\"twitter:data2\" content=\"5 minutos\" \/>\n<!-- \/ Yoast SEO plugin. -->","yoast_head_json":{"title":"Segundo a psicologia, pessoas que gostam de passar tempo sozinhas frequentemente desenvolvem uma forte autonomia emocional - Correio Braziliense - Radar","description":"Gostar da pr\u00f3pria companhia pode revelar tra\u00e7os psicol\u00f3gicos ligados \u00e0 maturidade emocional, foco e independ\u00eancia que poucos","robots":{"index":"index","follow":"follow","max-snippet":"max-snippet:-1","max-image-preview":"max-image-preview:large","max-video-preview":"max-video-preview:-1"},"canonical":"https:\/\/www.correiobraziliense.com.br\/cbradar\/segundo-a-psicologia-pessoas-que-gostam-de-passar-tempo-sozinhas-frequentemente-desenvolvem-uma-forte-autonomia-emocional\/","og_locale":"pt_BR","og_type":"article","og_title":"Segundo a psicologia, pessoas que gostam de passar tempo sozinhas frequentemente desenvolvem uma forte autonomia emocional - Correio Braziliense - Radar","og_description":"Gostar da pr\u00f3pria companhia pode revelar tra\u00e7os psicol\u00f3gicos ligados \u00e0 maturidade emocional, foco e independ\u00eancia que poucos","og_url":"https:\/\/www.correiobraziliense.com.br\/cbradar\/segundo-a-psicologia-pessoas-que-gostam-de-passar-tempo-sozinhas-frequentemente-desenvolvem-uma-forte-autonomia-emocional\/","og_site_name":"Correio Braziliense - Radar","article_published_time":"2026-03-08T01:05:00+00:00","og_image":[{"width":1280,"height":720,"url":"https:\/\/www.correiobraziliense.com.br\/cbradar\/wp-content\/uploads\/2026\/03\/Gemini_Generated_Image_1zby5g1zby5g1zby-1-1.png","type":"image\/png"}],"author":"Patrick Silva","twitter_card":"summary_large_image","twitter_misc":{"Escrito por":"Patrick Silva","Est. tempo de leitura":"5 minutos"},"schema":{"@context":"https:\/\/schema.org","@graph":[{"@type":"WebPage","@id":"https:\/\/www.correiobraziliense.com.br\/cbradar\/segundo-a-psicologia-pessoas-que-gostam-de-passar-tempo-sozinhas-frequentemente-desenvolvem-uma-forte-autonomia-emocional\/","url":"https:\/\/www.correiobraziliense.com.br\/cbradar\/segundo-a-psicologia-pessoas-que-gostam-de-passar-tempo-sozinhas-frequentemente-desenvolvem-uma-forte-autonomia-emocional\/","name":"Segundo a psicologia, pessoas que gostam de passar tempo sozinhas frequentemente desenvolvem uma forte autonomia emocional - Correio Braziliense - Radar","isPartOf":{"@id":"https:\/\/www.correiobraziliense.com.br\/cbradar\/#website"},"primaryImageOfPage":{"@id":"https:\/\/www.correiobraziliense.com.br\/cbradar\/segundo-a-psicologia-pessoas-que-gostam-de-passar-tempo-sozinhas-frequentemente-desenvolvem-uma-forte-autonomia-emocional\/#primaryimage"},"image":{"@id":"https:\/\/www.correiobraziliense.com.br\/cbradar\/segundo-a-psicologia-pessoas-que-gostam-de-passar-tempo-sozinhas-frequentemente-desenvolvem-uma-forte-autonomia-emocional\/#primaryimage"},"thumbnailUrl":"https:\/\/www.correiobraziliense.com.br\/cbradar\/wp-content\/uploads\/2026\/03\/Gemini_Generated_Image_1zby5g1zby5g1zby-1-1.png","datePublished":"2026-03-08T01:05:00+00:00","author":{"@id":"https:\/\/www.correiobraziliense.com.br\/cbradar\/#\/schema\/person\/5440b72be9c7eb74f446c846479dc4da"},"description":"Gostar da pr\u00f3pria companhia pode revelar tra\u00e7os psicol\u00f3gicos ligados \u00e0 maturidade emocional, foco e independ\u00eancia que poucos","breadcrumb":{"@id":"https:\/\/www.correiobraziliense.com.br\/cbradar\/segundo-a-psicologia-pessoas-que-gostam-de-passar-tempo-sozinhas-frequentemente-desenvolvem-uma-forte-autonomia-emocional\/#breadcrumb"},"inLanguage":"pt-BR","potentialAction":[{"@type":"ReadAction","target":["https:\/\/www.correiobraziliense.com.br\/cbradar\/segundo-a-psicologia-pessoas-que-gostam-de-passar-tempo-sozinhas-frequentemente-desenvolvem-uma-forte-autonomia-emocional\/"]}]},{"@type":"ImageObject","inLanguage":"pt-BR","@id":"https:\/\/www.correiobraziliense.com.br\/cbradar\/segundo-a-psicologia-pessoas-que-gostam-de-passar-tempo-sozinhas-frequentemente-desenvolvem-uma-forte-autonomia-emocional\/#primaryimage","url":"https:\/\/www.correiobraziliense.com.br\/cbradar\/wp-content\/uploads\/2026\/03\/Gemini_Generated_Image_1zby5g1zby5g1zby-1-1.png","contentUrl":"https:\/\/www.correiobraziliense.com.br\/cbradar\/wp-content\/uploads\/2026\/03\/Gemini_Generated_Image_1zby5g1zby5g1zby-1-1.png","width":1280,"height":720,"caption":"Gostar da pr\u00f3pria companhia pode revelar maturidade emocional e forte autoconhecimento mental"},{"@type":"BreadcrumbList","@id":"https:\/\/www.correiobraziliense.com.br\/cbradar\/segundo-a-psicologia-pessoas-que-gostam-de-passar-tempo-sozinhas-frequentemente-desenvolvem-uma-forte-autonomia-emocional\/#breadcrumb","itemListElement":[{"@type":"ListItem","position":1,"name":"In\u00edcio","item":"https:\/\/www.correiobraziliense.com.br\/cbradar\/"},{"@type":"ListItem","position":2,"name":"Segundo a psicologia, pessoas que gostam de passar tempo sozinhas frequentemente desenvolvem uma forte autonomia emocional"}]},{"@type":"WebSite","@id":"https:\/\/www.correiobraziliense.com.br\/cbradar\/#website","url":"https:\/\/www.correiobraziliense.com.br\/cbradar\/","name":"Correio Braziliense - Radar","description":"Acompanhe as \u00faltimas not\u00edcias e fique bem informado sobre tudo o que acontece no Brasil e no mundo.","potentialAction":[{"@type":"SearchAction","target":{"@type":"EntryPoint","urlTemplate":"https:\/\/www.correiobraziliense.com.br\/cbradar\/?s={search_term_string}"},"query-input":{"@type":"PropertyValueSpecification","valueRequired":true,"valueName":"search_term_string"}}],"inLanguage":"pt-BR"},{"@type":"Person","@id":"https:\/\/www.correiobraziliense.com.br\/cbradar\/#\/schema\/person\/5440b72be9c7eb74f446c846479dc4da","name":"Patrick Silva","image":{"@type":"ImageObject","inLanguage":"pt-BR","@id":"https:\/\/www.correiobraziliense.com.br\/cbradar\/#\/schema\/person\/image\/","url":"https:\/\/secure.gravatar.com\/avatar\/944109df296fc087785c9715fd5f80b2?s=96&d=mm&r=g","contentUrl":"https:\/\/secure.gravatar.com\/avatar\/944109df296fc087785c9715fd5f80b2?s=96&d=mm&r=g","caption":"Patrick Silva"},"sameAs":["https:\/\/www.correiobraziliense.com.br\/cbradar\/"],"url":"https:\/\/www.correiobraziliense.com.br\/cbradar\/author\/patrick-silva\/"}]}},"_links":{"self":[{"href":"https:\/\/www.correiobraziliense.com.br\/cbradar\/wp-json\/wp\/v2\/posts\/203968","targetHints":{"allow":["GET"]}}],"collection":[{"href":"https:\/\/www.correiobraziliense.com.br\/cbradar\/wp-json\/wp\/v2\/posts"}],"about":[{"href":"https:\/\/www.correiobraziliense.com.br\/cbradar\/wp-json\/wp\/v2\/types\/post"}],"author":[{"embeddable":true,"href":"https:\/\/www.correiobraziliense.com.br\/cbradar\/wp-json\/wp\/v2\/users\/21"}],"replies":[{"embeddable":true,"href":"https:\/\/www.correiobraziliense.com.br\/cbradar\/wp-json\/wp\/v2\/comments?post=203968"}],"version-history":[{"count":3,"href":"https:\/\/www.correiobraziliense.com.br\/cbradar\/wp-json\/wp\/v2\/posts\/203968\/revisions"}],"predecessor-version":[{"id":203987,"href":"https:\/\/www.correiobraziliense.com.br\/cbradar\/wp-json\/wp\/v2\/posts\/203968\/revisions\/203987"}],"wp:featuredmedia":[{"embeddable":true,"href":"https:\/\/www.correiobraziliense.com.br\/cbradar\/wp-json\/wp\/v2\/media\/203985"}],"wp:attachment":[{"href":"https:\/\/www.correiobraziliense.com.br\/cbradar\/wp-json\/wp\/v2\/media?parent=203968"}],"wp:term":[{"taxonomy":"category","embeddable":true,"href":"https:\/\/www.correiobraziliense.com.br\/cbradar\/wp-json\/wp\/v2\/categories?post=203968"},{"taxonomy":"post_tag","embeddable":true,"href":"https:\/\/www.correiobraziliense.com.br\/cbradar\/wp-json\/wp\/v2\/post_tag?post=203968"}],"curies":[{"name":"wp","href":"https:\/\/api.w.org\/{rel}","templated":true}]}}