{"id":203992,"date":"2026-03-07T07:45:00","date_gmt":"2026-03-07T10:45:00","guid":{"rendered":"https:\/\/www.correiobraziliense.com.br\/cbradar\/?p=203992"},"modified":"2026-03-06T11:10:44","modified_gmt":"2026-03-06T14:10:44","slug":"exercicios-simples-que-ajudam-a-reduzir-flacidez-nos-bracos-apos-os-60","status":"publish","type":"post","link":"https:\/\/www.correiobraziliense.com.br\/cbradar\/exercicios-simples-que-ajudam-a-reduzir-flacidez-nos-bracos-apos-os-60\/","title":{"rendered":"Exerc\u00edcios simples que ajudam a reduzir flacidez nos bra\u00e7os ap\u00f3s os 60"},"content":{"rendered":"\n<p>\u00c0 medida que a idade avan\u00e7a, muitos indiv\u00edduos acima dos 60 anos enfrentam o desafio da flacidez nos bra\u00e7os, resultado da redu\u00e7\u00e3o da elasticidade da pele e da diminui\u00e7\u00e3o da massa muscular. No entanto, \u00e9 poss\u00edvel atenuar esses efeitos com exerc\u00edcios simples, feitos em casa, sem necessidade de equipamentos complexos, desde que haja regularidade, aten\u00e7\u00e3o \u00e0 postura e, quando poss\u00edvel, orienta\u00e7\u00e3o profissional.<\/p>\n\n\n\n<h2 class=\"wp-block-heading\">Por que a perda de m\u00fasculo afeta tanto os bra\u00e7os ap\u00f3s os 60 anos?<\/h2>\n\n\n\n<p>A partir dos 30 anos, inicia-se uma perda progressiva de massa muscular que se acelera ap\u00f3s os 60 anos, ficando evidente especialmente nos bra\u00e7os, onde o tr\u00edceps perde volume e firmeza. Um estilo de vida sedent\u00e1rio, dietas inadequadas e baixa ingest\u00e3o de prote\u00ednas podem agravar essa condi\u00e7\u00e3o, tornando essencial um esfor\u00e7o consciente para movimentar e fortalecer essa regi\u00e3o.<\/p>\n\n\n\n<p>Al\u00e9m da est\u00e9tica, manter os bra\u00e7os fortes contribui para atividades do dia a dia, como carregar compras, apoiar-se para levantar de cadeiras e evitar quedas. Por isso, associar exerc\u00edcios de for\u00e7a com um padr\u00e3o alimentar equilibrado \u00e9 uma estrat\u00e9gia importante para preservar autonomia e qualidade de vida na terceira idade.<\/p>\n\n\n\n<p>Para compreender melhor como prevenir a <strong>Sarcopenia<\/strong>, assista ao v\u00eddeo a seguir, no qual o m\u00e9dico <strong>Dr. Juliano Teles<\/strong> explica o assunto de forma clara e did\u00e1tica em seu canal no YouTube.<\/p>\n\n\n\n<iframe loading=\"lazy\" width=\"1396\" height=\"785\" src=\"https:\/\/www.youtube.com\/embed\/hjizmoS8fic\" title=\"Como evitar a perda de massa muscular | Dr Juliano Teles\" frameborder=\"0\" allow=\"accelerometer; autoplay; clipboard-write; encrypted-media; gyroscope; picture-in-picture; web-share\" referrerpolicy=\"strict-origin-when-cross-origin\" allowfullscreen><\/iframe>\n\n\n\n<h2 class=\"wp-block-heading\">Por que exerc\u00edcios de resist\u00eancia s\u00e3o ideais para idosos?<\/h2>\n\n\n\n<p>Exerc\u00edcios de resist\u00eancia t\u00eam sido amplamente validados como interven\u00e7\u00e3o eficaz contra a perda muscular em idosos, ajudando a preservar for\u00e7a e massa magra. <a href=\"https:\/\/pubmed.ncbi.nlm.nih.gov\/37057640\/\" target=\"_blank\" rel=\"noreferrer noopener\">Estudos indicam<\/a> que essas atividades, com ou sem suplementa\u00e7\u00e3o nutricional, promovem ganhos funcionais importantes, melhorando a capacidade de realizar tarefas cotidianas com seguran\u00e7a.<\/p>\n\n\n\n<p>Quando combinados com movimentos de equil\u00edbrio e atividades aer\u00f3bicas leves, como caminhadas, os exerc\u00edcios de resist\u00eancia oferecem um condicionamento f\u00edsico mais completo. Essa combina\u00e7\u00e3o reduz o risco de quedas, melhora a sa\u00fade cardiovascular e contribui para maior independ\u00eancia no dia a dia, mesmo em idades avan\u00e7adas.<\/p>\n\n\n\n<h2 class=\"wp-block-heading\">Quais exerc\u00edcios simples podem ser feitos em casa?<\/h2>\n\n\n\n<p>O fortalecimento dos bra\u00e7os n\u00e3o requer aparelhos sofisticados; o pr\u00f3prio peso do corpo ou itens comuns, como garrafas de \u00e1gua e faixas el\u00e1sticas, podem ser muito eficazes. A seguir, alguns exerc\u00edcios recomendados para trabalhar bra\u00e7os e ombros de forma segura, sempre respeitando limites individuais e come\u00e7ando com cargas leves.<\/p>\n\n\n\n<style>\n  .make-wrap{\n    max-width: 760px;\n    margin: 26px auto;\n    padding: 18px;\n    border-radius: 18px;\n    background: linear-gradient(135deg,#fff7fb 0%,#f6f2ff 100%);\n    border: 1px solid #f7d4ea;\n    box-shadow: 0 8px 20px rgba(236,72,153,.12);\n    font-family: system-ui, -apple-system, Segoe UI, Roboto, Helvetica, Arial, sans-serif;\n  }\n\n  .make-title{\n    display:flex; \n    align-items:center; \n    gap:10px;\n    margin:0 0 12px 4px;\n    font-size:1.2rem; \n    font-weight:900; \n    color:#9d174d;\n  }\n\n  .make-table{\n    width:100%;\n    border-collapse:separate;\n    border-spacing:0;\n    overflow:hidden;\n    border-radius:16px;\n    border:1px solid #f7d4ea;\n    background:#fff;\n    font-size:.92rem;\n  }\n\n  .make-table thead th{\n    background:linear-gradient(90deg,#fde7f3 0%,#f8e9ff 100%);\n    padding:12px;\n    color:#7a1e63;\n    font-weight:800;\n    text-align:left;\n    border-bottom:1px solid #f7d4ea;\n  }\n\n  .make-table tbody td{\n    padding:12px;\n    color:#374151;\n    vertical-align:top;\n    border-bottom:1px dashed #f7d4ea;\n  }\n\n  .make-table tbody tr:nth-child(odd){\n    background:#fffaff;\n  }\n\n  .price{\n    display:inline-flex;\n    align-items:center;\n    background:#fff7ed;\n    color:#b45309;\n    padding:6px 10px;\n    border-radius:10px;\n    border:1px solid #fed7aa;\n    font-weight:700;\n    white-space:nowrap;\n  }\n\n  .badge{\n    display:inline-block;\n    background:#fde7f3;\n    color:#c026d3;\n    border:1px solid #fecdd3;\n    padding:4px 10px;\n    border-radius:999px;\n    font-weight:700;\n    font-size:.78rem;\n  }\n\n  @media (max-width:720px){\n    .make-table thead{display:none}\n    .make-table, .make-table tbody, .make-table tr, .make-table td{\n      display:block; \n      width:100%;\n    }\n    .make-table tr{\n      margin-bottom:12px;\n      border:1px solid #f7d4ea;\n      border-radius:14px;\n      overflow:hidden;\n      background:#fff;\n    }\n    .make-table td[data-label]:before{\n      content:attr(data-label);\n      display:block;\n      font-weight:800;\n      color:#7a1e63;\n      margin-bottom:4px;\n    }\n    .make-table tbody td:last-child{border-bottom:none}\n  }\n<\/style>\n\n<div class=\"make-wrap\">\n  <h3 class=\"make-title\">\ud83d\udcaa\u2728 Exerc\u00edcios Simples para Fortalecer os Bra\u00e7os<\/h3>\n\n  <table class=\"make-table\">\n    <thead>\n      <tr>\n        <th>Exerc\u00edcio<\/th>\n        <th>Como Fazer<\/th>\n        <th>Benef\u00edcio<\/th>\n      <\/tr>\n    <\/thead>\n    <tbody>\n      <tr>\n        <td data-label=\"Exerc\u00edcio\"><span class=\"badge\">Flex\u00e3o de parede<\/span><\/td>\n        <td data-label=\"Como Fazer\">Realizada apoiando as m\u00e3os na parede e flexionando os bra\u00e7os, mantendo o corpo alinhado.<\/td>\n        <td data-label=\"Benef\u00edcio\">Fortalece peito e tr\u00edceps sem sobrecarregar as articula\u00e7\u00f5es.<\/td>\n      <\/tr>\n      <tr>\n        <td data-label=\"Exerc\u00edcio\"><span class=\"badge\">Tr\u00edceps com garrafa<\/span><\/td>\n        <td data-label=\"Como Fazer\">Utilize uma garrafa de \u00e1gua como peso, estendendo o bra\u00e7o para trabalhar a parte posterior.<\/td>\n        <td data-label=\"Benef\u00edcio\">Foca na regi\u00e3o de tr\u00e1s do bra\u00e7o, ajudando na tonifica\u00e7\u00e3o.<\/td>\n      <\/tr>\n      <tr>\n        <td data-label=\"Exerc\u00edcio\"><span class=\"badge\">Rosca com faixa el\u00e1stica<\/span><\/td>\n        <td data-label=\"Como Fazer\">Segure a faixa el\u00e1stica e flexione os bra\u00e7os puxando-a para cima.<\/td>\n        <td data-label=\"Benef\u00edcio\">Trabalha a parte frontal do bra\u00e7o e ajuda a construir for\u00e7a gradualmente.<\/td>\n      <\/tr>\n      <tr>\n        <td data-label=\"Exerc\u00edcio\"><span class=\"badge\">Eleva\u00e7\u00e3o lateral<\/span><\/td>\n        <td data-label=\"Como Fazer\">Levante pesos leves lateralmente at\u00e9 a altura dos ombros.<\/td>\n        <td data-label=\"Benef\u00edcio\">Tonifica os ombros e melhora a estabilidade dos bra\u00e7os.<\/td>\n      <\/tr>\n    <\/tbody>\n  <\/table>\n\n  <p style=\"margin-top:14px; color:#6b7280; font-size:.9rem;\">\n    \ud83d\udca1 <strong>Dica:<\/strong> Use pesos leves e movimentos controlados para melhorar a for\u00e7a e evitar sobrecarga nas articula\u00e7\u00f5es.\n  <\/p>\n<\/div>\n\n\n\n\n<h2 class=\"wp-block-heading\">Como construir uma rotina eficaz e segura?<\/h2>\n\n\n\n<p>Para alcan\u00e7ar bons resultados, \u00e9 importante adotar uma pr\u00e1tica regular e progressiva, com treinos de 2 a 3 vezes por semana e pausas adequadas para recupera\u00e7\u00e3o. Realizar de dois a tr\u00eas conjuntos de 10 a 15 repeti\u00e7\u00f5es por exerc\u00edcio ajuda a incrementar a for\u00e7a ao longo do tempo, desde que os movimentos sejam feitos com controle e boa postura.<\/p>\n\n\n\n<p>Um aquecimento pr\u00e9vio de cerca de cinco minutos, com movimentos suaves dos ombros e cotovelos, prepara o corpo para o esfor\u00e7o e reduz o risco de les\u00f5es. Controlar a respira\u00e7\u00e3o \u00e9 igualmente importante: expire ao realizar o esfor\u00e7o e inspire ao retornar \u00e0 posi\u00e7\u00e3o inicial; em caso de dor intensa em articula\u00e7\u00f5es, interrompa o exerc\u00edcio e busque orienta\u00e7\u00e3o profissional.<\/p>\n\n\n<div class=\"wp-block-image\">\n<figure class=\"aligncenter size-large\"><img decoding=\"async\" width=\"1024\" height=\"576\" src=\"https:\/\/www.correiobraziliense.com.br\/cbradar\/wp-content\/uploads\/2025\/07\/Flacidez-_1753717581277-1024x576.jpg\" alt=\"\" class=\"wp-image-76832\" srcset=\"https:\/\/www.correiobraziliense.com.br\/cbradar\/wp-content\/uploads\/2025\/07\/Flacidez-_1753717581277-1024x576.jpg 1024w, https:\/\/www.correiobraziliense.com.br\/cbradar\/wp-content\/uploads\/2025\/07\/Flacidez-_1753717581277-300x169.jpg 300w, https:\/\/www.correiobraziliense.com.br\/cbradar\/wp-content\/uploads\/2025\/07\/Flacidez-_1753717581277-768x432.jpg 768w, https:\/\/www.correiobraziliense.com.br\/cbradar\/wp-content\/uploads\/2025\/07\/Flacidez-_1753717581277-750x422.jpg 750w, https:\/\/www.correiobraziliense.com.br\/cbradar\/wp-content\/uploads\/2025\/07\/Flacidez-_1753717581277-1140x641.jpg 1140w, https:\/\/www.correiobraziliense.com.br\/cbradar\/wp-content\/uploads\/2025\/07\/Flacidez-_1753717581277.jpg 1280w\" sizes=\"(max-width: 1024px) 100vw, 1024px\" \/><figcaption class=\"wp-element-caption\">Os melhores exerc\u00edcios para bra\u00e7os firmes ap\u00f3s os 60 anos &#8211; Cr\u00e9ditos: depositphotos.com \/ liza5450<\/figcaption><\/figure><\/div>\n\n\n<h2 class=\"wp-block-heading\">Quando \u00e9 importante consultar um profissional de sa\u00fade?<\/h2>\n\n\n\n<p>Consultar um m\u00e9dico antes de iniciar qualquer novo regime de exerc\u00edcios \u00e9 recomend\u00e1vel para pessoas acima dos 60 anos, especialmente quando h\u00e1 hist\u00f3rico de problemas card\u00edacos, hipertens\u00e3o descontrolada ou dores cr\u00f4nicas. Esse cuidado permite identificar limita\u00e7\u00f5es individuais e ajustar o n\u00edvel de esfor\u00e7o de forma segura.<\/p>\n\n\n\n<p>Para quem tem condi\u00e7\u00f5es preexistentes, como artrite ou osteoporose, a avalia\u00e7\u00e3o de um fisioterapeuta ou educador f\u00edsico pode ajudar a adaptar os exerc\u00edcios \u00e0s necessidades espec\u00edficas. Com uma abordagem bem planejada, \u00e9 poss\u00edvel fortalecer os bra\u00e7os, aumentar a mobilidade e a confian\u00e7a, mostrando que a idade n\u00e3o impede uma vida ativa e saud\u00e1vel.<\/p>\n\n\n<a href=\"https:\/\/www.instagram.com\/dra.annaluisabf\/\" target=\"_blank\" rel=\"noopener\" style=\"text-decoration: none; color: inherit;\">\n    <span style=\"display: inline-block; border: 1px solid #ccc; border-radius: 10px; padding: 15px; max-width: 550px; font-family: sans-serif; box-shadow: 0 2px 5px rgba(0,0,0,0.1); width: 100%;\">\n\n      <!-- T\u00edtulo -->\n      <span style=\"display: block; margin: 0 0 15px 0; font-weight: bold; color: #2c3e50; text-align: center;\">\n        Entre em contato:\n      <\/span>\n\n      <!-- Linha do perfil -->\n      <span style=\"display: flex; align-items: center; gap: 15px;\">\n        <img decoding=\"async\"\n          src=\"https:\/\/www.correiobraziliense.com.br\/cbradar\/wp-content\/uploads\/2025\/08\/dra_anna_luisa.jpeg\"\n          alt=\"Foto da Dra. Anna Lu\u00edsa\"\n          style=\"border-radius: 50%; width: 80px; height: 80px; object-fit: cover;\"\n        \/>\n        <span style=\"display: flex; flex-direction: column;\">\n          <span style=\"font-size: 18px; font-weight: 700; color: #2c3e50;\">Dra. Anna Lu\u00edsa Barbosa Fernandes<\/span>\n          <span style=\"color: #555;\">CRM-GO 33.271<\/span>\n        <\/span>\n      <\/span>\n\n      <!-- Redes -->\n      <span style=\"display: flex; align-items: center; gap: 10px; margin-top: 12px;\">\n        <img decoding=\"async\" src=\"https:\/\/cdn-icons-png.flaticon.com\/24\/1384\/1384063.png\" alt=\"Instagram\" width=\"24\" height=\"24\" \/>\n        <span style=\"text-decoration: underline; color: #2c3e50;\">@dra.annaluisabf<\/span>\n      <\/span>\n\n    <\/span>\n  <\/a>","protected":false},"excerpt":{"rendered":"<p>\u00c0 medida que a idade avan\u00e7a, muitos indiv\u00edduos acima dos 60 anos enfrentam o desafio da flacidez nos bra\u00e7os, resultado da redu\u00e7\u00e3o da elasticidade da pele e da diminui\u00e7\u00e3o da massa muscular. No entanto, \u00e9 poss\u00edvel atenuar esses efeitos com exerc\u00edcios simples, feitos em casa, sem necessidade de equipamentos complexos, desde que haja regularidade, aten\u00e7\u00e3o [&hellip;]<\/p>\n","protected":false},"author":14,"featured_media":76831,"comment_status":"open","ping_status":"open","sticky":false,"template":"","format":"standard","meta":{"_yoast_wpseo_focuskw":"reduzir flacidez nos bra\u00e7os","_yoast_wpseo_title":"","_yoast_wpseo_metadesc":"Flacidez nos bra\u00e7os ap\u00f3s os 60 pode ser reduzida com exerc\u00edcios simples. Veja movimentos seguros para fazer em casa.","jnews-multi-image_gallery":[],"jnews_single_post":{"format":"standard"},"jnews_primary_category":[],"jnews_social_meta":[],"jnews_override_counter":[],"footnotes":""},"categories":[4404],"post_tag":[120,247,1318],"class_list":["post-203992","post","type-post","status-publish","format-standard","has-post-thumbnail","hentry","category-saude","tag-bem-estar","tag-qualidade-de-vida","tag-saude-2"],"yoast_head":"<!-- This site is optimized with the Yoast SEO plugin v24.6 - https:\/\/yoast.com\/wordpress\/plugins\/seo\/ -->\n<title>Exerc\u00edcios simples que ajudam a reduzir flacidez nos bra\u00e7os ap\u00f3s os 60 - Correio Braziliense - Radar<\/title>\n<meta name=\"description\" content=\"Flacidez nos bra\u00e7os ap\u00f3s os 60 pode ser reduzida com exerc\u00edcios simples. Veja movimentos seguros para fazer em casa.\" \/>\n<meta name=\"robots\" content=\"index, follow, max-snippet:-1, max-image-preview:large, max-video-preview:-1\" \/>\n<link rel=\"canonical\" href=\"https:\/\/www.correiobraziliense.com.br\/cbradar\/exercicios-simples-que-ajudam-a-reduzir-flacidez-nos-bracos-apos-os-60\/\" \/>\n<meta property=\"og:locale\" content=\"pt_BR\" \/>\n<meta property=\"og:type\" content=\"article\" \/>\n<meta property=\"og:title\" content=\"Exerc\u00edcios simples que ajudam a reduzir flacidez nos bra\u00e7os ap\u00f3s os 60 - Correio Braziliense - Radar\" \/>\n<meta property=\"og:description\" content=\"Flacidez nos bra\u00e7os ap\u00f3s os 60 pode ser reduzida com exerc\u00edcios simples. Veja movimentos seguros para fazer em casa.\" \/>\n<meta property=\"og:url\" content=\"https:\/\/www.correiobraziliense.com.br\/cbradar\/exercicios-simples-que-ajudam-a-reduzir-flacidez-nos-bracos-apos-os-60\/\" \/>\n<meta property=\"og:site_name\" content=\"Correio Braziliense - Radar\" \/>\n<meta property=\"article:published_time\" content=\"2026-03-07T10:45:00+00:00\" \/>\n<meta property=\"og:image\" content=\"https:\/\/www.correiobraziliense.com.br\/cbradar\/wp-content\/uploads\/2025\/07\/Flacidez-_1753717651474.jpg\" \/>\n\t<meta property=\"og:image:width\" content=\"1280\" \/>\n\t<meta property=\"og:image:height\" content=\"720\" \/>\n\t<meta property=\"og:image:type\" content=\"image\/jpeg\" \/>\n<meta name=\"author\" content=\"guilherme_saude\" \/>\n<meta name=\"twitter:card\" content=\"summary_large_image\" \/>\n<meta name=\"twitter:label1\" content=\"Escrito por\" \/>\n\t<meta name=\"twitter:data1\" content=\"guilherme_saude\" \/>\n\t<meta name=\"twitter:label2\" content=\"Est. tempo de leitura\" \/>\n\t<meta name=\"twitter:data2\" content=\"5 minutos\" \/>\n<!-- \/ Yoast SEO plugin. -->","yoast_head_json":{"title":"Exerc\u00edcios simples que ajudam a reduzir flacidez nos bra\u00e7os ap\u00f3s os 60 - Correio Braziliense - Radar","description":"Flacidez nos bra\u00e7os ap\u00f3s os 60 pode ser reduzida com exerc\u00edcios simples. Veja movimentos seguros para fazer em casa.","robots":{"index":"index","follow":"follow","max-snippet":"max-snippet:-1","max-image-preview":"max-image-preview:large","max-video-preview":"max-video-preview:-1"},"canonical":"https:\/\/www.correiobraziliense.com.br\/cbradar\/exercicios-simples-que-ajudam-a-reduzir-flacidez-nos-bracos-apos-os-60\/","og_locale":"pt_BR","og_type":"article","og_title":"Exerc\u00edcios simples que ajudam a reduzir flacidez nos bra\u00e7os ap\u00f3s os 60 - Correio Braziliense - Radar","og_description":"Flacidez nos bra\u00e7os ap\u00f3s os 60 pode ser reduzida com exerc\u00edcios simples. Veja movimentos seguros para fazer em casa.","og_url":"https:\/\/www.correiobraziliense.com.br\/cbradar\/exercicios-simples-que-ajudam-a-reduzir-flacidez-nos-bracos-apos-os-60\/","og_site_name":"Correio Braziliense - Radar","article_published_time":"2026-03-07T10:45:00+00:00","og_image":[{"width":1280,"height":720,"url":"https:\/\/www.correiobraziliense.com.br\/cbradar\/wp-content\/uploads\/2025\/07\/Flacidez-_1753717651474.jpg","type":"image\/jpeg"}],"author":"guilherme_saude","twitter_card":"summary_large_image","twitter_misc":{"Escrito por":"guilherme_saude","Est. tempo de leitura":"5 minutos"},"schema":{"@context":"https:\/\/schema.org","@graph":[{"@type":"WebPage","@id":"https:\/\/www.correiobraziliense.com.br\/cbradar\/exercicios-simples-que-ajudam-a-reduzir-flacidez-nos-bracos-apos-os-60\/","url":"https:\/\/www.correiobraziliense.com.br\/cbradar\/exercicios-simples-que-ajudam-a-reduzir-flacidez-nos-bracos-apos-os-60\/","name":"Exerc\u00edcios simples que ajudam a reduzir flacidez nos bra\u00e7os ap\u00f3s os 60 - Correio Braziliense - Radar","isPartOf":{"@id":"https:\/\/www.correiobraziliense.com.br\/cbradar\/#website"},"primaryImageOfPage":{"@id":"https:\/\/www.correiobraziliense.com.br\/cbradar\/exercicios-simples-que-ajudam-a-reduzir-flacidez-nos-bracos-apos-os-60\/#primaryimage"},"image":{"@id":"https:\/\/www.correiobraziliense.com.br\/cbradar\/exercicios-simples-que-ajudam-a-reduzir-flacidez-nos-bracos-apos-os-60\/#primaryimage"},"thumbnailUrl":"https:\/\/www.correiobraziliense.com.br\/cbradar\/wp-content\/uploads\/2025\/07\/Flacidez-_1753717651474.jpg","datePublished":"2026-03-07T10:45:00+00:00","author":{"@id":"https:\/\/www.correiobraziliense.com.br\/cbradar\/#\/schema\/person\/5aa4bf3c8fa699c267933611de12978b"},"description":"Flacidez nos bra\u00e7os ap\u00f3s os 60 pode ser reduzida com exerc\u00edcios simples. Veja movimentos seguros para fazer em casa.","breadcrumb":{"@id":"https:\/\/www.correiobraziliense.com.br\/cbradar\/exercicios-simples-que-ajudam-a-reduzir-flacidez-nos-bracos-apos-os-60\/#breadcrumb"},"inLanguage":"pt-BR","potentialAction":[{"@type":"ReadAction","target":["https:\/\/www.correiobraziliense.com.br\/cbradar\/exercicios-simples-que-ajudam-a-reduzir-flacidez-nos-bracos-apos-os-60\/"]}]},{"@type":"ImageObject","inLanguage":"pt-BR","@id":"https:\/\/www.correiobraziliense.com.br\/cbradar\/exercicios-simples-que-ajudam-a-reduzir-flacidez-nos-bracos-apos-os-60\/#primaryimage","url":"https:\/\/www.correiobraziliense.com.br\/cbradar\/wp-content\/uploads\/2025\/07\/Flacidez-_1753717651474.jpg","contentUrl":"https:\/\/www.correiobraziliense.com.br\/cbradar\/wp-content\/uploads\/2025\/07\/Flacidez-_1753717651474.jpg","width":1280,"height":720,"caption":"Flacidez - Cr\u00e9ditos: depositphotos.com \/ info.michaelheim-photographer.com"},{"@type":"BreadcrumbList","@id":"https:\/\/www.correiobraziliense.com.br\/cbradar\/exercicios-simples-que-ajudam-a-reduzir-flacidez-nos-bracos-apos-os-60\/#breadcrumb","itemListElement":[{"@type":"ListItem","position":1,"name":"In\u00edcio","item":"https:\/\/www.correiobraziliense.com.br\/cbradar\/"},{"@type":"ListItem","position":2,"name":"Exerc\u00edcios simples que ajudam a reduzir flacidez nos bra\u00e7os ap\u00f3s os 60"}]},{"@type":"WebSite","@id":"https:\/\/www.correiobraziliense.com.br\/cbradar\/#website","url":"https:\/\/www.correiobraziliense.com.br\/cbradar\/","name":"Correio Braziliense - Radar","description":"Acompanhe as \u00faltimas not\u00edcias e fique bem informado sobre tudo o que acontece no Brasil e no mundo.","potentialAction":[{"@type":"SearchAction","target":{"@type":"EntryPoint","urlTemplate":"https:\/\/www.correiobraziliense.com.br\/cbradar\/?s={search_term_string}"},"query-input":{"@type":"PropertyValueSpecification","valueRequired":true,"valueName":"search_term_string"}}],"inLanguage":"pt-BR"},{"@type":"Person","@id":"https:\/\/www.correiobraziliense.com.br\/cbradar\/#\/schema\/person\/5aa4bf3c8fa699c267933611de12978b","name":"guilherme_saude","image":{"@type":"ImageObject","inLanguage":"pt-BR","@id":"https:\/\/www.correiobraziliense.com.br\/cbradar\/#\/schema\/person\/image\/","url":"https:\/\/secure.gravatar.com\/avatar\/df9adfb835d344bc0af109d41756253f?s=96&d=mm&r=g","contentUrl":"https:\/\/secure.gravatar.com\/avatar\/df9adfb835d344bc0af109d41756253f?s=96&d=mm&r=g","caption":"guilherme_saude"},"url":"https:\/\/www.correiobraziliense.com.br\/cbradar\/author\/guilherme_saude\/"}]}},"_links":{"self":[{"href":"https:\/\/www.correiobraziliense.com.br\/cbradar\/wp-json\/wp\/v2\/posts\/203992","targetHints":{"allow":["GET"]}}],"collection":[{"href":"https:\/\/www.correiobraziliense.com.br\/cbradar\/wp-json\/wp\/v2\/posts"}],"about":[{"href":"https:\/\/www.correiobraziliense.com.br\/cbradar\/wp-json\/wp\/v2\/types\/post"}],"author":[{"embeddable":true,"href":"https:\/\/www.correiobraziliense.com.br\/cbradar\/wp-json\/wp\/v2\/users\/14"}],"replies":[{"embeddable":true,"href":"https:\/\/www.correiobraziliense.com.br\/cbradar\/wp-json\/wp\/v2\/comments?post=203992"}],"version-history":[{"count":1,"href":"https:\/\/www.correiobraziliense.com.br\/cbradar\/wp-json\/wp\/v2\/posts\/203992\/revisions"}],"predecessor-version":[{"id":203996,"href":"https:\/\/www.correiobraziliense.com.br\/cbradar\/wp-json\/wp\/v2\/posts\/203992\/revisions\/203996"}],"wp:featuredmedia":[{"embeddable":true,"href":"https:\/\/www.correiobraziliense.com.br\/cbradar\/wp-json\/wp\/v2\/media\/76831"}],"wp:attachment":[{"href":"https:\/\/www.correiobraziliense.com.br\/cbradar\/wp-json\/wp\/v2\/media?parent=203992"}],"wp:term":[{"taxonomy":"category","embeddable":true,"href":"https:\/\/www.correiobraziliense.com.br\/cbradar\/wp-json\/wp\/v2\/categories?post=203992"},{"taxonomy":"post_tag","embeddable":true,"href":"https:\/\/www.correiobraziliense.com.br\/cbradar\/wp-json\/wp\/v2\/post_tag?post=203992"}],"curies":[{"name":"wp","href":"https:\/\/api.w.org\/{rel}","templated":true}]}}