{"id":204004,"date":"2026-03-07T11:05:00","date_gmt":"2026-03-07T14:05:00","guid":{"rendered":"https:\/\/www.correiobraziliense.com.br\/cbradar\/?p=204004"},"modified":"2026-03-06T11:19:42","modified_gmt":"2026-03-06T14:19:42","slug":"ervas-naturais-que-ajudam-a-limpar-os-pulmoes-e-reduzir-a-tosse","status":"publish","type":"post","link":"https:\/\/www.correiobraziliense.com.br\/cbradar\/ervas-naturais-que-ajudam-a-limpar-os-pulmoes-e-reduzir-a-tosse\/","title":{"rendered":"Ervas naturais que ajudam a limpar os pulm\u00f5es e reduzir a tosse"},"content":{"rendered":"\n<p>As<strong> Ervas Medicinais<\/strong> s\u00e3o aliadas na manuten\u00e7\u00e3o da sa\u00fade respirat\u00f3ria, oferecendo al\u00edvio para congest\u00e3o, tosse e irrita\u00e7\u00f5es nos br\u00f4nquios. Plantas como tomilho, eucalipto, hera e pr\u00edmula possuem propriedades expectorantes, anti-inflamat\u00f3rias e calmantes, que auxiliam na elimina\u00e7\u00e3o do muco e na melhora da respira\u00e7\u00e3o de forma natural e complementar ao tratamento m\u00e9dico.<\/p>\n\n\n\n<h2 class=\"wp-block-heading\">Como as ervas medicinais auxiliam na limpeza dos pulm\u00f5es?<\/h2>\n\n\n\n<p>A produ\u00e7\u00e3o natural de muco pelos pulm\u00f5es \u00e9 uma defesa contra part\u00edculas e micro-organismos, mas infec\u00e7\u00f5es ou alergias podem aumentar essa produ\u00e7\u00e3o e dificultar a respira\u00e7\u00e3o. Ervas espec\u00edficas ajudam a afinar e eliminar o muco, reduzir a inflama\u00e7\u00e3o e aliviar a tosse, facilitando a ventila\u00e7\u00e3o pulmonar e o conforto respirat\u00f3rio.<\/p>\n\n\n\n<p>Tomilho, eucalipto e hera possuem subst\u00e2ncias que relaxam as vias respirat\u00f3rias, reduzem inflama\u00e7\u00f5es e podem combater bact\u00e9rias, favorecendo a fluidez das secre\u00e7\u00f5es. Revis\u00f5es sistem\u00e1ticas indicam que prepara\u00e7\u00f5es \u00e0 base de hera, pr\u00edmula e tomilho s\u00e3o superiores ao placebo na redu\u00e7\u00e3o da intensidade da tosse, geralmente com boa tolerabilidade e poucos efeitos adversos.<\/p>\n\n\n\n<p>Para compreender melhor como determinados ch\u00e1s podem contribuir para a sa\u00fade dos <strong>Pulm\u00f5es<\/strong>, assista ao v\u00eddeo a seguir, no qual a nutricionista <strong>Dra. Esther Costa <\/strong>explica o assunto de forma clara e did\u00e1tica no canal MundoBoaForma.<\/p>\n\n\n\n<iframe loading=\"lazy\" width=\"1396\" height=\"785\" src=\"https:\/\/www.youtube.com\/embed\/dRgLSrv-LNY\" title=\"5 Melhores CH\u00c1S PARA OS PULM\u00d5ES - Respirar Melhor, Limpar e Proteger! Como Usar e Dicas\" frameborder=\"0\" allow=\"accelerometer; autoplay; clipboard-write; encrypted-media; gyroscope; picture-in-picture; web-share\" referrerpolicy=\"strict-origin-when-cross-origin\" allowfullscreen><\/iframe>\n\n\n\n<h2 class=\"wp-block-heading\">Quais as ervas com maior efic\u00e1cia para a sa\u00fade pulmonar?<\/h2>\n\n\n\n<p>Entre diversas plantas medicinais, algumas se destacam pelo efeito sobre tosse, catarro e congest\u00e3o, sendo frequentemente estudadas e utilizadas em fitoterapia respirat\u00f3ria. Abaixo est\u00e3o ervas com a\u00e7\u00e3o expectorante, broncodilatadora leve ou descongestionante, que podem atuar como coadjuvantes no cuidado pulmonar.<\/p>\n\n\n\n<style>\n  .make-wrap{\n    max-width: 760px;\n    margin: 26px auto;\n    padding: 18px;\n    border-radius: 18px;\n    background: linear-gradient(135deg,#fff7fb 0%,#f6f2ff 100%);\n    border: 1px solid #f7d4ea;\n    box-shadow: 0 8px 20px rgba(236,72,153,.12);\n    font-family: system-ui, -apple-system, Segoe UI, Roboto, Helvetica, Arial, sans-serif;\n  }\n\n  .make-title{\n    display:flex; \n    align-items:center; \n    gap:10px;\n    margin:0 0 12px 4px;\n    font-size:1.2rem; \n    font-weight:900; \n    color:#9d174d;\n  }\n\n  .make-table{\n    width:100%;\n    border-collapse:separate;\n    border-spacing:0;\n    overflow:hidden;\n    border-radius:16px;\n    border:1px solid #f7d4ea;\n    background:#fff;\n    font-size:.92rem;\n  }\n\n  .make-table thead th{\n    background:linear-gradient(90deg,#fde7f3 0%,#f8e9ff 100%);\n    padding:12px;\n    color:#7a1e63;\n    font-weight:800;\n    text-align:left;\n    border-bottom:1px solid #f7d4ea;\n  }\n\n  .make-table tbody td{\n    padding:12px;\n    color:#374151;\n    vertical-align:top;\n    border-bottom:1px dashed #f7d4ea;\n  }\n\n  .make-table tbody tr:nth-child(odd){\n    background:#fffaff;\n  }\n\n  .price{\n    display:inline-flex;\n    align-items:center;\n    background:#fff7ed;\n    color:#b45309;\n    padding:6px 10px;\n    border-radius:10px;\n    border:1px solid #fed7aa;\n    font-weight:700;\n    white-space:nowrap;\n  }\n\n  .badge{\n    display:inline-block;\n    background:#fde7f3;\n    color:#c026d3;\n    border:1px solid #fecdd3;\n    padding:4px 10px;\n    border-radius:999px;\n    font-weight:700;\n    font-size:.78rem;\n  }\n\n  @media (max-width:720px){\n    .make-table thead{display:none}\n    .make-table, .make-table tbody, .make-table tr, .make-table td{\n      display:block; \n      width:100%;\n    }\n    .make-table tr{\n      margin-bottom:12px;\n      border:1px solid #f7d4ea;\n      border-radius:14px;\n      overflow:hidden;\n      background:#fff;\n    }\n    .make-table td[data-label]:before{\n      content:attr(data-label);\n      display:block;\n      font-weight:800;\n      color:#7a1e63;\n      margin-bottom:4px;\n    }\n    .make-table tbody td:last-child{border-bottom:none}\n  }\n<\/style>\n\n<div class=\"make-wrap\">\n  <h3 class=\"make-title\">\ud83c\udf3f\u2728 Plantas Naturais que Ajudam na Respira\u00e7\u00e3o<\/h3>\n\n  <table class=\"make-table\">\n    <thead>\n      <tr>\n        <th>Planta<\/th>\n        <th>Principais Compostos \/ A\u00e7\u00e3o<\/th>\n        <th>Benef\u00edcio Respirat\u00f3rio<\/th>\n      <\/tr>\n    <\/thead>\n    <tbody>\n      <tr>\n        <td data-label=\"Planta\"><span class=\"badge\">Tomilho<\/span><\/td>\n        <td data-label=\"Principais Compostos \/ A\u00e7\u00e3o\">Cont\u00e9m timol e carvacrol, com a\u00e7\u00e3o antibacteriana leve e efeito relaxante para os br\u00f4nquios.<\/td>\n        <td data-label=\"Benef\u00edcio Respirat\u00f3rio\">Ajuda na elimina\u00e7\u00e3o de secre\u00e7\u00f5es e contribui para aliviar a tosse.<\/td>\n      <\/tr>\n      <tr>\n        <td data-label=\"Planta\"><span class=\"badge\">Hera<\/span><\/td>\n        <td data-label=\"Principais Compostos \/ A\u00e7\u00e3o\">Conhecida por sua a\u00e7\u00e3o expectorante natural.<\/td>\n        <td data-label=\"Benef\u00edcio Respirat\u00f3rio\">Auxilia na bronquite e na tosse produtiva, ajudando a expulsar o catarro e reduzir o aperto no peito.<\/td>\n      <\/tr>\n      <tr>\n        <td data-label=\"Planta\"><span class=\"badge\">Eucalipto<\/span><\/td>\n        <td data-label=\"Principais Compostos \/ A\u00e7\u00e3o\">Possui efeito descongestionante natural nas vias respirat\u00f3rias.<\/td>\n        <td data-label=\"Benef\u00edcio Respirat\u00f3rio\">Ajuda a abrir as vias a\u00e9reas e proporciona sensa\u00e7\u00e3o de al\u00edvio ao respirar.<\/td>\n      <\/tr>\n      <tr>\n        <td data-label=\"Planta\"><span class=\"badge\">Pr\u00edmula<\/span><\/td>\n        <td data-label=\"Principais Compostos \/ A\u00e7\u00e3o\">Estimula a produ\u00e7\u00e3o de mucosidades mais fluidas.<\/td>\n        <td data-label=\"Benef\u00edcio Respirat\u00f3rio\">Facilita a expectora\u00e7\u00e3o e suaviza epis\u00f3dios de tosse.<\/td>\n      <\/tr>\n    <\/tbody>\n  <\/table>\n\n  <p style=\"margin-top:14px; color:#6b7280; font-size:.9rem;\">\n    \ud83d\udca1 <strong>Dica:<\/strong> Essas plantas s\u00e3o frequentemente usadas em xaropes e ch\u00e1s naturais para apoiar o conforto respirat\u00f3rio.\n  <\/p>\n<\/div>\n\n\n\n\n<h2 class=\"wp-block-heading\">Quais as aplica\u00e7\u00f5es pr\u00e1ticas das ervas medicinais na rotina di\u00e1ria?<\/h2>\n\n\n\n<p>A incorpora\u00e7\u00e3o dessas ervas na rotina pode ser feita de forma simples e segura, respeitando doses e poss\u00edveis contraindica\u00e7\u00f5es, especialmente em crian\u00e7as, gestantes e pessoas com doen\u00e7as cr\u00f4nicas. Ch\u00e1s, inala\u00e7\u00f5es e xaropes naturais s\u00e3o formas comuns de uso, muitas vezes associadas a orienta\u00e7\u00f5es de profissionais de sa\u00fade.<\/p>\n\n\n\n<style>\n  .make-wrap{\n    max-width: 760px;\n    margin: 26px auto;\n    padding: 18px;\n    border-radius: 18px;\n    background: linear-gradient(135deg,#fff7fb 0%,#f6f2ff 100%);\n    border: 1px solid #f7d4ea;\n    box-shadow: 0 8px 20px rgba(236,72,153,.12);\n    font-family: system-ui, -apple-system, Segoe UI, Roboto, Helvetica, Arial, sans-serif;\n  }\n\n  .make-title{\n    display:flex; \n    align-items:center; \n    gap:10px;\n    margin:0 0 12px 4px;\n    font-size:1.2rem; \n    font-weight:900; \n    color:#9d174d;\n  }\n\n  .make-table{\n    width:100%;\n    border-collapse:separate;\n    border-spacing:0;\n    overflow:hidden;\n    border-radius:16px;\n    border:1px solid #f7d4ea;\n    background:#fff;\n    font-size:.92rem;\n  }\n\n  .make-table thead th{\n    background:linear-gradient(90deg,#fde7f3 0%,#f8e9ff 100%);\n    padding:12px;\n    color:#7a1e63;\n    font-weight:800;\n    text-align:left;\n    border-bottom:1px solid #f7d4ea;\n  }\n\n  .make-table tbody td{\n    padding:12px;\n    color:#374151;\n    vertical-align:top;\n    border-bottom:1px dashed #f7d4ea;\n  }\n\n  .make-table tbody tr:nth-child(odd){\n    background:#fffaff;\n  }\n\n  .price{\n    display:inline-flex;\n    align-items:center;\n    background:#fff7ed;\n    color:#b45309;\n    padding:6px 10px;\n    border-radius:10px;\n    border:1px solid #fed7aa;\n    font-weight:700;\n    white-space:nowrap;\n  }\n\n  .badge{\n    display:inline-block;\n    background:#fde7f3;\n    color:#c026d3;\n    border:1px solid #fecdd3;\n    padding:4px 10px;\n    border-radius:999px;\n    font-weight:700;\n    font-size:.78rem;\n  }\n\n  @media (max-width:720px){\n    .make-table thead{display:none}\n    .make-table, .make-table tbody, .make-table tr, .make-table td{\n      display:block; \n      width:100%;\n    }\n    .make-table tr{\n      margin-bottom:12px;\n      border:1px solid #f7d4ea;\n      border-radius:14px;\n      overflow:hidden;\n      background:#fff;\n    }\n    .make-table td[data-label]:before{\n      content:attr(data-label);\n      display:block;\n      font-weight:800;\n      color:#7a1e63;\n      margin-bottom:4px;\n    }\n    .make-table tbody td:last-child{border-bottom:none}\n  }\n<\/style>\n\n<div class=\"make-wrap\">\n  <h3 class=\"make-title\">\ud83c\udf3f\u2728 Formas Naturais de Usar Plantas para Al\u00edvio Respirat\u00f3rio<\/h3>\n\n  <table class=\"make-table\">\n    <thead>\n      <tr>\n        <th>M\u00e9todo<\/th>\n        <th>Como Preparar<\/th>\n        <th>Observa\u00e7\u00e3o<\/th>\n      <\/tr>\n    <\/thead>\n    <tbody>\n      <tr>\n        <td data-label=\"M\u00e9todo\"><span class=\"badge\">Ch\u00e1 de tomilho<\/span><\/td>\n        <td data-label=\"Como Preparar\">Utilizar uma colher de ch\u00e1 da erva seca em \u00e1gua quente.<\/td>\n        <td data-label=\"Observa\u00e7\u00e3o\">Pode ser consumido at\u00e9 tr\u00eas vezes ao dia.<\/td>\n      <\/tr>\n      <tr>\n        <td data-label=\"M\u00e9todo\"><span class=\"badge\">Inala\u00e7\u00e3o com eucalipto<\/span><\/td>\n        <td data-label=\"Como Preparar\">Adicionar algumas gotas de \u00f3leo essencial em \u00e1gua quente e inalar o vapor.<\/td>\n        <td data-label=\"Observa\u00e7\u00e3o\">Evitar contato direto com a pele e com os olhos.<\/td>\n      <\/tr>\n      <tr>\n        <td data-label=\"M\u00e9todo\"><span class=\"badge\">Xaropes naturais<\/span><\/td>\n        <td data-label=\"Como Preparar\">Produtos \u00e0 base de hera e tomilho dispon\u00edveis em farm\u00e1cias.<\/td>\n        <td data-label=\"Observa\u00e7\u00e3o\">Seguir rigorosamente as instru\u00e7\u00f5es de uso presentes no r\u00f3tulo.<\/td>\n      <\/tr>\n      <tr>\n        <td data-label=\"M\u00e9todo\"><span class=\"badge\">Infus\u00e3o de pr\u00edmula<\/span><\/td>\n        <td data-label=\"Como Preparar\">Preparada com a raiz da planta, podendo ser combinada com tomilho.<\/td>\n        <td data-label=\"Observa\u00e7\u00e3o\">A combina\u00e7\u00e3o pode melhorar o efeito expectorante.<\/td>\n      <\/tr>\n    <\/tbody>\n  <\/table>\n\n  <p style=\"margin-top:14px; color:#6b7280; font-size:.9rem;\">\n    \ud83d\udca1 <strong>Dica:<\/strong> Prepara\u00e7\u00f5es naturais podem complementar cuidados respirat\u00f3rios, mas o uso deve sempre respeitar as orienta\u00e7\u00f5es adequadas.\n  <\/p>\n<\/div>\n\n\n\n\n<h2 class=\"wp-block-heading\">Quando \u00e9 necess\u00e1rio procurar assist\u00eancia m\u00e9dica?<\/h2>\n\n\n\n<p>Apesar de \u00fateis em sintomas respirat\u00f3rios leves, as ervas medicinais n\u00e3o substituem avalia\u00e7\u00e3o m\u00e9dica em casos de alerta, como tosse prolongada ou agravamento do quadro. Sinais como febre alta persistente, falta de ar intensa, dor no peito ou sangue no catarro exigem investiga\u00e7\u00e3o profissional imediata.<\/p>\n\n\n\n<p>A consulta com um m\u00e9dico garante o uso seguro de ervas e auxilia no diagn\u00f3stico de problemas que possam necessitar de tratamento espec\u00edfico, como asma, pneumonia ou DPOC. Cada organismo reage de forma distinta e o acompanhamento de um profissional de sa\u00fade \u00e9 essencial para definir a abordagem mais adequada e evitar intera\u00e7\u00f5es com outros medicamentos.<\/p>\n\n\n<a href=\"https:\/\/www.instagram.com\/dra.annaluisabf\/\" target=\"_blank\" rel=\"noopener\" style=\"text-decoration: none; color: inherit;\">\n    <span style=\"display: inline-block; border: 1px solid #ccc; border-radius: 10px; padding: 15px; max-width: 550px; font-family: sans-serif; box-shadow: 0 2px 5px rgba(0,0,0,0.1); width: 100%;\">\n\n      <!-- T\u00edtulo -->\n      <span style=\"display: block; margin: 0 0 15px 0; font-weight: bold; color: #2c3e50; text-align: center;\">\n        Entre em contato:\n      <\/span>\n\n      <!-- Linha do perfil -->\n      <span style=\"display: flex; align-items: center; gap: 15px;\">\n        <img decoding=\"async\"\n          src=\"https:\/\/www.correiobraziliense.com.br\/cbradar\/wp-content\/uploads\/2025\/08\/dra_anna_luisa.jpeg\"\n          alt=\"Foto da Dra. Anna Lu\u00edsa\"\n          style=\"border-radius: 50%; width: 80px; height: 80px; object-fit: cover;\"\n        \/>\n        <span style=\"display: flex; flex-direction: column;\">\n          <span style=\"font-size: 18px; font-weight: 700; color: #2c3e50;\">Dra. Anna Lu\u00edsa Barbosa Fernandes<\/span>\n          <span style=\"color: #555;\">CRM-GO 33.271<\/span>\n        <\/span>\n      <\/span>\n\n      <!-- Redes -->\n      <span style=\"display: flex; align-items: center; gap: 10px; margin-top: 12px;\">\n        <img decoding=\"async\" src=\"https:\/\/cdn-icons-png.flaticon.com\/24\/1384\/1384063.png\" alt=\"Instagram\" width=\"24\" height=\"24\" \/>\n        <span style=\"text-decoration: underline; color: #2c3e50;\">@dra.annaluisabf<\/span>\n      <\/span>\n\n    <\/span>\n  <\/a>","protected":false},"excerpt":{"rendered":"<p>As Ervas Medicinais s\u00e3o aliadas na manuten\u00e7\u00e3o da sa\u00fade respirat\u00f3ria, oferecendo al\u00edvio para congest\u00e3o, tosse e irrita\u00e7\u00f5es nos br\u00f4nquios. Plantas como tomilho, eucalipto, hera e pr\u00edmula possuem propriedades expectorantes, anti-inflamat\u00f3rias e calmantes, que auxiliam na elimina\u00e7\u00e3o do muco e na melhora da respira\u00e7\u00e3o de forma natural e complementar ao tratamento m\u00e9dico. Como as ervas medicinais [&hellip;]<\/p>\n","protected":false},"author":14,"featured_media":192496,"comment_status":"open","ping_status":"open","sticky":false,"template":"","format":"standard","meta":{"_yoast_wpseo_focuskw":"Ervas Medicinais","_yoast_wpseo_title":"","_yoast_wpseo_metadesc":"Ervas medicinais ajudam a melhorar a respira\u00e7\u00e3o e reduzir congestionamento. Descubra quais s\u00e3o mais eficazes.","jnews-multi-image_gallery":[],"jnews_single_post":{"format":"standard"},"jnews_primary_category":[],"jnews_social_meta":[],"jnews_override_counter":[],"footnotes":""},"categories":[4404],"post_tag":[120,247,1318],"class_list":["post-204004","post","type-post","status-publish","format-standard","has-post-thumbnail","hentry","category-saude","tag-bem-estar","tag-qualidade-de-vida","tag-saude-2"],"yoast_head":"<!-- This site is optimized with the Yoast SEO plugin v24.6 - https:\/\/yoast.com\/wordpress\/plugins\/seo\/ -->\n<title>Ervas naturais que ajudam a limpar os pulm\u00f5es e reduzir a tosse - Correio Braziliense - Radar<\/title>\n<meta name=\"description\" content=\"Ervas medicinais ajudam a melhorar a respira\u00e7\u00e3o e reduzir congestionamento. Descubra quais s\u00e3o mais eficazes.\" \/>\n<meta name=\"robots\" content=\"index, follow, max-snippet:-1, max-image-preview:large, max-video-preview:-1\" \/>\n<link rel=\"canonical\" href=\"https:\/\/www.correiobraziliense.com.br\/cbradar\/ervas-naturais-que-ajudam-a-limpar-os-pulmoes-e-reduzir-a-tosse\/\" \/>\n<meta property=\"og:locale\" content=\"pt_BR\" \/>\n<meta property=\"og:type\" content=\"article\" \/>\n<meta property=\"og:title\" content=\"Ervas naturais que ajudam a limpar os pulm\u00f5es e reduzir a tosse - Correio Braziliense - Radar\" \/>\n<meta property=\"og:description\" content=\"Ervas medicinais ajudam a melhorar a respira\u00e7\u00e3o e reduzir congestionamento. Descubra quais s\u00e3o mais eficazes.\" \/>\n<meta property=\"og:url\" content=\"https:\/\/www.correiobraziliense.com.br\/cbradar\/ervas-naturais-que-ajudam-a-limpar-os-pulmoes-e-reduzir-a-tosse\/\" \/>\n<meta property=\"og:site_name\" content=\"Correio Braziliense - Radar\" \/>\n<meta property=\"article:published_time\" content=\"2026-03-07T14:05:00+00:00\" \/>\n<meta property=\"og:image\" content=\"https:\/\/www.correiobraziliense.com.br\/cbradar\/wp-content\/uploads\/2026\/02\/cha-de-tomilho_1770931014115.jpg\" \/>\n\t<meta property=\"og:image:width\" content=\"1280\" \/>\n\t<meta property=\"og:image:height\" content=\"720\" \/>\n\t<meta property=\"og:image:type\" content=\"image\/jpeg\" \/>\n<meta name=\"author\" content=\"guilherme_saude\" \/>\n<meta name=\"twitter:card\" content=\"summary_large_image\" \/>\n<meta name=\"twitter:label1\" content=\"Escrito por\" \/>\n\t<meta name=\"twitter:data1\" content=\"guilherme_saude\" \/>\n\t<meta name=\"twitter:label2\" content=\"Est. tempo de leitura\" \/>\n\t<meta name=\"twitter:data2\" content=\"5 minutos\" \/>\n<!-- \/ Yoast SEO plugin. -->","yoast_head_json":{"title":"Ervas naturais que ajudam a limpar os pulm\u00f5es e reduzir a tosse - Correio Braziliense - Radar","description":"Ervas medicinais ajudam a melhorar a respira\u00e7\u00e3o e reduzir congestionamento. Descubra quais s\u00e3o mais eficazes.","robots":{"index":"index","follow":"follow","max-snippet":"max-snippet:-1","max-image-preview":"max-image-preview:large","max-video-preview":"max-video-preview:-1"},"canonical":"https:\/\/www.correiobraziliense.com.br\/cbradar\/ervas-naturais-que-ajudam-a-limpar-os-pulmoes-e-reduzir-a-tosse\/","og_locale":"pt_BR","og_type":"article","og_title":"Ervas naturais que ajudam a limpar os pulm\u00f5es e reduzir a tosse - Correio Braziliense - Radar","og_description":"Ervas medicinais ajudam a melhorar a respira\u00e7\u00e3o e reduzir congestionamento. Descubra quais s\u00e3o mais eficazes.","og_url":"https:\/\/www.correiobraziliense.com.br\/cbradar\/ervas-naturais-que-ajudam-a-limpar-os-pulmoes-e-reduzir-a-tosse\/","og_site_name":"Correio Braziliense - Radar","article_published_time":"2026-03-07T14:05:00+00:00","og_image":[{"width":1280,"height":720,"url":"https:\/\/www.correiobraziliense.com.br\/cbradar\/wp-content\/uploads\/2026\/02\/cha-de-tomilho_1770931014115.jpg","type":"image\/jpeg"}],"author":"guilherme_saude","twitter_card":"summary_large_image","twitter_misc":{"Escrito por":"guilherme_saude","Est. tempo de leitura":"5 minutos"},"schema":{"@context":"https:\/\/schema.org","@graph":[{"@type":"WebPage","@id":"https:\/\/www.correiobraziliense.com.br\/cbradar\/ervas-naturais-que-ajudam-a-limpar-os-pulmoes-e-reduzir-a-tosse\/","url":"https:\/\/www.correiobraziliense.com.br\/cbradar\/ervas-naturais-que-ajudam-a-limpar-os-pulmoes-e-reduzir-a-tosse\/","name":"Ervas naturais que ajudam a limpar os pulm\u00f5es e reduzir a tosse - Correio Braziliense - Radar","isPartOf":{"@id":"https:\/\/www.correiobraziliense.com.br\/cbradar\/#website"},"primaryImageOfPage":{"@id":"https:\/\/www.correiobraziliense.com.br\/cbradar\/ervas-naturais-que-ajudam-a-limpar-os-pulmoes-e-reduzir-a-tosse\/#primaryimage"},"image":{"@id":"https:\/\/www.correiobraziliense.com.br\/cbradar\/ervas-naturais-que-ajudam-a-limpar-os-pulmoes-e-reduzir-a-tosse\/#primaryimage"},"thumbnailUrl":"https:\/\/www.correiobraziliense.com.br\/cbradar\/wp-content\/uploads\/2026\/02\/cha-de-tomilho_1770931014115.jpg","datePublished":"2026-03-07T14:05:00+00:00","author":{"@id":"https:\/\/www.correiobraziliense.com.br\/cbradar\/#\/schema\/person\/5aa4bf3c8fa699c267933611de12978b"},"description":"Ervas medicinais ajudam a melhorar a respira\u00e7\u00e3o e reduzir congestionamento. Descubra quais s\u00e3o mais eficazes.","breadcrumb":{"@id":"https:\/\/www.correiobraziliense.com.br\/cbradar\/ervas-naturais-que-ajudam-a-limpar-os-pulmoes-e-reduzir-a-tosse\/#breadcrumb"},"inLanguage":"pt-BR","potentialAction":[{"@type":"ReadAction","target":["https:\/\/www.correiobraziliense.com.br\/cbradar\/ervas-naturais-que-ajudam-a-limpar-os-pulmoes-e-reduzir-a-tosse\/"]}]},{"@type":"ImageObject","inLanguage":"pt-BR","@id":"https:\/\/www.correiobraziliense.com.br\/cbradar\/ervas-naturais-que-ajudam-a-limpar-os-pulmoes-e-reduzir-a-tosse\/#primaryimage","url":"https:\/\/www.correiobraziliense.com.br\/cbradar\/wp-content\/uploads\/2026\/02\/cha-de-tomilho_1770931014115.jpg","contentUrl":"https:\/\/www.correiobraziliense.com.br\/cbradar\/wp-content\/uploads\/2026\/02\/cha-de-tomilho_1770931014115.jpg","width":1280,"height":720,"caption":"A planta arom\u00e1tica que reduz tosse e inflama\u00e7\u00e3o - Cr\u00e9ditos: depositphotos.com \/ VadimVasenin"},{"@type":"BreadcrumbList","@id":"https:\/\/www.correiobraziliense.com.br\/cbradar\/ervas-naturais-que-ajudam-a-limpar-os-pulmoes-e-reduzir-a-tosse\/#breadcrumb","itemListElement":[{"@type":"ListItem","position":1,"name":"In\u00edcio","item":"https:\/\/www.correiobraziliense.com.br\/cbradar\/"},{"@type":"ListItem","position":2,"name":"Ervas naturais que ajudam a limpar os pulm\u00f5es e reduzir a tosse"}]},{"@type":"WebSite","@id":"https:\/\/www.correiobraziliense.com.br\/cbradar\/#website","url":"https:\/\/www.correiobraziliense.com.br\/cbradar\/","name":"Correio Braziliense - Radar","description":"Acompanhe as \u00faltimas not\u00edcias e fique bem informado sobre tudo o que acontece no Brasil e no mundo.","potentialAction":[{"@type":"SearchAction","target":{"@type":"EntryPoint","urlTemplate":"https:\/\/www.correiobraziliense.com.br\/cbradar\/?s={search_term_string}"},"query-input":{"@type":"PropertyValueSpecification","valueRequired":true,"valueName":"search_term_string"}}],"inLanguage":"pt-BR"},{"@type":"Person","@id":"https:\/\/www.correiobraziliense.com.br\/cbradar\/#\/schema\/person\/5aa4bf3c8fa699c267933611de12978b","name":"guilherme_saude","image":{"@type":"ImageObject","inLanguage":"pt-BR","@id":"https:\/\/www.correiobraziliense.com.br\/cbradar\/#\/schema\/person\/image\/","url":"https:\/\/secure.gravatar.com\/avatar\/df9adfb835d344bc0af109d41756253f?s=96&d=mm&r=g","contentUrl":"https:\/\/secure.gravatar.com\/avatar\/df9adfb835d344bc0af109d41756253f?s=96&d=mm&r=g","caption":"guilherme_saude"},"url":"https:\/\/www.correiobraziliense.com.br\/cbradar\/author\/guilherme_saude\/"}]}},"_links":{"self":[{"href":"https:\/\/www.correiobraziliense.com.br\/cbradar\/wp-json\/wp\/v2\/posts\/204004","targetHints":{"allow":["GET"]}}],"collection":[{"href":"https:\/\/www.correiobraziliense.com.br\/cbradar\/wp-json\/wp\/v2\/posts"}],"about":[{"href":"https:\/\/www.correiobraziliense.com.br\/cbradar\/wp-json\/wp\/v2\/types\/post"}],"author":[{"embeddable":true,"href":"https:\/\/www.correiobraziliense.com.br\/cbradar\/wp-json\/wp\/v2\/users\/14"}],"replies":[{"embeddable":true,"href":"https:\/\/www.correiobraziliense.com.br\/cbradar\/wp-json\/wp\/v2\/comments?post=204004"}],"version-history":[{"count":1,"href":"https:\/\/www.correiobraziliense.com.br\/cbradar\/wp-json\/wp\/v2\/posts\/204004\/revisions"}],"predecessor-version":[{"id":204015,"href":"https:\/\/www.correiobraziliense.com.br\/cbradar\/wp-json\/wp\/v2\/posts\/204004\/revisions\/204015"}],"wp:featuredmedia":[{"embeddable":true,"href":"https:\/\/www.correiobraziliense.com.br\/cbradar\/wp-json\/wp\/v2\/media\/192496"}],"wp:attachment":[{"href":"https:\/\/www.correiobraziliense.com.br\/cbradar\/wp-json\/wp\/v2\/media?parent=204004"}],"wp:term":[{"taxonomy":"category","embeddable":true,"href":"https:\/\/www.correiobraziliense.com.br\/cbradar\/wp-json\/wp\/v2\/categories?post=204004"},{"taxonomy":"post_tag","embeddable":true,"href":"https:\/\/www.correiobraziliense.com.br\/cbradar\/wp-json\/wp\/v2\/post_tag?post=204004"}],"curies":[{"name":"wp","href":"https:\/\/api.w.org\/{rel}","templated":true}]}}