{"id":204007,"date":"2026-03-07T20:35:00","date_gmt":"2026-03-07T23:35:00","guid":{"rendered":"https:\/\/www.correiobraziliense.com.br\/cbradar\/?p=204007"},"modified":"2026-03-06T14:52:42","modified_gmt":"2026-03-06T17:52:42","slug":"girias-e-a-evolucao-natural-da-lingua-ou-empobrecimento-do-vocabulario","status":"publish","type":"post","link":"https:\/\/www.correiobraziliense.com.br\/cbradar\/girias-e-a-evolucao-natural-da-lingua-ou-empobrecimento-do-vocabulario\/","title":{"rendered":"G\u00edrias \u00e9 a evolu\u00e7\u00e3o natural da l\u00edngua ou empobrecimento do vocabul\u00e1rio"},"content":{"rendered":"\n<p>O surgimento constante de g\u00edrias desperta debates intensos entre linguistas e gram\u00e1ticos que buscam entender o futuro do nosso idioma nacional. Enquanto alguns enxergam nessas express\u00f5es uma renova\u00e7\u00e3o cultural necess\u00e1ria, outros temem que a norma culta seja prejudicada. Analisar esse fen\u00f4meno exige uma vis\u00e3o equilibrada sobre a comunica\u00e7\u00e3o e a identidade brasileira.<\/p>\n\n\n\n<h2 class=\"wp-block-heading\">Como as g\u00edrias refletem a identidade de grupos sociais?<\/h2>\n\n\n\n<p>As g\u00edrias funcionam como um c\u00f3digo de pertencimento que fortalece os la\u00e7os entre membros de uma mesma comunidade ou nicho espec\u00edfico. Elas surgem da necessidade de expressar sentimentos e situa\u00e7\u00f5es cotidianas que as palavras tradicionais nem sempre conseguem captar com precis\u00e3o. Essa <strong>din\u00e2mica social<\/strong> humaniza a comunica\u00e7\u00e3o, permitindo que subculturas desenvolvam uma voz pr\u00f3pria e aut\u00eantica.<\/p>\n\n\n\n<p>Al\u00e9m disso, o uso dessas express\u00f5es demonstra a capacidade criativa dos falantes em adaptar o vocabul\u00e1rio \u00e0s novas realidades tecnol\u00f3gicas e culturais. Esse processo n\u00e3o deve ser visto como um erro, mas como uma manifesta\u00e7\u00e3o da <strong>riqueza cultural<\/strong> brasileira. Grupos jovens utilizam a linguagem para demarcar territ\u00f3rio e criar uma identidade visual e auditiva \u00fanica no pa\u00eds de forma eficiente.<\/p>\n\n\n\n<figure class=\"wp-block-image size-full\"><img decoding=\"async\" width=\"1280\" height=\"720\" src=\"https:\/\/www.correiobraziliense.com.br\/cbradar\/wp-content\/uploads\/2026\/03\/Gemini_Generated_Image_x9jzbvx9jzbvx9jz-1-1.png\" alt=\"G\u00edrias \u00e9 a evolu\u00e7\u00e3o natural da l\u00edngua ou empobrecimento do vocabul\u00e1rio\" class=\"wp-image-204056\" srcset=\"https:\/\/www.correiobraziliense.com.br\/cbradar\/wp-content\/uploads\/2026\/03\/Gemini_Generated_Image_x9jzbvx9jzbvx9jz-1-1.png 1280w, https:\/\/www.correiobraziliense.com.br\/cbradar\/wp-content\/uploads\/2026\/03\/Gemini_Generated_Image_x9jzbvx9jzbvx9jz-1-1-300x169.png 300w, https:\/\/www.correiobraziliense.com.br\/cbradar\/wp-content\/uploads\/2026\/03\/Gemini_Generated_Image_x9jzbvx9jzbvx9jz-1-1-768x432.png 768w, https:\/\/www.correiobraziliense.com.br\/cbradar\/wp-content\/uploads\/2026\/03\/Gemini_Generated_Image_x9jzbvx9jzbvx9jz-1-1-750x422.png 750w, https:\/\/www.correiobraziliense.com.br\/cbradar\/wp-content\/uploads\/2026\/03\/Gemini_Generated_Image_x9jzbvx9jzbvx9jz-1-1-1140x641.png 1140w\" sizes=\"(max-width: 1280px) 100vw, 1280px\" \/><figcaption class=\"wp-element-caption\">G\u00edrias refletem identidade cultural e mostram como o portugu\u00eas evolui com a sociedade<\/figcaption><\/figure>\n\n\n\n<h2 class=\"wp-block-heading\">Por que o idioma \u00e9 considerado um organismo vivo em constante mudan\u00e7a?<\/h2>\n\n\n\n<p>Uma l\u00edngua que n\u00e3o se transforma acaba se tornando obsoleta e desconectada das necessidades reais da popula\u00e7\u00e3o que a utiliza diariamente. A hist\u00f3ria prova que muitos termos considerados incorretos no passado foram eventualmente dicionarizados e aceitos pela norma culta atual. Portanto, a <strong>evolu\u00e7\u00e3o lingu\u00edstica<\/strong> \u00e9 um processo inevit\u00e1vel que garante a sobreviv\u00eancia e a relev\u00e2ncia do portugu\u00eas brasileiro.<\/p>\n\n\n\n<p>Aceitar as mudan\u00e7as n\u00e3o significa abandonar as regras gramaticais, mas sim reconhecer que a comunica\u00e7\u00e3o possui diferentes n\u00edveis de formalidade exigidos. O dinamismo da internet acelerou essa integra\u00e7\u00e3o de novos termos, tornando o di\u00e1logo mais \u00e1gil e acess\u00edvel para todos os usu\u00e1rios. Essa <strong>plasticidade verbal<\/strong> \u00e9 uma caracter\u00edstica fundamental de idiomas saud\u00e1veis que prosperam globalmente ao longo do tempo evolutivo.<\/p>\n\n\n\n<h2 class=\"wp-block-heading\">Quais s\u00e3o os riscos de ignorar as normas gramaticais tradicionais?<\/h2>\n\n\n\n<p>Embora as g\u00edrias tragam frescor \u00e0 fala, o abandono total da norma culta pode dificultar a compreens\u00e3o em contextos profissionais ou acad\u00eamicos. O equil\u00edbrio entre a inova\u00e7\u00e3o e a tradi\u00e7\u00e3o \u00e9 vital para garantir que a mensagem seja clara para p\u00fablicos diversos. Manter o <strong>dom\u00ednio da gram\u00e1tica<\/strong> \u00e9 essencial para quem deseja transitar com sucesso em diferentes ambientes profissionais.<\/p>\n\n\n\n<p>Confira a lista abaixo:<\/p>\n\n\n\n<ul class=\"wp-block-list\">\n<li>Perda de credibilidade em textos t\u00e9cnicos.<\/li>\n\n\n\n<li>Dificuldade de interpreta\u00e7\u00e3o de documentos oficiais.<\/li>\n\n\n\n<li>Restri\u00e7\u00e3o do vocabul\u00e1rio em situa\u00e7\u00f5es formais.<\/li>\n\n\n\n<li>Risco de exclus\u00e3o em processos seletivos rigorosos.<\/li>\n<\/ul>\n\n\n\n<h2 class=\"wp-block-heading\">Como o preconceito lingu\u00edstico afeta a percep\u00e7\u00e3o das variantes populares?<\/h2>\n\n\n\n<p>O julgamento negativo sobre o uso de g\u00edrias muitas vezes esconde um preconceito social contra grupos historicamente marginalizados em nossa sociedade. \u00c9 fundamental entender que cada variante lingu\u00edstica possui sua pr\u00f3pria l\u00f3gica e valor dentro do contexto em que \u00e9 utilizada. Combater o <strong>preconceito lingu\u00edstico<\/strong> promove uma educa\u00e7\u00e3o mais inclusiva e respeitosa com a diversidade do povo brasileiro em geral.<\/p>\n\n\n\n<p>Ao valorizar a fala popular, reconhecemos a import\u00e2ncia das ra\u00edzes culturais que moldam a maneira como nos expressamos no dia a dia. Professores e especialistas defendem que o conhecimento deve ser aditivo, ensinando a norma culta sem desmerecer as viv\u00eancias regionais. Essa abordagem fortalece a <strong>autoestima do falante<\/strong>, permitindo que ele se sinta seguro para utilizar diferentes registros com clareza.<\/p>\n\n\n\n<p>No v\u00eddeo abaixo do TikTok <strong><em>Teachervicro<\/em><\/strong>, que conta com mais de<strong><em> 95 mil <\/em><\/strong>seguidores, ele fala sobre a influ\u00eancia das g\u00edrias na cultura:<\/p>\n\n\n\n<blockquote class=\"tiktok-embed\" cite=\"https:\/\/www.tiktok.com\/@teachervicro\/video\/7487964625821043973\" data-video-id=\"7487964625821043973\" style=\"max-width: 605px;min-width: 325px;\" > <section> <a target=\"_blank\" title=\"@teachervicro\" href=\"https:\/\/www.tiktok.com\/@teachervicro?refer=embed\">@teachervicro<\/a> o uso de g\u00edrias se tornou parte da nossa identidade e isso ultrapassa barreiras geogr\u00e1ficas e entra em quest\u00f5es muito mais profundas.  <a title=\"fyp\" target=\"_blank\" href=\"https:\/\/www.tiktok.com\/tag\/fyp?refer=embed\">#fyp<\/a> <a title=\"girias\" target=\"_blank\" href=\"https:\/\/www.tiktok.com\/tag\/girias?refer=embed\">#girias<\/a> <a title=\"linguistica\" target=\"_blank\" href=\"https:\/\/www.tiktok.com\/tag\/linguistica?refer=embed\">#linguistica<\/a> <a target=\"_blank\" title=\"\u266c original sound - teachervicro\" href=\"https:\/\/www.tiktok.com\/music\/original-sound-7487964633074109190?refer=embed\">\u266c original sound &#8211; teachervicro<\/a> <\/section> <\/blockquote> <script async src=\"https:\/\/www.tiktok.com\/embed.js\"><\/script>\n\n\n\n<p>Leia tamb\u00e9m:<a href=\"https:\/\/www.correiobraziliense.com.br\/cbradar\/a-classica-duvida-de-quando-usar-onde-e-aonde-que-muitos-ainda-possuem\/\" target=\"_blank\" rel=\"noreferrer noopener\"> A cl\u00e1ssica d\u00favida de quando usar \u201cOnde\u201d e \u201cAonde\u201d que muitos ainda possuem<\/a><\/p>\n\n\n\n<h2 class=\"wp-block-heading\">Existe uma forma correta de equilibrar inova\u00e7\u00e3o e tradi\u00e7\u00e3o verbal?<\/h2>\n\n\n\n<p>O segredo para uma comunica\u00e7\u00e3o eficiente reside na adequa\u00e7\u00e3o do discurso ao interlocutor e ao ambiente em que a conversa ocorre. Saber quando utilizar uma g\u00edria e quando recorrer ao vocabul\u00e1rio formal demonstra uma <strong>compet\u00eancia comunicativa<\/strong> superior e muito valorizada no mercado atual. A flexibilidade permite que o indiv\u00edduo se conecte com pessoas de diversas origens e n\u00edveis educacionais.<\/p>\n\n\n\n<p>De acordo com estudos de sociolingu\u00edstica, as l\u00ednguas naturais est\u00e3o em permanente estado de varia\u00e7\u00e3o e mudan\u00e7a estrutural para atender \u00e0s demandas sociais. Pesquisadores da <strong>Universidade de S\u00e3o Paulo<\/strong> ressaltam que as g\u00edrias enriquecem a expressividade humana quando usadas com consci\u00eancia situacional. Para aprofundar seu conhecimento sobre as normas e varia\u00e7\u00f5es lingu\u00edsticas, consulte o acervo dispon\u00edvel no portal da <a href=\"https:\/\/celp.fflch.usp.br\/pagina-inicial\" target=\"_blank\" rel=\"noreferrer noopener\">USP<\/a>.<\/p>\n","protected":false},"excerpt":{"rendered":"<p>O surgimento constante de g\u00edrias desperta debates intensos entre linguistas e gram\u00e1ticos que buscam entender o futuro do nosso idioma nacional. Enquanto alguns enxergam nessas express\u00f5es uma renova\u00e7\u00e3o cultural necess\u00e1ria, outros temem que a norma culta seja prejudicada. Analisar esse fen\u00f4meno exige uma vis\u00e3o equilibrada sobre a comunica\u00e7\u00e3o e a identidade brasileira. Como as g\u00edrias [&hellip;]<\/p>\n","protected":false},"author":21,"featured_media":204055,"comment_status":"open","ping_status":"open","sticky":false,"template":"","format":"standard","meta":{"_yoast_wpseo_focuskw":"g\u00edrias no portugu\u00eas brasileiro","_yoast_wpseo_title":"","_yoast_wpseo_metadesc":"Express\u00f5es populares ganham espa\u00e7o no cotidiano e levantam debates sobre mudan\u00e7as no idioma e o equil\u00edbrio entre tradi\u00e7\u00e3o e inova\u00e7\u00e3o","jnews-multi-image_gallery":[],"jnews_single_post":{"format":"standard"},"jnews_primary_category":[],"jnews_social_meta":[],"jnews_override_counter":[],"footnotes":""},"categories":[112],"post_tag":[8711,10902,6081,12354],"class_list":["post-204007","post","type-post","status-publish","format-standard","has-post-thumbnail","hentry","category-curiosidades","tag-girias","tag-lingua-portuguesa","tag-portugues","tag-vocabulario"],"yoast_head":"<!-- This site is optimized with the Yoast SEO plugin v24.6 - https:\/\/yoast.com\/wordpress\/plugins\/seo\/ -->\n<title>G\u00edrias \u00e9 a evolu\u00e7\u00e3o natural da l\u00edngua ou empobrecimento do vocabul\u00e1rio - Correio Braziliense - Radar<\/title>\n<meta name=\"description\" content=\"Express\u00f5es populares ganham espa\u00e7o no cotidiano e levantam debates sobre mudan\u00e7as no idioma e o equil\u00edbrio entre tradi\u00e7\u00e3o e inova\u00e7\u00e3o\" \/>\n<meta name=\"robots\" content=\"index, follow, max-snippet:-1, max-image-preview:large, max-video-preview:-1\" \/>\n<link rel=\"canonical\" href=\"https:\/\/www.correiobraziliense.com.br\/cbradar\/girias-e-a-evolucao-natural-da-lingua-ou-empobrecimento-do-vocabulario\/\" \/>\n<meta property=\"og:locale\" content=\"pt_BR\" \/>\n<meta property=\"og:type\" content=\"article\" \/>\n<meta property=\"og:title\" content=\"G\u00edrias \u00e9 a evolu\u00e7\u00e3o natural da l\u00edngua ou empobrecimento do vocabul\u00e1rio - Correio Braziliense - Radar\" \/>\n<meta property=\"og:description\" content=\"Express\u00f5es populares ganham espa\u00e7o no cotidiano e levantam debates sobre mudan\u00e7as no idioma e o equil\u00edbrio entre tradi\u00e7\u00e3o e inova\u00e7\u00e3o\" \/>\n<meta property=\"og:url\" content=\"https:\/\/www.correiobraziliense.com.br\/cbradar\/girias-e-a-evolucao-natural-da-lingua-ou-empobrecimento-do-vocabulario\/\" \/>\n<meta property=\"og:site_name\" content=\"Correio Braziliense - Radar\" \/>\n<meta property=\"article:published_time\" content=\"2026-03-07T23:35:00+00:00\" \/>\n<meta property=\"og:image\" content=\"https:\/\/www.correiobraziliense.com.br\/cbradar\/wp-content\/uploads\/2026\/03\/Gemini_Generated_Image_7rpyk47rpyk47rpy-1-1.png\" \/>\n\t<meta property=\"og:image:width\" content=\"1280\" \/>\n\t<meta property=\"og:image:height\" content=\"720\" \/>\n\t<meta property=\"og:image:type\" content=\"image\/png\" \/>\n<meta name=\"author\" content=\"Patrick Silva\" \/>\n<meta name=\"twitter:card\" content=\"summary_large_image\" \/>\n<meta name=\"twitter:label1\" content=\"Escrito por\" \/>\n\t<meta name=\"twitter:data1\" content=\"Patrick Silva\" \/>\n\t<meta name=\"twitter:label2\" content=\"Est. tempo de leitura\" \/>\n\t<meta name=\"twitter:data2\" content=\"5 minutos\" \/>\n<!-- \/ Yoast SEO plugin. -->","yoast_head_json":{"title":"G\u00edrias \u00e9 a evolu\u00e7\u00e3o natural da l\u00edngua ou empobrecimento do vocabul\u00e1rio - Correio Braziliense - Radar","description":"Express\u00f5es populares ganham espa\u00e7o no cotidiano e levantam debates sobre mudan\u00e7as no idioma e o equil\u00edbrio entre tradi\u00e7\u00e3o e inova\u00e7\u00e3o","robots":{"index":"index","follow":"follow","max-snippet":"max-snippet:-1","max-image-preview":"max-image-preview:large","max-video-preview":"max-video-preview:-1"},"canonical":"https:\/\/www.correiobraziliense.com.br\/cbradar\/girias-e-a-evolucao-natural-da-lingua-ou-empobrecimento-do-vocabulario\/","og_locale":"pt_BR","og_type":"article","og_title":"G\u00edrias \u00e9 a evolu\u00e7\u00e3o natural da l\u00edngua ou empobrecimento do vocabul\u00e1rio - Correio Braziliense - Radar","og_description":"Express\u00f5es populares ganham espa\u00e7o no cotidiano e levantam debates sobre mudan\u00e7as no idioma e o equil\u00edbrio entre tradi\u00e7\u00e3o e inova\u00e7\u00e3o","og_url":"https:\/\/www.correiobraziliense.com.br\/cbradar\/girias-e-a-evolucao-natural-da-lingua-ou-empobrecimento-do-vocabulario\/","og_site_name":"Correio Braziliense - Radar","article_published_time":"2026-03-07T23:35:00+00:00","og_image":[{"width":1280,"height":720,"url":"https:\/\/www.correiobraziliense.com.br\/cbradar\/wp-content\/uploads\/2026\/03\/Gemini_Generated_Image_7rpyk47rpyk47rpy-1-1.png","type":"image\/png"}],"author":"Patrick Silva","twitter_card":"summary_large_image","twitter_misc":{"Escrito por":"Patrick Silva","Est. tempo de leitura":"5 minutos"},"schema":{"@context":"https:\/\/schema.org","@graph":[{"@type":"WebPage","@id":"https:\/\/www.correiobraziliense.com.br\/cbradar\/girias-e-a-evolucao-natural-da-lingua-ou-empobrecimento-do-vocabulario\/","url":"https:\/\/www.correiobraziliense.com.br\/cbradar\/girias-e-a-evolucao-natural-da-lingua-ou-empobrecimento-do-vocabulario\/","name":"G\u00edrias \u00e9 a evolu\u00e7\u00e3o natural da l\u00edngua ou empobrecimento do vocabul\u00e1rio - Correio Braziliense - Radar","isPartOf":{"@id":"https:\/\/www.correiobraziliense.com.br\/cbradar\/#website"},"primaryImageOfPage":{"@id":"https:\/\/www.correiobraziliense.com.br\/cbradar\/girias-e-a-evolucao-natural-da-lingua-ou-empobrecimento-do-vocabulario\/#primaryimage"},"image":{"@id":"https:\/\/www.correiobraziliense.com.br\/cbradar\/girias-e-a-evolucao-natural-da-lingua-ou-empobrecimento-do-vocabulario\/#primaryimage"},"thumbnailUrl":"https:\/\/www.correiobraziliense.com.br\/cbradar\/wp-content\/uploads\/2026\/03\/Gemini_Generated_Image_7rpyk47rpyk47rpy-1-1.png","datePublished":"2026-03-07T23:35:00+00:00","author":{"@id":"https:\/\/www.correiobraziliense.com.br\/cbradar\/#\/schema\/person\/5440b72be9c7eb74f446c846479dc4da"},"description":"Express\u00f5es populares ganham espa\u00e7o no cotidiano e levantam debates sobre mudan\u00e7as no idioma e o equil\u00edbrio entre tradi\u00e7\u00e3o e inova\u00e7\u00e3o","breadcrumb":{"@id":"https:\/\/www.correiobraziliense.com.br\/cbradar\/girias-e-a-evolucao-natural-da-lingua-ou-empobrecimento-do-vocabulario\/#breadcrumb"},"inLanguage":"pt-BR","potentialAction":[{"@type":"ReadAction","target":["https:\/\/www.correiobraziliense.com.br\/cbradar\/girias-e-a-evolucao-natural-da-lingua-ou-empobrecimento-do-vocabulario\/"]}]},{"@type":"ImageObject","inLanguage":"pt-BR","@id":"https:\/\/www.correiobraziliense.com.br\/cbradar\/girias-e-a-evolucao-natural-da-lingua-ou-empobrecimento-do-vocabulario\/#primaryimage","url":"https:\/\/www.correiobraziliense.com.br\/cbradar\/wp-content\/uploads\/2026\/03\/Gemini_Generated_Image_7rpyk47rpyk47rpy-1-1.png","contentUrl":"https:\/\/www.correiobraziliense.com.br\/cbradar\/wp-content\/uploads\/2026\/03\/Gemini_Generated_Image_7rpyk47rpyk47rpy-1-1.png","width":1280,"height":720,"caption":"G\u00edrias refletem identidade cultural e mostram como o portugu\u00eas evolui com a sociedade"},{"@type":"BreadcrumbList","@id":"https:\/\/www.correiobraziliense.com.br\/cbradar\/girias-e-a-evolucao-natural-da-lingua-ou-empobrecimento-do-vocabulario\/#breadcrumb","itemListElement":[{"@type":"ListItem","position":1,"name":"In\u00edcio","item":"https:\/\/www.correiobraziliense.com.br\/cbradar\/"},{"@type":"ListItem","position":2,"name":"G\u00edrias \u00e9 a evolu\u00e7\u00e3o natural da l\u00edngua ou empobrecimento do vocabul\u00e1rio"}]},{"@type":"WebSite","@id":"https:\/\/www.correiobraziliense.com.br\/cbradar\/#website","url":"https:\/\/www.correiobraziliense.com.br\/cbradar\/","name":"Correio Braziliense - Radar","description":"Acompanhe as \u00faltimas not\u00edcias e fique bem informado sobre tudo o que acontece no Brasil e no mundo.","potentialAction":[{"@type":"SearchAction","target":{"@type":"EntryPoint","urlTemplate":"https:\/\/www.correiobraziliense.com.br\/cbradar\/?s={search_term_string}"},"query-input":{"@type":"PropertyValueSpecification","valueRequired":true,"valueName":"search_term_string"}}],"inLanguage":"pt-BR"},{"@type":"Person","@id":"https:\/\/www.correiobraziliense.com.br\/cbradar\/#\/schema\/person\/5440b72be9c7eb74f446c846479dc4da","name":"Patrick Silva","image":{"@type":"ImageObject","inLanguage":"pt-BR","@id":"https:\/\/www.correiobraziliense.com.br\/cbradar\/#\/schema\/person\/image\/","url":"https:\/\/secure.gravatar.com\/avatar\/944109df296fc087785c9715fd5f80b2?s=96&d=mm&r=g","contentUrl":"https:\/\/secure.gravatar.com\/avatar\/944109df296fc087785c9715fd5f80b2?s=96&d=mm&r=g","caption":"Patrick Silva"},"sameAs":["https:\/\/www.correiobraziliense.com.br\/cbradar\/"],"url":"https:\/\/www.correiobraziliense.com.br\/cbradar\/author\/patrick-silva\/"}]}},"_links":{"self":[{"href":"https:\/\/www.correiobraziliense.com.br\/cbradar\/wp-json\/wp\/v2\/posts\/204007","targetHints":{"allow":["GET"]}}],"collection":[{"href":"https:\/\/www.correiobraziliense.com.br\/cbradar\/wp-json\/wp\/v2\/posts"}],"about":[{"href":"https:\/\/www.correiobraziliense.com.br\/cbradar\/wp-json\/wp\/v2\/types\/post"}],"author":[{"embeddable":true,"href":"https:\/\/www.correiobraziliense.com.br\/cbradar\/wp-json\/wp\/v2\/users\/21"}],"replies":[{"embeddable":true,"href":"https:\/\/www.correiobraziliense.com.br\/cbradar\/wp-json\/wp\/v2\/comments?post=204007"}],"version-history":[{"count":2,"href":"https:\/\/www.correiobraziliense.com.br\/cbradar\/wp-json\/wp\/v2\/posts\/204007\/revisions"}],"predecessor-version":[{"id":204058,"href":"https:\/\/www.correiobraziliense.com.br\/cbradar\/wp-json\/wp\/v2\/posts\/204007\/revisions\/204058"}],"wp:featuredmedia":[{"embeddable":true,"href":"https:\/\/www.correiobraziliense.com.br\/cbradar\/wp-json\/wp\/v2\/media\/204055"}],"wp:attachment":[{"href":"https:\/\/www.correiobraziliense.com.br\/cbradar\/wp-json\/wp\/v2\/media?parent=204007"}],"wp:term":[{"taxonomy":"category","embeddable":true,"href":"https:\/\/www.correiobraziliense.com.br\/cbradar\/wp-json\/wp\/v2\/categories?post=204007"},{"taxonomy":"post_tag","embeddable":true,"href":"https:\/\/www.correiobraziliense.com.br\/cbradar\/wp-json\/wp\/v2\/post_tag?post=204007"}],"curies":[{"name":"wp","href":"https:\/\/api.w.org\/{rel}","templated":true}]}}