{"id":204072,"date":"2026-03-08T10:15:00","date_gmt":"2026-03-08T13:15:00","guid":{"rendered":"https:\/\/www.correiobraziliense.com.br\/cbradar\/?p=204072"},"modified":"2026-03-07T13:34:38","modified_gmt":"2026-03-07T16:34:38","slug":"as-pesadas-cortinas-de-tecido-vao-sumir-das-janelas-em-breve-e-a-engenhosa-tendencia-japonesa-super-pratica-que-traz-elegancia-ja-e-sucesso-absoluto","status":"publish","type":"post","link":"https:\/\/www.correiobraziliense.com.br\/cbradar\/as-pesadas-cortinas-de-tecido-vao-sumir-das-janelas-em-breve-e-a-engenhosa-tendencia-japonesa-super-pratica-que-traz-elegancia-ja-e-sucesso-absoluto\/","title":{"rendered":"As pesadas cortinas de tecido v\u00e3o sumir das janelas em breve e a engenhosa tend\u00eancia japonesa super pr\u00e1tica que traz eleg\u00e2ncia j\u00e1 \u00e9 sucesso absoluto"},"content":{"rendered":"\n<p>A <strong>tend\u00eancia japonesa super pr\u00e1tica<\/strong> chegou com for\u00e7a total para provar que as pesadas cortinas de tecido v\u00e3o sumir das janelas em breve. Essa troca inteligente de decora\u00e7\u00e3o traz um visual muito mais limpo para sua casa e facilita a rotina de faxina pesada.<\/p>\n\n\n\n<h2 class=\"wp-block-heading\">Por que a tend\u00eancia japonesa super pr\u00e1tica ganha tanto destaque?<\/h2>\n\n\n\n<p>O grande trunfo dessa t\u00e9cnica oriental \u00e9 a simplicidade extrema aliada a um <strong>design minimalista<\/strong> que combina com qualquer mob\u00edlia. Ao remover o excesso de pano franzido, o ambiente ganha um respiro visual enorme e a sensa\u00e7\u00e3o de amplitude toma conta do c\u00f4modo na mesma hora.<\/p>\n\n\n\n<p>Al\u00e9m da beleza est\u00e9tica, a funcionalidade fala mais alto para quem n\u00e3o tem tempo a perder com manuten\u00e7\u00f5es chatas. As placas correm por trilhos de forma <strong>suave e silenciosa<\/strong>, garantindo total dom\u00ednio sobre a entrada de luz e sobre a sua privacidade em quest\u00e3o de segundos.<\/p>\n\n\n<div class=\"wp-block-image\">\n<figure class=\"aligncenter size-full\"><img decoding=\"async\" width=\"1280\" height=\"720\" src=\"https:\/\/www.correiobraziliense.com.br\/cbradar\/wp-content\/uploads\/2026\/03\/imagem_2026-03-06_123216964.png\" alt=\"Sala de estar brasileira iluminada com painel japon\u00eas elegante na janela\" class=\"wp-image-204077\" srcset=\"https:\/\/www.correiobraziliense.com.br\/cbradar\/wp-content\/uploads\/2026\/03\/imagem_2026-03-06_123216964.png 1280w, https:\/\/www.correiobraziliense.com.br\/cbradar\/wp-content\/uploads\/2026\/03\/imagem_2026-03-06_123216964-300x169.png 300w, https:\/\/www.correiobraziliense.com.br\/cbradar\/wp-content\/uploads\/2026\/03\/imagem_2026-03-06_123216964-768x432.png 768w, https:\/\/www.correiobraziliense.com.br\/cbradar\/wp-content\/uploads\/2026\/03\/imagem_2026-03-06_123216964-750x422.png 750w, https:\/\/www.correiobraziliense.com.br\/cbradar\/wp-content\/uploads\/2026\/03\/imagem_2026-03-06_123216964-1140x641.png 1140w\" sizes=\"(max-width: 1280px) 100vw, 1280px\" \/><figcaption class=\"wp-element-caption\">Sala de estar brasileira iluminada com painel japon\u00eas elegante na janela<\/figcaption><\/figure><\/div>\n\n\n<h2 class=\"wp-block-heading\">Como os pain\u00e9is minimalistas afetam a temperatura da sua casa?<\/h2>\n\n\n\n<p>As antigas mantas de pano bloqueavam o vento, mas tamb\u00e9m abafavam o quarto e acumulavam muito calor nos dias de sol intenso. Relat\u00f3rios t\u00e9cnicos do<strong> <a href=\"https:\/\/www.energy.gov\/eere\/buildings\/text-alternative-version-building-america-webinar-high-performance-enclosure-0\" target=\"_blank\" rel=\"noreferrer noopener\">Department of Energy<\/a><\/strong> confirmam que anexos de janela modernos, como persianas celulares e pain\u00e9is isolantes, reduzem drasticamente o desperd\u00edcio de energia t\u00e9rmica na resid\u00eancia.<\/p>\n\n\n\n<p>A troca do algod\u00e3o por materiais sint\u00e9ticos lisos garante um controle exato do clima, permitindo a claridade natural sem fritar os m\u00f3veis. Com essa <strong>barreira inteligente<\/strong>, o uso de ventiladores e ar-condicionado cai bastante e a sua conta de luz agradece no final do m\u00eas.<\/p>\n\n\n\n<h2 class=\"wp-block-heading\">Quais as principais vantagens de instalar o modelo rol\u00f4 no quarto?<\/h2>\n\n\n\n<p>Adotar o estilo oriental no projeto do seu dormit\u00f3rio entrega um retorno gigante no conforto do uso di\u00e1rio. Voc\u00ea ganha um espa\u00e7o f\u00edsico precioso, j\u00e1 que a estrutura desce rente ao vidro, e ainda elimina o trabalho absurdo de lavar e passar metros de pano pesado.<\/p>\n\n\n\n<p>Acompanhe os benef\u00edcios mais elogiados por quem migrou para as op\u00e7\u00f5es lisas de rolo:<\/p>\n\n\n\n<ul class=\"wp-block-list\">\n<li>Bloqueio imediato da <strong>luz externa<\/strong> usando tecidos blackout bem finos;<\/li>\n\n\n\n<li>Manuten\u00e7\u00e3o r\u00e1pida e barata feita com apenas um <strong>pano \u00famido<\/strong>;<\/li>\n\n\n\n<li>Visual muito mais <strong>amplo e elegante<\/strong> para apartamentos pequenos;<\/li>\n\n\n\n<li>Fim das barras arrastando no ch\u00e3o e juntando <strong>pelos de animais<\/strong>.<\/li>\n<\/ul>\n\n\n<div class=\"wp-block-image\">\n<figure class=\"aligncenter size-full\"><img decoding=\"async\" width=\"1280\" height=\"720\" src=\"https:\/\/www.correiobraziliense.com.br\/cbradar\/wp-content\/uploads\/2026\/03\/imagem_2026-03-06_123237762.png\" alt=\"Vis\u00e3o em 1\u00aa pessoa deslizando suavemente o trilho de um painel japon\u00eas\" class=\"wp-image-204078\" srcset=\"https:\/\/www.correiobraziliense.com.br\/cbradar\/wp-content\/uploads\/2026\/03\/imagem_2026-03-06_123237762.png 1280w, https:\/\/www.correiobraziliense.com.br\/cbradar\/wp-content\/uploads\/2026\/03\/imagem_2026-03-06_123237762-300x169.png 300w, https:\/\/www.correiobraziliense.com.br\/cbradar\/wp-content\/uploads\/2026\/03\/imagem_2026-03-06_123237762-768x432.png 768w, https:\/\/www.correiobraziliense.com.br\/cbradar\/wp-content\/uploads\/2026\/03\/imagem_2026-03-06_123237762-750x422.png 750w, https:\/\/www.correiobraziliense.com.br\/cbradar\/wp-content\/uploads\/2026\/03\/imagem_2026-03-06_123237762-1140x641.png 1140w\" sizes=\"(max-width: 1280px) 100vw, 1280px\" \/><figcaption class=\"wp-element-caption\">Vis\u00e3o em 1\u00aa pessoa deslizando suavemente o trilho de um painel japon\u00eas<\/figcaption><\/figure><\/div>\n\n\n<p>Leia tamb\u00e9m: <a href=\"https:\/\/www.correiobraziliense.com.br\/cbradar\/quanto-custa-transformar-o-banheiro-antigo-em-um-espaco-moderno-trocando-apenas-a-bancada-e-o-sistema-de-iluminacao\/\" target=\"_blank\" rel=\"noreferrer noopener\">Quanto custa transformar o banheiro antigo em um espa\u00e7o moderno trocando apenas a bancada e o sistema de ilumina\u00e7\u00e3o<\/a><\/p>\n\n\n\n<h2 class=\"wp-block-heading\">Qual a diferen\u00e7a pr\u00e1tica entre a cortina de pano e os novos pain\u00e9is?<\/h2>\n\n\n\n<p>Na hora de montar a sala, muita gente acaba presa no costume de comprar var\u00f5es pesados de madeira e metros de linho grosso. Optar pelas <strong>placas finas<\/strong> que correm em trilhos \u00e9 um investimento certeiro para garantir uma casa altamente respir\u00e1vel.<\/p>\n\n\n\n<p>Colocar os modelos frente a frente prova o motivo dos pain\u00e9is orientais dominarem o mercado atual:<\/p>\n\n\n\n<figure class=\"wp-block-table\"><table class=\"has-fixed-layout\"><tbody><tr><th>Caracter\u00edstica<\/th><th>Cortina de Tecido Tradicional<\/th><th>Painel Japon\u00eas Minimalista<\/th><\/tr><tr><td><strong>Ac\u00famulo de poeira<\/strong><\/td><td>Alto, exige lavagem frequente na m\u00e1quina<\/td><td>Quase zero, pois o material liso n\u00e3o ret\u00e9m p\u00f3<\/td><\/tr><tr><td><strong>Ocupa\u00e7\u00e3o de espa\u00e7o<\/strong><\/td><td>Rouba bons cent\u00edmetros da parede e do ch\u00e3o<\/td><td>Desliza colado ao vidro e otimiza a \u00e1rea \u00fatil<\/td><\/tr><tr><td><strong>Controle de luz solar<\/strong><\/td><td>Dif\u00edcil de regular e sempre abafa o c\u00f4modo<\/td><td>Preciso, leve e com <strong>isolamento t\u00e9rmico<\/strong> real<\/td><\/tr><\/tbody><\/table><\/figure>\n\n\n\n<h2 class=\"wp-block-heading\">Onde aplicar essa solu\u00e7\u00e3o arquitet\u00f4nica nos seus ambientes di\u00e1rios?<\/h2>\n\n\n\n<p>O formato em painel ou a vers\u00e3o rol\u00f4 brilham muito em varandas envidra\u00e7adas, no seu escrit\u00f3rio fechado e em cozinhas com alta circula\u00e7\u00e3o. Como a estrutura lisa n\u00e3o absorve gordura e nem pega odores fortes, ela encerra o drama de usar tecido perto da \u00e1rea do fog\u00e3o.<\/p>\n\n\n\n<p>Nos dormit\u00f3rios, a vers\u00e3o blackout entrega o sonhado escurinho de cinema sem precisar costurar camadas triplas de forro. Basta dar um toque na cordinha para a claridade sumir de vez, trazendo um repouso tranquilo ap\u00f3s o batente di\u00e1rio.<\/p>\n","protected":false},"excerpt":{"rendered":"<p>A tend\u00eancia japonesa super pr\u00e1tica chegou com for\u00e7a total para provar que as pesadas cortinas de tecido v\u00e3o sumir das janelas em breve. Essa troca inteligente de decora\u00e7\u00e3o traz um visual muito mais limpo para sua casa e facilita a rotina de faxina pesada. Por que a tend\u00eancia japonesa super pr\u00e1tica ganha tanto destaque? O [&hellip;]<\/p>\n","protected":false},"author":11,"featured_media":204711,"comment_status":"open","ping_status":"open","sticky":false,"template":"","format":"standard","meta":{"_yoast_wpseo_focuskw":"tend\u00eancia japonesa super pr\u00e1tica","_yoast_wpseo_title":"","_yoast_wpseo_metadesc":"A tend\u00eancia japonesa super pr\u00e1tica substitui as cortinas velhas. Adote os pain\u00e9is minimalistas na sua casa para ganhar espa\u00e7o livre e facilidade na limpeza.","jnews-multi-image_gallery":[],"jnews_single_post":{"format":"standard"},"jnews_primary_category":[],"jnews_social_meta":[],"jnews_override_counter":[],"footnotes":""},"categories":[143],"post_tag":[8781,1296],"class_list":["post-204072","post","type-post","status-publish","format-standard","has-post-thumbnail","hentry","category-casa-e-decoracao","tag-cortina","tag-tecido"],"yoast_head":"<!-- This site is optimized with the Yoast SEO plugin v24.6 - https:\/\/yoast.com\/wordpress\/plugins\/seo\/ -->\n<title>As pesadas cortinas de tecido v\u00e3o sumir das janelas em breve e a engenhosa tend\u00eancia japonesa super pr\u00e1tica que traz eleg\u00e2ncia j\u00e1 \u00e9 sucesso absoluto - Correio Braziliense - Radar<\/title>\n<meta name=\"description\" content=\"A tend\u00eancia japonesa super pr\u00e1tica substitui as cortinas velhas. Adote os pain\u00e9is minimalistas na sua casa para ganhar espa\u00e7o livre e facilidade na limpeza.\" \/>\n<meta name=\"robots\" content=\"index, follow, max-snippet:-1, max-image-preview:large, max-video-preview:-1\" \/>\n<link rel=\"canonical\" href=\"https:\/\/www.correiobraziliense.com.br\/cbradar\/as-pesadas-cortinas-de-tecido-vao-sumir-das-janelas-em-breve-e-a-engenhosa-tendencia-japonesa-super-pratica-que-traz-elegancia-ja-e-sucesso-absoluto\/\" \/>\n<meta property=\"og:locale\" content=\"pt_BR\" \/>\n<meta property=\"og:type\" content=\"article\" \/>\n<meta property=\"og:title\" content=\"As pesadas cortinas de tecido v\u00e3o sumir das janelas em breve e a engenhosa tend\u00eancia japonesa super pr\u00e1tica que traz eleg\u00e2ncia j\u00e1 \u00e9 sucesso absoluto - Correio Braziliense - Radar\" \/>\n<meta property=\"og:description\" content=\"A tend\u00eancia japonesa super pr\u00e1tica substitui as cortinas velhas. Adote os pain\u00e9is minimalistas na sua casa para ganhar espa\u00e7o livre e facilidade na limpeza.\" \/>\n<meta property=\"og:url\" content=\"https:\/\/www.correiobraziliense.com.br\/cbradar\/as-pesadas-cortinas-de-tecido-vao-sumir-das-janelas-em-breve-e-a-engenhosa-tendencia-japonesa-super-pratica-que-traz-elegancia-ja-e-sucesso-absoluto\/\" \/>\n<meta property=\"og:site_name\" content=\"Correio Braziliense - Radar\" \/>\n<meta property=\"article:published_time\" content=\"2026-03-08T13:15:00+00:00\" \/>\n<meta property=\"og:image\" content=\"https:\/\/www.correiobraziliense.com.br\/cbradar\/wp-content\/uploads\/2026\/03\/imagem_2026-03-07_133201047.png\" \/>\n\t<meta property=\"og:image:width\" content=\"1280\" \/>\n\t<meta property=\"og:image:height\" content=\"720\" \/>\n\t<meta property=\"og:image:type\" content=\"image\/png\" \/>\n<meta name=\"author\" content=\"Paulo Custodio\" \/>\n<meta name=\"twitter:card\" content=\"summary_large_image\" \/>\n<meta name=\"twitter:label1\" content=\"Escrito por\" \/>\n\t<meta name=\"twitter:data1\" content=\"Paulo Custodio\" \/>\n\t<meta name=\"twitter:label2\" content=\"Est. tempo de leitura\" \/>\n\t<meta name=\"twitter:data2\" content=\"5 minutos\" \/>\n<!-- \/ Yoast SEO plugin. -->","yoast_head_json":{"title":"As pesadas cortinas de tecido v\u00e3o sumir das janelas em breve e a engenhosa tend\u00eancia japonesa super pr\u00e1tica que traz eleg\u00e2ncia j\u00e1 \u00e9 sucesso absoluto - Correio Braziliense - Radar","description":"A tend\u00eancia japonesa super pr\u00e1tica substitui as cortinas velhas. Adote os pain\u00e9is minimalistas na sua casa para ganhar espa\u00e7o livre e facilidade na limpeza.","robots":{"index":"index","follow":"follow","max-snippet":"max-snippet:-1","max-image-preview":"max-image-preview:large","max-video-preview":"max-video-preview:-1"},"canonical":"https:\/\/www.correiobraziliense.com.br\/cbradar\/as-pesadas-cortinas-de-tecido-vao-sumir-das-janelas-em-breve-e-a-engenhosa-tendencia-japonesa-super-pratica-que-traz-elegancia-ja-e-sucesso-absoluto\/","og_locale":"pt_BR","og_type":"article","og_title":"As pesadas cortinas de tecido v\u00e3o sumir das janelas em breve e a engenhosa tend\u00eancia japonesa super pr\u00e1tica que traz eleg\u00e2ncia j\u00e1 \u00e9 sucesso absoluto - Correio Braziliense - Radar","og_description":"A tend\u00eancia japonesa super pr\u00e1tica substitui as cortinas velhas. Adote os pain\u00e9is minimalistas na sua casa para ganhar espa\u00e7o livre e facilidade na limpeza.","og_url":"https:\/\/www.correiobraziliense.com.br\/cbradar\/as-pesadas-cortinas-de-tecido-vao-sumir-das-janelas-em-breve-e-a-engenhosa-tendencia-japonesa-super-pratica-que-traz-elegancia-ja-e-sucesso-absoluto\/","og_site_name":"Correio Braziliense - Radar","article_published_time":"2026-03-08T13:15:00+00:00","og_image":[{"width":1280,"height":720,"url":"https:\/\/www.correiobraziliense.com.br\/cbradar\/wp-content\/uploads\/2026\/03\/imagem_2026-03-07_133201047.png","type":"image\/png"}],"author":"Paulo Custodio","twitter_card":"summary_large_image","twitter_misc":{"Escrito por":"Paulo Custodio","Est. tempo de leitura":"5 minutos"},"schema":{"@context":"https:\/\/schema.org","@graph":[{"@type":"WebPage","@id":"https:\/\/www.correiobraziliense.com.br\/cbradar\/as-pesadas-cortinas-de-tecido-vao-sumir-das-janelas-em-breve-e-a-engenhosa-tendencia-japonesa-super-pratica-que-traz-elegancia-ja-e-sucesso-absoluto\/","url":"https:\/\/www.correiobraziliense.com.br\/cbradar\/as-pesadas-cortinas-de-tecido-vao-sumir-das-janelas-em-breve-e-a-engenhosa-tendencia-japonesa-super-pratica-que-traz-elegancia-ja-e-sucesso-absoluto\/","name":"As pesadas cortinas de tecido v\u00e3o sumir das janelas em breve e a engenhosa tend\u00eancia japonesa super pr\u00e1tica que traz eleg\u00e2ncia j\u00e1 \u00e9 sucesso absoluto - Correio Braziliense - Radar","isPartOf":{"@id":"https:\/\/www.correiobraziliense.com.br\/cbradar\/#website"},"primaryImageOfPage":{"@id":"https:\/\/www.correiobraziliense.com.br\/cbradar\/as-pesadas-cortinas-de-tecido-vao-sumir-das-janelas-em-breve-e-a-engenhosa-tendencia-japonesa-super-pratica-que-traz-elegancia-ja-e-sucesso-absoluto\/#primaryimage"},"image":{"@id":"https:\/\/www.correiobraziliense.com.br\/cbradar\/as-pesadas-cortinas-de-tecido-vao-sumir-das-janelas-em-breve-e-a-engenhosa-tendencia-japonesa-super-pratica-que-traz-elegancia-ja-e-sucesso-absoluto\/#primaryimage"},"thumbnailUrl":"https:\/\/www.correiobraziliense.com.br\/cbradar\/wp-content\/uploads\/2026\/03\/imagem_2026-03-07_133201047.png","datePublished":"2026-03-08T13:15:00+00:00","author":{"@id":"https:\/\/www.correiobraziliense.com.br\/cbradar\/#\/schema\/person\/4cec7857301a9a1a2ef249893cd908d3"},"description":"A tend\u00eancia japonesa super pr\u00e1tica substitui as cortinas velhas. Adote os pain\u00e9is minimalistas na sua casa para ganhar espa\u00e7o livre e facilidade na limpeza.","breadcrumb":{"@id":"https:\/\/www.correiobraziliense.com.br\/cbradar\/as-pesadas-cortinas-de-tecido-vao-sumir-das-janelas-em-breve-e-a-engenhosa-tendencia-japonesa-super-pratica-que-traz-elegancia-ja-e-sucesso-absoluto\/#breadcrumb"},"inLanguage":"pt-BR","potentialAction":[{"@type":"ReadAction","target":["https:\/\/www.correiobraziliense.com.br\/cbradar\/as-pesadas-cortinas-de-tecido-vao-sumir-das-janelas-em-breve-e-a-engenhosa-tendencia-japonesa-super-pratica-que-traz-elegancia-ja-e-sucesso-absoluto\/"]}]},{"@type":"ImageObject","inLanguage":"pt-BR","@id":"https:\/\/www.correiobraziliense.com.br\/cbradar\/as-pesadas-cortinas-de-tecido-vao-sumir-das-janelas-em-breve-e-a-engenhosa-tendencia-japonesa-super-pratica-que-traz-elegancia-ja-e-sucesso-absoluto\/#primaryimage","url":"https:\/\/www.correiobraziliense.com.br\/cbradar\/wp-content\/uploads\/2026\/03\/imagem_2026-03-07_133201047.png","contentUrl":"https:\/\/www.correiobraziliense.com.br\/cbradar\/wp-content\/uploads\/2026\/03\/imagem_2026-03-07_133201047.png","width":1280,"height":720,"caption":"Quarto fresco e escuro com persiana rol\u00f4 bloqueando o sol forte"},{"@type":"BreadcrumbList","@id":"https:\/\/www.correiobraziliense.com.br\/cbradar\/as-pesadas-cortinas-de-tecido-vao-sumir-das-janelas-em-breve-e-a-engenhosa-tendencia-japonesa-super-pratica-que-traz-elegancia-ja-e-sucesso-absoluto\/#breadcrumb","itemListElement":[{"@type":"ListItem","position":1,"name":"In\u00edcio","item":"https:\/\/www.correiobraziliense.com.br\/cbradar\/"},{"@type":"ListItem","position":2,"name":"As pesadas cortinas de tecido v\u00e3o sumir das janelas em breve e a engenhosa tend\u00eancia japonesa super pr\u00e1tica que traz eleg\u00e2ncia j\u00e1 \u00e9 sucesso absoluto"}]},{"@type":"WebSite","@id":"https:\/\/www.correiobraziliense.com.br\/cbradar\/#website","url":"https:\/\/www.correiobraziliense.com.br\/cbradar\/","name":"Correio Braziliense - Radar","description":"Acompanhe as \u00faltimas not\u00edcias e fique bem informado sobre tudo o que acontece no Brasil e no mundo.","potentialAction":[{"@type":"SearchAction","target":{"@type":"EntryPoint","urlTemplate":"https:\/\/www.correiobraziliense.com.br\/cbradar\/?s={search_term_string}"},"query-input":{"@type":"PropertyValueSpecification","valueRequired":true,"valueName":"search_term_string"}}],"inLanguage":"pt-BR"},{"@type":"Person","@id":"https:\/\/www.correiobraziliense.com.br\/cbradar\/#\/schema\/person\/4cec7857301a9a1a2ef249893cd908d3","name":"Paulo Custodio","image":{"@type":"ImageObject","inLanguage":"pt-BR","@id":"https:\/\/www.correiobraziliense.com.br\/cbradar\/#\/schema\/person\/image\/","url":"https:\/\/secure.gravatar.com\/avatar\/bcd67168d1534e8fcf4f45c726a87cea?s=96&d=mm&r=g","contentUrl":"https:\/\/secure.gravatar.com\/avatar\/bcd67168d1534e8fcf4f45c726a87cea?s=96&d=mm&r=g","caption":"Paulo Custodio"},"sameAs":["https:\/\/www.correiobraziliense.com.br\/cbradar"],"url":"https:\/\/www.correiobraziliense.com.br\/cbradar\/author\/paulomyth\/"}]}},"_links":{"self":[{"href":"https:\/\/www.correiobraziliense.com.br\/cbradar\/wp-json\/wp\/v2\/posts\/204072","targetHints":{"allow":["GET"]}}],"collection":[{"href":"https:\/\/www.correiobraziliense.com.br\/cbradar\/wp-json\/wp\/v2\/posts"}],"about":[{"href":"https:\/\/www.correiobraziliense.com.br\/cbradar\/wp-json\/wp\/v2\/types\/post"}],"author":[{"embeddable":true,"href":"https:\/\/www.correiobraziliense.com.br\/cbradar\/wp-json\/wp\/v2\/users\/11"}],"replies":[{"embeddable":true,"href":"https:\/\/www.correiobraziliense.com.br\/cbradar\/wp-json\/wp\/v2\/comments?post=204072"}],"version-history":[{"count":2,"href":"https:\/\/www.correiobraziliense.com.br\/cbradar\/wp-json\/wp\/v2\/posts\/204072\/revisions"}],"predecessor-version":[{"id":204713,"href":"https:\/\/www.correiobraziliense.com.br\/cbradar\/wp-json\/wp\/v2\/posts\/204072\/revisions\/204713"}],"wp:featuredmedia":[{"embeddable":true,"href":"https:\/\/www.correiobraziliense.com.br\/cbradar\/wp-json\/wp\/v2\/media\/204711"}],"wp:attachment":[{"href":"https:\/\/www.correiobraziliense.com.br\/cbradar\/wp-json\/wp\/v2\/media?parent=204072"}],"wp:term":[{"taxonomy":"category","embeddable":true,"href":"https:\/\/www.correiobraziliense.com.br\/cbradar\/wp-json\/wp\/v2\/categories?post=204072"},{"taxonomy":"post_tag","embeddable":true,"href":"https:\/\/www.correiobraziliense.com.br\/cbradar\/wp-json\/wp\/v2\/post_tag?post=204072"}],"curies":[{"name":"wp","href":"https:\/\/api.w.org\/{rel}","templated":true}]}}