{"id":204081,"date":"2026-03-08T13:25:00","date_gmt":"2026-03-08T16:25:00","guid":{"rendered":"https:\/\/www.correiobraziliense.com.br\/cbradar\/?p=204081"},"modified":"2026-03-07T13:31:37","modified_gmt":"2026-03-07T16:31:37","slug":"o-classico-rack-de-sala-esta-desaparecendo-aos-poucos-e-a-nova-invencao-muito-mais-barata-que-aumenta-o-espaco-e-nao-junta-poeira-virou-a-queridinha-do-design","status":"publish","type":"post","link":"https:\/\/www.correiobraziliense.com.br\/cbradar\/o-classico-rack-de-sala-esta-desaparecendo-aos-poucos-e-a-nova-invencao-muito-mais-barata-que-aumenta-o-espaco-e-nao-junta-poeira-virou-a-queridinha-do-design\/","title":{"rendered":"O cl\u00e1ssico rack de sala est\u00e1 desaparecendo aos poucos e a nova inven\u00e7\u00e3o muito mais barata que aumenta o espa\u00e7o e n\u00e3o junta poeira virou a queridinha do design"},"content":{"rendered":"\n<p>Trocar o pesado <strong>rack de sala<\/strong> por pain\u00e9is suspensos e prateleiras flutuantes \u00e9 uma jogada genial para ganhar espa\u00e7o livre e facilitar a limpeza di\u00e1ria. Essa nova inven\u00e7\u00e3o muito mais barata virou a queridinha do design atual por acabar de vez com a poeira acumulada nos cantos da sua casa.<\/p>\n\n\n\n<h2 class=\"wp-block-heading\">Por que o antigo rack de sala est\u00e1 perdendo espa\u00e7o nas casas?<\/h2>\n\n\n\n<p>O velho <strong>rack de sala<\/strong> de ch\u00e3o virou um problema gigante para quem mora em apartamentos cada vez menores. Ele devora preciosos cent\u00edmetros de circula\u00e7\u00e3o e cria cantos escuros onde a vassoura e o rodo n\u00e3o alcan\u00e7am de jeito nenhum.<\/p>\n\n\n\n<p>A sa\u00edda inteligente foi pendurar a televis\u00e3o e os eletr\u00f4nicos na parede usando pain\u00e9is finos e suportes invis\u00edveis. Essa mudan\u00e7a de rota na marcenaria moderna entrega um visual muito mais limpo e deixa o ch\u00e3o totalmente livre para voc\u00ea andar sem trope\u00e7ar nos m\u00f3veis pesados.<\/p>\n\n\n<div class=\"wp-block-image\">\n<figure class=\"aligncenter size-full\"><img decoding=\"async\" width=\"1280\" height=\"720\" src=\"https:\/\/www.correiobraziliense.com.br\/cbradar\/wp-content\/uploads\/2026\/03\/imagem_2026-03-06_125117432.png\" alt=\"Sala de estar brasileira moderna com painel de TV suspenso e ch\u00e3o livre\" class=\"wp-image-204095\" srcset=\"https:\/\/www.correiobraziliense.com.br\/cbradar\/wp-content\/uploads\/2026\/03\/imagem_2026-03-06_125117432.png 1280w, https:\/\/www.correiobraziliense.com.br\/cbradar\/wp-content\/uploads\/2026\/03\/imagem_2026-03-06_125117432-300x169.png 300w, https:\/\/www.correiobraziliense.com.br\/cbradar\/wp-content\/uploads\/2026\/03\/imagem_2026-03-06_125117432-768x432.png 768w, https:\/\/www.correiobraziliense.com.br\/cbradar\/wp-content\/uploads\/2026\/03\/imagem_2026-03-06_125117432-750x422.png 750w, https:\/\/www.correiobraziliense.com.br\/cbradar\/wp-content\/uploads\/2026\/03\/imagem_2026-03-06_125117432-1140x641.png 1140w\" sizes=\"(max-width: 1280px) 100vw, 1280px\" \/><figcaption class=\"wp-element-caption\">Sala de estar brasileira moderna com painel de TV suspenso e ch\u00e3o livre<\/figcaption><\/figure><\/div>\n\n\n<h2 class=\"wp-block-heading\">Como a limpeza di\u00e1ria impacta a qualidade do ar que voc\u00ea respira?<\/h2>\n\n\n\n<p>Tirar os trambolhos de madeira do caminho n\u00e3o \u00e9 apenas uma quest\u00e3o de beleza, mas sim de sa\u00fade respirat\u00f3ria para a sua fam\u00edlia inteira. A <a href=\"https:\/\/www.epa.gov\/indoor-air-quality-iaq\/introduction-indoor-air-quality\" target=\"_blank\" rel=\"noreferrer noopener\"><strong>Environmental Protection Agency<\/strong><\/a> atesta que m\u00f3veis pesados dificultam a ventila\u00e7\u00e3o e multiplicam a quantidade de \u00e1caros no ambiente dom\u00e9stico.<\/p>\n\n\n\n<p>Ao liberar o piso da sua sala com prateleiras flutuantes, o rob\u00f4 aspirador faz o trabalho duro sem travar nas pernas da mob\u00edlia. Isso reduz o n\u00famero de crises al\u00e9rgicas e mant\u00e9m a casa inteira com um cheiro constante de frescor e faxina rec\u00e9m-feita.<\/p>\n\n\n\n<p>Leia tamb\u00e9m: <a href=\"https:\/\/www.correiobraziliense.com.br\/cbradar\/quanto-custa-transformar-o-banheiro-antigo-em-um-espaco-moderno-trocando-apenas-a-bancada-e-o-sistema-de-iluminacao\/\" target=\"_blank\" rel=\"noreferrer noopener\">Quanto custa transformar o banheiro antigo em um espa\u00e7o moderno trocando apenas a bancada e o sistema de ilumina\u00e7\u00e3o<\/a><\/p>\n\n\n\n<h2 class=\"wp-block-heading\">Quais as principais vantagens de usar suportes flutuantes?<\/h2>\n\n\n\n<p>Apostar nessa nova onda de decora\u00e7\u00e3o minimalista traz um al\u00edvio imediato para o seu bolso e para a rotina cansativa de limpeza da casa. A instala\u00e7\u00e3o exige pouqu\u00edssimo material e voc\u00ea mesmo consegue montar a estrutura usando furadeira e ferramentas b\u00e1sicas.<\/p>\n\n\n\n<p>D\u00e1 uma olhada nos maiores benef\u00edcios pr\u00e1ticos que essa mudan\u00e7a r\u00e1pida entrega no seu dia a dia:<\/p>\n\n\n\n<ul class=\"wp-block-list\">\n<li>Ganho real de <strong>espa\u00e7o de circula\u00e7\u00e3o<\/strong> na sua sala de estar;<\/li>\n\n\n\n<li>Forte redu\u00e7\u00e3o no ac\u00famulo de <strong>poeira e pelos<\/strong> de animais;<\/li>\n\n\n\n<li>Economia de at\u00e9 <strong>50% no valor<\/strong> comparado aos m\u00f3veis maci\u00e7os de ch\u00e3o;<\/li>\n\n\n\n<li>Facilidade extrema para passar a <strong>vassoura ou aspirador<\/strong> cantos da parede.<\/li>\n<\/ul>\n\n\n<div class=\"wp-block-image\">\n<figure class=\"aligncenter size-full\"><img decoding=\"async\" width=\"1280\" height=\"720\" src=\"https:\/\/www.correiobraziliense.com.br\/cbradar\/wp-content\/uploads\/2026\/03\/imagem_2026-03-06_125125330.png\" alt=\"Vis\u00e3o em 1\u00aa pessoa de rob\u00f4 aspirador limpando facilmente sob o painel suspenso\" class=\"wp-image-204096\" srcset=\"https:\/\/www.correiobraziliense.com.br\/cbradar\/wp-content\/uploads\/2026\/03\/imagem_2026-03-06_125125330.png 1280w, https:\/\/www.correiobraziliense.com.br\/cbradar\/wp-content\/uploads\/2026\/03\/imagem_2026-03-06_125125330-300x169.png 300w, https:\/\/www.correiobraziliense.com.br\/cbradar\/wp-content\/uploads\/2026\/03\/imagem_2026-03-06_125125330-768x432.png 768w, https:\/\/www.correiobraziliense.com.br\/cbradar\/wp-content\/uploads\/2026\/03\/imagem_2026-03-06_125125330-750x422.png 750w, https:\/\/www.correiobraziliense.com.br\/cbradar\/wp-content\/uploads\/2026\/03\/imagem_2026-03-06_125125330-1140x641.png 1140w\" sizes=\"(max-width: 1280px) 100vw, 1280px\" \/><figcaption class=\"wp-element-caption\">Vis\u00e3o em 1\u00aa pessoa de rob\u00f4 aspirador limpando facilmente sob o painel suspenso<\/figcaption><\/figure><\/div>\n\n\n<h2 class=\"wp-block-heading\">Qual a diferen\u00e7a entre a mob\u00edlia de ch\u00e3o e as op\u00e7\u00f5es de parede?<\/h2>\n\n\n\n<p>\u00c9 super normal bater aquela d\u00favida na hora de descartar um m\u00f3vel tradicional e furar a parede para colocar um painel fininho. A verdade \u00e9 que a tecnologia das TVs atuais mudou e a gente n\u00e3o precisa mais daquelas bases grossas para sustentar aparelhos pesados de tubo.<\/p>\n\n\n\n<p>Observe o que muda na pr\u00e1tica ao comparar os dois estilos de decora\u00e7\u00e3o para o mesmo ambiente:<\/p>\n\n\n\n<figure class=\"wp-block-table\"><table class=\"has-fixed-layout\"><tbody><tr><th>Caracter\u00edstica<\/th><th>M\u00f3vel de Ch\u00e3o Antigo<\/th><th>Painel Suspenso Atual<\/th><\/tr><tr><td><strong>Faxina do piso<\/strong><\/td><td>Dif\u00edcil e exige arrastar peso excessivo<\/td><td>R\u00e1pida e com o piso <strong>100% livre<\/strong><\/td><\/tr><tr><td><strong>Sensa\u00e7\u00e3o visual<\/strong><\/td><td>Abafa o c\u00f4modo e encurta a sua sala<\/td><td>Amplia o espa\u00e7o e traz muita <strong>leveza<\/strong><\/td><\/tr><tr><td><strong>Custo m\u00e9dio<\/strong><\/td><td>Alto por conta da grande quantidade de madeira<\/td><td>Muito acess\u00edvel e focado apenas no <strong>essencial<\/strong><\/td><\/tr><\/tbody><\/table><\/figure>\n\n\n\n<h2 class=\"wp-block-heading\">Como montar essa estrutura pr\u00e1tica gastando quase nada hoje mesmo?<\/h2>\n\n\n\n<p>O truque de mestre para economizar de verdade \u00e9 comprar prateleiras de <strong>MDF<\/strong> prontas e usar suportes do tipo m\u00e3o-francesa invertida. Voc\u00ea esconde os fios da televis\u00e3o com canaletas coladas e pintadas na cor exata da parede, criando um efeito de cinema sem pagar a conta de um marceneiro caro.<\/p>\n\n\n\n<p>Com menos de <strong>R$ 150<\/strong> na loja de constru\u00e7\u00e3o do seu bairro, voc\u00ea resolve o problema do espa\u00e7o e d\u00e1 uma cara de apartamento de luxo para o seu cantinho. Escolher a praticidade sempre vai ser a melhor decis\u00e3o para viver bem e sem dor de cabe\u00e7a com a limpeza pesada.<\/p>\n","protected":false},"excerpt":{"rendered":"<p>Trocar o pesado rack de sala por pain\u00e9is suspensos e prateleiras flutuantes \u00e9 uma jogada genial para ganhar espa\u00e7o livre e facilitar a limpeza di\u00e1ria. Essa nova inven\u00e7\u00e3o muito mais barata virou a queridinha do design atual por acabar de vez com a poeira acumulada nos cantos da sua casa. Por que o antigo rack [&hellip;]<\/p>\n","protected":false},"author":11,"featured_media":204709,"comment_status":"open","ping_status":"open","sticky":false,"template":"","format":"standard","meta":{"_yoast_wpseo_focuskw":"Rack de sala","_yoast_wpseo_title":"","_yoast_wpseo_metadesc":"Bater um peda\u00e7o de raiz ardida no suco matinal \u00e9 a t\u00e1tica certa para blindar seu est\u00f4mago e cortar inflama\u00e7\u00f5es.","jnews-multi-image_gallery":[],"jnews_single_post":{"format":"standard"},"jnews_primary_category":[],"jnews_social_meta":[],"jnews_override_counter":[],"footnotes":""},"categories":[143],"post_tag":[15830,13694],"class_list":["post-204081","post","type-post","status-publish","format-standard","has-post-thumbnail","hentry","category-casa-e-decoracao","tag-rack-de-sala","tag-sala"],"yoast_head":"<!-- This site is optimized with the Yoast SEO plugin v24.6 - https:\/\/yoast.com\/wordpress\/plugins\/seo\/ -->\n<title>O cl\u00e1ssico rack de sala est\u00e1 desaparecendo aos poucos e a nova inven\u00e7\u00e3o muito mais barata que aumenta o espa\u00e7o e n\u00e3o junta poeira virou a queridinha do design - Correio Braziliense - Radar<\/title>\n<meta name=\"description\" content=\"Bater um peda\u00e7o de raiz ardida no suco matinal \u00e9 a t\u00e1tica certa para blindar seu est\u00f4mago e cortar inflama\u00e7\u00f5es.\" \/>\n<meta name=\"robots\" content=\"index, follow, max-snippet:-1, max-image-preview:large, max-video-preview:-1\" \/>\n<link rel=\"canonical\" href=\"https:\/\/www.correiobraziliense.com.br\/cbradar\/o-classico-rack-de-sala-esta-desaparecendo-aos-poucos-e-a-nova-invencao-muito-mais-barata-que-aumenta-o-espaco-e-nao-junta-poeira-virou-a-queridinha-do-design\/\" \/>\n<meta property=\"og:locale\" content=\"pt_BR\" \/>\n<meta property=\"og:type\" content=\"article\" \/>\n<meta property=\"og:title\" content=\"O cl\u00e1ssico rack de sala est\u00e1 desaparecendo aos poucos e a nova inven\u00e7\u00e3o muito mais barata que aumenta o espa\u00e7o e n\u00e3o junta poeira virou a queridinha do design - Correio Braziliense - Radar\" \/>\n<meta property=\"og:description\" content=\"Bater um peda\u00e7o de raiz ardida no suco matinal \u00e9 a t\u00e1tica certa para blindar seu est\u00f4mago e cortar inflama\u00e7\u00f5es.\" \/>\n<meta property=\"og:url\" content=\"https:\/\/www.correiobraziliense.com.br\/cbradar\/o-classico-rack-de-sala-esta-desaparecendo-aos-poucos-e-a-nova-invencao-muito-mais-barata-que-aumenta-o-espaco-e-nao-junta-poeira-virou-a-queridinha-do-design\/\" \/>\n<meta property=\"og:site_name\" content=\"Correio Braziliense - Radar\" \/>\n<meta property=\"article:published_time\" content=\"2026-03-08T16:25:00+00:00\" \/>\n<meta property=\"og:image\" content=\"https:\/\/www.correiobraziliense.com.br\/cbradar\/wp-content\/uploads\/2026\/03\/Sala_1772901030882.jpg\" \/>\n\t<meta property=\"og:image:width\" content=\"1280\" \/>\n\t<meta property=\"og:image:height\" content=\"720\" \/>\n\t<meta property=\"og:image:type\" content=\"image\/jpeg\" \/>\n<meta name=\"author\" content=\"Paulo Custodio\" \/>\n<meta name=\"twitter:card\" content=\"summary_large_image\" \/>\n<meta name=\"twitter:label1\" content=\"Escrito por\" \/>\n\t<meta name=\"twitter:data1\" content=\"Paulo Custodio\" \/>\n\t<meta name=\"twitter:label2\" content=\"Est. tempo de leitura\" \/>\n\t<meta name=\"twitter:data2\" content=\"5 minutos\" \/>\n<!-- \/ Yoast SEO plugin. -->","yoast_head_json":{"title":"O cl\u00e1ssico rack de sala est\u00e1 desaparecendo aos poucos e a nova inven\u00e7\u00e3o muito mais barata que aumenta o espa\u00e7o e n\u00e3o junta poeira virou a queridinha do design - Correio Braziliense - Radar","description":"Bater um peda\u00e7o de raiz ardida no suco matinal \u00e9 a t\u00e1tica certa para blindar seu est\u00f4mago e cortar inflama\u00e7\u00f5es.","robots":{"index":"index","follow":"follow","max-snippet":"max-snippet:-1","max-image-preview":"max-image-preview:large","max-video-preview":"max-video-preview:-1"},"canonical":"https:\/\/www.correiobraziliense.com.br\/cbradar\/o-classico-rack-de-sala-esta-desaparecendo-aos-poucos-e-a-nova-invencao-muito-mais-barata-que-aumenta-o-espaco-e-nao-junta-poeira-virou-a-queridinha-do-design\/","og_locale":"pt_BR","og_type":"article","og_title":"O cl\u00e1ssico rack de sala est\u00e1 desaparecendo aos poucos e a nova inven\u00e7\u00e3o muito mais barata que aumenta o espa\u00e7o e n\u00e3o junta poeira virou a queridinha do design - Correio Braziliense - Radar","og_description":"Bater um peda\u00e7o de raiz ardida no suco matinal \u00e9 a t\u00e1tica certa para blindar seu est\u00f4mago e cortar inflama\u00e7\u00f5es.","og_url":"https:\/\/www.correiobraziliense.com.br\/cbradar\/o-classico-rack-de-sala-esta-desaparecendo-aos-poucos-e-a-nova-invencao-muito-mais-barata-que-aumenta-o-espaco-e-nao-junta-poeira-virou-a-queridinha-do-design\/","og_site_name":"Correio Braziliense - Radar","article_published_time":"2026-03-08T16:25:00+00:00","og_image":[{"width":1280,"height":720,"url":"https:\/\/www.correiobraziliense.com.br\/cbradar\/wp-content\/uploads\/2026\/03\/Sala_1772901030882.jpg","type":"image\/jpeg"}],"author":"Paulo Custodio","twitter_card":"summary_large_image","twitter_misc":{"Escrito por":"Paulo Custodio","Est. tempo de leitura":"5 minutos"},"schema":{"@context":"https:\/\/schema.org","@graph":[{"@type":"WebPage","@id":"https:\/\/www.correiobraziliense.com.br\/cbradar\/o-classico-rack-de-sala-esta-desaparecendo-aos-poucos-e-a-nova-invencao-muito-mais-barata-que-aumenta-o-espaco-e-nao-junta-poeira-virou-a-queridinha-do-design\/","url":"https:\/\/www.correiobraziliense.com.br\/cbradar\/o-classico-rack-de-sala-esta-desaparecendo-aos-poucos-e-a-nova-invencao-muito-mais-barata-que-aumenta-o-espaco-e-nao-junta-poeira-virou-a-queridinha-do-design\/","name":"O cl\u00e1ssico rack de sala est\u00e1 desaparecendo aos poucos e a nova inven\u00e7\u00e3o muito mais barata que aumenta o espa\u00e7o e n\u00e3o junta poeira virou a queridinha do design - Correio Braziliense - Radar","isPartOf":{"@id":"https:\/\/www.correiobraziliense.com.br\/cbradar\/#website"},"primaryImageOfPage":{"@id":"https:\/\/www.correiobraziliense.com.br\/cbradar\/o-classico-rack-de-sala-esta-desaparecendo-aos-poucos-e-a-nova-invencao-muito-mais-barata-que-aumenta-o-espaco-e-nao-junta-poeira-virou-a-queridinha-do-design\/#primaryimage"},"image":{"@id":"https:\/\/www.correiobraziliense.com.br\/cbradar\/o-classico-rack-de-sala-esta-desaparecendo-aos-poucos-e-a-nova-invencao-muito-mais-barata-que-aumenta-o-espaco-e-nao-junta-poeira-virou-a-queridinha-do-design\/#primaryimage"},"thumbnailUrl":"https:\/\/www.correiobraziliense.com.br\/cbradar\/wp-content\/uploads\/2026\/03\/Sala_1772901030882.jpg","datePublished":"2026-03-08T16:25:00+00:00","author":{"@id":"https:\/\/www.correiobraziliense.com.br\/cbradar\/#\/schema\/person\/4cec7857301a9a1a2ef249893cd908d3"},"description":"Bater um peda\u00e7o de raiz ardida no suco matinal \u00e9 a t\u00e1tica certa para blindar seu est\u00f4mago e cortar inflama\u00e7\u00f5es.","breadcrumb":{"@id":"https:\/\/www.correiobraziliense.com.br\/cbradar\/o-classico-rack-de-sala-esta-desaparecendo-aos-poucos-e-a-nova-invencao-muito-mais-barata-que-aumenta-o-espaco-e-nao-junta-poeira-virou-a-queridinha-do-design\/#breadcrumb"},"inLanguage":"pt-BR","potentialAction":[{"@type":"ReadAction","target":["https:\/\/www.correiobraziliense.com.br\/cbradar\/o-classico-rack-de-sala-esta-desaparecendo-aos-poucos-e-a-nova-invencao-muito-mais-barata-que-aumenta-o-espaco-e-nao-junta-poeira-virou-a-queridinha-do-design\/"]}]},{"@type":"ImageObject","inLanguage":"pt-BR","@id":"https:\/\/www.correiobraziliense.com.br\/cbradar\/o-classico-rack-de-sala-esta-desaparecendo-aos-poucos-e-a-nova-invencao-muito-mais-barata-que-aumenta-o-espaco-e-nao-junta-poeira-virou-a-queridinha-do-design\/#primaryimage","url":"https:\/\/www.correiobraziliense.com.br\/cbradar\/wp-content\/uploads\/2026\/03\/Sala_1772901030882.jpg","contentUrl":"https:\/\/www.correiobraziliense.com.br\/cbradar\/wp-content\/uploads\/2026\/03\/Sala_1772901030882.jpg","width":1280,"height":720,"caption":"Sala de estar brasileira moderna com painel de TV suspenso e ch\u00e3o livre - Cr\u00e9ditos: depositphotos.com \/ aaphotograph"},{"@type":"BreadcrumbList","@id":"https:\/\/www.correiobraziliense.com.br\/cbradar\/o-classico-rack-de-sala-esta-desaparecendo-aos-poucos-e-a-nova-invencao-muito-mais-barata-que-aumenta-o-espaco-e-nao-junta-poeira-virou-a-queridinha-do-design\/#breadcrumb","itemListElement":[{"@type":"ListItem","position":1,"name":"In\u00edcio","item":"https:\/\/www.correiobraziliense.com.br\/cbradar\/"},{"@type":"ListItem","position":2,"name":"O cl\u00e1ssico rack de sala est\u00e1 desaparecendo aos poucos e a nova inven\u00e7\u00e3o muito mais barata que aumenta o espa\u00e7o e n\u00e3o junta poeira virou a queridinha do design"}]},{"@type":"WebSite","@id":"https:\/\/www.correiobraziliense.com.br\/cbradar\/#website","url":"https:\/\/www.correiobraziliense.com.br\/cbradar\/","name":"Correio Braziliense - Radar","description":"Acompanhe as \u00faltimas not\u00edcias e fique bem informado sobre tudo o que acontece no Brasil e no mundo.","potentialAction":[{"@type":"SearchAction","target":{"@type":"EntryPoint","urlTemplate":"https:\/\/www.correiobraziliense.com.br\/cbradar\/?s={search_term_string}"},"query-input":{"@type":"PropertyValueSpecification","valueRequired":true,"valueName":"search_term_string"}}],"inLanguage":"pt-BR"},{"@type":"Person","@id":"https:\/\/www.correiobraziliense.com.br\/cbradar\/#\/schema\/person\/4cec7857301a9a1a2ef249893cd908d3","name":"Paulo Custodio","image":{"@type":"ImageObject","inLanguage":"pt-BR","@id":"https:\/\/www.correiobraziliense.com.br\/cbradar\/#\/schema\/person\/image\/","url":"https:\/\/secure.gravatar.com\/avatar\/bcd67168d1534e8fcf4f45c726a87cea?s=96&d=mm&r=g","contentUrl":"https:\/\/secure.gravatar.com\/avatar\/bcd67168d1534e8fcf4f45c726a87cea?s=96&d=mm&r=g","caption":"Paulo Custodio"},"sameAs":["https:\/\/www.correiobraziliense.com.br\/cbradar"],"url":"https:\/\/www.correiobraziliense.com.br\/cbradar\/author\/paulomyth\/"}]}},"_links":{"self":[{"href":"https:\/\/www.correiobraziliense.com.br\/cbradar\/wp-json\/wp\/v2\/posts\/204081","targetHints":{"allow":["GET"]}}],"collection":[{"href":"https:\/\/www.correiobraziliense.com.br\/cbradar\/wp-json\/wp\/v2\/posts"}],"about":[{"href":"https:\/\/www.correiobraziliense.com.br\/cbradar\/wp-json\/wp\/v2\/types\/post"}],"author":[{"embeddable":true,"href":"https:\/\/www.correiobraziliense.com.br\/cbradar\/wp-json\/wp\/v2\/users\/11"}],"replies":[{"embeddable":true,"href":"https:\/\/www.correiobraziliense.com.br\/cbradar\/wp-json\/wp\/v2\/comments?post=204081"}],"version-history":[{"count":1,"href":"https:\/\/www.correiobraziliense.com.br\/cbradar\/wp-json\/wp\/v2\/posts\/204081\/revisions"}],"predecessor-version":[{"id":204097,"href":"https:\/\/www.correiobraziliense.com.br\/cbradar\/wp-json\/wp\/v2\/posts\/204081\/revisions\/204097"}],"wp:featuredmedia":[{"embeddable":true,"href":"https:\/\/www.correiobraziliense.com.br\/cbradar\/wp-json\/wp\/v2\/media\/204709"}],"wp:attachment":[{"href":"https:\/\/www.correiobraziliense.com.br\/cbradar\/wp-json\/wp\/v2\/media?parent=204081"}],"wp:term":[{"taxonomy":"category","embeddable":true,"href":"https:\/\/www.correiobraziliense.com.br\/cbradar\/wp-json\/wp\/v2\/categories?post=204081"},{"taxonomy":"post_tag","embeddable":true,"href":"https:\/\/www.correiobraziliense.com.br\/cbradar\/wp-json\/wp\/v2\/post_tag?post=204081"}],"curies":[{"name":"wp","href":"https:\/\/api.w.org\/{rel}","templated":true}]}}