{"id":204119,"date":"2026-03-08T18:05:00","date_gmt":"2026-03-08T21:05:00","guid":{"rendered":"https:\/\/www.correiobraziliense.com.br\/cbradar\/?p=204119"},"modified":"2026-03-07T13:26:58","modified_gmt":"2026-03-07T16:26:58","slug":"o-dente-amassado-que-quando-misturado-ao-azeite-funciona-como-um-poderoso-escudo-para-a-imunidade","status":"publish","type":"post","link":"https:\/\/www.correiobraziliense.com.br\/cbradar\/o-dente-amassado-que-quando-misturado-ao-azeite-funciona-como-um-poderoso-escudo-para-a-imunidade\/","title":{"rendered":"O dente amassado que, quando misturado ao azeite, funciona como um poderoso escudo para a imunidade"},"content":{"rendered":"\n<p>Usar o <strong>dente de alho amassado misturado ao azeite<\/strong> cria uma barreira forte que blinda a sua imunidade contra gripes e resfriados pesados. Essa combina\u00e7\u00e3o simples de alho com gordura boa ativa defesas naturais e entrega muita sa\u00fade sem gastar dinheiro na farm\u00e1cia.<\/p>\n\n\n\n<h2 class=\"wp-block-heading\">Por que o dente amassado misturado ao azeite funciona t\u00e3o bem?<\/h2>\n\n\n\n<p>Para liberar o poder real do alho, voc\u00ea precisa quebrar as fibras da planta com bastante for\u00e7a f\u00edsica. O ato de esmagar o alimento ativa a <strong>alicina<\/strong>, um composto bioativo que age como um verdadeiro antibi\u00f3tico natural dentro do nosso organismo di\u00e1rio.<\/p>\n\n\n\n<p>Misturar essa pasta picante com uma \u00f3tima fonte de gordura, como o <strong>azeite de oliva extravirgem<\/strong>, protege o princ\u00edpio ativo contra a acidez do est\u00f4mago. Isso garante que a subst\u00e2ncia chegue intacta ao intestino e fa\u00e7a a faxina completa no seu sistema imunol\u00f3gico.<\/p>\n\n\n<div class=\"wp-block-image\">\n<figure class=\"aligncenter size-full\"><img decoding=\"async\" width=\"1280\" height=\"720\" src=\"https:\/\/www.correiobraziliense.com.br\/cbradar\/wp-content\/uploads\/2026\/03\/imagem_2026-03-06_131700219.png\" alt=\"Azeite dourado sendo derramado sobre alho amassado em uma cozinha brasileira\" class=\"wp-image-204121\" srcset=\"https:\/\/www.correiobraziliense.com.br\/cbradar\/wp-content\/uploads\/2026\/03\/imagem_2026-03-06_131700219.png 1280w, https:\/\/www.correiobraziliense.com.br\/cbradar\/wp-content\/uploads\/2026\/03\/imagem_2026-03-06_131700219-300x169.png 300w, https:\/\/www.correiobraziliense.com.br\/cbradar\/wp-content\/uploads\/2026\/03\/imagem_2026-03-06_131700219-768x432.png 768w, https:\/\/www.correiobraziliense.com.br\/cbradar\/wp-content\/uploads\/2026\/03\/imagem_2026-03-06_131700219-750x422.png 750w, https:\/\/www.correiobraziliense.com.br\/cbradar\/wp-content\/uploads\/2026\/03\/imagem_2026-03-06_131700219-1140x641.png 1140w\" sizes=\"(max-width: 1280px) 100vw, 1280px\" \/><figcaption class=\"wp-element-caption\">Azeite dourado sendo derramado sobre alho amassado em uma cozinha brasileira<\/figcaption><\/figure><\/div>\n\n\n<h2 class=\"wp-block-heading\">Como a alicina combate os v\u00edrus dentro do corpo?<\/h2>\n\n\n\n<p>Essa subst\u00e2ncia forte ataca direto a parede das bact\u00e9rias e impede a multiplica\u00e7\u00e3o r\u00e1pida de v\u00edrus nas nossas c\u00e9lulas. Relat\u00f3rios sobre compostos bioativos do<strong> <a href=\"https:\/\/lpi.oregonstate.edu\/mic\/food-beverages\/garlic\" target=\"_blank\" rel=\"noreferrer noopener\">Linus Pauling Institute<\/a> <\/strong>demonstram que a alicina potencializa a resposta dos gl\u00f3bulos brancos, cortando a for\u00e7a de infec\u00e7\u00f5es logo no in\u00edcio.<\/p>\n\n\n\n<p>Na pr\u00e1tica, o seu corpo ganha um ex\u00e9rcito extra e agressivo para expulsar a doen\u00e7a antes dela te derrubar na cama. \u00c9 um al\u00edvio gigante para quem sofre constantemente com dores de garganta e nariz entupido toda vez que o clima esfria na cidade.<\/p>\n\n\n\n<p>No v\u00eddeo a seguir, o perfil<strong> DR DANIEL TALES<\/strong>, com mais de 1 milh\u00e3o de seguidores, fala um pouco sobre o assunto:<\/p>\n\n\n\n<blockquote class=\"tiktok-embed\" cite=\"https:\/\/www.tiktok.com\/@drdanieltales\/video\/7460899613172698374\" data-video-id=\"7460899613172698374\" style=\"max-width: 605px;min-width: 325px;\" > <section> <a target=\"_blank\" title=\"@drdanieltales\" href=\"https:\/\/www.tiktok.com\/@drdanieltales?refer=embed\">@drdanieltales<\/a> \ud83e\uddc4 Descubra o Poder do Alho para sua Sa\u00fade! Voc\u00ea sabia que o alho pode ser um verdadeiro rem\u00e9dio natural? Se usado da forma certa, ele pode transformar sua sa\u00fade! \ud83c\udf3f \u27a1\ufe0f O segredo est\u00e1 na alicina, um composto poderoso presente no alho. Mastigar o alho cru ativa muito mais a alicina do que outras formas de preparo, como cozinhar ou triturar. Isso potencializa benef\u00edcios incr\u00edveis para o corpo: \u2714\ufe0f Desintoxica o f\u00edgado. \u2714\ufe0f Combate v\u00edrus, bact\u00e9rias e fungos. \u2714\ufe0f Aumenta o \u00f3xido n\u00edtrico no sangue, ajudando a reduzir a press\u00e3o arterial. \u2714\ufe0f Atua como um anti-histam\u00ednico natural, aliviando congest\u00f5es nasais e combatendo rinite e sinusite. \ud83d\udca1 Mas calma! Sei que s\u00f3 de pensar em mastigar alho cru, voc\u00ea j\u00e1 torceu o nariz. \ud83e\udd22 N\u00e3o se preocupe! Existem formas mais f\u00e1ceis e saborosas de incluir esse superalimento na sua rotina, e eu ensino todas elas no v\u00eddeo. \ud83e\uddc4 N\u00e3o subestime o poder do alho! Inclua esse aliado na sua vida e sinta a diferen\u00e7a na sua sa\u00fade. Quer mais dicas como essa? \ud83d\udcac Comente aqui o que achou e compartilhe este v\u00eddeo com quem precisa saber disso! \ud83d\udd0e Siga @drdanieltales para mais informa\u00e7\u00f5es valiosas sobre sa\u00fade natural e simples! \ud83d\ude4c <a title=\"sa\u00fadenatural\" target=\"_blank\" href=\"https:\/\/www.tiktok.com\/tag\/sa%C3%BAdenatural?refer=embed\">#Sa\u00fadeNatural<\/a> <a title=\"benef\u00edciosdoalho\" target=\"_blank\" href=\"https:\/\/www.tiktok.com\/tag\/benef%C3%ADciosdoalho?refer=embed\">#Benef\u00edciosDoAlho<\/a> <a title=\"vidasaud\u00e1vel\" target=\"_blank\" href=\"https:\/\/www.tiktok.com\/tag\/vidasaud%C3%A1vel?refer=embed\">#VidaSaud\u00e1vel<\/a> <a title=\"dicasdesa\u00fade\" target=\"_blank\" href=\"https:\/\/www.tiktok.com\/tag\/dicasdesa%C3%BAde?refer=embed\">#DicasDeSa\u00fade<\/a> <a target=\"_blank\" title=\"\u266c som original - DR DANIEL TALES\" href=\"https:\/\/www.tiktok.com\/music\/som-original-7460899663217560326?refer=embed\">\u266c som original &#8211; DR DANIEL TALES<\/a> <\/section> <\/blockquote> <script async src=\"https:\/\/www.tiktok.com\/embed.js\"><\/script>\n\n\n\n<h2 class=\"wp-block-heading\">Quais as principais vantagens de adotar essa mistura em casa?<\/h2>\n\n\n\n<p>Quando voc\u00ea cria o h\u00e1bito de consumir essa dupla poderosa, a frequ\u00eancia de idas ao m\u00e9dico despenca e a sua energia volta ao normal. A a\u00e7\u00e3o antioxidante forte varre os radicais livres e limpa as sujeiras que o metabolismo acumula por conta do estresse di\u00e1rio.<\/p>\n\n\n\n<p>Acompanhe os efeitos mais r\u00e1pidos que o seu corpo sente ao receber essa defesa natural:<\/p>\n\n\n\n<ul class=\"wp-block-list\">\n<li>Queda na dura\u00e7\u00e3o e na gravidade de <strong>gripes e resfriados<\/strong>;<\/li>\n\n\n\n<li>Diminui\u00e7\u00e3o das inflama\u00e7\u00f5es em <strong>articula\u00e7\u00f5es e m\u00fasculos<\/strong> doloridos;<\/li>\n\n\n\n<li>Controle natural dos n\u00edveis de <strong>press\u00e3o alta<\/strong> no sangue;<\/li>\n\n\n\n<li>Melhora expressiva na prote\u00e7\u00e3o da <strong>sa\u00fade do cora\u00e7\u00e3o<\/strong>.<\/li>\n<\/ul>\n\n\n<div class=\"wp-block-image\">\n<figure class=\"aligncenter size-full\"><img decoding=\"async\" width=\"1280\" height=\"720\" src=\"https:\/\/www.correiobraziliense.com.br\/cbradar\/wp-content\/uploads\/2026\/03\/imagem_2026-03-06_131708446.png\" alt=\"Pessoa segurando colher com alho e azeite sobre um prato de comida brasileira\" class=\"wp-image-204123\" srcset=\"https:\/\/www.correiobraziliense.com.br\/cbradar\/wp-content\/uploads\/2026\/03\/imagem_2026-03-06_131708446.png 1280w, https:\/\/www.correiobraziliense.com.br\/cbradar\/wp-content\/uploads\/2026\/03\/imagem_2026-03-06_131708446-300x169.png 300w, https:\/\/www.correiobraziliense.com.br\/cbradar\/wp-content\/uploads\/2026\/03\/imagem_2026-03-06_131708446-768x432.png 768w, https:\/\/www.correiobraziliense.com.br\/cbradar\/wp-content\/uploads\/2026\/03\/imagem_2026-03-06_131708446-750x422.png 750w, https:\/\/www.correiobraziliense.com.br\/cbradar\/wp-content\/uploads\/2026\/03\/imagem_2026-03-06_131708446-1140x641.png 1140w\" sizes=\"(max-width: 1280px) 100vw, 1280px\" \/><figcaption class=\"wp-element-caption\">Pessoa segurando colher com alho e azeite sobre um prato de comida brasileira<\/figcaption><\/figure><\/div>\n\n\n<h2 class=\"wp-block-heading\">Qual a diferen\u00e7a entre o alho cru e a vers\u00e3o frita?<\/h2>\n\n\n\n<p>Muitos jogam a cabe\u00e7a de alho inteira na panela fervendo e acham que est\u00e3o consumindo um santo rem\u00e9dio para a sa\u00fade. Acontece que o calor extremo destr\u00f3i completamente a <strong>alicina<\/strong>, transformando o bulbo em apenas um tempero gostoso e sem fun\u00e7\u00e3o medicinal.<\/p>\n\n\n\n<p>Avalie o que muda de verdade na hora de escolher a forma de consumo na sua cozinha:<\/p>\n\n\n\n<figure class=\"wp-block-table\"><table class=\"has-fixed-layout\"><tbody><tr><th>Caracter\u00edstica<\/th><th>Alho Cru Amassado<\/th><th>Alho Frito ou Cozido<\/th><\/tr><tr><td><strong>Teor de alicina<\/strong><\/td><td>M\u00e1ximo e totalmente ativo no corpo<\/td><td>Destru\u00eddo de forma r\u00e1pida pelas altas temperaturas<\/td><\/tr><tr><td><strong>Poder imunol\u00f3gico<\/strong><\/td><td>Alto combate direto a v\u00edrus e fungos<\/td><td>Quase nulo para objetivos medicinais pr\u00e1ticos<\/td><\/tr><tr><td><strong>Digest\u00e3o estomacal<\/strong><\/td><td>Mais ardido, forte e pesado no est\u00f4mago<\/td><td>Muito suave, adocicado e bem f\u00e1cil de digerir<\/td><\/tr><\/tbody><\/table><\/figure>\n\n\n\n<p>Leia tamb\u00e9m: <a href=\"https:\/\/www.correiobraziliense.com.br\/cbradar\/o-sinal-discreto-na-sola-dos-pes-que-indica-que-o-seu-corpo-esta-inflamado-e-como-resolver-com-um-ajuste-na-dieta\/\" target=\"_blank\" rel=\"noreferrer noopener\">O sinal discreto na sola dos p\u00e9s que indica que o seu corpo est\u00e1 inflamado e como resolver com um ajuste na dieta<\/a><\/p>\n\n\n\n<h2 class=\"wp-block-heading\">Como preparar essa receita natural no seu dia a dia?<\/h2>\n\n\n\n<p>O preparo cobra apenas <strong>1 dente de alho fresco<\/strong> picado bem pequeno ou esmagado no pil\u00e3o, descansando por exatos <strong>10 minutos<\/strong> na mesa. Esse tempo de espera \u00e9 obrigat\u00f3rio para que as enzimas reajam com o oxig\u00eanio e formem o rem\u00e9dio natural antes de voc\u00ea engolir.<\/p>\n\n\n\n<p>Depois da pausa, adicione <strong>1 colher de sopa de azeite<\/strong> por cima e engula junto com a sua refei\u00e7\u00e3o principal para n\u00e3o irritar a parede g\u00e1strica vazia. Pessoas com \u00falceras ou refluxo severo devem consultar um m\u00e9dico antes, mas para a grande maioria, essa t\u00e1tica simples \u00e9 garantia de sa\u00fade de ferro o ano todo.<\/p>\n","protected":false},"excerpt":{"rendered":"<p>Usar o dente de alho amassado misturado ao azeite cria uma barreira forte que blinda a sua imunidade contra gripes e resfriados pesados. Essa combina\u00e7\u00e3o simples de alho com gordura boa ativa defesas naturais e entrega muita sa\u00fade sem gastar dinheiro na farm\u00e1cia. Por que o dente amassado misturado ao azeite funciona t\u00e3o bem? Para [&hellip;]<\/p>\n","protected":false},"author":11,"featured_media":204706,"comment_status":"open","ping_status":"open","sticky":false,"template":"","format":"standard","meta":{"_yoast_wpseo_focuskw":"dente amassado misturado ao azeite","_yoast_wpseo_title":"","_yoast_wpseo_metadesc":"Usar um dente amassado misturado ao azeite cria um escudo para a imunidade. Aplique essa t\u00e1tica caseira e proteja seu corpo contra doen\u00e7as di\u00e1rias.","jnews-multi-image_gallery":[],"jnews_single_post":{"format":"standard"},"jnews_primary_category":[],"jnews_social_meta":[],"jnews_override_counter":[],"footnotes":""},"categories":[119],"post_tag":[2332,4835,1318],"class_list":["post-204119","post","type-post","status-publish","format-standard","has-post-thumbnail","hentry","category-bem-estar","tag-alho","tag-imunidade","tag-saude-2"],"yoast_head":"<!-- This site is optimized with the Yoast SEO plugin v24.6 - https:\/\/yoast.com\/wordpress\/plugins\/seo\/ -->\n<title>O dente amassado que, quando misturado ao azeite, funciona como um poderoso escudo para a imunidade - Correio Braziliense - Radar<\/title>\n<meta name=\"description\" content=\"Usar um dente amassado misturado ao azeite cria um escudo para a imunidade. Aplique essa t\u00e1tica caseira e proteja seu corpo contra doen\u00e7as di\u00e1rias.\" \/>\n<meta name=\"robots\" content=\"index, follow, max-snippet:-1, max-image-preview:large, max-video-preview:-1\" \/>\n<link rel=\"canonical\" href=\"https:\/\/www.correiobraziliense.com.br\/cbradar\/o-dente-amassado-que-quando-misturado-ao-azeite-funciona-como-um-poderoso-escudo-para-a-imunidade\/\" \/>\n<meta property=\"og:locale\" content=\"pt_BR\" \/>\n<meta property=\"og:type\" content=\"article\" \/>\n<meta property=\"og:title\" content=\"O dente amassado que, quando misturado ao azeite, funciona como um poderoso escudo para a imunidade - Correio Braziliense - Radar\" \/>\n<meta property=\"og:description\" content=\"Usar um dente amassado misturado ao azeite cria um escudo para a imunidade. Aplique essa t\u00e1tica caseira e proteja seu corpo contra doen\u00e7as di\u00e1rias.\" \/>\n<meta property=\"og:url\" content=\"https:\/\/www.correiobraziliense.com.br\/cbradar\/o-dente-amassado-que-quando-misturado-ao-azeite-funciona-como-um-poderoso-escudo-para-a-imunidade\/\" \/>\n<meta property=\"og:site_name\" content=\"Correio Braziliense - Radar\" \/>\n<meta property=\"article:published_time\" content=\"2026-03-08T21:05:00+00:00\" \/>\n<meta property=\"og:image\" content=\"https:\/\/www.correiobraziliense.com.br\/cbradar\/wp-content\/uploads\/2026\/03\/dente-de-alho_1772900797950.jpg\" \/>\n\t<meta property=\"og:image:width\" content=\"1280\" \/>\n\t<meta property=\"og:image:height\" content=\"720\" \/>\n\t<meta property=\"og:image:type\" content=\"image\/jpeg\" \/>\n<meta name=\"author\" content=\"Paulo Custodio\" \/>\n<meta name=\"twitter:card\" content=\"summary_large_image\" \/>\n<meta name=\"twitter:label1\" content=\"Escrito por\" \/>\n\t<meta name=\"twitter:data1\" content=\"Paulo Custodio\" \/>\n\t<meta name=\"twitter:label2\" content=\"Est. tempo de leitura\" \/>\n\t<meta name=\"twitter:data2\" content=\"4 minutos\" \/>\n<!-- \/ Yoast SEO plugin. -->","yoast_head_json":{"title":"O dente amassado que, quando misturado ao azeite, funciona como um poderoso escudo para a imunidade - Correio Braziliense - Radar","description":"Usar um dente amassado misturado ao azeite cria um escudo para a imunidade. Aplique essa t\u00e1tica caseira e proteja seu corpo contra doen\u00e7as di\u00e1rias.","robots":{"index":"index","follow":"follow","max-snippet":"max-snippet:-1","max-image-preview":"max-image-preview:large","max-video-preview":"max-video-preview:-1"},"canonical":"https:\/\/www.correiobraziliense.com.br\/cbradar\/o-dente-amassado-que-quando-misturado-ao-azeite-funciona-como-um-poderoso-escudo-para-a-imunidade\/","og_locale":"pt_BR","og_type":"article","og_title":"O dente amassado que, quando misturado ao azeite, funciona como um poderoso escudo para a imunidade - Correio Braziliense - Radar","og_description":"Usar um dente amassado misturado ao azeite cria um escudo para a imunidade. Aplique essa t\u00e1tica caseira e proteja seu corpo contra doen\u00e7as di\u00e1rias.","og_url":"https:\/\/www.correiobraziliense.com.br\/cbradar\/o-dente-amassado-que-quando-misturado-ao-azeite-funciona-como-um-poderoso-escudo-para-a-imunidade\/","og_site_name":"Correio Braziliense - Radar","article_published_time":"2026-03-08T21:05:00+00:00","og_image":[{"width":1280,"height":720,"url":"https:\/\/www.correiobraziliense.com.br\/cbradar\/wp-content\/uploads\/2026\/03\/dente-de-alho_1772900797950.jpg","type":"image\/jpeg"}],"author":"Paulo Custodio","twitter_card":"summary_large_image","twitter_misc":{"Escrito por":"Paulo Custodio","Est. tempo de leitura":"4 minutos"},"schema":{"@context":"https:\/\/schema.org","@graph":[{"@type":"WebPage","@id":"https:\/\/www.correiobraziliense.com.br\/cbradar\/o-dente-amassado-que-quando-misturado-ao-azeite-funciona-como-um-poderoso-escudo-para-a-imunidade\/","url":"https:\/\/www.correiobraziliense.com.br\/cbradar\/o-dente-amassado-que-quando-misturado-ao-azeite-funciona-como-um-poderoso-escudo-para-a-imunidade\/","name":"O dente amassado que, quando misturado ao azeite, funciona como um poderoso escudo para a imunidade - Correio Braziliense - Radar","isPartOf":{"@id":"https:\/\/www.correiobraziliense.com.br\/cbradar\/#website"},"primaryImageOfPage":{"@id":"https:\/\/www.correiobraziliense.com.br\/cbradar\/o-dente-amassado-que-quando-misturado-ao-azeite-funciona-como-um-poderoso-escudo-para-a-imunidade\/#primaryimage"},"image":{"@id":"https:\/\/www.correiobraziliense.com.br\/cbradar\/o-dente-amassado-que-quando-misturado-ao-azeite-funciona-como-um-poderoso-escudo-para-a-imunidade\/#primaryimage"},"thumbnailUrl":"https:\/\/www.correiobraziliense.com.br\/cbradar\/wp-content\/uploads\/2026\/03\/dente-de-alho_1772900797950.jpg","datePublished":"2026-03-08T21:05:00+00:00","author":{"@id":"https:\/\/www.correiobraziliense.com.br\/cbradar\/#\/schema\/person\/4cec7857301a9a1a2ef249893cd908d3"},"description":"Usar um dente amassado misturado ao azeite cria um escudo para a imunidade. Aplique essa t\u00e1tica caseira e proteja seu corpo contra doen\u00e7as di\u00e1rias.","breadcrumb":{"@id":"https:\/\/www.correiobraziliense.com.br\/cbradar\/o-dente-amassado-que-quando-misturado-ao-azeite-funciona-como-um-poderoso-escudo-para-a-imunidade\/#breadcrumb"},"inLanguage":"pt-BR","potentialAction":[{"@type":"ReadAction","target":["https:\/\/www.correiobraziliense.com.br\/cbradar\/o-dente-amassado-que-quando-misturado-ao-azeite-funciona-como-um-poderoso-escudo-para-a-imunidade\/"]}]},{"@type":"ImageObject","inLanguage":"pt-BR","@id":"https:\/\/www.correiobraziliense.com.br\/cbradar\/o-dente-amassado-que-quando-misturado-ao-azeite-funciona-como-um-poderoso-escudo-para-a-imunidade\/#primaryimage","url":"https:\/\/www.correiobraziliense.com.br\/cbradar\/wp-content\/uploads\/2026\/03\/dente-de-alho_1772900797950.jpg","contentUrl":"https:\/\/www.correiobraziliense.com.br\/cbradar\/wp-content\/uploads\/2026\/03\/dente-de-alho_1772900797950.jpg","width":1280,"height":720,"caption":"Azeite dourado sendo derramado sobre alho amassado em uma cozinha brasileira - Cr\u00e9ditos: depositphotos.com \/ KostyaKlimenko"},{"@type":"BreadcrumbList","@id":"https:\/\/www.correiobraziliense.com.br\/cbradar\/o-dente-amassado-que-quando-misturado-ao-azeite-funciona-como-um-poderoso-escudo-para-a-imunidade\/#breadcrumb","itemListElement":[{"@type":"ListItem","position":1,"name":"In\u00edcio","item":"https:\/\/www.correiobraziliense.com.br\/cbradar\/"},{"@type":"ListItem","position":2,"name":"O dente amassado que, quando misturado ao azeite, funciona como um poderoso escudo para a imunidade"}]},{"@type":"WebSite","@id":"https:\/\/www.correiobraziliense.com.br\/cbradar\/#website","url":"https:\/\/www.correiobraziliense.com.br\/cbradar\/","name":"Correio Braziliense - Radar","description":"Acompanhe as \u00faltimas not\u00edcias e fique bem informado sobre tudo o que acontece no Brasil e no mundo.","potentialAction":[{"@type":"SearchAction","target":{"@type":"EntryPoint","urlTemplate":"https:\/\/www.correiobraziliense.com.br\/cbradar\/?s={search_term_string}"},"query-input":{"@type":"PropertyValueSpecification","valueRequired":true,"valueName":"search_term_string"}}],"inLanguage":"pt-BR"},{"@type":"Person","@id":"https:\/\/www.correiobraziliense.com.br\/cbradar\/#\/schema\/person\/4cec7857301a9a1a2ef249893cd908d3","name":"Paulo Custodio","image":{"@type":"ImageObject","inLanguage":"pt-BR","@id":"https:\/\/www.correiobraziliense.com.br\/cbradar\/#\/schema\/person\/image\/","url":"https:\/\/secure.gravatar.com\/avatar\/bcd67168d1534e8fcf4f45c726a87cea?s=96&d=mm&r=g","contentUrl":"https:\/\/secure.gravatar.com\/avatar\/bcd67168d1534e8fcf4f45c726a87cea?s=96&d=mm&r=g","caption":"Paulo Custodio"},"sameAs":["https:\/\/www.correiobraziliense.com.br\/cbradar"],"url":"https:\/\/www.correiobraziliense.com.br\/cbradar\/author\/paulomyth\/"}]}},"_links":{"self":[{"href":"https:\/\/www.correiobraziliense.com.br\/cbradar\/wp-json\/wp\/v2\/posts\/204119","targetHints":{"allow":["GET"]}}],"collection":[{"href":"https:\/\/www.correiobraziliense.com.br\/cbradar\/wp-json\/wp\/v2\/posts"}],"about":[{"href":"https:\/\/www.correiobraziliense.com.br\/cbradar\/wp-json\/wp\/v2\/types\/post"}],"author":[{"embeddable":true,"href":"https:\/\/www.correiobraziliense.com.br\/cbradar\/wp-json\/wp\/v2\/users\/11"}],"replies":[{"embeddable":true,"href":"https:\/\/www.correiobraziliense.com.br\/cbradar\/wp-json\/wp\/v2\/comments?post=204119"}],"version-history":[{"count":1,"href":"https:\/\/www.correiobraziliense.com.br\/cbradar\/wp-json\/wp\/v2\/posts\/204119\/revisions"}],"predecessor-version":[{"id":204132,"href":"https:\/\/www.correiobraziliense.com.br\/cbradar\/wp-json\/wp\/v2\/posts\/204119\/revisions\/204132"}],"wp:featuredmedia":[{"embeddable":true,"href":"https:\/\/www.correiobraziliense.com.br\/cbradar\/wp-json\/wp\/v2\/media\/204706"}],"wp:attachment":[{"href":"https:\/\/www.correiobraziliense.com.br\/cbradar\/wp-json\/wp\/v2\/media?parent=204119"}],"wp:term":[{"taxonomy":"category","embeddable":true,"href":"https:\/\/www.correiobraziliense.com.br\/cbradar\/wp-json\/wp\/v2\/categories?post=204119"},{"taxonomy":"post_tag","embeddable":true,"href":"https:\/\/www.correiobraziliense.com.br\/cbradar\/wp-json\/wp\/v2\/post_tag?post=204119"}],"curies":[{"name":"wp","href":"https:\/\/api.w.org\/{rel}","templated":true}]}}