{"id":204133,"date":"2026-03-08T20:55:00","date_gmt":"2026-03-08T23:55:00","guid":{"rendered":"https:\/\/www.correiobraziliense.com.br\/cbradar\/?p=204133"},"modified":"2026-03-07T13:26:02","modified_gmt":"2026-03-07T16:26:02","slug":"as-mesinhas-de-cabeceira-tradicionais-estao-perdendo-espaco-nos-quartos-e-a-nova-solucao-moderna-e-super-compacta-promete-elevar-o-nivel-da-sua-casa","status":"publish","type":"post","link":"https:\/\/www.correiobraziliense.com.br\/cbradar\/as-mesinhas-de-cabeceira-tradicionais-estao-perdendo-espaco-nos-quartos-e-a-nova-solucao-moderna-e-super-compacta-promete-elevar-o-nivel-da-sua-casa\/","title":{"rendered":"As mesinhas de cabeceira tradicionais est\u00e3o perdendo espa\u00e7o nos quartos e a nova solu\u00e7\u00e3o moderna e super compacta promete elevar o n\u00edvel da sua casa"},"content":{"rendered":"\n<p>A <strong>mesinha de cabeceira tradicional<\/strong> perdeu totalmente o sentido nos lares atuais e cedeu lugar para uma solu\u00e7\u00e3o moderna e super compacta. Essa troca inteligente de mob\u00edlia suspensa libera espa\u00e7o no seu quarto e facilita muito a faxina pesada no dia a dia.<\/p>\n\n\n\n<h2 class=\"wp-block-heading\">Por que a mesinha de cabeceira tradicional est\u00e1 sumindo das casas?<\/h2>\n\n\n\n<p>O m\u00f3vel de ch\u00e3o com gavetas pesadas rouba uma \u00e1rea de circula\u00e7\u00e3o que vale ouro nos apartamentos cada vez menores de hoje em dia. Bater o dedo do p\u00e9 na quina de madeira no meio da noite virou uma dor de cabe\u00e7a constante para muita gente que levanta de madrugada.<\/p>\n\n\n\n<p>A sa\u00edda inteligente na arquitetura atual \u00e9 apostar em <strong>nichos flutuantes<\/strong> ou prateleiras integradas direto no painel da cama. Essa mudan\u00e7a tira os obst\u00e1culos pesados do ch\u00e3o e cria um ambiente de descanso muito mais limpo e visualmente organizado.<\/p>\n\n\n<div class=\"wp-block-image\">\n<figure class=\"aligncenter size-full\"><img decoding=\"async\" width=\"1280\" height=\"720\" src=\"https:\/\/www.correiobraziliense.com.br\/cbradar\/wp-content\/uploads\/2026\/03\/imagem_2026-03-06_133608807.png\" alt=\"Quarto brasileiro moderno com prateleira de cabeceira suspensa e ch\u00e3o livre\" class=\"wp-image-204144\" srcset=\"https:\/\/www.correiobraziliense.com.br\/cbradar\/wp-content\/uploads\/2026\/03\/imagem_2026-03-06_133608807.png 1280w, https:\/\/www.correiobraziliense.com.br\/cbradar\/wp-content\/uploads\/2026\/03\/imagem_2026-03-06_133608807-300x169.png 300w, https:\/\/www.correiobraziliense.com.br\/cbradar\/wp-content\/uploads\/2026\/03\/imagem_2026-03-06_133608807-768x432.png 768w, https:\/\/www.correiobraziliense.com.br\/cbradar\/wp-content\/uploads\/2026\/03\/imagem_2026-03-06_133608807-750x422.png 750w, https:\/\/www.correiobraziliense.com.br\/cbradar\/wp-content\/uploads\/2026\/03\/imagem_2026-03-06_133608807-1140x641.png 1140w\" sizes=\"(max-width: 1280px) 100vw, 1280px\" \/><figcaption class=\"wp-element-caption\">Quarto brasileiro moderno com prateleira de cabeceira suspensa e ch\u00e3o livre<\/figcaption><\/figure><\/div>\n\n\n<h2 class=\"wp-block-heading\">Como a otimiza\u00e7\u00e3o de espa\u00e7o afeta a qualidade do seu sono?<\/h2>\n\n\n\n<p>Quartos entulhados de m\u00f3veis atrapalham o fluxo de ar e juntam poeira em cantos escuros onde a vassoura simplesmente n\u00e3o entra. Documentos de sa\u00fade ambiental da <strong><a href=\"https:\/\/www.epa.gov\/indoor-air-quality-iaq\/introduction-indoor-air-quality\" target=\"_blank\" rel=\"noreferrer noopener\">Environmental Protection Agency<\/a> <\/strong>atestam que ambientes com melhor ventila\u00e7\u00e3o e f\u00e1ceis de limpar reduzem crises al\u00e9rgicas durante a madrugada.<\/p>\n\n\n\n<p>Dormir respirando um ar mais puro e sem \u00e1caros eleva o n\u00edvel do seu repouso de forma bem direta e r\u00e1pida. Quando voc\u00ea adota a <strong>marcenaria suspensa<\/strong>, o rob\u00f4 aspirador passa por todo o piso sem travar nas pernas curtas dos m\u00f3veis antigos.<\/p>\n\n\n\n<h2 class=\"wp-block-heading\">Quais as principais vantagens de usar o modelo suspenso hoje?<\/h2>\n\n\n\n<p>Pendurar o apoio do celular e do copo de \u00e1gua na parede traz um al\u00edvio visual imediato para a decora\u00e7\u00e3o do seu dormit\u00f3rio. Voc\u00ea gasta muito menos dinheiro na hora de comprar e ainda consegue instalar a pe\u00e7a sozinho usando apenas uma furadeira b\u00e1sica.<\/p>\n\n\n\n<p>D\u00e1 uma olhada nos efeitos r\u00e1pidos que essa troca de mob\u00edlia gera na sua rotina:<\/p>\n\n\n\n<ul class=\"wp-block-list\">\n<li>Ganho real de <strong>espa\u00e7o de circula\u00e7\u00e3o<\/strong> livre nas laterais da cama;<\/li>\n\n\n\n<li>Forte queda no ac\u00famulo de <strong>poeira e pelos<\/strong> de animais de estima\u00e7\u00e3o;<\/li>\n\n\n\n<li>Economia de at\u00e9 <strong>60% no valor<\/strong> comparado aos m\u00f3veis de ch\u00e3o;<\/li>\n\n\n\n<li>Visual de quarto de hotel com uma pegada muito mais <strong>minimalista e chique<\/strong>.<\/li>\n<\/ul>\n\n\n<div class=\"wp-block-image\">\n<figure class=\"aligncenter size-full\"><img decoding=\"async\" width=\"1280\" height=\"720\" src=\"https:\/\/www.correiobraziliense.com.br\/cbradar\/wp-content\/uploads\/2026\/03\/imagem_2026-03-06_133615503.png\" alt=\"Vis\u00e3o em POV de um rob\u00f4 aspirador limpando o ch\u00e3o livre sob a prateleira suspensa.\" class=\"wp-image-204145\" srcset=\"https:\/\/www.correiobraziliense.com.br\/cbradar\/wp-content\/uploads\/2026\/03\/imagem_2026-03-06_133615503.png 1280w, https:\/\/www.correiobraziliense.com.br\/cbradar\/wp-content\/uploads\/2026\/03\/imagem_2026-03-06_133615503-300x169.png 300w, https:\/\/www.correiobraziliense.com.br\/cbradar\/wp-content\/uploads\/2026\/03\/imagem_2026-03-06_133615503-768x432.png 768w, https:\/\/www.correiobraziliense.com.br\/cbradar\/wp-content\/uploads\/2026\/03\/imagem_2026-03-06_133615503-750x422.png 750w, https:\/\/www.correiobraziliense.com.br\/cbradar\/wp-content\/uploads\/2026\/03\/imagem_2026-03-06_133615503-1140x641.png 1140w\" sizes=\"(max-width: 1280px) 100vw, 1280px\" \/><figcaption class=\"wp-element-caption\">Vis\u00e3o em POV de um rob\u00f4 aspirador limpando o ch\u00e3o livre sob a prateleira suspensa.<\/figcaption><\/figure><\/div>\n\n\n<p>Leia tamb\u00e9m: <a href=\"https:\/\/www.correiobraziliense.com.br\/cbradar\/quanto-custa-transformar-o-banheiro-antigo-em-um-espaco-moderno-trocando-apenas-a-bancada-e-o-sistema-de-iluminacao\/\" target=\"_blank\" rel=\"noreferrer noopener\">Quanto custa transformar o banheiro antigo em um espa\u00e7o moderno trocando apenas a bancada e o sistema de ilumina\u00e7\u00e3o<\/a><\/p>\n\n\n\n<h2 class=\"wp-block-heading\">Qual a diferen\u00e7a entre o m\u00f3vel de ch\u00e3o e as op\u00e7\u00f5es flutuantes?<\/h2>\n\n\n\n<p>Bate aquela d\u00favida forte na hora de descartar um m\u00f3vel robusto para colocar uma prateleira fininha ao lado do travesseiro. A real \u00e9 que n\u00f3s guardamos muita tralha in\u00fatil nas gavetas velhas e usamos apenas a base externa para apoiar o abajur e o livro.<\/p>\n\n\n\n<p>Observe o que muda de verdade na hora de montar a decora\u00e7\u00e3o do seu quarto:<\/p>\n\n\n\n<figure class=\"wp-block-table\"><table class=\"has-fixed-layout\"><tbody><tr><th>Caracter\u00edstica<\/th><th>Mesinha de Cabeceira Tradicional<\/th><th>Solu\u00e7\u00e3o Moderna Suspensa<\/th><\/tr><tr><td><strong>Limpeza do piso<\/strong><\/td><td>Dif\u00edcil e exige arrastar peso todo dia<\/td><td>Muito r\u00e1pida e com o ch\u00e3o <strong>100% livre<\/strong><\/td><\/tr><tr><td><strong>Sensa\u00e7\u00e3o visual<\/strong><\/td><td>Encurta o ambiente e traz peso visual<\/td><td>Amplia o espa\u00e7o e traz extrema <strong>leveza<\/strong><\/td><\/tr><tr><td><strong>Armazenamento<\/strong><\/td><td>Estimula o ac\u00famulo de pap\u00e9is e lixo<\/td><td>Foca apenas no uso <strong>essencial e pr\u00e1tico<\/strong><\/td><\/tr><\/tbody><\/table><\/figure>\n\n\n\n<h2 class=\"wp-block-heading\">Como instalar essas op\u00e7\u00f5es compactas gastando pouco dinheiro?<\/h2>\n\n\n\n<p>O pulo do gato para n\u00e3o esvaziar a carteira \u00e9 comprar <strong>prateleiras de MDF<\/strong> prontas em lojas de constru\u00e7\u00e3o e usar suportes invis\u00edveis de metal. Voc\u00ea gasta na faixa de <strong>R$ 50 a R$ 80<\/strong> e resolve o problema do espa\u00e7o em menos de meia hora de trabalho no final de semana.<\/p>\n\n\n\n<p>Quem prefere algo ainda mais pr\u00e1tico pode usar bandejas de encaixe que travam direto na estrutura da pr\u00f3pria cama box. Desapegar do formato antigo de decora\u00e7\u00e3o \u00e9 o passo certo para viver em uma casa mais leve e que n\u00e3o escraviza voc\u00ea na faxina pesada de s\u00e1bado.<\/p>\n","protected":false},"excerpt":{"rendered":"<p>A mesinha de cabeceira tradicional perdeu totalmente o sentido nos lares atuais e cedeu lugar para uma solu\u00e7\u00e3o moderna e super compacta. Essa troca inteligente de mob\u00edlia suspensa libera espa\u00e7o no seu quarto e facilita muito a faxina pesada no dia a dia. Por que a mesinha de cabeceira tradicional est\u00e1 sumindo das casas? O [&hellip;]<\/p>\n","protected":false},"author":11,"featured_media":204704,"comment_status":"open","ping_status":"open","sticky":false,"template":"","format":"standard","meta":{"_yoast_wpseo_focuskw":"mesinha de cabeceira tradicional","_yoast_wpseo_title":"","_yoast_wpseo_metadesc":"A mesinha de cabeceira tradicional perdeu espa\u00e7o para a solu\u00e7\u00e3o moderna e super compacta. Renove o seu quarto e ganhe \u00e1rea de circula\u00e7\u00e3o com essa dica.","jnews-multi-image_gallery":[],"jnews_single_post":{"format":"standard"},"jnews_primary_category":[],"jnews_social_meta":[],"jnews_override_counter":[],"footnotes":""},"categories":[143],"post_tag":[14186,15835,4647],"class_list":["post-204133","post","type-post","status-publish","format-standard","has-post-thumbnail","hentry","category-casa-e-decoracao","tag-cabeceira","tag-mesinha","tag-quarto"],"yoast_head":"<!-- This site is optimized with the Yoast SEO plugin v24.6 - https:\/\/yoast.com\/wordpress\/plugins\/seo\/ -->\n<title>As mesinhas de cabeceira tradicionais est\u00e3o perdendo espa\u00e7o nos quartos e a nova solu\u00e7\u00e3o moderna e super compacta promete elevar o n\u00edvel da sua casa - Correio Braziliense - Radar<\/title>\n<meta name=\"description\" content=\"A mesinha de cabeceira tradicional perdeu espa\u00e7o para a solu\u00e7\u00e3o moderna e super compacta. Renove o seu quarto e ganhe \u00e1rea de circula\u00e7\u00e3o com essa dica.\" \/>\n<meta name=\"robots\" content=\"index, follow, max-snippet:-1, max-image-preview:large, max-video-preview:-1\" \/>\n<link rel=\"canonical\" href=\"https:\/\/www.correiobraziliense.com.br\/cbradar\/as-mesinhas-de-cabeceira-tradicionais-estao-perdendo-espaco-nos-quartos-e-a-nova-solucao-moderna-e-super-compacta-promete-elevar-o-nivel-da-sua-casa\/\" \/>\n<meta property=\"og:locale\" content=\"pt_BR\" \/>\n<meta property=\"og:type\" content=\"article\" \/>\n<meta property=\"og:title\" content=\"As mesinhas de cabeceira tradicionais est\u00e3o perdendo espa\u00e7o nos quartos e a nova solu\u00e7\u00e3o moderna e super compacta promete elevar o n\u00edvel da sua casa - Correio Braziliense - Radar\" \/>\n<meta property=\"og:description\" content=\"A mesinha de cabeceira tradicional perdeu espa\u00e7o para a solu\u00e7\u00e3o moderna e super compacta. Renove o seu quarto e ganhe \u00e1rea de circula\u00e7\u00e3o com essa dica.\" \/>\n<meta property=\"og:url\" content=\"https:\/\/www.correiobraziliense.com.br\/cbradar\/as-mesinhas-de-cabeceira-tradicionais-estao-perdendo-espaco-nos-quartos-e-a-nova-solucao-moderna-e-super-compacta-promete-elevar-o-nivel-da-sua-casa\/\" \/>\n<meta property=\"og:site_name\" content=\"Correio Braziliense - Radar\" \/>\n<meta property=\"article:published_time\" content=\"2026-03-08T23:55:00+00:00\" \/>\n<meta property=\"og:image\" content=\"https:\/\/www.correiobraziliense.com.br\/cbradar\/wp-content\/uploads\/2026\/03\/cabeceira-_1772900667224.jpg\" \/>\n\t<meta property=\"og:image:width\" content=\"1280\" \/>\n\t<meta property=\"og:image:height\" content=\"720\" \/>\n\t<meta property=\"og:image:type\" content=\"image\/jpeg\" \/>\n<meta name=\"author\" content=\"Paulo Custodio\" \/>\n<meta name=\"twitter:card\" content=\"summary_large_image\" \/>\n<meta name=\"twitter:label1\" content=\"Escrito por\" \/>\n\t<meta name=\"twitter:data1\" content=\"Paulo Custodio\" \/>\n\t<meta name=\"twitter:label2\" content=\"Est. tempo de leitura\" \/>\n\t<meta name=\"twitter:data2\" content=\"5 minutos\" \/>\n<!-- \/ Yoast SEO plugin. -->","yoast_head_json":{"title":"As mesinhas de cabeceira tradicionais est\u00e3o perdendo espa\u00e7o nos quartos e a nova solu\u00e7\u00e3o moderna e super compacta promete elevar o n\u00edvel da sua casa - Correio Braziliense - Radar","description":"A mesinha de cabeceira tradicional perdeu espa\u00e7o para a solu\u00e7\u00e3o moderna e super compacta. Renove o seu quarto e ganhe \u00e1rea de circula\u00e7\u00e3o com essa dica.","robots":{"index":"index","follow":"follow","max-snippet":"max-snippet:-1","max-image-preview":"max-image-preview:large","max-video-preview":"max-video-preview:-1"},"canonical":"https:\/\/www.correiobraziliense.com.br\/cbradar\/as-mesinhas-de-cabeceira-tradicionais-estao-perdendo-espaco-nos-quartos-e-a-nova-solucao-moderna-e-super-compacta-promete-elevar-o-nivel-da-sua-casa\/","og_locale":"pt_BR","og_type":"article","og_title":"As mesinhas de cabeceira tradicionais est\u00e3o perdendo espa\u00e7o nos quartos e a nova solu\u00e7\u00e3o moderna e super compacta promete elevar o n\u00edvel da sua casa - Correio Braziliense - Radar","og_description":"A mesinha de cabeceira tradicional perdeu espa\u00e7o para a solu\u00e7\u00e3o moderna e super compacta. Renove o seu quarto e ganhe \u00e1rea de circula\u00e7\u00e3o com essa dica.","og_url":"https:\/\/www.correiobraziliense.com.br\/cbradar\/as-mesinhas-de-cabeceira-tradicionais-estao-perdendo-espaco-nos-quartos-e-a-nova-solucao-moderna-e-super-compacta-promete-elevar-o-nivel-da-sua-casa\/","og_site_name":"Correio Braziliense - Radar","article_published_time":"2026-03-08T23:55:00+00:00","og_image":[{"width":1280,"height":720,"url":"https:\/\/www.correiobraziliense.com.br\/cbradar\/wp-content\/uploads\/2026\/03\/cabeceira-_1772900667224.jpg","type":"image\/jpeg"}],"author":"Paulo Custodio","twitter_card":"summary_large_image","twitter_misc":{"Escrito por":"Paulo Custodio","Est. tempo de leitura":"5 minutos"},"schema":{"@context":"https:\/\/schema.org","@graph":[{"@type":"WebPage","@id":"https:\/\/www.correiobraziliense.com.br\/cbradar\/as-mesinhas-de-cabeceira-tradicionais-estao-perdendo-espaco-nos-quartos-e-a-nova-solucao-moderna-e-super-compacta-promete-elevar-o-nivel-da-sua-casa\/","url":"https:\/\/www.correiobraziliense.com.br\/cbradar\/as-mesinhas-de-cabeceira-tradicionais-estao-perdendo-espaco-nos-quartos-e-a-nova-solucao-moderna-e-super-compacta-promete-elevar-o-nivel-da-sua-casa\/","name":"As mesinhas de cabeceira tradicionais est\u00e3o perdendo espa\u00e7o nos quartos e a nova solu\u00e7\u00e3o moderna e super compacta promete elevar o n\u00edvel da sua casa - Correio Braziliense - Radar","isPartOf":{"@id":"https:\/\/www.correiobraziliense.com.br\/cbradar\/#website"},"primaryImageOfPage":{"@id":"https:\/\/www.correiobraziliense.com.br\/cbradar\/as-mesinhas-de-cabeceira-tradicionais-estao-perdendo-espaco-nos-quartos-e-a-nova-solucao-moderna-e-super-compacta-promete-elevar-o-nivel-da-sua-casa\/#primaryimage"},"image":{"@id":"https:\/\/www.correiobraziliense.com.br\/cbradar\/as-mesinhas-de-cabeceira-tradicionais-estao-perdendo-espaco-nos-quartos-e-a-nova-solucao-moderna-e-super-compacta-promete-elevar-o-nivel-da-sua-casa\/#primaryimage"},"thumbnailUrl":"https:\/\/www.correiobraziliense.com.br\/cbradar\/wp-content\/uploads\/2026\/03\/cabeceira-_1772900667224.jpg","datePublished":"2026-03-08T23:55:00+00:00","author":{"@id":"https:\/\/www.correiobraziliense.com.br\/cbradar\/#\/schema\/person\/4cec7857301a9a1a2ef249893cd908d3"},"description":"A mesinha de cabeceira tradicional perdeu espa\u00e7o para a solu\u00e7\u00e3o moderna e super compacta. Renove o seu quarto e ganhe \u00e1rea de circula\u00e7\u00e3o com essa dica.","breadcrumb":{"@id":"https:\/\/www.correiobraziliense.com.br\/cbradar\/as-mesinhas-de-cabeceira-tradicionais-estao-perdendo-espaco-nos-quartos-e-a-nova-solucao-moderna-e-super-compacta-promete-elevar-o-nivel-da-sua-casa\/#breadcrumb"},"inLanguage":"pt-BR","potentialAction":[{"@type":"ReadAction","target":["https:\/\/www.correiobraziliense.com.br\/cbradar\/as-mesinhas-de-cabeceira-tradicionais-estao-perdendo-espaco-nos-quartos-e-a-nova-solucao-moderna-e-super-compacta-promete-elevar-o-nivel-da-sua-casa\/"]}]},{"@type":"ImageObject","inLanguage":"pt-BR","@id":"https:\/\/www.correiobraziliense.com.br\/cbradar\/as-mesinhas-de-cabeceira-tradicionais-estao-perdendo-espaco-nos-quartos-e-a-nova-solucao-moderna-e-super-compacta-promete-elevar-o-nivel-da-sua-casa\/#primaryimage","url":"https:\/\/www.correiobraziliense.com.br\/cbradar\/wp-content\/uploads\/2026\/03\/cabeceira-_1772900667224.jpg","contentUrl":"https:\/\/www.correiobraziliense.com.br\/cbradar\/wp-content\/uploads\/2026\/03\/cabeceira-_1772900667224.jpg","width":1280,"height":720,"caption":"Quarto brasileiro moderno com prateleira de cabeceira suspensa e ch\u00e3o livre - Cr\u00e9ditos: depositphotos.com \/ serezniy"},{"@type":"BreadcrumbList","@id":"https:\/\/www.correiobraziliense.com.br\/cbradar\/as-mesinhas-de-cabeceira-tradicionais-estao-perdendo-espaco-nos-quartos-e-a-nova-solucao-moderna-e-super-compacta-promete-elevar-o-nivel-da-sua-casa\/#breadcrumb","itemListElement":[{"@type":"ListItem","position":1,"name":"In\u00edcio","item":"https:\/\/www.correiobraziliense.com.br\/cbradar\/"},{"@type":"ListItem","position":2,"name":"As mesinhas de cabeceira tradicionais est\u00e3o perdendo espa\u00e7o nos quartos e a nova solu\u00e7\u00e3o moderna e super compacta promete elevar o n\u00edvel da sua casa"}]},{"@type":"WebSite","@id":"https:\/\/www.correiobraziliense.com.br\/cbradar\/#website","url":"https:\/\/www.correiobraziliense.com.br\/cbradar\/","name":"Correio Braziliense - Radar","description":"Acompanhe as \u00faltimas not\u00edcias e fique bem informado sobre tudo o que acontece no Brasil e no mundo.","potentialAction":[{"@type":"SearchAction","target":{"@type":"EntryPoint","urlTemplate":"https:\/\/www.correiobraziliense.com.br\/cbradar\/?s={search_term_string}"},"query-input":{"@type":"PropertyValueSpecification","valueRequired":true,"valueName":"search_term_string"}}],"inLanguage":"pt-BR"},{"@type":"Person","@id":"https:\/\/www.correiobraziliense.com.br\/cbradar\/#\/schema\/person\/4cec7857301a9a1a2ef249893cd908d3","name":"Paulo Custodio","image":{"@type":"ImageObject","inLanguage":"pt-BR","@id":"https:\/\/www.correiobraziliense.com.br\/cbradar\/#\/schema\/person\/image\/","url":"https:\/\/secure.gravatar.com\/avatar\/bcd67168d1534e8fcf4f45c726a87cea?s=96&d=mm&r=g","contentUrl":"https:\/\/secure.gravatar.com\/avatar\/bcd67168d1534e8fcf4f45c726a87cea?s=96&d=mm&r=g","caption":"Paulo Custodio"},"sameAs":["https:\/\/www.correiobraziliense.com.br\/cbradar"],"url":"https:\/\/www.correiobraziliense.com.br\/cbradar\/author\/paulomyth\/"}]}},"_links":{"self":[{"href":"https:\/\/www.correiobraziliense.com.br\/cbradar\/wp-json\/wp\/v2\/posts\/204133","targetHints":{"allow":["GET"]}}],"collection":[{"href":"https:\/\/www.correiobraziliense.com.br\/cbradar\/wp-json\/wp\/v2\/posts"}],"about":[{"href":"https:\/\/www.correiobraziliense.com.br\/cbradar\/wp-json\/wp\/v2\/types\/post"}],"author":[{"embeddable":true,"href":"https:\/\/www.correiobraziliense.com.br\/cbradar\/wp-json\/wp\/v2\/users\/11"}],"replies":[{"embeddable":true,"href":"https:\/\/www.correiobraziliense.com.br\/cbradar\/wp-json\/wp\/v2\/comments?post=204133"}],"version-history":[{"count":1,"href":"https:\/\/www.correiobraziliense.com.br\/cbradar\/wp-json\/wp\/v2\/posts\/204133\/revisions"}],"predecessor-version":[{"id":204147,"href":"https:\/\/www.correiobraziliense.com.br\/cbradar\/wp-json\/wp\/v2\/posts\/204133\/revisions\/204147"}],"wp:featuredmedia":[{"embeddable":true,"href":"https:\/\/www.correiobraziliense.com.br\/cbradar\/wp-json\/wp\/v2\/media\/204704"}],"wp:attachment":[{"href":"https:\/\/www.correiobraziliense.com.br\/cbradar\/wp-json\/wp\/v2\/media?parent=204133"}],"wp:term":[{"taxonomy":"category","embeddable":true,"href":"https:\/\/www.correiobraziliense.com.br\/cbradar\/wp-json\/wp\/v2\/categories?post=204133"},{"taxonomy":"post_tag","embeddable":true,"href":"https:\/\/www.correiobraziliense.com.br\/cbradar\/wp-json\/wp\/v2\/post_tag?post=204133"}],"curies":[{"name":"wp","href":"https:\/\/api.w.org\/{rel}","templated":true}]}}