{"id":204138,"date":"2026-03-07T17:15:00","date_gmt":"2026-03-07T20:15:00","guid":{"rendered":"https:\/\/www.correiobraziliense.com.br\/cbradar\/?p=204138"},"modified":"2026-03-06T13:30:37","modified_gmt":"2026-03-06T16:30:37","slug":"o-que-acontece-com-seu-intestino-quando-voce-come-maca-todos-os-dias","status":"publish","type":"post","link":"https:\/\/www.correiobraziliense.com.br\/cbradar\/o-que-acontece-com-seu-intestino-quando-voce-come-maca-todos-os-dias\/","title":{"rendered":"O que acontece com seu intestino quando voc\u00ea come ma\u00e7\u00e3 todos os dias"},"content":{"rendered":"\n<p>Reconhecida por suas propriedades ben\u00e9ficas, a ma\u00e7\u00e3 \u00e9 uma fruta que contribui significativamente para a sa\u00fade do intestino. Rica em fibras sol\u00faveis e insol\u00faveis, antioxidantes e compostos prebi\u00f3ticos, ela favorece a fun\u00e7\u00e3o intestinal, fortalece o c\u00f3lon, auxilia na elimina\u00e7\u00e3o de toxinas e, quando consumida regularmente com casca, torna-se um elemento-chave na promo\u00e7\u00e3o de um trato digestivo saud\u00e1vel.<\/p>\n\n\n\n<h2 class=\"wp-block-heading\">Como a ma\u00e7\u00e3 apoia a sa\u00fade do intestino e do c\u00f3lon?<\/h2>\n\n\n\n<p>Um dos aspectos mais not\u00e1veis da ma\u00e7\u00e3 \u00e9 a presen\u00e7a da pectina, uma fibra sol\u00favel que atravessa o sistema digestivo praticamente intacta at\u00e9 alcan\u00e7ar o c\u00f3lon. Nesse ponto, as bact\u00e9rias intestinais fermentam a pectina, produzindo \u00e1cidos graxos de cadeia curta que fortalecem as c\u00e9lulas do c\u00f3lon e ajudam a manter uma barreira intestinal robusta.<\/p>\n\n\n\n<p>Esse processo contribui para o controle de inflama\u00e7\u00f5es locais, favorece o equil\u00edbrio da flora intestinal e pode at\u00e9 auxiliar na redu\u00e7\u00e3o de desconfortos, como gases e incha\u00e7os leves. Estudos cient\u00edficos indicam que o consumo regular de pectina de ma\u00e7\u00e3 est\u00e1 associado a melhorias na fun\u00e7\u00e3o intestinal e na diversidade do microbioma.<\/p>\n\n\n\n<p>Para compreender melhor como o consumo de ma\u00e7\u00e3 pode contribuir para a sa\u00fade do c\u00f3lon, assista ao v\u00eddeo a seguir, no qual o especialista explica o assunto de forma clara e did\u00e1tica no canal respons\u00e1vel pelo conte\u00fado.<\/p>\n\n\n\n<iframe loading=\"lazy\" width=\"1396\" height=\"785\" src=\"https:\/\/www.youtube.com\/embed\/soTU7pXHM30\" title=\"\ud83c\udf4e O Poder da Ma\u00e7\u00e3: Como Ela Pode Transformar a Sa\u00fade do Seu C\u00f3lon!\" frameborder=\"0\" allow=\"accelerometer; autoplay; clipboard-write; encrypted-media; gyroscope; picture-in-picture; web-share\" referrerpolicy=\"strict-origin-when-cross-origin\" allowfullscreen><\/iframe>\n\n\n\n<h2 class=\"wp-block-heading\">De que forma a ma\u00e7\u00e3 contribui para a limpeza e o equil\u00edbrio do c\u00f3lon?<\/h2>\n\n\n\n<p>A capacidade da ma\u00e7\u00e3 de promover uma esp\u00e9cie de \u201climpeza\u201d do c\u00f3lon est\u00e1 ligada \u00e0 sua combina\u00e7\u00e3o de fibras e compostos bioativos. A pectina atua como prebi\u00f3tico, nutrindo bact\u00e9rias ben\u00e9ficas, enquanto as fibras insol\u00faveis presentes principalmente na casca aumentam o volume fecal e estimulam o peristaltismo, facilitando a expuls\u00e3o de res\u00edduos.<\/p>\n\n\n\n<p>A ci\u00eancia corrobora esses benef\u00edcios ao demonstrar que a pectina auxilia no equil\u00edbrio da microbiota, na integridade da mucosa intestinal e na redu\u00e7\u00e3o de marcadores inflamat\u00f3rios. Assim, a inclus\u00e3o rotineira da ma\u00e7\u00e3 na alimenta\u00e7\u00e3o pode ser uma estrat\u00e9gia simples para apoiar um c\u00f3lon saud\u00e1vel ao longo do tempo.<\/p>\n\n\n<div class=\"wp-block-image\">\n<figure class=\"aligncenter size-large\"><img decoding=\"async\" width=\"1024\" height=\"576\" src=\"https:\/\/www.correiobraziliense.com.br\/cbradar\/wp-content\/uploads\/2025\/09\/maca_1758232643591-1024x576.jpg\" alt=\"\" class=\"wp-image-105967\" srcset=\"https:\/\/www.correiobraziliense.com.br\/cbradar\/wp-content\/uploads\/2025\/09\/maca_1758232643591-1024x576.jpg 1024w, https:\/\/www.correiobraziliense.com.br\/cbradar\/wp-content\/uploads\/2025\/09\/maca_1758232643591-300x169.jpg 300w, https:\/\/www.correiobraziliense.com.br\/cbradar\/wp-content\/uploads\/2025\/09\/maca_1758232643591-768x432.jpg 768w, https:\/\/www.correiobraziliense.com.br\/cbradar\/wp-content\/uploads\/2025\/09\/maca_1758232643591-750x422.jpg 750w, https:\/\/www.correiobraziliense.com.br\/cbradar\/wp-content\/uploads\/2025\/09\/maca_1758232643591-1140x641.jpg 1140w, https:\/\/www.correiobraziliense.com.br\/cbradar\/wp-content\/uploads\/2025\/09\/maca_1758232643591.jpg 1280w\" sizes=\"(max-width: 1024px) 100vw, 1024px\" \/><figcaption class=\"wp-element-caption\">A combina\u00e7\u00e3o mais promissora para sa\u00fade metab\u00f3lica &#8211; Cr\u00e9ditos: depositphotos.com \/ KateNovikova<\/figcaption><\/figure><\/div>\n\n\n<h2 class=\"wp-block-heading\">Quais s\u00e3o os principais benef\u00edcios da ma\u00e7\u00e3 para o sistema digestivo?<\/h2>\n\n\n\n<p>Al\u00e9m de atuar diretamente na sa\u00fade do c\u00f3lon, a ma\u00e7\u00e3 oferece uma s\u00e9rie de benef\u00edcios ao sistema digestivo como um todo. Ela ajuda a regular o tr\u00e2nsito intestinal, podendo aliviar a constipa\u00e7\u00e3o leve e colaborar na recupera\u00e7\u00e3o de epis\u00f3dios de diarreia, gra\u00e7as ao equil\u00edbrio entre fibras sol\u00faveis e insol\u00faveis e \u00e0 sua a\u00e7\u00e3o prebi\u00f3tica.<\/p>\n\n\n\n<p>Esses efeitos se somam \u00e0 atua\u00e7\u00e3o de compostos antioxidantes e \u00e0 capacidade da pectina de interagir com subst\u00e2ncias potencialmente nocivas no organismo, o que torna a ma\u00e7\u00e3 uma aliada interessante em estrat\u00e9gias gerais de prote\u00e7\u00e3o digestiva.<\/p>\n\n\n\n<style>\n  .make-wrap{\n    max-width: 760px;\n    margin: 26px auto;\n    padding: 18px;\n    border-radius: 18px;\n    background: linear-gradient(135deg,#fff7fb 0%,#f6f2ff 100%);\n    border: 1px solid #f7d4ea;\n    box-shadow: 0 8px 20px rgba(236,72,153,.12);\n    font-family: system-ui, -apple-system, Segoe UI, Roboto, Helvetica, Arial, sans-serif;\n  }\n\n  .make-title{\n    display:flex; \n    align-items:center; \n    gap:10px;\n    margin:0 0 12px 4px;\n    font-size:1.2rem; \n    font-weight:900; \n    color:#9d174d;\n  }\n\n  .make-table{\n    width:100%;\n    border-collapse:separate;\n    border-spacing:0;\n    overflow:hidden;\n    border-radius:16px;\n    border:1px solid #f7d4ea;\n    background:#fff;\n    font-size:.92rem;\n  }\n\n  .make-table thead th{\n    background:linear-gradient(90deg,#fde7f3 0%,#f8e9ff 100%);\n    padding:12px;\n    color:#7a1e63;\n    font-weight:800;\n    text-align:left;\n    border-bottom:1px solid #f7d4ea;\n  }\n\n  .make-table tbody td{\n    padding:12px;\n    color:#374151;\n    vertical-align:top;\n    border-bottom:1px dashed #f7d4ea;\n  }\n\n  .make-table tbody tr:nth-child(odd){\n    background:#fffaff;\n  }\n\n  .price{\n    display:inline-flex;\n    align-items:center;\n    background:#fff7ed;\n    color:#b45309;\n    padding:6px 10px;\n    border-radius:10px;\n    border:1px solid #fed7aa;\n    font-weight:700;\n    white-space:nowrap;\n  }\n\n  .badge{\n    display:inline-block;\n    background:#fde7f3;\n    color:#c026d3;\n    border:1px solid #fecdd3;\n    padding:4px 10px;\n    border-radius:999px;\n    font-weight:700;\n    font-size:.78rem;\n  }\n\n  @media (max-width:720px){\n    .make-table thead{display:none}\n    .make-table, .make-table tbody, .make-table tr, .make-table td{\n      display:block; \n      width:100%;\n    }\n    .make-table tr{\n      margin-bottom:12px;\n      border:1px solid #f7d4ea;\n      border-radius:14px;\n      overflow:hidden;\n      background:#fff;\n    }\n    .make-table td[data-label]:before{\n      content:attr(data-label);\n      display:block;\n      font-weight:800;\n      color:#7a1e63;\n      margin-bottom:4px;\n    }\n    .make-table tbody td:last-child{border-bottom:none}\n  }\n<\/style>\n\n<div class=\"make-wrap\">\n  <h3 class=\"make-title\">\ud83c\udf4e\u2728 Benef\u00edcios da Ma\u00e7\u00e3 para a Sa\u00fade Digestiva<\/h3>\n\n  <table class=\"make-table\">\n    <thead>\n      <tr>\n        <th>Componente<\/th>\n        <th>Como Atua<\/th>\n        <th>Benef\u00edcio<\/th>\n      <\/tr>\n    <\/thead>\n    <tbody>\n      <tr>\n        <td data-label=\"Componente\"><span class=\"badge\">Antioxidantes<\/span><\/td>\n        <td data-label=\"Como Atua\">Subst\u00e2ncias como a quercetina ajudam a combater inflama\u00e7\u00f5es no intestino.<\/td>\n        <td data-label=\"Benef\u00edcio\">Protegem as c\u00e9lulas contra o estresse oxidativo.<\/td>\n      <\/tr>\n      <tr>\n        <td data-label=\"Componente\"><span class=\"badge\">Pectina<\/span><\/td>\n        <td data-label=\"Como Atua\">Fibra sol\u00favel que pode se ligar a metais pesados no organismo.<\/td>\n        <td data-label=\"Benef\u00edcio\">Auxilia na desintoxica\u00e7\u00e3o e favorece a elimina\u00e7\u00e3o pelas fezes.<\/td>\n      <\/tr>\n      <tr>\n        <td data-label=\"Componente\"><span class=\"badge\">Consumo regular<\/span><\/td>\n        <td data-label=\"Como Atua\">A ingest\u00e3o frequente fornece fibras e compostos naturais ben\u00e9ficos.<\/td>\n        <td data-label=\"Benef\u00edcio\">Melhora o conforto digestivo, reduz o incha\u00e7o e contribui para a regularidade intestinal.<\/td>\n      <\/tr>\n    <\/tbody>\n  <\/table>\n\n  <p style=\"margin-top:14px; color:#6b7280; font-size:.9rem;\">\n    \ud83d\udca1 <strong>Dica:<\/strong> Consumir a ma\u00e7\u00e3 com a casca aumenta a ingest\u00e3o de fibras e antioxidantes.\n  <\/p>\n<\/div>\n\n\n\n\n<h2 class=\"wp-block-heading\">Qual \u00e9 a melhor forma de consumir ma\u00e7\u00e3s para favorecer a sa\u00fade intestinal?<\/h2>\n\n\n\n<p>Para maximizar os benef\u00edcios da ma\u00e7\u00e3 \u00e0 sa\u00fade intestinal, \u00e9 recomend\u00e1vel priorizar o consumo da fruta in natura e com casca, pois \u00e9 nela que se concentra boa parte das fibras insol\u00faveis e antioxidantes. Comer a ma\u00e7\u00e3 inteira, em vez de em sucos coados, preserva suas fibras essenciais, que ajudam a regular o intestino e dar mais saciedade.<\/p>\n\n\n\n<ol class=\"wp-block-list\">\n<li>Inclua ao menos uma ma\u00e7\u00e3 por dia na sua alimenta\u00e7\u00e3o, em lanches ou como parte das refei\u00e7\u00f5es principais.<\/li>\n\n\n\n<li>Lave bem as ma\u00e7\u00e3s antes de consumir, especialmente as n\u00e3o org\u00e2nicas, para remover res\u00edduos de sujeira e agrot\u00f3xicos.<\/li>\n<\/ol>\n\n\n\n<h2 class=\"wp-block-heading\">Quando \u00e9 importante buscar ajuda profissional para sintomas intestinais?<\/h2>\n\n\n\n<p>Embora a ma\u00e7\u00e3 seja uma excelente aliada da sa\u00fade intestinal, ela n\u00e3o substitui avalia\u00e7\u00e3o ou tratamento m\u00e9dico em situa\u00e7\u00f5es de maior gravidade. Dores abdominais persistentes, sangramento nas fezes, perda de peso sem explica\u00e7\u00e3o, anemia ou altera\u00e7\u00f5es importantes e duradouras no h\u00e1bito intestinal exigem investiga\u00e7\u00e3o especializada.<\/p>\n\n\n\n<p>Nesses casos, \u00e9 fundamental procurar profissionais de sa\u00fade, como m\u00e9dicos gastroenterologistas ou nutricionistas, que poder\u00e3o solicitar exames, identificar causas espec\u00edficas e orientar um plano de cuidado individualizado, no qual a alimenta\u00e7\u00e3o com ma\u00e7\u00e3s e outras frutas pode atuar como complemento e n\u00e3o como solu\u00e7\u00e3o \u00fanica.<\/p>\n\n\n<a href=\"https:\/\/www.instagram.com\/dra.annaluisabf\/\" target=\"_blank\" rel=\"noopener\" style=\"text-decoration: none; color: inherit;\">\n    <span style=\"display: inline-block; border: 1px solid #ccc; border-radius: 10px; padding: 15px; max-width: 550px; font-family: sans-serif; box-shadow: 0 2px 5px rgba(0,0,0,0.1); width: 100%;\">\n\n      <!-- T\u00edtulo -->\n      <span style=\"display: block; margin: 0 0 15px 0; font-weight: bold; color: #2c3e50; text-align: center;\">\n        Entre em contato:\n      <\/span>\n\n      <!-- Linha do perfil -->\n      <span style=\"display: flex; align-items: center; gap: 15px;\">\n        <img decoding=\"async\"\n          src=\"https:\/\/www.correiobraziliense.com.br\/cbradar\/wp-content\/uploads\/2025\/08\/dra_anna_luisa.jpeg\"\n          alt=\"Foto da Dra. Anna Lu\u00edsa\"\n          style=\"border-radius: 50%; width: 80px; height: 80px; object-fit: cover;\"\n        \/>\n        <span style=\"display: flex; flex-direction: column;\">\n          <span style=\"font-size: 18px; font-weight: 700; color: #2c3e50;\">Dra. Anna Lu\u00edsa Barbosa Fernandes<\/span>\n          <span style=\"color: #555;\">CRM-GO 33.271<\/span>\n        <\/span>\n      <\/span>\n\n      <!-- Redes -->\n      <span style=\"display: flex; align-items: center; gap: 10px; margin-top: 12px;\">\n        <img decoding=\"async\" src=\"https:\/\/cdn-icons-png.flaticon.com\/24\/1384\/1384063.png\" alt=\"Instagram\" width=\"24\" height=\"24\" \/>\n        <span style=\"text-decoration: underline; color: #2c3e50;\">@dra.annaluisabf<\/span>\n      <\/span>\n\n    <\/span>\n  <\/a>\n\n\n<p><\/p>\n","protected":false},"excerpt":{"rendered":"<p>Reconhecida por suas propriedades ben\u00e9ficas, a ma\u00e7\u00e3 \u00e9 uma fruta que contribui significativamente para a sa\u00fade do intestino. Rica em fibras sol\u00faveis e insol\u00faveis, antioxidantes e compostos prebi\u00f3ticos, ela favorece a fun\u00e7\u00e3o intestinal, fortalece o c\u00f3lon, auxilia na elimina\u00e7\u00e3o de toxinas e, quando consumida regularmente com casca, torna-se um elemento-chave na promo\u00e7\u00e3o de um trato [&hellip;]<\/p>\n","protected":false},"author":14,"featured_media":133416,"comment_status":"open","ping_status":"open","sticky":false,"template":"","format":"standard","meta":{"_yoast_wpseo_focuskw":"ma\u00e7\u00e3","_yoast_wpseo_title":"","_yoast_wpseo_metadesc":"A ma\u00e7\u00e3 \u00e9 rica em fibras e prebi\u00f3ticos que ajudam a melhorar o intestino. Veja benef\u00edcios e como consumir.","jnews-multi-image_gallery":[],"jnews_single_post":{"format":"standard"},"jnews_primary_category":[],"jnews_social_meta":[],"jnews_override_counter":[],"footnotes":""},"categories":[4404],"post_tag":[120,247,1318],"class_list":["post-204138","post","type-post","status-publish","format-standard","has-post-thumbnail","hentry","category-saude","tag-bem-estar","tag-qualidade-de-vida","tag-saude-2"],"yoast_head":"<!-- This site is optimized with the Yoast SEO plugin v24.6 - https:\/\/yoast.com\/wordpress\/plugins\/seo\/ -->\n<title>O que acontece com seu intestino quando voc\u00ea come ma\u00e7\u00e3 todos os dias - Correio Braziliense - Radar<\/title>\n<meta name=\"description\" content=\"A ma\u00e7\u00e3 \u00e9 rica em fibras e prebi\u00f3ticos que ajudam a melhorar o intestino. Veja benef\u00edcios e como consumir.\" \/>\n<meta name=\"robots\" content=\"index, follow, max-snippet:-1, max-image-preview:large, max-video-preview:-1\" \/>\n<link rel=\"canonical\" href=\"https:\/\/www.correiobraziliense.com.br\/cbradar\/o-que-acontece-com-seu-intestino-quando-voce-come-maca-todos-os-dias\/\" \/>\n<meta property=\"og:locale\" content=\"pt_BR\" \/>\n<meta property=\"og:type\" content=\"article\" \/>\n<meta property=\"og:title\" content=\"O que acontece com seu intestino quando voc\u00ea come ma\u00e7\u00e3 todos os dias - Correio Braziliense - Radar\" \/>\n<meta property=\"og:description\" content=\"A ma\u00e7\u00e3 \u00e9 rica em fibras e prebi\u00f3ticos que ajudam a melhorar o intestino. Veja benef\u00edcios e como consumir.\" \/>\n<meta property=\"og:url\" content=\"https:\/\/www.correiobraziliense.com.br\/cbradar\/o-que-acontece-com-seu-intestino-quando-voce-come-maca-todos-os-dias\/\" \/>\n<meta property=\"og:site_name\" content=\"Correio Braziliense - Radar\" \/>\n<meta property=\"article:published_time\" content=\"2026-03-07T20:15:00+00:00\" \/>\n<meta property=\"og:image\" content=\"https:\/\/www.correiobraziliense.com.br\/cbradar\/wp-content\/uploads\/2025\/11\/Maca-_1762559692452.jpg\" \/>\n\t<meta property=\"og:image:width\" content=\"1280\" \/>\n\t<meta property=\"og:image:height\" content=\"720\" \/>\n\t<meta property=\"og:image:type\" content=\"image\/jpeg\" \/>\n<meta name=\"author\" content=\"guilherme_saude\" \/>\n<meta name=\"twitter:card\" content=\"summary_large_image\" \/>\n<meta name=\"twitter:label1\" content=\"Escrito por\" \/>\n\t<meta name=\"twitter:data1\" content=\"guilherme_saude\" \/>\n\t<meta name=\"twitter:label2\" content=\"Est. tempo de leitura\" \/>\n\t<meta name=\"twitter:data2\" content=\"5 minutos\" \/>\n<!-- \/ Yoast SEO plugin. -->","yoast_head_json":{"title":"O que acontece com seu intestino quando voc\u00ea come ma\u00e7\u00e3 todos os dias - Correio Braziliense - Radar","description":"A ma\u00e7\u00e3 \u00e9 rica em fibras e prebi\u00f3ticos que ajudam a melhorar o intestino. Veja benef\u00edcios e como consumir.","robots":{"index":"index","follow":"follow","max-snippet":"max-snippet:-1","max-image-preview":"max-image-preview:large","max-video-preview":"max-video-preview:-1"},"canonical":"https:\/\/www.correiobraziliense.com.br\/cbradar\/o-que-acontece-com-seu-intestino-quando-voce-come-maca-todos-os-dias\/","og_locale":"pt_BR","og_type":"article","og_title":"O que acontece com seu intestino quando voc\u00ea come ma\u00e7\u00e3 todos os dias - Correio Braziliense - Radar","og_description":"A ma\u00e7\u00e3 \u00e9 rica em fibras e prebi\u00f3ticos que ajudam a melhorar o intestino. Veja benef\u00edcios e como consumir.","og_url":"https:\/\/www.correiobraziliense.com.br\/cbradar\/o-que-acontece-com-seu-intestino-quando-voce-come-maca-todos-os-dias\/","og_site_name":"Correio Braziliense - Radar","article_published_time":"2026-03-07T20:15:00+00:00","og_image":[{"width":1280,"height":720,"url":"https:\/\/www.correiobraziliense.com.br\/cbradar\/wp-content\/uploads\/2025\/11\/Maca-_1762559692452.jpg","type":"image\/jpeg"}],"author":"guilherme_saude","twitter_card":"summary_large_image","twitter_misc":{"Escrito por":"guilherme_saude","Est. tempo de leitura":"5 minutos"},"schema":{"@context":"https:\/\/schema.org","@graph":[{"@type":"WebPage","@id":"https:\/\/www.correiobraziliense.com.br\/cbradar\/o-que-acontece-com-seu-intestino-quando-voce-come-maca-todos-os-dias\/","url":"https:\/\/www.correiobraziliense.com.br\/cbradar\/o-que-acontece-com-seu-intestino-quando-voce-come-maca-todos-os-dias\/","name":"O que acontece com seu intestino quando voc\u00ea come ma\u00e7\u00e3 todos os dias - Correio Braziliense - Radar","isPartOf":{"@id":"https:\/\/www.correiobraziliense.com.br\/cbradar\/#website"},"primaryImageOfPage":{"@id":"https:\/\/www.correiobraziliense.com.br\/cbradar\/o-que-acontece-com-seu-intestino-quando-voce-come-maca-todos-os-dias\/#primaryimage"},"image":{"@id":"https:\/\/www.correiobraziliense.com.br\/cbradar\/o-que-acontece-com-seu-intestino-quando-voce-come-maca-todos-os-dias\/#primaryimage"},"thumbnailUrl":"https:\/\/www.correiobraziliense.com.br\/cbradar\/wp-content\/uploads\/2025\/11\/Maca-_1762559692452.jpg","datePublished":"2026-03-07T20:15:00+00:00","author":{"@id":"https:\/\/www.correiobraziliense.com.br\/cbradar\/#\/schema\/person\/5aa4bf3c8fa699c267933611de12978b"},"description":"A ma\u00e7\u00e3 \u00e9 rica em fibras e prebi\u00f3ticos que ajudam a melhorar o intestino. Veja benef\u00edcios e como consumir.","breadcrumb":{"@id":"https:\/\/www.correiobraziliense.com.br\/cbradar\/o-que-acontece-com-seu-intestino-quando-voce-come-maca-todos-os-dias\/#breadcrumb"},"inLanguage":"pt-BR","potentialAction":[{"@type":"ReadAction","target":["https:\/\/www.correiobraziliense.com.br\/cbradar\/o-que-acontece-com-seu-intestino-quando-voce-come-maca-todos-os-dias\/"]}]},{"@type":"ImageObject","inLanguage":"pt-BR","@id":"https:\/\/www.correiobraziliense.com.br\/cbradar\/o-que-acontece-com-seu-intestino-quando-voce-come-maca-todos-os-dias\/#primaryimage","url":"https:\/\/www.correiobraziliense.com.br\/cbradar\/wp-content\/uploads\/2025\/11\/Maca-_1762559692452.jpg","contentUrl":"https:\/\/www.correiobraziliense.com.br\/cbradar\/wp-content\/uploads\/2025\/11\/Maca-_1762559692452.jpg","width":1280,"height":720,"caption":"Ma\u00e7\u00e3 melhora o intestino e reduz inflama\u00e7\u00e3o no c\u00f3lon - Cr\u00e9ditos: depositphotos.com \/ baibaz"},{"@type":"BreadcrumbList","@id":"https:\/\/www.correiobraziliense.com.br\/cbradar\/o-que-acontece-com-seu-intestino-quando-voce-come-maca-todos-os-dias\/#breadcrumb","itemListElement":[{"@type":"ListItem","position":1,"name":"In\u00edcio","item":"https:\/\/www.correiobraziliense.com.br\/cbradar\/"},{"@type":"ListItem","position":2,"name":"O que acontece com seu intestino quando voc\u00ea come ma\u00e7\u00e3 todos os dias"}]},{"@type":"WebSite","@id":"https:\/\/www.correiobraziliense.com.br\/cbradar\/#website","url":"https:\/\/www.correiobraziliense.com.br\/cbradar\/","name":"Correio Braziliense - Radar","description":"Acompanhe as \u00faltimas not\u00edcias e fique bem informado sobre tudo o que acontece no Brasil e no mundo.","potentialAction":[{"@type":"SearchAction","target":{"@type":"EntryPoint","urlTemplate":"https:\/\/www.correiobraziliense.com.br\/cbradar\/?s={search_term_string}"},"query-input":{"@type":"PropertyValueSpecification","valueRequired":true,"valueName":"search_term_string"}}],"inLanguage":"pt-BR"},{"@type":"Person","@id":"https:\/\/www.correiobraziliense.com.br\/cbradar\/#\/schema\/person\/5aa4bf3c8fa699c267933611de12978b","name":"guilherme_saude","image":{"@type":"ImageObject","inLanguage":"pt-BR","@id":"https:\/\/www.correiobraziliense.com.br\/cbradar\/#\/schema\/person\/image\/","url":"https:\/\/secure.gravatar.com\/avatar\/df9adfb835d344bc0af109d41756253f?s=96&d=mm&r=g","contentUrl":"https:\/\/secure.gravatar.com\/avatar\/df9adfb835d344bc0af109d41756253f?s=96&d=mm&r=g","caption":"guilherme_saude"},"url":"https:\/\/www.correiobraziliense.com.br\/cbradar\/author\/guilherme_saude\/"}]}},"_links":{"self":[{"href":"https:\/\/www.correiobraziliense.com.br\/cbradar\/wp-json\/wp\/v2\/posts\/204138","targetHints":{"allow":["GET"]}}],"collection":[{"href":"https:\/\/www.correiobraziliense.com.br\/cbradar\/wp-json\/wp\/v2\/posts"}],"about":[{"href":"https:\/\/www.correiobraziliense.com.br\/cbradar\/wp-json\/wp\/v2\/types\/post"}],"author":[{"embeddable":true,"href":"https:\/\/www.correiobraziliense.com.br\/cbradar\/wp-json\/wp\/v2\/users\/14"}],"replies":[{"embeddable":true,"href":"https:\/\/www.correiobraziliense.com.br\/cbradar\/wp-json\/wp\/v2\/comments?post=204138"}],"version-history":[{"count":1,"href":"https:\/\/www.correiobraziliense.com.br\/cbradar\/wp-json\/wp\/v2\/posts\/204138\/revisions"}],"predecessor-version":[{"id":204139,"href":"https:\/\/www.correiobraziliense.com.br\/cbradar\/wp-json\/wp\/v2\/posts\/204138\/revisions\/204139"}],"wp:featuredmedia":[{"embeddable":true,"href":"https:\/\/www.correiobraziliense.com.br\/cbradar\/wp-json\/wp\/v2\/media\/133416"}],"wp:attachment":[{"href":"https:\/\/www.correiobraziliense.com.br\/cbradar\/wp-json\/wp\/v2\/media?parent=204138"}],"wp:term":[{"taxonomy":"category","embeddable":true,"href":"https:\/\/www.correiobraziliense.com.br\/cbradar\/wp-json\/wp\/v2\/categories?post=204138"},{"taxonomy":"post_tag","embeddable":true,"href":"https:\/\/www.correiobraziliense.com.br\/cbradar\/wp-json\/wp\/v2\/post_tag?post=204138"}],"curies":[{"name":"wp","href":"https:\/\/api.w.org\/{rel}","templated":true}]}}