{"id":204149,"date":"2026-03-08T22:55:00","date_gmt":"2026-03-09T01:55:00","guid":{"rendered":"https:\/\/www.correiobraziliense.com.br\/cbradar\/?p=204149"},"modified":"2026-03-07T13:40:14","modified_gmt":"2026-03-07T16:40:14","slug":"os-classicos-tanques-de-louca-branca-estao-sumindo-das-lavanderias-e-a-engenhosa-cuba-de-inox-embutida-virou-a-solucao-perfeita-para-otimizar-espaco","status":"publish","type":"post","link":"https:\/\/www.correiobraziliense.com.br\/cbradar\/os-classicos-tanques-de-louca-branca-estao-sumindo-das-lavanderias-e-a-engenhosa-cuba-de-inox-embutida-virou-a-solucao-perfeita-para-otimizar-espaco\/","title":{"rendered":"Os cl\u00e1ssicos tanques de lou\u00e7a branca est\u00e3o sumindo das lavanderias e a engenhosa cuba de inox embutida virou a solu\u00e7\u00e3o perfeita para otimizar espa\u00e7o"},"content":{"rendered":"\n<p>O velho <strong>tanque de lou\u00e7a branca<\/strong> est\u00e1 com os dias contados nos apartamentos atuais e cedeu lugar para as pr\u00e1ticas cubas de inox embutidas. Essa mudan\u00e7a inteligente na marcenaria otimiza o espa\u00e7o da \u00e1rea de servi\u00e7o e traz um visual muito mais moderno para a sua casa.<\/p>\n\n\n\n<h2 class=\"wp-block-heading\">Por que o tanque de lou\u00e7a branca est\u00e1 sumindo das lavanderias?<\/h2>\n\n\n\n<p>Aquele formato antigo e gigante de cer\u00e2mica devora bons cent\u00edmetros de uma \u00e1rea que j\u00e1 costuma ser bem apertada nos im\u00f3veis recentes. Al\u00e9m de travar a circula\u00e7\u00e3o perto da m\u00e1quina de lavar, a base exposta cria um canto escuro perfeito para acumular sujeira e pelos de animais.<\/p>\n\n\n\n<p>A nova aposta da arquitetura resolve isso cortando os excessos e integrando o local de lavagem direto na bancada principal de pedra. Isso esconde os cifr\u00f5es de encanamento e cria uma linha reta maravilhosa que facilita a faxina da semana.<\/p>\n\n\n<div class=\"wp-block-image\">\n<figure class=\"aligncenter size-full\"><img decoding=\"async\" width=\"1280\" height=\"720\" src=\"https:\/\/www.correiobraziliense.com.br\/cbradar\/wp-content\/uploads\/2026\/03\/imagem_2026-03-06_134352276.png\" alt=\"Lavanderia moderna com bancada de granito e cuba de inox embutida\" class=\"wp-image-204155\" srcset=\"https:\/\/www.correiobraziliense.com.br\/cbradar\/wp-content\/uploads\/2026\/03\/imagem_2026-03-06_134352276.png 1280w, https:\/\/www.correiobraziliense.com.br\/cbradar\/wp-content\/uploads\/2026\/03\/imagem_2026-03-06_134352276-300x169.png 300w, https:\/\/www.correiobraziliense.com.br\/cbradar\/wp-content\/uploads\/2026\/03\/imagem_2026-03-06_134352276-768x432.png 768w, https:\/\/www.correiobraziliense.com.br\/cbradar\/wp-content\/uploads\/2026\/03\/imagem_2026-03-06_134352276-750x422.png 750w, https:\/\/www.correiobraziliense.com.br\/cbradar\/wp-content\/uploads\/2026\/03\/imagem_2026-03-06_134352276-1140x641.png 1140w\" sizes=\"(max-width: 1280px) 100vw, 1280px\" \/><figcaption class=\"wp-element-caption\">Lavanderia moderna com bancada de granito e cuba de inox embutida<\/figcaption><\/figure><\/div>\n\n\n<h2 class=\"wp-block-heading\">Como a integra\u00e7\u00e3o visual melhora a din\u00e2mica do apartamento?<\/h2>\n\n\n\n<p>Unir a cozinha e a \u00e1rea de servi\u00e7o usando o mesmo estilo de bancada e pia passa a sensa\u00e7\u00e3o de que o ambiente \u00e9 o dobro do tamanho original. Diretrizes sobre qualidade do ar e ventila\u00e7\u00e3o de espa\u00e7os internos da<strong> <a href=\"https:\/\/www.epa.gov\/indoor-air-quality-iaq\" target=\"_blank\" rel=\"noreferrer noopener\">Environmental Protection Agency<\/a><\/strong> refor\u00e7am que manter \u00e1reas \u00famidas livres de barreiras pesadas reduz o mofo e melhora muito a respira\u00e7\u00e3o da casa.<\/p>\n\n\n\n<p>Quando voc\u00ea remove o trambolho branco do caminho, a luz da janela atravessa os c\u00f4modos sem bloqueio nenhum. O visual ganha um aspecto cont\u00ednuo e bem chique, parecendo capa daquelas revistas de decora\u00e7\u00e3o de alto padr\u00e3o.<\/p>\n\n\n<div class=\"wp-block-image\">\n<figure class=\"aligncenter size-full\"><img decoding=\"async\" width=\"1280\" height=\"720\" src=\"https:\/\/www.correiobraziliense.com.br\/cbradar\/wp-content\/uploads\/2026\/03\/imagem_2026-03-06_134432330.png\" alt=\"Vis\u00e3o em 1\u00aa pessoa enxaguando pano na nova cuba funda de inox\" class=\"wp-image-204153\" srcset=\"https:\/\/www.correiobraziliense.com.br\/cbradar\/wp-content\/uploads\/2026\/03\/imagem_2026-03-06_134432330.png 1280w, https:\/\/www.correiobraziliense.com.br\/cbradar\/wp-content\/uploads\/2026\/03\/imagem_2026-03-06_134432330-300x169.png 300w, https:\/\/www.correiobraziliense.com.br\/cbradar\/wp-content\/uploads\/2026\/03\/imagem_2026-03-06_134432330-768x432.png 768w, https:\/\/www.correiobraziliense.com.br\/cbradar\/wp-content\/uploads\/2026\/03\/imagem_2026-03-06_134432330-750x422.png 750w, https:\/\/www.correiobraziliense.com.br\/cbradar\/wp-content\/uploads\/2026\/03\/imagem_2026-03-06_134432330-1140x641.png 1140w\" sizes=\"(max-width: 1280px) 100vw, 1280px\" \/><figcaption class=\"wp-element-caption\">Vis\u00e3o em 1\u00aa pessoa enxaguando pano na nova cuba funda de inox<\/figcaption><\/figure><\/div>\n\n\n<h2 class=\"wp-block-heading\">Quais os maiores benef\u00edcios de adotar a cuba de inox embutida?<\/h2>\n\n\n\n<p>Apostar no metal no lugar da cer\u00e2mica traz uma resist\u00eancia absurda para aguentar os baldes cheios d&#8217;\u00e1gua e os produtos de limpeza mais fortes. Voc\u00ea passa a ter uma pia super funda e lisa que n\u00e3o mancha com c\u00e2ndida e nem trinca com pancadas secas.<\/p>\n\n\n\n<p>Anote as vantagens pr\u00e1ticas que essa troca entrega para a sua rotina di\u00e1ria:<\/p>\n\n\n\n<ul class=\"wp-block-list\">\n<li>Ganho de at\u00e9 <strong>30% de espa\u00e7o<\/strong> \u00fatil para guardar baldes e vassouras;<\/li>\n\n\n\n<li>Fim absoluto do <strong>vazamento de \u00e1gua<\/strong> pelos rejuntes desgastados;<\/li>\n\n\n\n<li>Continuidade visual perfeita com a <strong>pedra de granito<\/strong> da cozinha;<\/li>\n\n\n\n<li>Instala\u00e7\u00e3o muito mais r\u00e1pida e livre de <strong>quebra-quebra pesado<\/strong>.<\/li>\n<\/ul>\n\n\n\n<h2 class=\"wp-block-heading\">Qual a diferen\u00e7a real entre a lou\u00e7a antiga e o metal liso?<\/h2>\n\n\n\n<p>Fica f\u00e1cil notar o sucesso dessa onda minimalista quando colocamos os dois materiais frente a frente na balan\u00e7a do custo-benef\u00edcio di\u00e1rio. A cuba met\u00e1lica embutida \u00e9 a campe\u00e3 isolada quando o assunto \u00e9 agilidade e aproveitamento de espa\u00e7o em metragens pequenas.<\/p>\n\n\n\n<p>Observe o que separa a solu\u00e7\u00e3o antiga da nova tend\u00eancia de marcenaria de alto n\u00edvel:<\/p>\n\n\n\n<figure class=\"wp-block-table\"><table class=\"has-fixed-layout\"><tbody><tr><th>Caracter\u00edstica<\/th><th>Tanque de Lou\u00e7a Branca<\/th><th>Cuba de Inox Embutida<\/th><\/tr><tr><td><strong>Ocupa\u00e7\u00e3o de \u00e1rea<\/strong><\/td><td>Rouba espa\u00e7o vital do ch\u00e3o e da parede<\/td><td>Fica escondida sob a pedra e libera o piso<\/td><\/tr><tr><td><strong>Ac\u00famulo de sujeira<\/strong><\/td><td>Alto na coluna de sustenta\u00e7\u00e3o e rejunte<\/td><td>Quase zero com ralo embutido e borda lisa<\/td><\/tr><tr><td><strong>Est\u00e9tica do ambiente<\/strong><\/td><td>Quebra a fluidez e parece um puxadinho<\/td><td>Super elegante e integrada aos seus m\u00f3veis<\/td><\/tr><\/tbody><\/table><\/figure>\n\n\n\n<p>Leia tamb\u00e9m: <a href=\"https:\/\/www.correiobraziliense.com.br\/cbradar\/quanto-custa-transformar-o-banheiro-antigo-em-um-espaco-moderno-trocando-apenas-a-bancada-e-o-sistema-de-iluminacao\/\" target=\"_blank\" rel=\"noreferrer noopener\">Quanto custa transformar o banheiro antigo em um espa\u00e7o moderno trocando apenas a bancada e o sistema de ilumina\u00e7\u00e3o<\/a><\/p>\n\n\n\n<h2 class=\"wp-block-heading\">Como fazer essa troca na \u00e1rea de servi\u00e7o gastando o justo?<\/h2>\n\n\n\n<p>O jeito mais esperto de modernizar o seu cantinho de lavar roupa \u00e9 aproveitar uma reforma j\u00e1 prevista na cozinha para estender a <strong>pedra de granito<\/strong> at\u00e9 a lavanderia. Voc\u00ea compra a pia met\u00e1lica por cerca de <strong>R$ 300<\/strong> e pede para o marmorista fazer o corte exato e colar a pe\u00e7a por baixo.<\/p>\n\n\n\n<p>Completar o servi\u00e7o fechando a parte de baixo com portas de <strong>MDF naval<\/strong> esconde o tanque do aspirador e cria um arm\u00e1rio super \u00fatil. Desapegar do estilo velho \u00e9 o primeiro passo para ter uma casa que trabalha a seu favor na hora da faxina.<\/p>\n","protected":false},"excerpt":{"rendered":"<p>O velho tanque de lou\u00e7a branca est\u00e1 com os dias contados nos apartamentos atuais e cedeu lugar para as pr\u00e1ticas cubas de inox embutidas. Essa mudan\u00e7a inteligente na marcenaria otimiza o espa\u00e7o da \u00e1rea de servi\u00e7o e traz um visual muito mais moderno para a sua casa. Por que o tanque de lou\u00e7a branca est\u00e1 [&hellip;]<\/p>\n","protected":false},"author":11,"featured_media":204700,"comment_status":"open","ping_status":"open","sticky":false,"template":"","format":"standard","meta":{"_yoast_wpseo_focuskw":"tanque de lou\u00e7a branca","_yoast_wpseo_title":"","_yoast_wpseo_metadesc":"O tanque de lou\u00e7a branca perdeu espa\u00e7o para a cuba de inox nas \u00e1reas de servi\u00e7o modernas. Adote essa troca inteligente","jnews-multi-image_gallery":[],"jnews_single_post":{"format":"standard"},"jnews_primary_category":[],"jnews_social_meta":[],"jnews_override_counter":[],"footnotes":""},"categories":[143],"post_tag":[8239,15837],"class_list":["post-204149","post","type-post","status-publish","format-standard","has-post-thumbnail","hentry","category-casa-e-decoracao","tag-louca","tag-tanque"],"yoast_head":"<!-- This site is optimized with the Yoast SEO plugin v24.6 - https:\/\/yoast.com\/wordpress\/plugins\/seo\/ -->\n<title>Os cl\u00e1ssicos tanques de lou\u00e7a branca est\u00e3o sumindo das lavanderias e a engenhosa cuba de inox embutida virou a solu\u00e7\u00e3o perfeita para otimizar espa\u00e7o - Correio Braziliense - Radar<\/title>\n<meta name=\"description\" content=\"O tanque de lou\u00e7a branca perdeu espa\u00e7o para a cuba de inox nas \u00e1reas de servi\u00e7o modernas. Adote essa troca inteligente\" \/>\n<meta name=\"robots\" content=\"index, follow, max-snippet:-1, max-image-preview:large, max-video-preview:-1\" \/>\n<link rel=\"canonical\" href=\"https:\/\/www.correiobraziliense.com.br\/cbradar\/os-classicos-tanques-de-louca-branca-estao-sumindo-das-lavanderias-e-a-engenhosa-cuba-de-inox-embutida-virou-a-solucao-perfeita-para-otimizar-espaco\/\" \/>\n<meta property=\"og:locale\" content=\"pt_BR\" \/>\n<meta property=\"og:type\" content=\"article\" \/>\n<meta property=\"og:title\" content=\"Os cl\u00e1ssicos tanques de lou\u00e7a branca est\u00e3o sumindo das lavanderias e a engenhosa cuba de inox embutida virou a solu\u00e7\u00e3o perfeita para otimizar espa\u00e7o - Correio Braziliense - Radar\" \/>\n<meta property=\"og:description\" content=\"O tanque de lou\u00e7a branca perdeu espa\u00e7o para a cuba de inox nas \u00e1reas de servi\u00e7o modernas. Adote essa troca inteligente\" \/>\n<meta property=\"og:url\" content=\"https:\/\/www.correiobraziliense.com.br\/cbradar\/os-classicos-tanques-de-louca-branca-estao-sumindo-das-lavanderias-e-a-engenhosa-cuba-de-inox-embutida-virou-a-solucao-perfeita-para-otimizar-espaco\/\" \/>\n<meta property=\"og:site_name\" content=\"Correio Braziliense - Radar\" \/>\n<meta property=\"article:published_time\" content=\"2026-03-09T01:55:00+00:00\" \/>\n<meta property=\"og:image\" content=\"https:\/\/www.correiobraziliense.com.br\/cbradar\/wp-content\/uploads\/2026\/03\/imagem_2026-03-07_132326437.png\" \/>\n\t<meta property=\"og:image:width\" content=\"1280\" \/>\n\t<meta property=\"og:image:height\" content=\"720\" \/>\n\t<meta property=\"og:image:type\" content=\"image\/png\" \/>\n<meta name=\"author\" content=\"Paulo Custodio\" \/>\n<meta name=\"twitter:card\" content=\"summary_large_image\" \/>\n<meta name=\"twitter:label1\" content=\"Escrito por\" \/>\n\t<meta name=\"twitter:data1\" content=\"Paulo Custodio\" \/>\n\t<meta name=\"twitter:label2\" content=\"Est. tempo de leitura\" \/>\n\t<meta name=\"twitter:data2\" content=\"5 minutos\" \/>\n<!-- \/ Yoast SEO plugin. -->","yoast_head_json":{"title":"Os cl\u00e1ssicos tanques de lou\u00e7a branca est\u00e3o sumindo das lavanderias e a engenhosa cuba de inox embutida virou a solu\u00e7\u00e3o perfeita para otimizar espa\u00e7o - Correio Braziliense - Radar","description":"O tanque de lou\u00e7a branca perdeu espa\u00e7o para a cuba de inox nas \u00e1reas de servi\u00e7o modernas. Adote essa troca inteligente","robots":{"index":"index","follow":"follow","max-snippet":"max-snippet:-1","max-image-preview":"max-image-preview:large","max-video-preview":"max-video-preview:-1"},"canonical":"https:\/\/www.correiobraziliense.com.br\/cbradar\/os-classicos-tanques-de-louca-branca-estao-sumindo-das-lavanderias-e-a-engenhosa-cuba-de-inox-embutida-virou-a-solucao-perfeita-para-otimizar-espaco\/","og_locale":"pt_BR","og_type":"article","og_title":"Os cl\u00e1ssicos tanques de lou\u00e7a branca est\u00e3o sumindo das lavanderias e a engenhosa cuba de inox embutida virou a solu\u00e7\u00e3o perfeita para otimizar espa\u00e7o - Correio Braziliense - Radar","og_description":"O tanque de lou\u00e7a branca perdeu espa\u00e7o para a cuba de inox nas \u00e1reas de servi\u00e7o modernas. Adote essa troca inteligente","og_url":"https:\/\/www.correiobraziliense.com.br\/cbradar\/os-classicos-tanques-de-louca-branca-estao-sumindo-das-lavanderias-e-a-engenhosa-cuba-de-inox-embutida-virou-a-solucao-perfeita-para-otimizar-espaco\/","og_site_name":"Correio Braziliense - Radar","article_published_time":"2026-03-09T01:55:00+00:00","og_image":[{"width":1280,"height":720,"url":"https:\/\/www.correiobraziliense.com.br\/cbradar\/wp-content\/uploads\/2026\/03\/imagem_2026-03-07_132326437.png","type":"image\/png"}],"author":"Paulo Custodio","twitter_card":"summary_large_image","twitter_misc":{"Escrito por":"Paulo Custodio","Est. tempo de leitura":"5 minutos"},"schema":{"@context":"https:\/\/schema.org","@graph":[{"@type":"WebPage","@id":"https:\/\/www.correiobraziliense.com.br\/cbradar\/os-classicos-tanques-de-louca-branca-estao-sumindo-das-lavanderias-e-a-engenhosa-cuba-de-inox-embutida-virou-a-solucao-perfeita-para-otimizar-espaco\/","url":"https:\/\/www.correiobraziliense.com.br\/cbradar\/os-classicos-tanques-de-louca-branca-estao-sumindo-das-lavanderias-e-a-engenhosa-cuba-de-inox-embutida-virou-a-solucao-perfeita-para-otimizar-espaco\/","name":"Os cl\u00e1ssicos tanques de lou\u00e7a branca est\u00e3o sumindo das lavanderias e a engenhosa cuba de inox embutida virou a solu\u00e7\u00e3o perfeita para otimizar espa\u00e7o - Correio Braziliense - Radar","isPartOf":{"@id":"https:\/\/www.correiobraziliense.com.br\/cbradar\/#website"},"primaryImageOfPage":{"@id":"https:\/\/www.correiobraziliense.com.br\/cbradar\/os-classicos-tanques-de-louca-branca-estao-sumindo-das-lavanderias-e-a-engenhosa-cuba-de-inox-embutida-virou-a-solucao-perfeita-para-otimizar-espaco\/#primaryimage"},"image":{"@id":"https:\/\/www.correiobraziliense.com.br\/cbradar\/os-classicos-tanques-de-louca-branca-estao-sumindo-das-lavanderias-e-a-engenhosa-cuba-de-inox-embutida-virou-a-solucao-perfeita-para-otimizar-espaco\/#primaryimage"},"thumbnailUrl":"https:\/\/www.correiobraziliense.com.br\/cbradar\/wp-content\/uploads\/2026\/03\/imagem_2026-03-07_132326437.png","datePublished":"2026-03-09T01:55:00+00:00","author":{"@id":"https:\/\/www.correiobraziliense.com.br\/cbradar\/#\/schema\/person\/4cec7857301a9a1a2ef249893cd908d3"},"description":"O tanque de lou\u00e7a branca perdeu espa\u00e7o para a cuba de inox nas \u00e1reas de servi\u00e7o modernas. Adote essa troca inteligente","breadcrumb":{"@id":"https:\/\/www.correiobraziliense.com.br\/cbradar\/os-classicos-tanques-de-louca-branca-estao-sumindo-das-lavanderias-e-a-engenhosa-cuba-de-inox-embutida-virou-a-solucao-perfeita-para-otimizar-espaco\/#breadcrumb"},"inLanguage":"pt-BR","potentialAction":[{"@type":"ReadAction","target":["https:\/\/www.correiobraziliense.com.br\/cbradar\/os-classicos-tanques-de-louca-branca-estao-sumindo-das-lavanderias-e-a-engenhosa-cuba-de-inox-embutida-virou-a-solucao-perfeita-para-otimizar-espaco\/"]}]},{"@type":"ImageObject","inLanguage":"pt-BR","@id":"https:\/\/www.correiobraziliense.com.br\/cbradar\/os-classicos-tanques-de-louca-branca-estao-sumindo-das-lavanderias-e-a-engenhosa-cuba-de-inox-embutida-virou-a-solucao-perfeita-para-otimizar-espaco\/#primaryimage","url":"https:\/\/www.correiobraziliense.com.br\/cbradar\/wp-content\/uploads\/2026\/03\/imagem_2026-03-07_132326437.png","contentUrl":"https:\/\/www.correiobraziliense.com.br\/cbradar\/wp-content\/uploads\/2026\/03\/imagem_2026-03-07_132326437.png","width":1280,"height":720,"caption":"Pessoa guardando balde no novo arm\u00e1rio sob a bancada da lavanderia"},{"@type":"BreadcrumbList","@id":"https:\/\/www.correiobraziliense.com.br\/cbradar\/os-classicos-tanques-de-louca-branca-estao-sumindo-das-lavanderias-e-a-engenhosa-cuba-de-inox-embutida-virou-a-solucao-perfeita-para-otimizar-espaco\/#breadcrumb","itemListElement":[{"@type":"ListItem","position":1,"name":"In\u00edcio","item":"https:\/\/www.correiobraziliense.com.br\/cbradar\/"},{"@type":"ListItem","position":2,"name":"Os cl\u00e1ssicos tanques de lou\u00e7a branca est\u00e3o sumindo das lavanderias e a engenhosa cuba de inox embutida virou a solu\u00e7\u00e3o perfeita para otimizar espa\u00e7o"}]},{"@type":"WebSite","@id":"https:\/\/www.correiobraziliense.com.br\/cbradar\/#website","url":"https:\/\/www.correiobraziliense.com.br\/cbradar\/","name":"Correio Braziliense - Radar","description":"Acompanhe as \u00faltimas not\u00edcias e fique bem informado sobre tudo o que acontece no Brasil e no mundo.","potentialAction":[{"@type":"SearchAction","target":{"@type":"EntryPoint","urlTemplate":"https:\/\/www.correiobraziliense.com.br\/cbradar\/?s={search_term_string}"},"query-input":{"@type":"PropertyValueSpecification","valueRequired":true,"valueName":"search_term_string"}}],"inLanguage":"pt-BR"},{"@type":"Person","@id":"https:\/\/www.correiobraziliense.com.br\/cbradar\/#\/schema\/person\/4cec7857301a9a1a2ef249893cd908d3","name":"Paulo Custodio","image":{"@type":"ImageObject","inLanguage":"pt-BR","@id":"https:\/\/www.correiobraziliense.com.br\/cbradar\/#\/schema\/person\/image\/","url":"https:\/\/secure.gravatar.com\/avatar\/bcd67168d1534e8fcf4f45c726a87cea?s=96&d=mm&r=g","contentUrl":"https:\/\/secure.gravatar.com\/avatar\/bcd67168d1534e8fcf4f45c726a87cea?s=96&d=mm&r=g","caption":"Paulo Custodio"},"sameAs":["https:\/\/www.correiobraziliense.com.br\/cbradar"],"url":"https:\/\/www.correiobraziliense.com.br\/cbradar\/author\/paulomyth\/"}]}},"_links":{"self":[{"href":"https:\/\/www.correiobraziliense.com.br\/cbradar\/wp-json\/wp\/v2\/posts\/204149","targetHints":{"allow":["GET"]}}],"collection":[{"href":"https:\/\/www.correiobraziliense.com.br\/cbradar\/wp-json\/wp\/v2\/posts"}],"about":[{"href":"https:\/\/www.correiobraziliense.com.br\/cbradar\/wp-json\/wp\/v2\/types\/post"}],"author":[{"embeddable":true,"href":"https:\/\/www.correiobraziliense.com.br\/cbradar\/wp-json\/wp\/v2\/users\/11"}],"replies":[{"embeddable":true,"href":"https:\/\/www.correiobraziliense.com.br\/cbradar\/wp-json\/wp\/v2\/comments?post=204149"}],"version-history":[{"count":2,"href":"https:\/\/www.correiobraziliense.com.br\/cbradar\/wp-json\/wp\/v2\/posts\/204149\/revisions"}],"predecessor-version":[{"id":204701,"href":"https:\/\/www.correiobraziliense.com.br\/cbradar\/wp-json\/wp\/v2\/posts\/204149\/revisions\/204701"}],"wp:featuredmedia":[{"embeddable":true,"href":"https:\/\/www.correiobraziliense.com.br\/cbradar\/wp-json\/wp\/v2\/media\/204700"}],"wp:attachment":[{"href":"https:\/\/www.correiobraziliense.com.br\/cbradar\/wp-json\/wp\/v2\/media?parent=204149"}],"wp:term":[{"taxonomy":"category","embeddable":true,"href":"https:\/\/www.correiobraziliense.com.br\/cbradar\/wp-json\/wp\/v2\/categories?post=204149"},{"taxonomy":"post_tag","embeddable":true,"href":"https:\/\/www.correiobraziliense.com.br\/cbradar\/wp-json\/wp\/v2\/post_tag?post=204149"}],"curies":[{"name":"wp","href":"https:\/\/api.w.org\/{rel}","templated":true}]}}