{"id":204152,"date":"2026-03-07T18:25:00","date_gmt":"2026-03-07T21:25:00","guid":{"rendered":"https:\/\/www.correiobraziliense.com.br\/cbradar\/?p=204152"},"modified":"2026-03-06T14:04:36","modified_gmt":"2026-03-06T17:04:36","slug":"habitos-matinais-que-podem-melhorar-memoria-e-concentracao","status":"publish","type":"post","link":"https:\/\/www.correiobraziliense.com.br\/cbradar\/habitos-matinais-que-podem-melhorar-memoria-e-concentracao\/","title":{"rendered":"H\u00e1bitos matinais que podem melhorar mem\u00f3ria e concentra\u00e7\u00e3o"},"content":{"rendered":"\n<p>No in\u00edcio do dia, algumas pr\u00e1ticas simples podem impactar significativamente o funcionamento cerebral, melhorando a concentra\u00e7\u00e3o, fortalecendo a mem\u00f3ria e aumentando a clareza mental. Hidrata\u00e7\u00e3o imediata, atividades f\u00edsicas leves, exposi\u00e7\u00e3o \u00e0 luz natural e uma alimenta\u00e7\u00e3o equilibrada t\u00eam efeitos comprovados na sa\u00fade cognitiva, sendo h\u00e1bitos acess\u00edveis, eficazes e ajust\u00e1veis \u00e0 rotina de qualquer pessoa.<\/p>\n\n\n\n<h2 class=\"wp-block-heading\">O que mais influencia a cogni\u00e7\u00e3o ao despertar?<\/h2>\n\n\n\n<p>Ap\u00f3s uma noite de sono, o organismo desperta necessitando de reposi\u00e7\u00e3o h\u00eddrica. Mesmo uma leve desidrata\u00e7\u00e3o pode comprometer a aten\u00e7\u00e3o e a capacidade de reter informa\u00e7\u00f5es, por isso iniciar o dia com um copo de \u00e1gua favorece a circula\u00e7\u00e3o sangu\u00ednea e a oxigena\u00e7\u00e3o do c\u00e9rebro.<\/p>\n\n\n\n<p>Paralelamente, a exposi\u00e7\u00e3o \u00e0 luz solar nos primeiros momentos da manh\u00e3 ajuda a regular o ritmo circadiano, eleva os n\u00edveis de alerta e estimula subst\u00e2ncias ben\u00e9ficas ao humor. Boas noites de sono, com hor\u00e1rios regulares, tamb\u00e9m modulam horm\u00f4nios relacionados \u00e0 mem\u00f3ria e \u00e0 clareza mental.<\/p>\n\n\n\n<p>Para compreender melhor como a alimenta\u00e7\u00e3o pode influenciar a sa\u00fade do <strong>C\u00e9rebro<\/strong> e a mem\u00f3ria, assista ao v\u00eddeo a seguir, no qual o especialista explica o assunto de forma clara e did\u00e1tica no canal respons\u00e1vel pelo conte\u00fado.<\/p>\n\n\n\n<iframe loading=\"lazy\" width=\"1396\" height=\"785\" src=\"https:\/\/www.youtube.com\/embed\/KFeBfTSESWE\" title=\"5 ALIMENTOS DOS CAMPE\u00d5ES DE MEM\u00d3RIA | ALIMENTOS PARA O C\u00c9REBRO INTELIGENTE\" frameborder=\"0\" allow=\"accelerometer; autoplay; clipboard-write; encrypted-media; gyroscope; picture-in-picture; web-share\" referrerpolicy=\"strict-origin-when-cross-origin\" allowfullscreen><\/iframe>\n\n\n\n<h2 class=\"wp-block-heading\">Como os exerc\u00edcios f\u00edsicos matinais afetam o desempenho mental?<\/h2>\n\n\n\n<p>A pr\u00e1tica de exerc\u00edcios f\u00edsicos cont\u00ednuos contribui de forma not\u00e1vel para o desempenho mental. Movimentar-se pela manh\u00e3, seja com uma breve caminhada, alongamentos ou uma sess\u00e3o de yoga, intensifica o fluxo sangu\u00edneo cerebral, otimizando racioc\u00ednio, mem\u00f3ria e tomada de decis\u00f5es.<\/p>\n\n\n\n<p>Al\u00e9m de resultados imediatos, a const\u00e2ncia em atividades f\u00edsicas fortalece as conex\u00f5es neurais e ajuda a regular o estresse, resguardando contra o decl\u00ednio cognitivo ao longo dos anos. Mesmo exerc\u00edcios de intensidade moderada j\u00e1 geram benef\u00edcios significativos para foco e produtividade di\u00e1ria.<\/p>\n\n\n<div class=\"wp-block-image\">\n<figure class=\"aligncenter size-large\"><img decoding=\"async\" width=\"1024\" height=\"576\" src=\"https:\/\/www.correiobraziliense.com.br\/cbradar\/wp-content\/uploads\/2025\/10\/Respiracao-exercicio_1760141725715-1024x576.jpg\" alt=\"\" class=\"wp-image-117424\" srcset=\"https:\/\/www.correiobraziliense.com.br\/cbradar\/wp-content\/uploads\/2025\/10\/Respiracao-exercicio_1760141725715-1024x576.jpg 1024w, https:\/\/www.correiobraziliense.com.br\/cbradar\/wp-content\/uploads\/2025\/10\/Respiracao-exercicio_1760141725715-300x169.jpg 300w, https:\/\/www.correiobraziliense.com.br\/cbradar\/wp-content\/uploads\/2025\/10\/Respiracao-exercicio_1760141725715-768x432.jpg 768w, https:\/\/www.correiobraziliense.com.br\/cbradar\/wp-content\/uploads\/2025\/10\/Respiracao-exercicio_1760141725715-750x422.jpg 750w, https:\/\/www.correiobraziliense.com.br\/cbradar\/wp-content\/uploads\/2025\/10\/Respiracao-exercicio_1760141725715-1140x641.jpg 1140w, https:\/\/www.correiobraziliense.com.br\/cbradar\/wp-content\/uploads\/2025\/10\/Respiracao-exercicio_1760141725715.jpg 1280w\" sizes=\"(max-width: 1024px) 100vw, 1024px\" \/><figcaption class=\"wp-element-caption\">A respira\u00e7\u00e3o profunda que acalma o c\u00e9rebro e o cora\u00e7\u00e3o &#8211; Cr\u00e9ditos: depositphotos.com \/ RostyslavOleksin<\/figcaption><\/figure><\/div>\n\n\n<h2 class=\"wp-block-heading\">O que a ci\u00eancia revela sobre os benef\u00edcios dos exerc\u00edcios matinais?<\/h2>\n\n\n\n<p>A rela\u00e7\u00e3o entre exerc\u00edcio f\u00edsico e sa\u00fade mental tem base cient\u00edfica s\u00f3lida. Um estudo divulgado no British Journal of Sports Medicine em 2025, analisando ensaios cl\u00ednicos randomizados, revelou que tanto treinos aer\u00f3bicos quanto de resist\u00eancia aprimoram fun\u00e7\u00f5es cognitivas de curto e longo prazo.<\/p>\n\n\n\n<p>O estudo destaca que dura\u00e7\u00f5es breves, de um a tr\u00eas meses, j\u00e1 oferecem melhorias substanciais na mem\u00f3ria e nas fun\u00e7\u00f5es executivas em diferentes idades. Outros trabalhos apontam que a libera\u00e7\u00e3o de subst\u00e2ncias como BDNF e endorfina durante o exerc\u00edcio favorece aprendizado, humor e resili\u00eancia emocional.<\/p>\n\n\n\n<h2 class=\"wp-block-heading\">Quais h\u00e1bitos alimentares potencializam o c\u00e9rebro pela manh\u00e3?<\/h2>\n\n\n\n<p>Alimentos selecionados no caf\u00e9 da manh\u00e3 t\u00eam impacto direto na capacidade cognitiva ao longo do dia. Uma refei\u00e7\u00e3o rica em prote\u00ednas e gorduras saud\u00e1veis, com op\u00e7\u00f5es como ovos, abacate e oleaginosas, fornece libera\u00e7\u00e3o de energia est\u00e1vel, prevenindo quedas de concentra\u00e7\u00e3o e picos de fome.<\/p>\n\n\n\n<p>Para organizar melhor a rotina matinal, \u00e9 \u00fatil conhecer exemplos simples de escolhas alimentares e comportamentais que estimulam o c\u00e9rebro e reduzem o estresse logo cedo.<\/p>\n\n\n\n<style>\n  .make-wrap{\n    max-width: 760px;\n    margin: 26px auto;\n    padding: 18px;\n    border-radius: 18px;\n    background: linear-gradient(135deg,#fff7fb 0%,#f6f2ff 100%);\n    border: 1px solid #f7d4ea;\n    box-shadow: 0 8px 20px rgba(236,72,153,.12);\n    font-family: system-ui, -apple-system, Segoe UI, Roboto, Helvetica, Arial, sans-serif;\n  }\n\n  .make-title{\n    display:flex; \n    align-items:center; \n    gap:10px;\n    margin:0 0 12px 4px;\n    font-size:1.2rem; \n    font-weight:900; \n    color:#9d174d;\n  }\n\n  .make-table{\n    width:100%;\n    border-collapse:separate;\n    border-spacing:0;\n    overflow:hidden;\n    border-radius:16px;\n    border:1px solid #f7d4ea;\n    background:#fff;\n    font-size:.92rem;\n  }\n\n  .make-table thead th{\n    background:linear-gradient(90deg,#fde7f3 0%,#f8e9ff 100%);\n    padding:12px;\n    color:#7a1e63;\n    font-weight:800;\n    text-align:left;\n    border-bottom:1px solid #f7d4ea;\n  }\n\n  .make-table tbody td{\n    padding:12px;\n    color:#374151;\n    vertical-align:top;\n    border-bottom:1px dashed #f7d4ea;\n  }\n\n  .make-table tbody tr:nth-child(odd){\n    background:#fffaff;\n  }\n\n  .price{\n    display:inline-flex;\n    align-items:center;\n    background:#fff7ed;\n    color:#b45309;\n    padding:6px 10px;\n    border-radius:10px;\n    border:1px solid #fed7aa;\n    font-weight:700;\n    white-space:nowrap;\n  }\n\n  .badge{\n    display:inline-block;\n    background:#fde7f3;\n    color:#c026d3;\n    border:1px solid #fecdd3;\n    padding:4px 10px;\n    border-radius:999px;\n    font-weight:700;\n    font-size:.78rem;\n  }\n\n  @media (max-width:720px){\n    .make-table thead{display:none}\n    .make-table, .make-table tbody, .make-table tr, .make-table td{\n      display:block; \n      width:100%;\n    }\n    .make-table tr{\n      margin-bottom:12px;\n      border:1px solid #f7d4ea;\n      border-radius:14px;\n      overflow:hidden;\n      background:#fff;\n    }\n    .make-table td[data-label]:before{\n      content:attr(data-label);\n      display:block;\n      font-weight:800;\n      color:#7a1e63;\n      margin-bottom:4px;\n    }\n    .make-table tbody td:last-child{border-bottom:none}\n  }\n<\/style>\n\n<div class=\"make-wrap\">\n  <h3 class=\"make-title\">\ud83c\udf05\ud83e\udd57 Estrat\u00e9gias Nutricionais para um Caf\u00e9 da Manh\u00e3 Energ\u00e9tico<\/h3>\n\n  <table class=\"make-table\">\n    <thead>\n      <tr>\n        <th>Estrat\u00e9gia<\/th>\n        <th>Exemplos de Alimentos<\/th>\n        <th>Benef\u00edcio<\/th>\n      <\/tr>\n    <\/thead>\n    <tbody>\n      <tr>\n        <td data-label=\"Estrat\u00e9gia\"><span class=\"badge\">Prote\u00ednas e fibras<\/span><\/td>\n        <td data-label=\"Exemplos de Alimentos\">Ovos, iogurte natural, frutas e aveia.<\/td>\n        <td data-label=\"Benef\u00edcio\">Promovem saciedade e ajudam a manter energia est\u00e1vel ao longo da manh\u00e3.<\/td>\n      <\/tr>\n      <tr>\n        <td data-label=\"Estrat\u00e9gia\"><span class=\"badge\">Gorduras boas<\/span><\/td>\n        <td data-label=\"Exemplos de Alimentos\">Abacate, castanhas e sementes.<\/td>\n        <td data-label=\"Benef\u00edcio\">Fornecem energia sustentada e contribuem para o bom funcionamento do organismo.<\/td>\n      <\/tr>\n      <tr>\n        <td data-label=\"Estrat\u00e9gia\"><span class=\"badge\">Boa hidrata\u00e7\u00e3o<\/span><\/td>\n        <td data-label=\"Exemplos de Alimentos\">\u00c1gua ou ch\u00e1 sem a\u00e7\u00facar antes do caf\u00e9 ou estimulantes.<\/td>\n        <td data-label=\"Benef\u00edcio\">Ajuda a despertar o organismo e manter o equil\u00edbrio do corpo.<\/td>\n      <\/tr>\n      <tr>\n        <td data-label=\"Estrat\u00e9gia\"><span class=\"badge\">Menos a\u00e7\u00facar refinado<\/span><\/td>\n        <td data-label=\"Exemplos de Alimentos\">Evitar doces e produtos muito a\u00e7ucarados logo cedo.<\/td>\n        <td data-label=\"Benef\u00edcio\">Previne sonol\u00eancia e oscila\u00e7\u00f5es de energia e humor.<\/td>\n      <\/tr>\n    <\/tbody>\n  <\/table>\n\n  <p style=\"margin-top:14px; color:#6b7280; font-size:.9rem;\">\n    \ud83d\udca1 <strong>Dica:<\/strong> Combinar prote\u00ednas, fibras e gorduras saud\u00e1veis ajuda a manter disposi\u00e7\u00e3o e concentra\u00e7\u00e3o durante o dia.\n  <\/p>\n<\/div>\n\n\n\n\n<p>Al\u00e9m disso, pr\u00e1ticas como medita\u00e7\u00e3o matinal ou t\u00e9cnicas de respira\u00e7\u00e3o consciente por 5 a 10 minutos reduzem o estresse, favorecendo a aten\u00e7\u00e3o e a tomada de decis\u00e3o. Outros h\u00e1bitos, como evitar telas eletr\u00f4nicas nos primeiros 30 minutos ao acordar e escrever pensamentos ou listas de gratid\u00e3o, tamb\u00e9m contribuem para foco e equil\u00edbrio emocional.<\/p>\n\n\n\n<p>A integra\u00e7\u00e3o regular dessas pr\u00e1ticas na rotina matinal tem potencial de fortalecer a sa\u00fade cerebral progressivamente. Para quest\u00f5es mais complexas de concentra\u00e7\u00e3o ou mem\u00f3ria, a ajuda profissional \u00e9 recomendada para identificar causas subjacentes e orientar interven\u00e7\u00f5es personalizadas.<\/p>\n\n\n<a href=\"https:\/\/www.instagram.com\/dra.annaluisabf\/\" target=\"_blank\" rel=\"noopener\" style=\"text-decoration: none; color: inherit;\">\n    <span style=\"display: inline-block; border: 1px solid #ccc; border-radius: 10px; padding: 15px; max-width: 550px; font-family: sans-serif; box-shadow: 0 2px 5px rgba(0,0,0,0.1); width: 100%;\">\n\n      <!-- T\u00edtulo -->\n      <span style=\"display: block; margin: 0 0 15px 0; font-weight: bold; color: #2c3e50; text-align: center;\">\n        Entre em contato:\n      <\/span>\n\n      <!-- Linha do perfil -->\n      <span style=\"display: flex; align-items: center; gap: 15px;\">\n        <img decoding=\"async\"\n          src=\"https:\/\/www.correiobraziliense.com.br\/cbradar\/wp-content\/uploads\/2025\/08\/dra_anna_luisa.jpeg\"\n          alt=\"Foto da Dra. Anna Lu\u00edsa\"\n          style=\"border-radius: 50%; width: 80px; height: 80px; object-fit: cover;\"\n        \/>\n        <span style=\"display: flex; flex-direction: column;\">\n          <span style=\"font-size: 18px; font-weight: 700; color: #2c3e50;\">Dra. Anna Lu\u00edsa Barbosa Fernandes<\/span>\n          <span style=\"color: #555;\">CRM-GO 33.271<\/span>\n        <\/span>\n      <\/span>\n\n      <!-- Redes -->\n      <span style=\"display: flex; align-items: center; gap: 10px; margin-top: 12px;\">\n        <img decoding=\"async\" src=\"https:\/\/cdn-icons-png.flaticon.com\/24\/1384\/1384063.png\" alt=\"Instagram\" width=\"24\" height=\"24\" \/>\n        <span style=\"text-decoration: underline; color: #2c3e50;\">@dra.annaluisabf<\/span>\n      <\/span>\n\n    <\/span>\n  <\/a>","protected":false},"excerpt":{"rendered":"<p>No in\u00edcio do dia, algumas pr\u00e1ticas simples podem impactar significativamente o funcionamento cerebral, melhorando a concentra\u00e7\u00e3o, fortalecendo a mem\u00f3ria e aumentando a clareza mental. Hidrata\u00e7\u00e3o imediata, atividades f\u00edsicas leves, exposi\u00e7\u00e3o \u00e0 luz natural e uma alimenta\u00e7\u00e3o equilibrada t\u00eam efeitos comprovados na sa\u00fade cognitiva, sendo h\u00e1bitos acess\u00edveis, eficazes e ajust\u00e1veis \u00e0 rotina de qualquer pessoa. O [&hellip;]<\/p>\n","protected":false},"author":14,"featured_media":149423,"comment_status":"open","ping_status":"open","sticky":false,"template":"","format":"standard","meta":{"_yoast_wpseo_focuskw":"H\u00e1bitos matinais","_yoast_wpseo_title":"","_yoast_wpseo_metadesc":"H\u00e1bitos matinais como hidrata\u00e7\u00e3o e exerc\u00edcio podem melhorar foco e mem\u00f3ria. Veja o que fazer ao acordar.","jnews-multi-image_gallery":[],"jnews_single_post":{"format":"standard"},"jnews_primary_category":[],"jnews_social_meta":[],"jnews_override_counter":[],"footnotes":""},"categories":[4404],"post_tag":[120,247,1318],"class_list":["post-204152","post","type-post","status-publish","format-standard","has-post-thumbnail","hentry","category-saude","tag-bem-estar","tag-qualidade-de-vida","tag-saude-2"],"yoast_head":"<!-- This site is optimized with the Yoast SEO plugin v24.6 - https:\/\/yoast.com\/wordpress\/plugins\/seo\/ -->\n<title>H\u00e1bitos matinais que podem melhorar mem\u00f3ria e concentra\u00e7\u00e3o - Correio Braziliense - Radar<\/title>\n<meta name=\"description\" content=\"H\u00e1bitos matinais como hidrata\u00e7\u00e3o e exerc\u00edcio podem melhorar foco e mem\u00f3ria. Veja o que fazer ao acordar.\" \/>\n<meta name=\"robots\" content=\"index, follow, max-snippet:-1, max-image-preview:large, max-video-preview:-1\" \/>\n<link rel=\"canonical\" href=\"https:\/\/www.correiobraziliense.com.br\/cbradar\/habitos-matinais-que-podem-melhorar-memoria-e-concentracao\/\" \/>\n<meta property=\"og:locale\" content=\"pt_BR\" \/>\n<meta property=\"og:type\" content=\"article\" \/>\n<meta property=\"og:title\" content=\"H\u00e1bitos matinais que podem melhorar mem\u00f3ria e concentra\u00e7\u00e3o - Correio Braziliense - Radar\" \/>\n<meta property=\"og:description\" content=\"H\u00e1bitos matinais como hidrata\u00e7\u00e3o e exerc\u00edcio podem melhorar foco e mem\u00f3ria. Veja o que fazer ao acordar.\" \/>\n<meta property=\"og:url\" content=\"https:\/\/www.correiobraziliense.com.br\/cbradar\/habitos-matinais-que-podem-melhorar-memoria-e-concentracao\/\" \/>\n<meta property=\"og:site_name\" content=\"Correio Braziliense - Radar\" \/>\n<meta property=\"article:published_time\" content=\"2026-03-07T21:25:00+00:00\" \/>\n<meta property=\"og:image\" content=\"https:\/\/www.correiobraziliense.com.br\/cbradar\/wp-content\/uploads\/2025\/12\/comida-cerebro_1764778596069.jpg\" \/>\n\t<meta property=\"og:image:width\" content=\"1280\" \/>\n\t<meta property=\"og:image:height\" content=\"720\" \/>\n\t<meta property=\"og:image:type\" content=\"image\/jpeg\" \/>\n<meta name=\"author\" content=\"guilherme_saude\" \/>\n<meta name=\"twitter:card\" content=\"summary_large_image\" \/>\n<meta name=\"twitter:label1\" content=\"Escrito por\" \/>\n\t<meta name=\"twitter:data1\" content=\"guilherme_saude\" \/>\n\t<meta name=\"twitter:label2\" content=\"Est. tempo de leitura\" \/>\n\t<meta name=\"twitter:data2\" content=\"5 minutos\" \/>\n<!-- \/ Yoast SEO plugin. -->","yoast_head_json":{"title":"H\u00e1bitos matinais que podem melhorar mem\u00f3ria e concentra\u00e7\u00e3o - Correio Braziliense - Radar","description":"H\u00e1bitos matinais como hidrata\u00e7\u00e3o e exerc\u00edcio podem melhorar foco e mem\u00f3ria. Veja o que fazer ao acordar.","robots":{"index":"index","follow":"follow","max-snippet":"max-snippet:-1","max-image-preview":"max-image-preview:large","max-video-preview":"max-video-preview:-1"},"canonical":"https:\/\/www.correiobraziliense.com.br\/cbradar\/habitos-matinais-que-podem-melhorar-memoria-e-concentracao\/","og_locale":"pt_BR","og_type":"article","og_title":"H\u00e1bitos matinais que podem melhorar mem\u00f3ria e concentra\u00e7\u00e3o - Correio Braziliense - Radar","og_description":"H\u00e1bitos matinais como hidrata\u00e7\u00e3o e exerc\u00edcio podem melhorar foco e mem\u00f3ria. Veja o que fazer ao acordar.","og_url":"https:\/\/www.correiobraziliense.com.br\/cbradar\/habitos-matinais-que-podem-melhorar-memoria-e-concentracao\/","og_site_name":"Correio Braziliense - Radar","article_published_time":"2026-03-07T21:25:00+00:00","og_image":[{"width":1280,"height":720,"url":"https:\/\/www.correiobraziliense.com.br\/cbradar\/wp-content\/uploads\/2025\/12\/comida-cerebro_1764778596069.jpg","type":"image\/jpeg"}],"author":"guilherme_saude","twitter_card":"summary_large_image","twitter_misc":{"Escrito por":"guilherme_saude","Est. tempo de leitura":"5 minutos"},"schema":{"@context":"https:\/\/schema.org","@graph":[{"@type":"WebPage","@id":"https:\/\/www.correiobraziliense.com.br\/cbradar\/habitos-matinais-que-podem-melhorar-memoria-e-concentracao\/","url":"https:\/\/www.correiobraziliense.com.br\/cbradar\/habitos-matinais-que-podem-melhorar-memoria-e-concentracao\/","name":"H\u00e1bitos matinais que podem melhorar mem\u00f3ria e concentra\u00e7\u00e3o - Correio Braziliense - Radar","isPartOf":{"@id":"https:\/\/www.correiobraziliense.com.br\/cbradar\/#website"},"primaryImageOfPage":{"@id":"https:\/\/www.correiobraziliense.com.br\/cbradar\/habitos-matinais-que-podem-melhorar-memoria-e-concentracao\/#primaryimage"},"image":{"@id":"https:\/\/www.correiobraziliense.com.br\/cbradar\/habitos-matinais-que-podem-melhorar-memoria-e-concentracao\/#primaryimage"},"thumbnailUrl":"https:\/\/www.correiobraziliense.com.br\/cbradar\/wp-content\/uploads\/2025\/12\/comida-cerebro_1764778596069.jpg","datePublished":"2026-03-07T21:25:00+00:00","author":{"@id":"https:\/\/www.correiobraziliense.com.br\/cbradar\/#\/schema\/person\/5aa4bf3c8fa699c267933611de12978b"},"description":"H\u00e1bitos matinais como hidrata\u00e7\u00e3o e exerc\u00edcio podem melhorar foco e mem\u00f3ria. Veja o que fazer ao acordar.","breadcrumb":{"@id":"https:\/\/www.correiobraziliense.com.br\/cbradar\/habitos-matinais-que-podem-melhorar-memoria-e-concentracao\/#breadcrumb"},"inLanguage":"pt-BR","potentialAction":[{"@type":"ReadAction","target":["https:\/\/www.correiobraziliense.com.br\/cbradar\/habitos-matinais-que-podem-melhorar-memoria-e-concentracao\/"]}]},{"@type":"ImageObject","inLanguage":"pt-BR","@id":"https:\/\/www.correiobraziliense.com.br\/cbradar\/habitos-matinais-que-podem-melhorar-memoria-e-concentracao\/#primaryimage","url":"https:\/\/www.correiobraziliense.com.br\/cbradar\/wp-content\/uploads\/2025\/12\/comida-cerebro_1764778596069.jpg","contentUrl":"https:\/\/www.correiobraziliense.com.br\/cbradar\/wp-content\/uploads\/2025\/12\/comida-cerebro_1764778596069.jpg","width":1280,"height":720,"caption":"Nutri\u00e7\u00e3o e cogni\u00e7\u00e3o - Cr\u00e9ditos: depositphotos.com \/ Milkos"},{"@type":"BreadcrumbList","@id":"https:\/\/www.correiobraziliense.com.br\/cbradar\/habitos-matinais-que-podem-melhorar-memoria-e-concentracao\/#breadcrumb","itemListElement":[{"@type":"ListItem","position":1,"name":"In\u00edcio","item":"https:\/\/www.correiobraziliense.com.br\/cbradar\/"},{"@type":"ListItem","position":2,"name":"H\u00e1bitos matinais que podem melhorar mem\u00f3ria e concentra\u00e7\u00e3o"}]},{"@type":"WebSite","@id":"https:\/\/www.correiobraziliense.com.br\/cbradar\/#website","url":"https:\/\/www.correiobraziliense.com.br\/cbradar\/","name":"Correio Braziliense - Radar","description":"Acompanhe as \u00faltimas not\u00edcias e fique bem informado sobre tudo o que acontece no Brasil e no mundo.","potentialAction":[{"@type":"SearchAction","target":{"@type":"EntryPoint","urlTemplate":"https:\/\/www.correiobraziliense.com.br\/cbradar\/?s={search_term_string}"},"query-input":{"@type":"PropertyValueSpecification","valueRequired":true,"valueName":"search_term_string"}}],"inLanguage":"pt-BR"},{"@type":"Person","@id":"https:\/\/www.correiobraziliense.com.br\/cbradar\/#\/schema\/person\/5aa4bf3c8fa699c267933611de12978b","name":"guilherme_saude","image":{"@type":"ImageObject","inLanguage":"pt-BR","@id":"https:\/\/www.correiobraziliense.com.br\/cbradar\/#\/schema\/person\/image\/","url":"https:\/\/secure.gravatar.com\/avatar\/df9adfb835d344bc0af109d41756253f?s=96&d=mm&r=g","contentUrl":"https:\/\/secure.gravatar.com\/avatar\/df9adfb835d344bc0af109d41756253f?s=96&d=mm&r=g","caption":"guilherme_saude"},"url":"https:\/\/www.correiobraziliense.com.br\/cbradar\/author\/guilherme_saude\/"}]}},"_links":{"self":[{"href":"https:\/\/www.correiobraziliense.com.br\/cbradar\/wp-json\/wp\/v2\/posts\/204152","targetHints":{"allow":["GET"]}}],"collection":[{"href":"https:\/\/www.correiobraziliense.com.br\/cbradar\/wp-json\/wp\/v2\/posts"}],"about":[{"href":"https:\/\/www.correiobraziliense.com.br\/cbradar\/wp-json\/wp\/v2\/types\/post"}],"author":[{"embeddable":true,"href":"https:\/\/www.correiobraziliense.com.br\/cbradar\/wp-json\/wp\/v2\/users\/14"}],"replies":[{"embeddable":true,"href":"https:\/\/www.correiobraziliense.com.br\/cbradar\/wp-json\/wp\/v2\/comments?post=204152"}],"version-history":[{"count":1,"href":"https:\/\/www.correiobraziliense.com.br\/cbradar\/wp-json\/wp\/v2\/posts\/204152\/revisions"}],"predecessor-version":[{"id":204166,"href":"https:\/\/www.correiobraziliense.com.br\/cbradar\/wp-json\/wp\/v2\/posts\/204152\/revisions\/204166"}],"wp:featuredmedia":[{"embeddable":true,"href":"https:\/\/www.correiobraziliense.com.br\/cbradar\/wp-json\/wp\/v2\/media\/149423"}],"wp:attachment":[{"href":"https:\/\/www.correiobraziliense.com.br\/cbradar\/wp-json\/wp\/v2\/media?parent=204152"}],"wp:term":[{"taxonomy":"category","embeddable":true,"href":"https:\/\/www.correiobraziliense.com.br\/cbradar\/wp-json\/wp\/v2\/categories?post=204152"},{"taxonomy":"post_tag","embeddable":true,"href":"https:\/\/www.correiobraziliense.com.br\/cbradar\/wp-json\/wp\/v2\/post_tag?post=204152"}],"curies":[{"name":"wp","href":"https:\/\/api.w.org\/{rel}","templated":true}]}}