{"id":204168,"date":"2026-03-07T20:25:00","date_gmt":"2026-03-07T23:25:00","guid":{"rendered":"https:\/\/www.correiobraziliense.com.br\/cbradar\/?p=204168"},"modified":"2026-03-06T14:11:26","modified_gmt":"2026-03-06T17:11:26","slug":"o-melhor-horario-para-fazer-exercicio-e-controlar-o-acucar-no-sangue","status":"publish","type":"post","link":"https:\/\/www.correiobraziliense.com.br\/cbradar\/o-melhor-horario-para-fazer-exercicio-e-controlar-o-acucar-no-sangue\/","title":{"rendered":"O melhor hor\u00e1rio para fazer exerc\u00edcio e controlar o a\u00e7\u00facar no sangue"},"content":{"rendered":"\n<p>As recentes pesquisas indicam que realizar exerc\u00edcios no per\u00edodo da tarde ou in\u00edcio da noite pode ser mais efetivo para regular os n\u00edveis de a\u00e7\u00facar no sangue em compara\u00e7\u00e3o com treinar pela manh\u00e3. Embora qualquer forma de atividade f\u00edsica ofere\u00e7a benef\u00edcios para o controle glic\u00eamico, o hor\u00e1rio do treino pode influenciar diretamente a maneira como o corpo processa a glicose, o que \u00e9 especialmente relevante para pessoas com diabetes ou pr\u00e9-diabetes que desejam otimizar suas rotinas com ajustes simples.<\/p>\n\n\n\n<h2 class=\"wp-block-heading\">Como o hor\u00e1rio do exerc\u00edcio influencia o a\u00e7\u00facar no sangue?<\/h2>\n\n\n\n<p>O corpo humano opera sob um rel\u00f3gio biol\u00f3gico interno que define ritmos para diversas fun\u00e7\u00f5es, incluindo o processamento da glicose ao longo do dia. Em pessoas com diabetes tipo 2, a sensibilidade \u00e0 insulina tende a ser mais acentuada \u00e0 tarde, tornando o exerc\u00edcio nesse per\u00edodo potencialmente mais eficaz para a redu\u00e7\u00e3o do a\u00e7\u00facar no sangue.<\/p>\n\n\n\n<p>A sincroniza\u00e7\u00e3o do exerc\u00edcio com o rel\u00f3gio biol\u00f3gico pode potencializar o uso da glicose como fonte de energia, melhorando o controle glic\u00eamico. Essa regula\u00e7\u00e3o tamb\u00e9m pode auxiliar na gest\u00e3o do peso, na sa\u00fade cardiovascular e na preven\u00e7\u00e3o de complica\u00e7\u00f5es associadas ao diabetes.<\/p>\n\n\n\n<p>Para compreender melhor como a alimenta\u00e7\u00e3o pode influenciar a sa\u00fade do <strong>C\u00e9rebro<\/strong> e a mem\u00f3ria, assista ao v\u00eddeo a seguir, no qual o especialista explica o assunto de forma clara e did\u00e1tica no canal respons\u00e1vel pelo conte\u00fado.<\/p>\n\n\n\n<iframe loading=\"lazy\" width=\"1396\" height=\"785\" src=\"https:\/\/www.youtube.com\/embed\/vAUbt17h6Co\" title=\"Como a insulina age no organismo | Anima\u00e7\u00e3o #09\" frameborder=\"0\" allow=\"accelerometer; autoplay; clipboard-write; encrypted-media; gyroscope; picture-in-picture; web-share\" referrerpolicy=\"strict-origin-when-cross-origin\" allowfullscreen><\/iframe>\n\n\n\n<h2 class=\"wp-block-heading\">Quais s\u00e3o as principais evid\u00eancias cient\u00edficas sobre o exerc\u00edcio \u00e0 tarde?<\/h2>\n\n\n\n<p>Um estudo publicado na revista Diabetologia examinou a influ\u00eancia do hor\u00e1rio do exerc\u00edcio em homens com diabetes tipo 2, mostrando que treinos de alta intensidade \u00e0 tarde reduzem mais a glicose do que pela manh\u00e3. Esse efeito parece estar ligado \u00e0 maior sensibilidade \u00e0 insulina e ao melhor aproveitamento da glicose nesse per\u00edodo do dia.<\/p>\n\n\n\n<p>Os pesquisadores observaram ainda que o exerc\u00edcio matinal, em alguns casos, aumentava temporariamente a glicose, enquanto o treino vespertino melhorava os n\u00edveis tanto durante a noite quanto no dia seguinte. Outros <a href=\"https:\/\/pubmed.ncbi.nlm.nih.gov\/30426166\/\" target=\"_blank\" rel=\"noreferrer noopener\">estudos <\/a>t\u00eam apontado resultados semelhantes, refor\u00e7ando o papel do fim da tarde como um hor\u00e1rio potencialmente vantajoso para treinos em pessoas com resist\u00eancia \u00e0 insulina.<\/p>\n\n\n<div class=\"wp-block-image\">\n<figure class=\"aligncenter size-large\"><img decoding=\"async\" width=\"1024\" height=\"576\" src=\"https:\/\/www.correiobraziliense.com.br\/cbradar\/wp-content\/uploads\/2025\/06\/exercicios-fisicos_1750245685246-1024x576.jpg\" alt=\"\" class=\"wp-image-55452\" srcset=\"https:\/\/www.correiobraziliense.com.br\/cbradar\/wp-content\/uploads\/2025\/06\/exercicios-fisicos_1750245685246-1024x576.jpg 1024w, https:\/\/www.correiobraziliense.com.br\/cbradar\/wp-content\/uploads\/2025\/06\/exercicios-fisicos_1750245685246-300x169.jpg 300w, https:\/\/www.correiobraziliense.com.br\/cbradar\/wp-content\/uploads\/2025\/06\/exercicios-fisicos_1750245685246-768x432.jpg 768w, https:\/\/www.correiobraziliense.com.br\/cbradar\/wp-content\/uploads\/2025\/06\/exercicios-fisicos_1750245685246-750x422.jpg 750w, https:\/\/www.correiobraziliense.com.br\/cbradar\/wp-content\/uploads\/2025\/06\/exercicios-fisicos_1750245685246-1140x641.jpg 1140w, https:\/\/www.correiobraziliense.com.br\/cbradar\/wp-content\/uploads\/2025\/06\/exercicios-fisicos_1750245685246.jpg 1280w\" sizes=\"(max-width: 1024px) 100vw, 1024px\" \/><figcaption class=\"wp-element-caption\">exerc\u00edcios f\u00edsicos &#8211; Cr\u00e9ditos: depositphotos.com \/ VitalikRadko<\/figcaption><\/figure><\/div>\n\n\n<h2 class=\"wp-block-heading\">Quais s\u00e3o os melhores tipos de exerc\u00edcio para reduzir o a\u00e7\u00facar no sangue?<\/h2>\n\n\n\n<p>Diversos tipos de atividade f\u00edsica ajudam a utilizar a glicose circulante e melhorar a sensibilidade \u00e0 insulina, podendo ser combinados em uma rotina equilibrada. A escolha deve considerar a condi\u00e7\u00e3o de sa\u00fade, o n\u00edvel de treinamento e, sempre que poss\u00edvel, a orienta\u00e7\u00e3o de um profissional.<\/p>\n\n\n\n<p>Abaixo est\u00e3o alguns exemplos de modalidades que costumam ser indicadas para auxiliar no controle glic\u00eamico, oferecendo diferentes intensidades e possibilidades de adapta\u00e7\u00e3o ao dia a dia:<\/p>\n\n\n\n<style>\n  .make-wrap{\n    max-width: 760px;\n    margin: 26px auto;\n    padding: 18px;\n    border-radius: 18px;\n    background: linear-gradient(135deg,#fff7fb 0%,#f6f2ff 100%);\n    border: 1px solid #f7d4ea;\n    box-shadow: 0 8px 20px rgba(236,72,153,.12);\n    font-family: system-ui, -apple-system, Segoe UI, Roboto, Helvetica, Arial, sans-serif;\n  }\n\n  .make-title{\n    display:flex; \n    align-items:center; \n    gap:10px;\n    margin:0 0 12px 4px;\n    font-size:1.2rem; \n    font-weight:900; \n    color:#9d174d;\n  }\n\n  .make-table{\n    width:100%;\n    border-collapse:separate;\n    border-spacing:0;\n    overflow:hidden;\n    border-radius:16px;\n    border:1px solid #f7d4ea;\n    background:#fff;\n    font-size:.92rem;\n  }\n\n  .make-table thead th{\n    background:linear-gradient(90deg,#fde7f3 0%,#f8e9ff 100%);\n    padding:12px;\n    color:#7a1e63;\n    font-weight:800;\n    text-align:left;\n    border-bottom:1px solid #f7d4ea;\n  }\n\n  .make-table tbody td{\n    padding:12px;\n    color:#374151;\n    vertical-align:top;\n    border-bottom:1px dashed #f7d4ea;\n  }\n\n  .make-table tbody tr:nth-child(odd){\n    background:#fffaff;\n  }\n\n  .price{\n    display:inline-flex;\n    align-items:center;\n    background:#fff7ed;\n    color:#b45309;\n    padding:6px 10px;\n    border-radius:10px;\n    border:1px solid #fed7aa;\n    font-weight:700;\n    white-space:nowrap;\n  }\n\n  .badge{\n    display:inline-block;\n    background:#fde7f3;\n    color:#c026d3;\n    border:1px solid #fecdd3;\n    padding:4px 10px;\n    border-radius:999px;\n    font-weight:700;\n    font-size:.78rem;\n  }\n\n  @media (max-width:720px){\n    .make-table thead{display:none}\n    .make-table, .make-table tbody, .make-table tr, .make-table td{\n      display:block; \n      width:100%;\n    }\n    .make-table tr{\n      margin-bottom:12px;\n      border:1px solid #f7d4ea;\n      border-radius:14px;\n      overflow:hidden;\n      background:#fff;\n    }\n    .make-table td[data-label]:before{\n      content:attr(data-label);\n      display:block;\n      font-weight:800;\n      color:#7a1e63;\n      margin-bottom:4px;\n    }\n    .make-table tbody td:last-child{border-bottom:none}\n  }\n<\/style>\n\n<div class=\"make-wrap\">\n  <h3 class=\"make-title\">\ud83c\udfc3\u200d\u2640\ufe0f\ud83e\ude78 Exerc\u00edcios que Ajudam a Controlar a Glicose<\/h3>\n\n  <table class=\"make-table\">\n    <thead>\n      <tr>\n        <th>Tipo de Exerc\u00edcio<\/th>\n        <th>Como Funciona<\/th>\n        <th>Benef\u00edcio Principal<\/th>\n      <\/tr>\n    <\/thead>\n    <tbody>\n      <tr>\n        <td data-label=\"Tipo de Exerc\u00edcio\"><span class=\"badge\">Caminhada p\u00f3s-refei\u00e7\u00e3o<\/span><\/td>\n        <td data-label=\"Como Funciona\">Atividade leve realizada ap\u00f3s as refei\u00e7\u00f5es.<\/td>\n        <td data-label=\"Benef\u00edcio Principal\">Ajuda o corpo a utilizar a glicose logo ap\u00f3s comer.<\/td>\n      <\/tr>\n      <tr>\n        <td data-label=\"Tipo de Exerc\u00edcio\"><span class=\"badge\">Fortalecimento muscular<\/span><\/td>\n        <td data-label=\"Como Funciona\">Exerc\u00edcios de resist\u00eancia que aumentam a massa muscular.<\/td>\n        <td data-label=\"Benef\u00edcio Principal\">Facilitam a absor\u00e7\u00e3o da glicose pelas c\u00e9lulas.<\/td>\n      <\/tr>\n      <tr>\n        <td data-label=\"Tipo de Exerc\u00edcio\"><span class=\"badge\">Ciclismo e nata\u00e7\u00e3o<\/span><\/td>\n        <td data-label=\"Como Funciona\">Atividades aer\u00f3bicas com menor impacto nas articula\u00e7\u00f5es.<\/td>\n        <td data-label=\"Benef\u00edcio Principal\">Melhoram a sa\u00fade cardiovascular e auxiliam no controle da glicose.<\/td>\n      <\/tr>\n      <tr>\n        <td data-label=\"Tipo de Exerc\u00edcio\"><span class=\"badge\">Treino intervalado<\/span><\/td>\n        <td data-label=\"Como Funciona\">Sess\u00f5es curtas alternando per\u00edodos de maior intensidade e descanso.<\/td>\n        <td data-label=\"Benef\u00edcio Principal\">Pode reduzir rapidamente os n\u00edveis de glicose no sangue.<\/td>\n      <\/tr>\n    <\/tbody>\n  <\/table>\n\n  <p style=\"margin-top:14px; color:#6b7280; font-size:.9rem;\">\n    \ud83d\udca1 <strong>Dica:<\/strong> Combinar exerc\u00edcios aer\u00f3bicos com fortalecimento muscular pode melhorar ainda mais o controle da glicose.\n  <\/p>\n<\/div>\n\n\n\n\n<h2 class=\"wp-block-heading\">Como adaptar o hor\u00e1rio do treino \u00e0 rotina di\u00e1ria?<\/h2>\n\n\n\n<p>A regularidade da pr\u00e1tica \u00e9 mais importante que o hor\u00e1rio exato, embora pequenas adapta\u00e7\u00f5es possam maximizar os benef\u00edcios metab\u00f3licos. Treinos entre 15h e 19h podem otimizar o controle glic\u00eamico em pessoas com resist\u00eancia \u00e0 insulina, enquanto caminhadas de 15 a 30 minutos ap\u00f3s as refei\u00e7\u00f5es ajudam a controlar picos de glicose.<\/p>\n\n\n\n<p>Pessoas que utilizam insulina ou medicamentos que reduzem a glicose devem ter aten\u00e7\u00e3o redobrada ao combinar essas terapias com exerc\u00edcios intensos, devido ao risco de hipoglicemia. Consultar um profissional de sa\u00fade antes de ajustar o hor\u00e1rio ou a intensidade do treino \u00e9 fundamental para garantir uma transi\u00e7\u00e3o segura e adequada \u00e0s necessidades individuais.<\/p>\n\n\n<a href=\"https:\/\/www.instagram.com\/dra.annaluisabf\/\" target=\"_blank\" rel=\"noopener\" style=\"text-decoration: none; color: inherit;\">\n    <span style=\"display: inline-block; border: 1px solid #ccc; border-radius: 10px; padding: 15px; max-width: 550px; font-family: sans-serif; box-shadow: 0 2px 5px rgba(0,0,0,0.1); width: 100%;\">\n\n      <!-- T\u00edtulo -->\n      <span style=\"display: block; margin: 0 0 15px 0; font-weight: bold; color: #2c3e50; text-align: center;\">\n        Entre em contato:\n      <\/span>\n\n      <!-- Linha do perfil -->\n      <span style=\"display: flex; align-items: center; gap: 15px;\">\n        <img decoding=\"async\"\n          src=\"https:\/\/www.correiobraziliense.com.br\/cbradar\/wp-content\/uploads\/2025\/08\/dra_anna_luisa.jpeg\"\n          alt=\"Foto da Dra. Anna Lu\u00edsa\"\n          style=\"border-radius: 50%; width: 80px; height: 80px; object-fit: cover;\"\n        \/>\n        <span style=\"display: flex; flex-direction: column;\">\n          <span style=\"font-size: 18px; font-weight: 700; color: #2c3e50;\">Dra. Anna Lu\u00edsa Barbosa Fernandes<\/span>\n          <span style=\"color: #555;\">CRM-GO 33.271<\/span>\n        <\/span>\n      <\/span>\n\n      <!-- Redes -->\n      <span style=\"display: flex; align-items: center; gap: 10px; margin-top: 12px;\">\n        <img decoding=\"async\" src=\"https:\/\/cdn-icons-png.flaticon.com\/24\/1384\/1384063.png\" alt=\"Instagram\" width=\"24\" height=\"24\" \/>\n        <span style=\"text-decoration: underline; color: #2c3e50;\">@dra.annaluisabf<\/span>\n      <\/span>\n\n    <\/span>\n  <\/a>","protected":false},"excerpt":{"rendered":"<p>As recentes pesquisas indicam que realizar exerc\u00edcios no per\u00edodo da tarde ou in\u00edcio da noite pode ser mais efetivo para regular os n\u00edveis de a\u00e7\u00facar no sangue em compara\u00e7\u00e3o com treinar pela manh\u00e3. Embora qualquer forma de atividade f\u00edsica ofere\u00e7a benef\u00edcios para o controle glic\u00eamico, o hor\u00e1rio do treino pode influenciar diretamente a maneira como [&hellip;]<\/p>\n","protected":false},"author":14,"featured_media":45762,"comment_status":"open","ping_status":"open","sticky":false,"template":"","format":"standard","meta":{"_yoast_wpseo_focuskw":"O melhor hor\u00e1rio para fazer exerc\u00edcio","_yoast_wpseo_title":"","_yoast_wpseo_metadesc":"O hor\u00e1rio do exerc\u00edcio pode influenciar o a\u00e7\u00facar no sangue. Entenda qual momento pode ser melhor.","jnews-multi-image_gallery":[],"jnews_single_post":{"format":"standard"},"jnews_primary_category":[],"jnews_social_meta":[],"jnews_override_counter":[],"footnotes":""},"categories":[4404],"post_tag":[120,247,1318],"class_list":["post-204168","post","type-post","status-publish","format-standard","has-post-thumbnail","hentry","category-saude","tag-bem-estar","tag-qualidade-de-vida","tag-saude-2"],"yoast_head":"<!-- This site is optimized with the Yoast SEO plugin v24.6 - https:\/\/yoast.com\/wordpress\/plugins\/seo\/ -->\n<title>O melhor hor\u00e1rio para fazer exerc\u00edcio e controlar o a\u00e7\u00facar no sangue - Correio Braziliense - Radar<\/title>\n<meta name=\"description\" content=\"O hor\u00e1rio do exerc\u00edcio pode influenciar o a\u00e7\u00facar no sangue. Entenda qual momento pode ser melhor.\" \/>\n<meta name=\"robots\" content=\"index, follow, max-snippet:-1, max-image-preview:large, max-video-preview:-1\" \/>\n<link rel=\"canonical\" href=\"https:\/\/www.correiobraziliense.com.br\/cbradar\/o-melhor-horario-para-fazer-exercicio-e-controlar-o-acucar-no-sangue\/\" \/>\n<meta property=\"og:locale\" content=\"pt_BR\" \/>\n<meta property=\"og:type\" content=\"article\" \/>\n<meta property=\"og:title\" content=\"O melhor hor\u00e1rio para fazer exerc\u00edcio e controlar o a\u00e7\u00facar no sangue - Correio Braziliense - Radar\" \/>\n<meta property=\"og:description\" content=\"O hor\u00e1rio do exerc\u00edcio pode influenciar o a\u00e7\u00facar no sangue. Entenda qual momento pode ser melhor.\" \/>\n<meta property=\"og:url\" content=\"https:\/\/www.correiobraziliense.com.br\/cbradar\/o-melhor-horario-para-fazer-exercicio-e-controlar-o-acucar-no-sangue\/\" \/>\n<meta property=\"og:site_name\" content=\"Correio Braziliense - Radar\" \/>\n<meta property=\"article:published_time\" content=\"2026-03-07T23:25:00+00:00\" \/>\n<meta property=\"og:image\" content=\"https:\/\/www.correiobraziliense.com.br\/cbradar\/wp-content\/uploads\/2025\/05\/idoso-exercicio_1748712799349.jpg\" \/>\n\t<meta property=\"og:image:width\" content=\"1280\" \/>\n\t<meta property=\"og:image:height\" content=\"720\" \/>\n\t<meta property=\"og:image:type\" content=\"image\/jpeg\" \/>\n<meta name=\"author\" content=\"guilherme_saude\" \/>\n<meta name=\"twitter:card\" content=\"summary_large_image\" \/>\n<meta name=\"twitter:label1\" content=\"Escrito por\" \/>\n\t<meta name=\"twitter:data1\" content=\"guilherme_saude\" \/>\n\t<meta name=\"twitter:label2\" content=\"Est. tempo de leitura\" \/>\n\t<meta name=\"twitter:data2\" content=\"5 minutos\" \/>\n<!-- \/ Yoast SEO plugin. -->","yoast_head_json":{"title":"O melhor hor\u00e1rio para fazer exerc\u00edcio e controlar o a\u00e7\u00facar no sangue - Correio Braziliense - Radar","description":"O hor\u00e1rio do exerc\u00edcio pode influenciar o a\u00e7\u00facar no sangue. Entenda qual momento pode ser melhor.","robots":{"index":"index","follow":"follow","max-snippet":"max-snippet:-1","max-image-preview":"max-image-preview:large","max-video-preview":"max-video-preview:-1"},"canonical":"https:\/\/www.correiobraziliense.com.br\/cbradar\/o-melhor-horario-para-fazer-exercicio-e-controlar-o-acucar-no-sangue\/","og_locale":"pt_BR","og_type":"article","og_title":"O melhor hor\u00e1rio para fazer exerc\u00edcio e controlar o a\u00e7\u00facar no sangue - Correio Braziliense - Radar","og_description":"O hor\u00e1rio do exerc\u00edcio pode influenciar o a\u00e7\u00facar no sangue. Entenda qual momento pode ser melhor.","og_url":"https:\/\/www.correiobraziliense.com.br\/cbradar\/o-melhor-horario-para-fazer-exercicio-e-controlar-o-acucar-no-sangue\/","og_site_name":"Correio Braziliense - Radar","article_published_time":"2026-03-07T23:25:00+00:00","og_image":[{"width":1280,"height":720,"url":"https:\/\/www.correiobraziliense.com.br\/cbradar\/wp-content\/uploads\/2025\/05\/idoso-exercicio_1748712799349.jpg","type":"image\/jpeg"}],"author":"guilherme_saude","twitter_card":"summary_large_image","twitter_misc":{"Escrito por":"guilherme_saude","Est. tempo de leitura":"5 minutos"},"schema":{"@context":"https:\/\/schema.org","@graph":[{"@type":"WebPage","@id":"https:\/\/www.correiobraziliense.com.br\/cbradar\/o-melhor-horario-para-fazer-exercicio-e-controlar-o-acucar-no-sangue\/","url":"https:\/\/www.correiobraziliense.com.br\/cbradar\/o-melhor-horario-para-fazer-exercicio-e-controlar-o-acucar-no-sangue\/","name":"O melhor hor\u00e1rio para fazer exerc\u00edcio e controlar o a\u00e7\u00facar no sangue - Correio Braziliense - Radar","isPartOf":{"@id":"https:\/\/www.correiobraziliense.com.br\/cbradar\/#website"},"primaryImageOfPage":{"@id":"https:\/\/www.correiobraziliense.com.br\/cbradar\/o-melhor-horario-para-fazer-exercicio-e-controlar-o-acucar-no-sangue\/#primaryimage"},"image":{"@id":"https:\/\/www.correiobraziliense.com.br\/cbradar\/o-melhor-horario-para-fazer-exercicio-e-controlar-o-acucar-no-sangue\/#primaryimage"},"thumbnailUrl":"https:\/\/www.correiobraziliense.com.br\/cbradar\/wp-content\/uploads\/2025\/05\/idoso-exercicio_1748712799349.jpg","datePublished":"2026-03-07T23:25:00+00:00","author":{"@id":"https:\/\/www.correiobraziliense.com.br\/cbradar\/#\/schema\/person\/5aa4bf3c8fa699c267933611de12978b"},"description":"O hor\u00e1rio do exerc\u00edcio pode influenciar o a\u00e7\u00facar no sangue. Entenda qual momento pode ser melhor.","breadcrumb":{"@id":"https:\/\/www.correiobraziliense.com.br\/cbradar\/o-melhor-horario-para-fazer-exercicio-e-controlar-o-acucar-no-sangue\/#breadcrumb"},"inLanguage":"pt-BR","potentialAction":[{"@type":"ReadAction","target":["https:\/\/www.correiobraziliense.com.br\/cbradar\/o-melhor-horario-para-fazer-exercicio-e-controlar-o-acucar-no-sangue\/"]}]},{"@type":"ImageObject","inLanguage":"pt-BR","@id":"https:\/\/www.correiobraziliense.com.br\/cbradar\/o-melhor-horario-para-fazer-exercicio-e-controlar-o-acucar-no-sangue\/#primaryimage","url":"https:\/\/www.correiobraziliense.com.br\/cbradar\/wp-content\/uploads\/2025\/05\/idoso-exercicio_1748712799349.jpg","contentUrl":"https:\/\/www.correiobraziliense.com.br\/cbradar\/wp-content\/uploads\/2025\/05\/idoso-exercicio_1748712799349.jpg","width":1280,"height":720,"caption":"Exercicios - Cr\u00e9ditos: depositphotos.com \/ HayDmitriy"},{"@type":"BreadcrumbList","@id":"https:\/\/www.correiobraziliense.com.br\/cbradar\/o-melhor-horario-para-fazer-exercicio-e-controlar-o-acucar-no-sangue\/#breadcrumb","itemListElement":[{"@type":"ListItem","position":1,"name":"In\u00edcio","item":"https:\/\/www.correiobraziliense.com.br\/cbradar\/"},{"@type":"ListItem","position":2,"name":"O melhor hor\u00e1rio para fazer exerc\u00edcio e controlar o a\u00e7\u00facar no sangue"}]},{"@type":"WebSite","@id":"https:\/\/www.correiobraziliense.com.br\/cbradar\/#website","url":"https:\/\/www.correiobraziliense.com.br\/cbradar\/","name":"Correio Braziliense - Radar","description":"Acompanhe as \u00faltimas not\u00edcias e fique bem informado sobre tudo o que acontece no Brasil e no mundo.","potentialAction":[{"@type":"SearchAction","target":{"@type":"EntryPoint","urlTemplate":"https:\/\/www.correiobraziliense.com.br\/cbradar\/?s={search_term_string}"},"query-input":{"@type":"PropertyValueSpecification","valueRequired":true,"valueName":"search_term_string"}}],"inLanguage":"pt-BR"},{"@type":"Person","@id":"https:\/\/www.correiobraziliense.com.br\/cbradar\/#\/schema\/person\/5aa4bf3c8fa699c267933611de12978b","name":"guilherme_saude","image":{"@type":"ImageObject","inLanguage":"pt-BR","@id":"https:\/\/www.correiobraziliense.com.br\/cbradar\/#\/schema\/person\/image\/","url":"https:\/\/secure.gravatar.com\/avatar\/df9adfb835d344bc0af109d41756253f?s=96&d=mm&r=g","contentUrl":"https:\/\/secure.gravatar.com\/avatar\/df9adfb835d344bc0af109d41756253f?s=96&d=mm&r=g","caption":"guilherme_saude"},"url":"https:\/\/www.correiobraziliense.com.br\/cbradar\/author\/guilherme_saude\/"}]}},"_links":{"self":[{"href":"https:\/\/www.correiobraziliense.com.br\/cbradar\/wp-json\/wp\/v2\/posts\/204168","targetHints":{"allow":["GET"]}}],"collection":[{"href":"https:\/\/www.correiobraziliense.com.br\/cbradar\/wp-json\/wp\/v2\/posts"}],"about":[{"href":"https:\/\/www.correiobraziliense.com.br\/cbradar\/wp-json\/wp\/v2\/types\/post"}],"author":[{"embeddable":true,"href":"https:\/\/www.correiobraziliense.com.br\/cbradar\/wp-json\/wp\/v2\/users\/14"}],"replies":[{"embeddable":true,"href":"https:\/\/www.correiobraziliense.com.br\/cbradar\/wp-json\/wp\/v2\/comments?post=204168"}],"version-history":[{"count":1,"href":"https:\/\/www.correiobraziliense.com.br\/cbradar\/wp-json\/wp\/v2\/posts\/204168\/revisions"}],"predecessor-version":[{"id":204169,"href":"https:\/\/www.correiobraziliense.com.br\/cbradar\/wp-json\/wp\/v2\/posts\/204168\/revisions\/204169"}],"wp:featuredmedia":[{"embeddable":true,"href":"https:\/\/www.correiobraziliense.com.br\/cbradar\/wp-json\/wp\/v2\/media\/45762"}],"wp:attachment":[{"href":"https:\/\/www.correiobraziliense.com.br\/cbradar\/wp-json\/wp\/v2\/media?parent=204168"}],"wp:term":[{"taxonomy":"category","embeddable":true,"href":"https:\/\/www.correiobraziliense.com.br\/cbradar\/wp-json\/wp\/v2\/categories?post=204168"},{"taxonomy":"post_tag","embeddable":true,"href":"https:\/\/www.correiobraziliense.com.br\/cbradar\/wp-json\/wp\/v2\/post_tag?post=204168"}],"curies":[{"name":"wp","href":"https:\/\/api.w.org\/{rel}","templated":true}]}}