{"id":204175,"date":"2026-03-07T17:25:00","date_gmt":"2026-03-07T20:25:00","guid":{"rendered":"https:\/\/www.correiobraziliense.com.br\/cbradar\/?p=204175"},"modified":"2026-03-06T14:25:33","modified_gmt":"2026-03-06T17:25:33","slug":"esse-exercicio-de-1-minuto-viralizou-entre-educadores-fisicos-e-promete-melhorar-o-equilibrio-do-corpo","status":"publish","type":"post","link":"https:\/\/www.correiobraziliense.com.br\/cbradar\/esse-exercicio-de-1-minuto-viralizou-entre-educadores-fisicos-e-promete-melhorar-o-equilibrio-do-corpo\/","title":{"rendered":"Esse exerc\u00edcio de 1 minuto viralizou entre educadores f\u00edsicos e promete melhorar o equil\u00edbrio do corpo"},"content":{"rendered":"\n<p>Ter um bom equil\u00edbrio corporal \u00e9 essencial para evitar quedas e melhorar a performance em diversas atividades f\u00edsicas do cotidiano moderno. Profissionais da \u00e1rea de educa\u00e7\u00e3o f\u00edsica destacam um exerc\u00edcio simples de apenas sessenta segundos que pode ser praticado em qualquer lugar. Essa pr\u00e1tica r\u00e1pida fortalece os m\u00fasculos estabilizadores de forma eficaz hoje. Pratique sempre.<\/p>\n\n\n\n<h2 class=\"wp-block-heading\">Como ficar em um p\u00e9 s\u00f3 transforma a postura?<\/h2>\n\n\n\n<p>O exerc\u00edcio de apoio unipodal exige que o c\u00e9rebro processe informa\u00e7\u00f5es sensoriais complexas vindas dos p\u00e9s e das articula\u00e7\u00f5es em tempo real. Manter o corpo equilibrado sobre uma \u00fanica base de suporte ativa intensamente os m\u00fasculos do n\u00facleo e das pernas simultaneamente. <strong>Estabilidade proprioceptiva<\/strong> \u00e9 o resultado direto dessa ativa\u00e7\u00e3o constante que previne les\u00f5es graves nas articula\u00e7\u00f5es inferiores agora.<\/p>\n\n\n\n<p>Realizar essa pr\u00e1tica diariamente ajuda a realinhar a coluna vertebral e melhora significativamente a consci\u00eancia corporal durante os movimentos rotineiros. Educadores f\u00edsicos afirmam que a repeti\u00e7\u00e3o desse est\u00edmulo nervoso fortalece os ligamentos do tornozelo e diminui a instabilidade cr\u00f4nica perigosa. <strong>Equil\u00edbrio est\u00e1tico<\/strong> torna-se a base s\u00f3lida para uma movimenta\u00e7\u00e3o muito mais segura e confiante em terrenos irregulares durante todo dia.<\/p>\n\n\n\n<p>Treinar o equil\u00edbrio \u00e9 fundamental para melhorar a coordena\u00e7\u00e3o, prevenir quedas e fortalecer m\u00fasculos importantes para a estabilidade do corpo. Com exerc\u00edcios simples, \u00e9 poss\u00edvel praticar at\u00e9 em casa. No conte\u00fado do <strong>Aur\u00e9lio Alfieri<\/strong>, com 3,36 milh\u00f5es de inscritos, voc\u00ea aprende como come\u00e7ar:<\/p>\n\n\n\n<iframe loading=\"lazy\" width=\"459\" height=\"816\" src=\"https:\/\/www.youtube.com\/embed\/BrodA2sX7kY\" title=\"EXERC\u00cdCIOS para EQUIL\u00cdBRIO em Casa. Siga-me para mais dicas f\u00e1ceis\" frameborder=\"0\" allow=\"accelerometer; autoplay; clipboard-write; encrypted-media; gyroscope; picture-in-picture; web-share\" referrerpolicy=\"strict-origin-when-cross-origin\" allowfullscreen><\/iframe>\n\n\n\n<h2 class=\"wp-block-heading\">Por que a vis\u00e3o influencia a estabilidade corporal?<\/h2>\n\n\n\n<p>O sistema visual trabalha em conjunto com o ouvido interno para manter o <strong><a href=\"https:\/\/www.correiobraziliense.com.br\/cbradar\/qual-e-a-quantidade-ideal-de-cafe-para-beber-por-dia\/\" target=\"_blank\" rel=\"noreferrer noopener\">corpo <\/a><\/strong>orientado corretamente no espa\u00e7o tridimensional ao redor. Tentar realizar o exerc\u00edcio de equil\u00edbrio com os olhos fechados aumenta drasticamente o desafio para o sistema vestibular e nervoso central. <strong>Desafio sensorial<\/strong> potencializa os ganhos de coordena\u00e7\u00e3o motora e reflexos r\u00e1pidos necess\u00e1rios para evitar quedas acidentais no futuro.<\/p>\n\n\n\n<p>Quando a vis\u00e3o \u00e9 removida, o corpo precisa confiar inteiramente nos receptores de press\u00e3o localizados na planta dos p\u00e9s. Essa troca de informa\u00e7\u00f5es sensoriais apura a sensibilidade nervosa e torna o tempo de resposta muscular muito mais eficiente e veloz. <strong>Agilidade neural<\/strong> \u00e9 fundamental para idosos que desejam manter a autonomia f\u00edsica e a independ\u00eancia total por d\u00e9cadas de vida.<\/p>\n\n\n\n<h2 class=\"wp-block-heading\">Quais cuidados garantem a seguran\u00e7a no treino?<\/h2>\n\n\n\n<p>Praticar o exerc\u00edcio pr\u00f3ximo a uma parede ou superf\u00edcie firme evita quedas acidentais enquanto o corpo ainda est\u00e1 se adaptando ao est\u00edmulo. \u00c9 importante manter a postura ereta e o olhar fixo em um ponto im\u00f3vel \u00e0 frente para facilitar a concentra\u00e7\u00e3o necess\u00e1ria todos os dias do ano. <strong>Foco total<\/strong> no seu pr\u00f3prio corpo garante a execu\u00e7\u00e3o correta.<\/p>\n\n\n\n<p>Confira a lista abaixo:<\/p>\n\n\n\n<ul class=\"wp-block-list\">\n<li>Fique descal\u00e7o para melhor ader\u00eancia.<\/li>\n\n\n\n<li>Mantenha o abd\u00f4men sempre contra\u00eddo.<\/li>\n\n\n\n<li>Evite superf\u00edcies muito macias inicialmente.<\/li>\n\n\n\n<li>Troque de perna a cada trinta segundos.<\/li>\n<\/ul>\n\n\n\n<h2 class=\"wp-block-heading\">Qual a frequ\u00eancia ideal para obter resultados?<\/h2>\n\n\n\n<p>A const\u00e2ncia \u00e9 mais importante do que a intensidade do esfor\u00e7o f\u00edsico realizado em um \u00fanico dia da semana. Especialistas recomendam realizar o apoio unipodal tr\u00eas vezes ao dia para garantir que os benef\u00edcios neurais sejam plenamente consolidados. <strong>H\u00e1bitos saud\u00e1veis<\/strong> transformam a fisiologia do corpo humano e previnem o decl\u00ednio motor associado ao envelhecimento natural de forma muito consistente hoje.<\/p>\n\n\n\n<p>Integrar esse pequeno desafio na rotina de escova\u00e7\u00e3o dos dentes ou enquanto espera o caf\u00e9 ajuda na memoriza\u00e7\u00e3o do h\u00e1bito. Em poucas semanas, a sensa\u00e7\u00e3o de firmeza ao caminhar ser\u00e1 visivelmente superior e a postura estar\u00e1 muito mais equilibrada e elegante. <strong>Vitalidade f\u00edsica<\/strong> depende de pequenas a\u00e7\u00f5es di\u00e1rias que fortalecem a estrutura de suporte b\u00e1sica humana durante toda a jornada.<\/p>\n\n\n\n<figure class=\"wp-block-image size-full\"><img decoding=\"async\" width=\"1280\" height=\"720\" src=\"https:\/\/www.correiobraziliense.com.br\/cbradar\/wp-content\/uploads\/2026\/03\/Gemini_Generated_Image_pvi2sgpvi2sgpvi2-1-1.png\" alt=\"\" class=\"wp-image-204179\" srcset=\"https:\/\/www.correiobraziliense.com.br\/cbradar\/wp-content\/uploads\/2026\/03\/Gemini_Generated_Image_pvi2sgpvi2sgpvi2-1-1.png 1280w, https:\/\/www.correiobraziliense.com.br\/cbradar\/wp-content\/uploads\/2026\/03\/Gemini_Generated_Image_pvi2sgpvi2sgpvi2-1-1-300x169.png 300w, https:\/\/www.correiobraziliense.com.br\/cbradar\/wp-content\/uploads\/2026\/03\/Gemini_Generated_Image_pvi2sgpvi2sgpvi2-1-1-768x432.png 768w, https:\/\/www.correiobraziliense.com.br\/cbradar\/wp-content\/uploads\/2026\/03\/Gemini_Generated_Image_pvi2sgpvi2sgpvi2-1-1-750x422.png 750w, https:\/\/www.correiobraziliense.com.br\/cbradar\/wp-content\/uploads\/2026\/03\/Gemini_Generated_Image_pvi2sgpvi2sgpvi2-1-1-1140x641.png 1140w\" sizes=\"(max-width: 1280px) 100vw, 1280px\" \/><figcaption class=\"wp-element-caption\">Exerc\u00edcio simples de equil\u00edbrio em um p\u00e9 s\u00f3 fortalece m\u00fasculos estabilizadores e melhora postura corporal<\/figcaption><\/figure>\n\n\n\n<h2 class=\"wp-block-heading\">Como a ci\u00eancia fundamenta o treino de equil\u00edbrio?<\/h2>\n\n\n\n<p>Estudos cient\u00edficos comprovam que a capacidade de manter o equil\u00edbrio em um p\u00e9 s\u00f3 \u00e9 um preditor direto de longevidade. Idosos que conseguem sustentar essa posi\u00e7\u00e3o por mais de dez segundos apresentam riscos significativamente menores de complica\u00e7\u00f5es relacionadas a quedas severas. <strong>Longevidade ativa<\/strong> exige o fortalecimento dos sistemas sensoriais e motores atrav\u00e9s de pr\u00e1ticas f\u00edsicas consistentes em seu cotidiano produtivo.<\/p>\n\n\n\n<p>Manter o corpo ativo e equilibrado \u00e9 uma das melhores formas de preservar a sa\u00fade cerebral e a autonomia motora. Segundo o guia de atividades f\u00edsicas da <a href=\"https:\/\/www.who.int\/news-room\/fact-sheets\/detail\/physical-activity\" target=\"_blank\" rel=\"noreferrer noopener\">Organiza\u00e7\u00e3o Mundial da Sa\u00fade<\/a>, exerc\u00edcios de equil\u00edbrio s\u00e3o vitais para reduzir a incid\u00eancia de quedas em popula\u00e7\u00f5es adultas. <strong>Preven\u00e7\u00e3o cient\u00edfica<\/strong> \u00e9 o melhor caminho para uma velhice saud\u00e1vel e plena para todos agora.<\/p>\n","protected":false},"excerpt":{"rendered":"<p>Ter um bom equil\u00edbrio corporal \u00e9 essencial para evitar quedas e melhorar a performance em diversas atividades f\u00edsicas do cotidiano moderno. Profissionais da \u00e1rea de educa\u00e7\u00e3o f\u00edsica destacam um exerc\u00edcio simples de apenas sessenta segundos que pode ser praticado em qualquer lugar. Essa pr\u00e1tica r\u00e1pida fortalece os m\u00fasculos estabilizadores de forma eficaz hoje. Pratique sempre. [&hellip;]<\/p>\n","protected":false},"author":21,"featured_media":204181,"comment_status":"open","ping_status":"open","sticky":false,"template":"","format":"standard","meta":{"_yoast_wpseo_focuskw":"exercicio de equilibrio em um pe so para estabilidade corporal","_yoast_wpseo_title":"","_yoast_wpseo_metadesc":"Um exerc\u00edcio simples de apenas sessenta segundos pode fortalecer equil\u00edbrio, postura e estabilidade corporal no dia a dia","jnews-multi-image_gallery":[],"jnews_single_post":{"format":"standard"},"jnews_primary_category":[],"jnews_social_meta":[],"jnews_override_counter":[],"footnotes":""},"categories":[119],"post_tag":[2339,15838,1807],"class_list":["post-204175","post","type-post","status-publish","format-standard","has-post-thumbnail","hentry","category-bem-estar","tag-corpo","tag-educadores-fisicos","tag-exercicio"],"yoast_head":"<!-- This site is optimized with the Yoast SEO plugin v24.6 - https:\/\/yoast.com\/wordpress\/plugins\/seo\/ -->\n<title>Esse exerc\u00edcio de 1 minuto viralizou entre educadores f\u00edsicos e promete melhorar o equil\u00edbrio do corpo - Correio Braziliense - Radar<\/title>\n<meta name=\"description\" content=\"Um exerc\u00edcio simples de apenas sessenta segundos pode fortalecer equil\u00edbrio, postura e estabilidade corporal no dia a dia\" \/>\n<meta name=\"robots\" content=\"index, follow, max-snippet:-1, max-image-preview:large, max-video-preview:-1\" \/>\n<link rel=\"canonical\" href=\"https:\/\/www.correiobraziliense.com.br\/cbradar\/esse-exercicio-de-1-minuto-viralizou-entre-educadores-fisicos-e-promete-melhorar-o-equilibrio-do-corpo\/\" \/>\n<meta property=\"og:locale\" content=\"pt_BR\" \/>\n<meta property=\"og:type\" content=\"article\" \/>\n<meta property=\"og:title\" content=\"Esse exerc\u00edcio de 1 minuto viralizou entre educadores f\u00edsicos e promete melhorar o equil\u00edbrio do corpo - Correio Braziliense - Radar\" \/>\n<meta property=\"og:description\" content=\"Um exerc\u00edcio simples de apenas sessenta segundos pode fortalecer equil\u00edbrio, postura e estabilidade corporal no dia a dia\" \/>\n<meta property=\"og:url\" content=\"https:\/\/www.correiobraziliense.com.br\/cbradar\/esse-exercicio-de-1-minuto-viralizou-entre-educadores-fisicos-e-promete-melhorar-o-equilibrio-do-corpo\/\" \/>\n<meta property=\"og:site_name\" content=\"Correio Braziliense - Radar\" \/>\n<meta property=\"article:published_time\" content=\"2026-03-07T20:25:00+00:00\" \/>\n<meta property=\"og:image\" content=\"https:\/\/www.correiobraziliense.com.br\/cbradar\/wp-content\/uploads\/2026\/03\/Gemini_Generated_Image_7i446q7i446q7i44-1-1.png\" \/>\n\t<meta property=\"og:image:width\" content=\"1280\" \/>\n\t<meta property=\"og:image:height\" content=\"720\" \/>\n\t<meta property=\"og:image:type\" content=\"image\/png\" \/>\n<meta name=\"author\" content=\"Patrick Silva\" \/>\n<meta name=\"twitter:card\" content=\"summary_large_image\" \/>\n<meta name=\"twitter:label1\" content=\"Escrito por\" \/>\n\t<meta name=\"twitter:data1\" content=\"Patrick Silva\" \/>\n\t<meta name=\"twitter:label2\" content=\"Est. tempo de leitura\" \/>\n\t<meta name=\"twitter:data2\" content=\"5 minutos\" \/>\n<!-- \/ Yoast SEO plugin. -->","yoast_head_json":{"title":"Esse exerc\u00edcio de 1 minuto viralizou entre educadores f\u00edsicos e promete melhorar o equil\u00edbrio do corpo - Correio Braziliense - Radar","description":"Um exerc\u00edcio simples de apenas sessenta segundos pode fortalecer equil\u00edbrio, postura e estabilidade corporal no dia a dia","robots":{"index":"index","follow":"follow","max-snippet":"max-snippet:-1","max-image-preview":"max-image-preview:large","max-video-preview":"max-video-preview:-1"},"canonical":"https:\/\/www.correiobraziliense.com.br\/cbradar\/esse-exercicio-de-1-minuto-viralizou-entre-educadores-fisicos-e-promete-melhorar-o-equilibrio-do-corpo\/","og_locale":"pt_BR","og_type":"article","og_title":"Esse exerc\u00edcio de 1 minuto viralizou entre educadores f\u00edsicos e promete melhorar o equil\u00edbrio do corpo - Correio Braziliense - Radar","og_description":"Um exerc\u00edcio simples de apenas sessenta segundos pode fortalecer equil\u00edbrio, postura e estabilidade corporal no dia a dia","og_url":"https:\/\/www.correiobraziliense.com.br\/cbradar\/esse-exercicio-de-1-minuto-viralizou-entre-educadores-fisicos-e-promete-melhorar-o-equilibrio-do-corpo\/","og_site_name":"Correio Braziliense - Radar","article_published_time":"2026-03-07T20:25:00+00:00","og_image":[{"width":1280,"height":720,"url":"https:\/\/www.correiobraziliense.com.br\/cbradar\/wp-content\/uploads\/2026\/03\/Gemini_Generated_Image_7i446q7i446q7i44-1-1.png","type":"image\/png"}],"author":"Patrick Silva","twitter_card":"summary_large_image","twitter_misc":{"Escrito por":"Patrick Silva","Est. tempo de leitura":"5 minutos"},"schema":{"@context":"https:\/\/schema.org","@graph":[{"@type":"WebPage","@id":"https:\/\/www.correiobraziliense.com.br\/cbradar\/esse-exercicio-de-1-minuto-viralizou-entre-educadores-fisicos-e-promete-melhorar-o-equilibrio-do-corpo\/","url":"https:\/\/www.correiobraziliense.com.br\/cbradar\/esse-exercicio-de-1-minuto-viralizou-entre-educadores-fisicos-e-promete-melhorar-o-equilibrio-do-corpo\/","name":"Esse exerc\u00edcio de 1 minuto viralizou entre educadores f\u00edsicos e promete melhorar o equil\u00edbrio do corpo - Correio Braziliense - Radar","isPartOf":{"@id":"https:\/\/www.correiobraziliense.com.br\/cbradar\/#website"},"primaryImageOfPage":{"@id":"https:\/\/www.correiobraziliense.com.br\/cbradar\/esse-exercicio-de-1-minuto-viralizou-entre-educadores-fisicos-e-promete-melhorar-o-equilibrio-do-corpo\/#primaryimage"},"image":{"@id":"https:\/\/www.correiobraziliense.com.br\/cbradar\/esse-exercicio-de-1-minuto-viralizou-entre-educadores-fisicos-e-promete-melhorar-o-equilibrio-do-corpo\/#primaryimage"},"thumbnailUrl":"https:\/\/www.correiobraziliense.com.br\/cbradar\/wp-content\/uploads\/2026\/03\/Gemini_Generated_Image_7i446q7i446q7i44-1-1.png","datePublished":"2026-03-07T20:25:00+00:00","author":{"@id":"https:\/\/www.correiobraziliense.com.br\/cbradar\/#\/schema\/person\/5440b72be9c7eb74f446c846479dc4da"},"description":"Um exerc\u00edcio simples de apenas sessenta segundos pode fortalecer equil\u00edbrio, postura e estabilidade corporal no dia a dia","breadcrumb":{"@id":"https:\/\/www.correiobraziliense.com.br\/cbradar\/esse-exercicio-de-1-minuto-viralizou-entre-educadores-fisicos-e-promete-melhorar-o-equilibrio-do-corpo\/#breadcrumb"},"inLanguage":"pt-BR","potentialAction":[{"@type":"ReadAction","target":["https:\/\/www.correiobraziliense.com.br\/cbradar\/esse-exercicio-de-1-minuto-viralizou-entre-educadores-fisicos-e-promete-melhorar-o-equilibrio-do-corpo\/"]}]},{"@type":"ImageObject","inLanguage":"pt-BR","@id":"https:\/\/www.correiobraziliense.com.br\/cbradar\/esse-exercicio-de-1-minuto-viralizou-entre-educadores-fisicos-e-promete-melhorar-o-equilibrio-do-corpo\/#primaryimage","url":"https:\/\/www.correiobraziliense.com.br\/cbradar\/wp-content\/uploads\/2026\/03\/Gemini_Generated_Image_7i446q7i446q7i44-1-1.png","contentUrl":"https:\/\/www.correiobraziliense.com.br\/cbradar\/wp-content\/uploads\/2026\/03\/Gemini_Generated_Image_7i446q7i446q7i44-1-1.png","width":1280,"height":720,"caption":"Exerc\u00edcio simples de equil\u00edbrio em um p\u00e9 s\u00f3 fortalece m\u00fasculos estabilizadores e melhora postura corporal"},{"@type":"BreadcrumbList","@id":"https:\/\/www.correiobraziliense.com.br\/cbradar\/esse-exercicio-de-1-minuto-viralizou-entre-educadores-fisicos-e-promete-melhorar-o-equilibrio-do-corpo\/#breadcrumb","itemListElement":[{"@type":"ListItem","position":1,"name":"In\u00edcio","item":"https:\/\/www.correiobraziliense.com.br\/cbradar\/"},{"@type":"ListItem","position":2,"name":"Esse exerc\u00edcio de 1 minuto viralizou entre educadores f\u00edsicos e promete melhorar o equil\u00edbrio do corpo"}]},{"@type":"WebSite","@id":"https:\/\/www.correiobraziliense.com.br\/cbradar\/#website","url":"https:\/\/www.correiobraziliense.com.br\/cbradar\/","name":"Correio Braziliense - Radar","description":"Acompanhe as \u00faltimas not\u00edcias e fique bem informado sobre tudo o que acontece no Brasil e no mundo.","potentialAction":[{"@type":"SearchAction","target":{"@type":"EntryPoint","urlTemplate":"https:\/\/www.correiobraziliense.com.br\/cbradar\/?s={search_term_string}"},"query-input":{"@type":"PropertyValueSpecification","valueRequired":true,"valueName":"search_term_string"}}],"inLanguage":"pt-BR"},{"@type":"Person","@id":"https:\/\/www.correiobraziliense.com.br\/cbradar\/#\/schema\/person\/5440b72be9c7eb74f446c846479dc4da","name":"Patrick Silva","image":{"@type":"ImageObject","inLanguage":"pt-BR","@id":"https:\/\/www.correiobraziliense.com.br\/cbradar\/#\/schema\/person\/image\/","url":"https:\/\/secure.gravatar.com\/avatar\/944109df296fc087785c9715fd5f80b2?s=96&d=mm&r=g","contentUrl":"https:\/\/secure.gravatar.com\/avatar\/944109df296fc087785c9715fd5f80b2?s=96&d=mm&r=g","caption":"Patrick Silva"},"sameAs":["https:\/\/www.correiobraziliense.com.br\/cbradar\/"],"url":"https:\/\/www.correiobraziliense.com.br\/cbradar\/author\/patrick-silva\/"}]}},"_links":{"self":[{"href":"https:\/\/www.correiobraziliense.com.br\/cbradar\/wp-json\/wp\/v2\/posts\/204175","targetHints":{"allow":["GET"]}}],"collection":[{"href":"https:\/\/www.correiobraziliense.com.br\/cbradar\/wp-json\/wp\/v2\/posts"}],"about":[{"href":"https:\/\/www.correiobraziliense.com.br\/cbradar\/wp-json\/wp\/v2\/types\/post"}],"author":[{"embeddable":true,"href":"https:\/\/www.correiobraziliense.com.br\/cbradar\/wp-json\/wp\/v2\/users\/21"}],"replies":[{"embeddable":true,"href":"https:\/\/www.correiobraziliense.com.br\/cbradar\/wp-json\/wp\/v2\/comments?post=204175"}],"version-history":[{"count":3,"href":"https:\/\/www.correiobraziliense.com.br\/cbradar\/wp-json\/wp\/v2\/posts\/204175\/revisions"}],"predecessor-version":[{"id":204180,"href":"https:\/\/www.correiobraziliense.com.br\/cbradar\/wp-json\/wp\/v2\/posts\/204175\/revisions\/204180"}],"wp:featuredmedia":[{"embeddable":true,"href":"https:\/\/www.correiobraziliense.com.br\/cbradar\/wp-json\/wp\/v2\/media\/204181"}],"wp:attachment":[{"href":"https:\/\/www.correiobraziliense.com.br\/cbradar\/wp-json\/wp\/v2\/media?parent=204175"}],"wp:term":[{"taxonomy":"category","embeddable":true,"href":"https:\/\/www.correiobraziliense.com.br\/cbradar\/wp-json\/wp\/v2\/categories?post=204175"},{"taxonomy":"post_tag","embeddable":true,"href":"https:\/\/www.correiobraziliense.com.br\/cbradar\/wp-json\/wp\/v2\/post_tag?post=204175"}],"curies":[{"name":"wp","href":"https:\/\/api.w.org\/{rel}","templated":true}]}}