{"id":20418,"date":"2025-04-08T08:23:00","date_gmt":"2025-04-08T11:23:00","guid":{"rendered":"https:\/\/www.correiobraziliense.com.br\/cbradar\/?p=20418"},"modified":"2025-04-07T23:36:30","modified_gmt":"2025-04-08T02:36:30","slug":"esses-sao-os-carros-mais-vendidos-no-brasil-ate-aqui","status":"publish","type":"post","link":"https:\/\/www.correiobraziliense.com.br\/cbradar\/esses-sao-os-carros-mais-vendidos-no-brasil-ate-aqui\/","title":{"rendered":"Esses s\u00e3o os carros mais vendidos no Brasil at\u00e9 aqui"},"content":{"rendered":"\n<p>No in\u00edcio de 2025, o mercado automotivo <strong>brasileiro <\/strong>apresentou um cen\u00e1rio diversificado e competitivo. Dados da Federa\u00e7\u00e3o Nacional Distribui\u00e7\u00e3o Ve\u00edculos Automotores (Fenabrave) revelaram os modelos de carros novos mais vendidos no pa\u00eds entre janeiro e mar\u00e7o. A picape&nbsp;<strong>Fiat Strada<\/strong>&nbsp;liderou as vendas, com 29.298 unidades emplacadas, demonstrando sua popularidade cont\u00ednua entre os consumidores.<\/p>\n\n\n\n<p>O segundo lugar no ranking foi ocupado pelo&nbsp;<strong>Volkswagen Polo<\/strong>, com 21.881 unidades vendidas, seguido de perto pelo&nbsp;<strong>Fiat Argo<\/strong>, que alcan\u00e7ou 19.724 emplacamentos. Esses n\u00fameros refletem a prefer\u00eancia dos brasileiros por ve\u00edculos que combinam efici\u00eancia e custo-benef\u00edcio, al\u00e9m de uma variedade de estilos, desde compactos at\u00e9 SUVs e utilit\u00e1rios.<\/p>\n\n\n\n<h2 class=\"wp-block-heading\"><strong>Quais foram os destaques do ranking de vendas?<\/strong><\/h2>\n\n\n\n<p>Al\u00e9m dos tr\u00eas primeiros colocados, o ranking incluiu uma variedade de modelos que refletem a diversidade do mercado automotivo brasileiro. O&nbsp;<strong>Volkswagen T-Cross<\/strong>&nbsp;garantiu a quarta posi\u00e7\u00e3o, com 18.379 unidades vendidas, seguido pelo&nbsp;<strong>Chevrolet Onix<\/strong>&nbsp;e o&nbsp;<strong>Hyundai Creta<\/strong>, com 16.037 e 14.528 unidades, respectivamente. Esses modelos s\u00e3o conhecidos por suas caracter\u00edsticas que atendem a diferentes necessidades dos consumidores, desde espa\u00e7o interno at\u00e9 tecnologia embarcada.<\/p>\n\n\n\n<figure class=\"wp-block-image size-large\"><img decoding=\"async\" width=\"1024\" height=\"576\" src=\"https:\/\/www.correiobraziliense.com.br\/cbradar\/wp-content\/uploads\/2025\/04\/chave-de-carro_1744035072158-1024x576.jpg\" alt=\"Ranking 2025: Os Carros Mais Vendidos no Brasil\n\n\" class=\"wp-image-20423\" srcset=\"https:\/\/www.correiobraziliense.com.br\/cbradar\/wp-content\/uploads\/2025\/04\/chave-de-carro_1744035072158-1024x576.jpg 1024w, https:\/\/www.correiobraziliense.com.br\/cbradar\/wp-content\/uploads\/2025\/04\/chave-de-carro_1744035072158-300x169.jpg 300w, https:\/\/www.correiobraziliense.com.br\/cbradar\/wp-content\/uploads\/2025\/04\/chave-de-carro_1744035072158-768x432.jpg 768w, https:\/\/www.correiobraziliense.com.br\/cbradar\/wp-content\/uploads\/2025\/04\/chave-de-carro_1744035072158-750x422.jpg 750w, https:\/\/www.correiobraziliense.com.br\/cbradar\/wp-content\/uploads\/2025\/04\/chave-de-carro_1744035072158-1140x641.jpg 1140w, https:\/\/www.correiobraziliense.com.br\/cbradar\/wp-content\/uploads\/2025\/04\/chave-de-carro_1744035072158.jpg 1280w\" sizes=\"(max-width: 1024px) 100vw, 1024px\" \/><figcaption class=\"wp-element-caption\">chave de carro.Cr\u00e9ditos: depositphotos.com \/ IgorVetushko<\/figcaption><\/figure>\n\n\n\n<p>Outros ve\u00edculos que se destacaram foram o&nbsp;<strong>Hyundai HB20<\/strong>, o&nbsp;<strong>Fiat Mobi<\/strong>, o&nbsp;<strong>Honda HR-V<\/strong>&nbsp;e o&nbsp;<strong>Chevrolet Tracker<\/strong>. Cada um desses modelos oferece atributos \u00fanicos que atraem uma ampla gama de compradores, desde jovens motoristas at\u00e9 fam\u00edlias em busca de um carro confi\u00e1vel e acess\u00edvel.<\/p>\n\n\n\n<h2 class=\"wp-block-heading\"><strong>Como foram as vendas em mar\u00e7o de 2025?<\/strong><\/h2>\n\n\n\n<p>Em mar\u00e7o, a&nbsp;<strong>Fiat Strada<\/strong>&nbsp;manteve sua lideran\u00e7a, com 10.256 unidades vendidas. No entanto, o destaque do m\u00eas foi o&nbsp;<strong>Fiat Argo<\/strong>, que subiu da oitava para a segunda posi\u00e7\u00e3o em rela\u00e7\u00e3o a fevereiro, com 8.247 unidades. O&nbsp;<strong>Volkswagen Polo<\/strong>&nbsp;ficou em terceiro, com 8.120 unidades, mostrando sua consist\u00eancia no mercado.<\/p>\n\n\n\n<p>Outros modelos que se destacaram em mar\u00e7o inclu\u00edram o&nbsp;<strong>Volkswagen T-Cross<\/strong>, o&nbsp;<strong>Hyundai HB20<\/strong>&nbsp;e o&nbsp;<strong>Toyota Corolla Cross<\/strong>. Esses ve\u00edculos continuam a atrair consumidores devido a suas caracter\u00edsticas de seguran\u00e7a, conforto e efici\u00eancia de combust\u00edvel.<\/p>\n\n\n\n<h2 class=\"wp-block-heading\"><strong>O Crescimento do mercado de ve\u00edculos no Brasil<\/strong><\/h2>\n\n\n\n<p>O primeiro trimestre de 2025 foi not\u00e1vel para o mercado automotivo brasileiro, com um total de 551.655 ve\u00edculos novos vendidos, incluindo carros, comerciais leves, caminh\u00f5es e \u00f4nibus. Quando somados a motos e equipamentos de transporte, o total ultrapassou 1 milh\u00e3o de unidades, representando um aumento de 8,03% em rela\u00e7\u00e3o ao mesmo per\u00edodo de 2024. Este foi o melhor resultado em 17 anos, indicando uma recupera\u00e7\u00e3o robusta do setor.<\/p>\n\n\n\n<p>O segmento de ve\u00edculos eletrificados tamb\u00e9m experimentou um crescimento significativo, com 50.640 unidades vendidas no trimestre, um aumento de 40,4% em rela\u00e7\u00e3o ao ano anterior. Deste total, 37.650 eram h\u00edbridos e 12.990 el\u00e9tricos, mostrando uma tend\u00eancia crescente de ado\u00e7\u00e3o de tecnologias mais sustent\u00e1veis pelos consumidores brasileiros.<\/p>\n\n\n\n<h2 class=\"wp-block-heading\"><strong>Perspectivas para o mercado automotivo em 2025<\/strong><\/h2>\n\n\n\n<p>A Fenabrave projeta um crescimento mais moderado para o setor ao longo de 2025, com um aumento estimado de 5% nas vendas. Se essa previs\u00e3o se concretizar, o <strong>Brasil <\/strong>poder\u00e1 encerrar o ano com 2.765.906 ve\u00edculos vendidos, representando um incremento de 124 mil unidades em compara\u00e7\u00e3o a 2024. Essa estimativa considera poss\u00edveis instabilidades econ\u00f4micas tanto no cen\u00e1rio nacional quanto internacional, mas ainda assim aponta para um ano promissor para a ind\u00fastria automotiva.<\/p>\n","protected":false},"excerpt":{"rendered":"<p>Explore o ranking dos carros mais vendidos no Brasil no primeiro trimestre de 2025.<\/p>\n","protected":false},"author":3,"featured_media":20422,"comment_status":"open","ping_status":"open","sticky":false,"template":"","format":"standard","meta":{"_yoast_wpseo_focuskw":"Carros Mais Vendidos","_yoast_wpseo_title":"%%title%%","_yoast_wpseo_metadesc":"Explore o ranking dos carros mais vendidos no Brasil no primeiro trimestre de 2025.","jnews-multi-image_gallery":[],"jnews_single_post":{"format":"standard"},"jnews_primary_category":[],"jnews_social_meta":[],"jnews_override_counter":[],"footnotes":""},"categories":[122],"tags":[1455],"class_list":["post-20418","post","type-post","status-publish","format-standard","has-post-thumbnail","hentry","category-automobilismo","tag-carros-mais-vendidos"],"yoast_head":"<!-- This site is optimized with the Yoast SEO plugin v24.6 - https:\/\/yoast.com\/wordpress\/plugins\/seo\/ -->\n<title>Esses s\u00e3o os carros mais vendidos no Brasil at\u00e9 aqui<\/title>\n<meta name=\"description\" content=\"Explore o ranking dos carros mais vendidos no Brasil no primeiro trimestre de 2025.\" \/>\n<meta name=\"robots\" content=\"index, follow, max-snippet:-1, max-image-preview:large, max-video-preview:-1\" \/>\n<link rel=\"canonical\" href=\"https:\/\/www.correiobraziliense.com.br\/cbradar\/esses-sao-os-carros-mais-vendidos-no-brasil-ate-aqui\/\" \/>\n<meta property=\"og:locale\" content=\"pt_BR\" \/>\n<meta property=\"og:type\" content=\"article\" \/>\n<meta property=\"og:title\" content=\"Esses s\u00e3o os carros mais vendidos no Brasil at\u00e9 aqui\" \/>\n<meta property=\"og:description\" content=\"Explore o ranking dos carros mais vendidos no Brasil no primeiro trimestre de 2025.\" \/>\n<meta property=\"og:url\" content=\"https:\/\/www.correiobraziliense.com.br\/cbradar\/esses-sao-os-carros-mais-vendidos-no-brasil-ate-aqui\/\" \/>\n<meta property=\"og:site_name\" content=\"Correio Braziliense - Radar\" \/>\n<meta property=\"article:published_time\" content=\"2025-04-08T11:23:00+00:00\" \/>\n<meta property=\"og:image\" content=\"https:\/\/www.correiobraziliense.com.br\/cbradar\/wp-content\/uploads\/2025\/04\/chave-de-carro_1744034960421.jpg\" \/>\n\t<meta property=\"og:image:width\" content=\"1280\" \/>\n\t<meta property=\"og:image:height\" content=\"720\" \/>\n\t<meta property=\"og:image:type\" content=\"image\/jpeg\" \/>\n<meta name=\"author\" content=\"Larissa Carvalho\" \/>\n<meta name=\"twitter:card\" content=\"summary_large_image\" \/>\n<meta name=\"twitter:label1\" content=\"Escrito por\" \/>\n\t<meta name=\"twitter:data1\" content=\"Larissa Carvalho\" \/>\n\t<meta name=\"twitter:label2\" content=\"Est. tempo de leitura\" \/>\n\t<meta name=\"twitter:data2\" content=\"4 minutos\" \/>\n<!-- \/ Yoast SEO plugin. -->","yoast_head_json":{"title":"Esses s\u00e3o os carros mais vendidos no Brasil at\u00e9 aqui","description":"Explore o ranking dos carros mais vendidos no Brasil no primeiro trimestre de 2025.","robots":{"index":"index","follow":"follow","max-snippet":"max-snippet:-1","max-image-preview":"max-image-preview:large","max-video-preview":"max-video-preview:-1"},"canonical":"https:\/\/www.correiobraziliense.com.br\/cbradar\/esses-sao-os-carros-mais-vendidos-no-brasil-ate-aqui\/","og_locale":"pt_BR","og_type":"article","og_title":"Esses s\u00e3o os carros mais vendidos no Brasil at\u00e9 aqui","og_description":"Explore o ranking dos carros mais vendidos no Brasil no primeiro trimestre de 2025.","og_url":"https:\/\/www.correiobraziliense.com.br\/cbradar\/esses-sao-os-carros-mais-vendidos-no-brasil-ate-aqui\/","og_site_name":"Correio Braziliense - Radar","article_published_time":"2025-04-08T11:23:00+00:00","og_image":[{"width":1280,"height":720,"url":"https:\/\/www.correiobraziliense.com.br\/cbradar\/wp-content\/uploads\/2025\/04\/chave-de-carro_1744034960421.jpg","type":"image\/jpeg"}],"author":"Larissa Carvalho","twitter_card":"summary_large_image","twitter_misc":{"Escrito por":"Larissa Carvalho","Est. tempo de leitura":"4 minutos"},"schema":{"@context":"https:\/\/schema.org","@graph":[{"@type":"WebPage","@id":"https:\/\/www.correiobraziliense.com.br\/cbradar\/esses-sao-os-carros-mais-vendidos-no-brasil-ate-aqui\/","url":"https:\/\/www.correiobraziliense.com.br\/cbradar\/esses-sao-os-carros-mais-vendidos-no-brasil-ate-aqui\/","name":"Esses s\u00e3o os carros mais vendidos no Brasil at\u00e9 aqui","isPartOf":{"@id":"https:\/\/www.correiobraziliense.com.br\/cbradar\/#website"},"primaryImageOfPage":{"@id":"https:\/\/www.correiobraziliense.com.br\/cbradar\/esses-sao-os-carros-mais-vendidos-no-brasil-ate-aqui\/#primaryimage"},"image":{"@id":"https:\/\/www.correiobraziliense.com.br\/cbradar\/esses-sao-os-carros-mais-vendidos-no-brasil-ate-aqui\/#primaryimage"},"thumbnailUrl":"https:\/\/www.correiobraziliense.com.br\/cbradar\/wp-content\/uploads\/2025\/04\/chave-de-carro_1744034960421.jpg","datePublished":"2025-04-08T11:23:00+00:00","author":{"@id":"https:\/\/www.correiobraziliense.com.br\/cbradar\/#\/schema\/person\/58422787644df994b53a19d3e56c1513"},"description":"Explore o ranking dos carros mais vendidos no Brasil no primeiro trimestre de 2025.","breadcrumb":{"@id":"https:\/\/www.correiobraziliense.com.br\/cbradar\/esses-sao-os-carros-mais-vendidos-no-brasil-ate-aqui\/#breadcrumb"},"inLanguage":"pt-BR","potentialAction":[{"@type":"ReadAction","target":["https:\/\/www.correiobraziliense.com.br\/cbradar\/esses-sao-os-carros-mais-vendidos-no-brasil-ate-aqui\/"]}]},{"@type":"ImageObject","inLanguage":"pt-BR","@id":"https:\/\/www.correiobraziliense.com.br\/cbradar\/esses-sao-os-carros-mais-vendidos-no-brasil-ate-aqui\/#primaryimage","url":"https:\/\/www.correiobraziliense.com.br\/cbradar\/wp-content\/uploads\/2025\/04\/chave-de-carro_1744034960421.jpg","contentUrl":"https:\/\/www.correiobraziliense.com.br\/cbradar\/wp-content\/uploads\/2025\/04\/chave-de-carro_1744034960421.jpg","width":1280,"height":720,"caption":"chave de carro.Cr\u00e9ditos: depositphotos.com \/ ArenaCreative"},{"@type":"BreadcrumbList","@id":"https:\/\/www.correiobraziliense.com.br\/cbradar\/esses-sao-os-carros-mais-vendidos-no-brasil-ate-aqui\/#breadcrumb","itemListElement":[{"@type":"ListItem","position":1,"name":"In\u00edcio","item":"https:\/\/www.correiobraziliense.com.br\/cbradar\/"},{"@type":"ListItem","position":2,"name":"Esses s\u00e3o os carros mais vendidos no Brasil at\u00e9 aqui"}]},{"@type":"WebSite","@id":"https:\/\/www.correiobraziliense.com.br\/cbradar\/#website","url":"https:\/\/www.correiobraziliense.com.br\/cbradar\/","name":"Correio Braziliense - Radar","description":"Acompanhe as \u00faltimas not\u00edcias e fique bem informado sobre tudo o que acontece no Brasil e no mundo.","potentialAction":[{"@type":"SearchAction","target":{"@type":"EntryPoint","urlTemplate":"https:\/\/www.correiobraziliense.com.br\/cbradar\/?s={search_term_string}"},"query-input":{"@type":"PropertyValueSpecification","valueRequired":true,"valueName":"search_term_string"}}],"inLanguage":"pt-BR"},{"@type":"Person","@id":"https:\/\/www.correiobraziliense.com.br\/cbradar\/#\/schema\/person\/58422787644df994b53a19d3e56c1513","name":"Larissa Carvalho","image":{"@type":"ImageObject","inLanguage":"pt-BR","@id":"https:\/\/www.correiobraziliense.com.br\/cbradar\/#\/schema\/person\/image\/","url":"https:\/\/secure.gravatar.com\/avatar\/fe4f91a0de32b52a838d0d612abdc1aa?s=96&d=mm&r=g","contentUrl":"https:\/\/secure.gravatar.com\/avatar\/fe4f91a0de32b52a838d0d612abdc1aa?s=96&d=mm&r=g","caption":"Larissa Carvalho"},"url":"https:\/\/www.correiobraziliense.com.br\/cbradar\/author\/larissamyth\/"}]}},"_links":{"self":[{"href":"https:\/\/www.correiobraziliense.com.br\/cbradar\/wp-json\/wp\/v2\/posts\/20418","targetHints":{"allow":["GET"]}}],"collection":[{"href":"https:\/\/www.correiobraziliense.com.br\/cbradar\/wp-json\/wp\/v2\/posts"}],"about":[{"href":"https:\/\/www.correiobraziliense.com.br\/cbradar\/wp-json\/wp\/v2\/types\/post"}],"author":[{"embeddable":true,"href":"https:\/\/www.correiobraziliense.com.br\/cbradar\/wp-json\/wp\/v2\/users\/3"}],"replies":[{"embeddable":true,"href":"https:\/\/www.correiobraziliense.com.br\/cbradar\/wp-json\/wp\/v2\/comments?post=20418"}],"version-history":[{"count":3,"href":"https:\/\/www.correiobraziliense.com.br\/cbradar\/wp-json\/wp\/v2\/posts\/20418\/revisions"}],"predecessor-version":[{"id":20621,"href":"https:\/\/www.correiobraziliense.com.br\/cbradar\/wp-json\/wp\/v2\/posts\/20418\/revisions\/20621"}],"wp:featuredmedia":[{"embeddable":true,"href":"https:\/\/www.correiobraziliense.com.br\/cbradar\/wp-json\/wp\/v2\/media\/20422"}],"wp:attachment":[{"href":"https:\/\/www.correiobraziliense.com.br\/cbradar\/wp-json\/wp\/v2\/media?parent=20418"}],"wp:term":[{"taxonomy":"category","embeddable":true,"href":"https:\/\/www.correiobraziliense.com.br\/cbradar\/wp-json\/wp\/v2\/categories?post=20418"},{"taxonomy":"post_tag","embeddable":true,"href":"https:\/\/www.correiobraziliense.com.br\/cbradar\/wp-json\/wp\/v2\/tags?post=20418"}],"curies":[{"name":"wp","href":"https:\/\/api.w.org\/{rel}","templated":true}]}}