{"id":204272,"date":"2026-03-07T11:45:00","date_gmt":"2026-03-07T14:45:00","guid":{"rendered":"https:\/\/www.correiobraziliense.com.br\/cbradar\/?p=204272"},"modified":"2026-03-06T17:34:24","modified_gmt":"2026-03-06T20:34:24","slug":"no-rio-de-janeiro-essa-cidade-guarda-fazendas-do-ciclo-do-cafe-serestas-tradicionais-e-paisagens-historicas-a-160-km-da-capital","status":"publish","type":"post","link":"https:\/\/www.correiobraziliense.com.br\/cbradar\/no-rio-de-janeiro-essa-cidade-guarda-fazendas-do-ciclo-do-cafe-serestas-tradicionais-e-paisagens-historicas-a-160-km-da-capital\/","title":{"rendered":"No Rio de Janeiro, essa cidade guarda fazendas do ciclo do caf\u00e9, serestas tradicionais e paisagens hist\u00f3ricas a 160 km da capital"},"content":{"rendered":"\n<p>Na fachada das casas de <strong>Conservat\u00f3ria<\/strong>, plaquinhas de metal trazem o nome de uma m\u00fasica e de quem a comp\u00f4s. Quando os seresteiros passam, param diante de cada porta e cantam exatamente aquela can\u00e7\u00e3o. Esse ritual acontece toda sexta e s\u00e1bado \u00e0 noite, no distrito mais famoso de <strong>Valen\u00e7a<\/strong>, no sul do <strong>Rio de Janeiro<\/strong>.<\/p>\n\n\n\n<h2 class=\"wp-block-heading\">O vale que foi capital do caf\u00e9 no Imp\u00e9rio<\/h2>\n\n\n\n<p>No s\u00e9culo XIX, Valen\u00e7a era um dos maiores produtores de caf\u00e9 do <strong>Brasil<\/strong>. A riqueza ergueu casar\u00f5es, igrejas e fazendas imponentes ao longo do <strong>Vale do Para\u00edba do Sul<\/strong>. Com a aboli\u00e7\u00e3o da escravatura e o esgotamento do solo, o ciclo acabou, mas o legado arquitet\u00f4nico ficou intacto. Muitas propriedades passaram \u00e0 pecu\u00e1ria e, d\u00e9cadas depois, abriram as portas ao turismo.<\/p>\n\n\n\n<p>Hoje, algumas fazendas retomaram o plantio de caf\u00e9, reconectando o vale ao gr\u00e3o que deu origem ao seu nome. O visitante pode acompanhar o processo do p\u00e9 \u00e0 x\u00edcara e degustar caf\u00e9s especiais colhidos na mesma terra que abasteceu a Corte Imperial.<\/p>\n\n\n<div class=\"wp-block-image\">\n<figure class=\"aligncenter size-full\"><img decoding=\"async\" width=\"1280\" height=\"720\" src=\"https:\/\/www.correiobraziliense.com.br\/cbradar\/wp-content\/uploads\/2026\/03\/aaa-2026-03-06T172459.666.png\" alt=\"\" class=\"wp-image-204359\" srcset=\"https:\/\/www.correiobraziliense.com.br\/cbradar\/wp-content\/uploads\/2026\/03\/aaa-2026-03-06T172459.666.png 1280w, https:\/\/www.correiobraziliense.com.br\/cbradar\/wp-content\/uploads\/2026\/03\/aaa-2026-03-06T172459.666-300x169.png 300w, https:\/\/www.correiobraziliense.com.br\/cbradar\/wp-content\/uploads\/2026\/03\/aaa-2026-03-06T172459.666-768x432.png 768w, https:\/\/www.correiobraziliense.com.br\/cbradar\/wp-content\/uploads\/2026\/03\/aaa-2026-03-06T172459.666-750x422.png 750w, https:\/\/www.correiobraziliense.com.br\/cbradar\/wp-content\/uploads\/2026\/03\/aaa-2026-03-06T172459.666-1140x641.png 1140w\" sizes=\"(max-width: 1280px) 100vw, 1280px\" \/><figcaption class=\"wp-element-caption\">Valen\u00e7a \u00e9 reconhecida como capital do queijo no Rio de Janeiro. \/ Imagem ilustrativa<\/figcaption><\/figure><\/div>\n\n\n<h2 class=\"wp-block-heading\">O que visitar na Princesinha da Serra?<\/h2>\n\n\n\n<p>Valen\u00e7a fica a 148 km da capital fluminense e combina patrim\u00f4nio hist\u00f3rico, natureza e m\u00fasica. As atra\u00e7\u00f5es se dividem entre o centro da cidade e os distritos rurais, com destaque para <strong>Conservat\u00f3ria<\/strong>, a 28 km da sede.<\/p>\n\n\n\n<ul class=\"wp-block-list\">\n<li><strong>Fazenda Vista Alegre<\/strong>: uma das mais importantes do s\u00e9culo XIX, com visita intimista guiada pela pr\u00f3pria fam\u00edlia propriet\u00e1ria. Jardins hist\u00f3ricos e caf\u00e9 servido no casar\u00e3o.<\/li>\n\n\n\n<li><strong>Fazenda Floren\u00e7a<\/strong>: em Conservat\u00f3ria, oferece visita \u00e0 planta\u00e7\u00e3o de caf\u00e9 e ao casar\u00e3o colonial. Estrutura maior, com hospedagem e programa\u00e7\u00e3o para grupos.<\/li>\n\n\n\n<li><strong>Catedral Nossa Senhora da Gl\u00f3ria<\/strong>: detalhes renascentistas na fachada, no centro de Valen\u00e7a, cercada por casarios do per\u00edodo imperial.<\/li>\n\n\n\n<li><strong>Morro do Cruzeiro<\/strong>: 800 metros de altitude com cruzeiro datado de 1803, quando foi celebrada a primeira missa no local. Vista panor\u00e2mica de toda a \u00e1rea rural do munic\u00edpio.<\/li>\n\n\n\n<li><strong>Memorial Afro-Valenciano Pe. Jo\u00e3o Jos\u00e9 da Rocha<\/strong>: espa\u00e7o dedicado \u00e0 mem\u00f3ria da escravid\u00e3o na regi\u00e3o, com acervo que conta a hist\u00f3ria dos trabalhadores escravizados nas fazendas de caf\u00e9.<\/li>\n<\/ul>\n\n\n\n<p><strong>Valen\u00e7a \u00e9 uma das p\u00e9rolas do Vale do Caf\u00e9 no Rio de Janeiro, destacando-se por seu rico patrim\u00f4nio hist\u00f3rico e cultural. <\/strong>O v\u00eddeo \u00e9 do canal<strong> De fora em Juiz de Fora<\/strong>, que conta com mais de <strong>103 mil inscritos<\/strong>, e apresenta a Catedral de Nossa Senhora da Gl\u00f3ria, as pra\u00e7as centrais projetadas com charme europeu e a forte tradi\u00e7\u00e3o do Jongo e da Folia de Reis na regi\u00e3o:<\/p>\n\n\n\n<figure class=\"wp-block-embed aligncenter is-type-video is-provider-youtube wp-block-embed-youtube wp-embed-aspect-16-9 wp-has-aspect-ratio\"><div class=\"wp-block-embed__wrapper\">\n<div class=\"jeg_video_container jeg_video_content\"><iframe loading=\"lazy\" title=\"CONHE\u00c7A VALEN\u00c7A RJ: Linda cidade ao lado de Vassouras e Barra do Pira\u00ed - Rio de Janeiro\" width=\"500\" height=\"281\" src=\"https:\/\/www.youtube.com\/embed\/DvZjtjuLVmE?feature=oembed\" frameborder=\"0\" allow=\"accelerometer; autoplay; clipboard-write; encrypted-media; gyroscope; picture-in-picture; web-share\" referrerpolicy=\"strict-origin-when-cross-origin\" allowfullscreen><\/iframe><\/div>\n<\/div><\/figure>\n\n\n\n<h2 class=\"wp-block-heading\">Conservat\u00f3ria: a vila onde a m\u00fasica mora nas paredes<\/h2>\n\n\n\n<p>Em 1960, os irm\u00e3os <strong>Jos\u00e9 Borges<\/strong> e <strong>Joubert<\/strong> criaram o projeto &#8220;Em cada casa uma can\u00e7\u00e3o&#8221; para preservar as m\u00fasicas brasileiras de amor que faziam parte da tradi\u00e7\u00e3o local, segundo a <a href=\"https:\/\/cultura.valenca.rj.gov.br\/conheca-conservatoria\/\" target=\"_blank\" rel=\"noreferrer noopener\"><strong>Secretaria de Cultura de Valen\u00e7a<\/strong><\/a>. Cada morador escolhe sua can\u00e7\u00e3o preferida, e a plaquinha fica na fachada. Quando o cortejo de seresteiros passa, executa a m\u00fasica ali registrada.<\/p>\n\n\n\n<p>A tradi\u00e7\u00e3o seresteira de Conservat\u00f3ria remonta ao s\u00e9culo XIX. Uma das vers\u00f5es atribui o in\u00edcio a <strong>Andreas Schmidt<\/strong>, professor de m\u00fasica que tocava violino na pra\u00e7a em noites de lua cheia e atraiu seguidores. O <strong>T\u00fanel que Chora<\/strong>, com 50 metros de extens\u00e3o, foi escavado por escravizados para dar passagem \u00e0 linha f\u00e9rrea e deve o nome a uma fonte de \u00e1gua que escorre por suas paredes de rocha bruta. A <strong>Ponte dos Arcos<\/strong>, inaugurada em 1884 na presen\u00e7a de <strong>Dom Pedro II<\/strong>, tem 100 metros de extens\u00e3o e foi erguida com pedra, cal e \u00f3leo de baleia.<\/p>\n\n\n<div class=\"wp-block-image\">\n<figure class=\"aligncenter size-large\"><img decoding=\"async\" width=\"1024\" height=\"576\" src=\"https:\/\/www.correiobraziliense.com.br\/cbradar\/wp-content\/uploads\/2025\/10\/Design-sem-nome-22-1024x576.png\" alt=\"\" class=\"wp-image-115771\" srcset=\"https:\/\/www.correiobraziliense.com.br\/cbradar\/wp-content\/uploads\/2025\/10\/Design-sem-nome-22-1024x576.png 1024w, https:\/\/www.correiobraziliense.com.br\/cbradar\/wp-content\/uploads\/2025\/10\/Design-sem-nome-22-300x169.png 300w, https:\/\/www.correiobraziliense.com.br\/cbradar\/wp-content\/uploads\/2025\/10\/Design-sem-nome-22-768x432.png 768w, https:\/\/www.correiobraziliense.com.br\/cbradar\/wp-content\/uploads\/2025\/10\/Design-sem-nome-22-750x422.png 750w, https:\/\/www.correiobraziliense.com.br\/cbradar\/wp-content\/uploads\/2025\/10\/Design-sem-nome-22-1140x641.png 1140w, https:\/\/www.correiobraziliense.com.br\/cbradar\/wp-content\/uploads\/2025\/10\/Design-sem-nome-22.png 1280w\" sizes=\"(max-width: 1024px) 100vw, 1024px\" \/><figcaption class=\"wp-element-caption\">Valen\u00e7a vem atraindo novos moradores e turistas com seu ar hist\u00f3rico e estilo de vida mais calmo. \/\/ Cr\u00e9ditos: Wikimedia Commons<\/figcaption><\/figure><\/div>\n\n\n<h2 class=\"wp-block-heading\">Queijos premiados e caf\u00e9 imperial na mesma viagem<\/h2>\n\n\n\n<p>Valen\u00e7a \u00e9 reconhecida como capital do queijo no <strong>Rio de Janeiro<\/strong>. Fazendas da regi\u00e3o produzem queijos artesanais que j\u00e1 foram premiados em competi\u00e7\u00f5es internacionais. O caf\u00e9 especial, rec\u00e9m-retomado em propriedades hist\u00f3ricas, completa a experi\u00eancia gastron\u00f4mica. Nos restaurantes do centro e de Conservat\u00f3ria, o feij\u00e3o tropeiro, a galinha caipira e os doces caseiros de frutas da \u00e9poca chegam \u00e0 mesa em fog\u00e3o a lenha.<\/p>\n\n\n\n<p><strong>Leia tamb\u00e9m: <a href=\"https:\/\/www.correiobraziliense.com.br\/cbradar\/a-ilha-paradisiaca-com-360-cachoeiras-de-aguas-cristalinas-e-o-titulo-de-capital-da-vela-a-210-km-de-sao-paulo\/\" target=\"_blank\" rel=\"noreferrer noopener\">A ilha paradis\u00edaca com 360 cachoeiras de \u00e1guas cristalinas e o t\u00edtulo de capital da vela a 210 km de S\u00e3o Paulo.<\/a><\/strong><\/p>\n\n\n\n<h2 class=\"wp-block-heading\">Quando o clima favorece cada tipo de passeio?<\/h2>\n\n\n\n<p><strong>Valen\u00e7a tem clima tropical de altitude, com ver\u00f5es quentes e invernos secos e amenos. <\/strong>A melhor \u00e9poca para visitar vai de abril a setembro, quando as temperaturas caem e as serestas ficam ainda mais aconchegantes.<\/p>\n\n\n\n<div class=\"google-auto-ads-ignore\" style=\"font-family: 'Segoe UI', Roboto, Helvetica, Arial, sans-serif; max-width: 900px; margin: 10px auto; display: flex; flex-wrap: wrap; gap: 12px; justify-content: center;\">\n\n  <div style=\"flex: 1 1 200px; background: #ffffff; border-radius: 12px; border: 1px solid #bfdbfe; box-shadow: 0 2px 10px rgba(37, 99, 235, 0.05); overflow: hidden; display: flex; flex-direction: column;\">\n    <div style=\"background: #eff6ff; padding: 10px; border-bottom: 1px solid #dbeafe; display: flex; align-items: center; gap: 8px;\">\n      <div style=\"background: #2563eb; padding: 4px; border-radius: 6px; display: flex;\">\n        <svg width=\"14\" height=\"14\" viewBox=\"0 0 24 24\" fill=\"none\" stroke=\"#ffffff\" stroke-width=\"3\" stroke-linecap=\"round\" stroke-linejoin=\"round\"><circle cx=\"12\" cy=\"12\" r=\"5\"\/><line x1=\"12\" y1=\"1\" x2=\"12\" y2=\"3\"\/><line x1=\"12\" y1=\"21\" x2=\"12\" y2=\"23\"\/><line x1=\"4.22\" y1=\"4.22\" x2=\"5.64\" y2=\"5.64\"\/><line x1=\"18.36\" y1=\"18.36\" x2=\"19.78\" y2=\"19.78\"\/><line x1=\"1\" y1=\"12\" x2=\"3\" y2=\"12\"\/><line x1=\"21\" y1=\"12\" x2=\"23\" y2=\"12\"\/><\/svg>\n      <\/div>\n      <span style=\"font-size: 0.75rem; font-weight: 800; color: #1e3a8a; letter-spacing: 0.05em;\">VER\u00c3O<\/span>\n    <\/div>\n    <div style=\"padding: 12px; text-align: center;\">\n      <div style=\"font-size: 0.7rem; color: #1d4ed8; font-weight: 700;\">DEZ &#8211; FEV<\/div>\n      <div style=\"font-size: 1.2rem; font-weight: 900; color: #2563eb; margin: 2px 0;\">19-32 \u00b0C<\/div>\n      <div style=\"font-size: 0.8rem; color: #1e293b; line-height: 1.3;\">Chuva alta. Ideal para <strong>cachoeiras<\/strong> e banhos revigorantes no <strong>Rio Para\u00edba do Sul<\/strong>.<\/div>\n    <\/div>\n  <\/div>\n\n  <div style=\"flex: 1 1 200px; background: #ffffff; border-radius: 12px; border: 1px solid #bfdbfe; box-shadow: 0 2px 10px rgba(37, 99, 235, 0.05); overflow: hidden; display: flex; flex-direction: column;\">\n    <div style=\"background: #eff6ff; padding: 10px; border-bottom: 1px solid #dbeafe; display: flex; align-items: center; gap: 8px;\">\n      <div style=\"background: #2563eb; padding: 4px; border-radius: 6px; display: flex;\">\n        <svg width=\"14\" height=\"14\" viewBox=\"0 0 24 24\" fill=\"none\" stroke=\"#ffffff\" stroke-width=\"3\" stroke-linecap=\"round\" stroke-linejoin=\"round\"><path d=\"M12 2L2 7l10 5 10-5-10-5zM2 17l10 5 10-5M2 12l10 5 10-5\"\/><\/svg>\n      <\/div>\n      <span style=\"font-size: 0.75rem; font-weight: 800; color: #1e3a8a; letter-spacing: 0.05em;\">OUTONO<\/span>\n    <\/div>\n    <div style=\"padding: 12px; text-align: center;\">\n      <div style=\"font-size: 0.7rem; color: #1d4ed8; font-weight: 700;\">MAR &#8211; MAI<\/div>\n      <div style=\"font-size: 1.2rem; font-weight: 900; color: #2563eb; margin: 2px 0;\">16-28 \u00b0C<\/div>\n      <div style=\"font-size: 0.8rem; color: #1e293b; line-height: 1.3;\">Chuva m\u00e9dia. Perfeito para visitar <strong>fazendas hist\u00f3ricas<\/strong> e fazer <strong>trilhas na serra<\/strong>.<\/div>\n    <\/div>\n  <\/div>\n\n  <div style=\"flex: 1 1 200px; background: #ffffff; border-radius: 12px; border: 1px solid #bfdbfe; box-shadow: 0 2px 10px rgba(37, 99, 235, 0.05); overflow: hidden; display: flex; flex-direction: column;\">\n    <div style=\"background: #eff6ff; padding: 10px; border-bottom: 1px solid #dbeafe; display: flex; align-items: center; gap: 8px;\">\n      <div style=\"background: #2563eb; padding: 4px; border-radius: 6px; display: flex;\">\n        <svg width=\"14\" height=\"14\" viewBox=\"0 0 24 24\" fill=\"none\" stroke=\"#ffffff\" stroke-width=\"3\" stroke-linecap=\"round\" stroke-linejoin=\"round\"><path d=\"M12 3a6 6 0 0 0 9 9 9 9 0 1 1-9-9Z\"\/><path d=\"M19 3v4\"\/><path d=\"M21 5h-4\"\/><\/svg>\n      <\/div>\n      <span style=\"font-size: 0.75rem; font-weight: 800; color: #1e3a8a; letter-spacing: 0.05em;\">INVERNO<\/span>\n    <\/div>\n    <div style=\"padding: 12px; text-align: center;\">\n      <div style=\"font-size: 0.7rem; color: #1d4ed8; font-weight: 700;\">JUN &#8211; AGO<\/div>\n      <div style=\"font-size: 1.2rem; font-weight: 900; color: #2563eb; margin: 2px 0;\">11-24 \u00b0C<\/div>\n      <div style=\"font-size: 0.8rem; color: #1e293b; line-height: 1.3;\">Chuva baixa. \u00c9poca de <strong>serestas<\/strong>, bons <strong>vinhos<\/strong> e a rica <strong>gastronomia colonial<\/strong>.<\/div>\n    <\/div>\n  <\/div>\n\n  <div style=\"flex: 1 1 200px; background: #ffffff; border-radius: 12px; border: 1px solid #bfdbfe; box-shadow: 0 2px 10px rgba(37, 99, 235, 0.05); overflow: hidden; display: flex; flex-direction: column;\">\n    <div style=\"background: #eff6ff; padding: 10px; border-bottom: 1px solid #dbeafe; display: flex; align-items: center; gap: 10px;\">\n      <div style=\"background: #2563eb; padding: 4px; border-radius: 6px; display: flex;\">\n        <svg width=\"14\" height=\"14\" viewBox=\"0 0 24 24\" fill=\"none\" stroke=\"#ffffff\" stroke-width=\"3\" stroke-linecap=\"round\" stroke-linejoin=\"round\"><path d=\"M12 7.5V21m-4.5-9L12 21l4.5-9\"\/><\/svg>\n      <\/div>\n      <span style=\"font-size: 0.75rem; font-weight: 800; color: #1e3a8a; letter-spacing: 0.05em;\">PRIMAVERA<\/span>\n    <\/div>\n    <div style=\"padding: 12px; text-align: center;\">\n      <div style=\"font-size: 0.7rem; color: #1d4ed8; font-weight: 700;\">SET &#8211; NOV<\/div>\n      <div style=\"font-size: 1.2rem; font-weight: 900; color: #2563eb; margin: 2px 0;\">16-30 \u00b0C<\/div>\n      <div style=\"font-size: 0.8rem; color: #1e293b; line-height: 1.3;\">Chuva m\u00e9dia. Explore <strong>mirantes<\/strong>, saboreie <strong>queijarias<\/strong> e curta a <strong>Festa da Padroeira<\/strong>.<\/div>\n    <\/div>\n  <\/div>\n\n<\/div>\n\n\n\n<p><em>Temperaturas aproximadas com base no <a href=\"https:\/\/www.climatempo.com.br\/previsao-do-tempo\/cidade\/1630\/valenca-rj\" target=\"_blank\" rel=\"noreferrer noopener\"><strong>Climatempo<\/strong><\/a>. Condi\u00e7\u00f5es podem variar.<\/em><\/p>\n\n\n\n<h2 class=\"wp-block-heading\">Como chegar ao Vale do Caf\u00e9?<\/h2>\n\n\n\n<p>Valen\u00e7a fica a 148 km do centro do <strong>Rio de Janeiro<\/strong> pela <strong>BR-393<\/strong>, cerca de 2h30 de carro. De <strong>S\u00e3o Paulo<\/strong>, s\u00e3o aproximadamente 310 km pela <strong>Via Dutra<\/strong>. O distrito de Conservat\u00f3ria est\u00e1 a 28 km da sede, por estrada asfaltada. O acesso pela <a href=\"https:\/\/www.turismo.rj.gov.br\/cidades\/valenca\/\" target=\"_blank\" rel=\"noreferrer noopener\"><strong>Secretaria de Turismo do Estado do Rio de Janeiro<\/strong><\/a> traz informa\u00e7\u00f5es atualizadas sobre rotas e hospedagem.<\/p>\n\n\n\n<h2 class=\"wp-block-heading\">Ou\u00e7a uma can\u00e7\u00e3o nas ruas do Vale do Caf\u00e9<\/h2>\n\n\n\n<p><strong>Valen\u00e7a \u00e9 um daqueles destinos que revelam o Brasil que a maioria n\u00e3o conhece: <\/strong>fazendas que viram museu, queijos que ganham pr\u00eamio, caf\u00e9 que volta a brotar na mesma terra imperial e um vilarejo onde a m\u00fasica mora nas paredes das casas.<\/p>\n\n\n\n<p>Voc\u00ea precisa chegar a Conservat\u00f3ria numa noite de sexta, seguir o cortejo de seresteiros pelas ruas de p\u00e9-de-moleque e entender por que chamam aquele peda\u00e7o de serra de Cidade das Serestas.<\/p>\n","protected":false},"excerpt":{"rendered":"<p>Na fachada das casas de Conservat\u00f3ria, plaquinhas de metal trazem o nome de uma m\u00fasica e de quem a comp\u00f4s. Quando os seresteiros passam, param diante de cada porta e cantam exatamente aquela can\u00e7\u00e3o. Esse ritual acontece toda sexta e s\u00e1bado \u00e0 noite, no distrito mais famoso de Valen\u00e7a, no sul do Rio de Janeiro. [&hellip;]<\/p>\n","protected":false},"author":8,"featured_media":189861,"comment_status":"open","ping_status":"open","sticky":false,"template":"","format":"standard","meta":{"_yoast_wpseo_focuskw":"Rio de Janeiro","_yoast_wpseo_title":"","_yoast_wpseo_metadesc":"Fazendas do ciclo do caf\u00e9, serestas e heran\u00e7a imperial marcam essa cidade hist\u00f3rica do Rio de Janeiro localizada a 160 km da capital.","jnews-multi-image_gallery":[],"jnews_single_post":{"format":"standard"},"jnews_primary_category":[],"jnews_social_meta":[],"jnews_override_counter":[],"footnotes":""},"categories":[108,111],"tags":[304,10701],"class_list":["post-204272","post","type-post","status-publish","format-standard","has-post-thumbnail","hentry","category-cidades","category-turismo","tag-rio-de-janeiro","tag-valenca"],"yoast_head":"<!-- This site is optimized with the Yoast SEO plugin v24.6 - https:\/\/yoast.com\/wordpress\/plugins\/seo\/ -->\n<title>No Rio de Janeiro, essa cidade guarda fazendas do ciclo do caf\u00e9, serestas tradicionais e paisagens hist\u00f3ricas a 160 km da capital - Correio Braziliense - Radar<\/title>\n<meta name=\"description\" content=\"Fazendas do ciclo do caf\u00e9, serestas e heran\u00e7a imperial marcam essa cidade hist\u00f3rica do Rio de Janeiro localizada a 160 km da capital.\" \/>\n<meta name=\"robots\" content=\"index, follow, max-snippet:-1, max-image-preview:large, max-video-preview:-1\" \/>\n<link rel=\"canonical\" href=\"https:\/\/www.correiobraziliense.com.br\/cbradar\/no-rio-de-janeiro-essa-cidade-guarda-fazendas-do-ciclo-do-cafe-serestas-tradicionais-e-paisagens-historicas-a-160-km-da-capital\/\" \/>\n<meta property=\"og:locale\" content=\"pt_BR\" \/>\n<meta property=\"og:type\" content=\"article\" \/>\n<meta property=\"og:title\" content=\"No Rio de Janeiro, essa cidade guarda fazendas do ciclo do caf\u00e9, serestas tradicionais e paisagens hist\u00f3ricas a 160 km da capital - Correio Braziliense - Radar\" \/>\n<meta property=\"og:description\" content=\"Fazendas do ciclo do caf\u00e9, serestas e heran\u00e7a imperial marcam essa cidade hist\u00f3rica do Rio de Janeiro localizada a 160 km da capital.\" \/>\n<meta property=\"og:url\" content=\"https:\/\/www.correiobraziliense.com.br\/cbradar\/no-rio-de-janeiro-essa-cidade-guarda-fazendas-do-ciclo-do-cafe-serestas-tradicionais-e-paisagens-historicas-a-160-km-da-capital\/\" \/>\n<meta property=\"og:site_name\" content=\"Correio Braziliense - Radar\" \/>\n<meta property=\"article:published_time\" content=\"2026-03-07T14:45:00+00:00\" \/>\n<meta property=\"og:image\" content=\"https:\/\/www.correiobraziliense.com.br\/cbradar\/wp-content\/uploads\/2026\/02\/aaa-2026-02-08T140639.911.png\" \/>\n\t<meta property=\"og:image:width\" content=\"1280\" \/>\n\t<meta property=\"og:image:height\" content=\"720\" \/>\n\t<meta property=\"og:image:type\" content=\"image\/png\" \/>\n<meta name=\"author\" content=\"Maura Pereira\" \/>\n<meta name=\"twitter:card\" content=\"summary_large_image\" \/>\n<meta name=\"twitter:label1\" content=\"Escrito por\" \/>\n\t<meta name=\"twitter:data1\" content=\"Maura Pereira\" \/>\n\t<meta name=\"twitter:label2\" content=\"Est. tempo de leitura\" \/>\n\t<meta name=\"twitter:data2\" content=\"6 minutos\" \/>\n<!-- \/ Yoast SEO plugin. -->","yoast_head_json":{"title":"No Rio de Janeiro, essa cidade guarda fazendas do ciclo do caf\u00e9, serestas tradicionais e paisagens hist\u00f3ricas a 160 km da capital - Correio Braziliense - Radar","description":"Fazendas do ciclo do caf\u00e9, serestas e heran\u00e7a imperial marcam essa cidade hist\u00f3rica do Rio de Janeiro localizada a 160 km da capital.","robots":{"index":"index","follow":"follow","max-snippet":"max-snippet:-1","max-image-preview":"max-image-preview:large","max-video-preview":"max-video-preview:-1"},"canonical":"https:\/\/www.correiobraziliense.com.br\/cbradar\/no-rio-de-janeiro-essa-cidade-guarda-fazendas-do-ciclo-do-cafe-serestas-tradicionais-e-paisagens-historicas-a-160-km-da-capital\/","og_locale":"pt_BR","og_type":"article","og_title":"No Rio de Janeiro, essa cidade guarda fazendas do ciclo do caf\u00e9, serestas tradicionais e paisagens hist\u00f3ricas a 160 km da capital - Correio Braziliense - Radar","og_description":"Fazendas do ciclo do caf\u00e9, serestas e heran\u00e7a imperial marcam essa cidade hist\u00f3rica do Rio de Janeiro localizada a 160 km da capital.","og_url":"https:\/\/www.correiobraziliense.com.br\/cbradar\/no-rio-de-janeiro-essa-cidade-guarda-fazendas-do-ciclo-do-cafe-serestas-tradicionais-e-paisagens-historicas-a-160-km-da-capital\/","og_site_name":"Correio Braziliense - Radar","article_published_time":"2026-03-07T14:45:00+00:00","og_image":[{"width":1280,"height":720,"url":"https:\/\/www.correiobraziliense.com.br\/cbradar\/wp-content\/uploads\/2026\/02\/aaa-2026-02-08T140639.911.png","type":"image\/png"}],"author":"Maura Pereira","twitter_card":"summary_large_image","twitter_misc":{"Escrito por":"Maura Pereira","Est. tempo de leitura":"6 minutos"},"schema":{"@context":"https:\/\/schema.org","@graph":[{"@type":"WebPage","@id":"https:\/\/www.correiobraziliense.com.br\/cbradar\/no-rio-de-janeiro-essa-cidade-guarda-fazendas-do-ciclo-do-cafe-serestas-tradicionais-e-paisagens-historicas-a-160-km-da-capital\/","url":"https:\/\/www.correiobraziliense.com.br\/cbradar\/no-rio-de-janeiro-essa-cidade-guarda-fazendas-do-ciclo-do-cafe-serestas-tradicionais-e-paisagens-historicas-a-160-km-da-capital\/","name":"No Rio de Janeiro, essa cidade guarda fazendas do ciclo do caf\u00e9, serestas tradicionais e paisagens hist\u00f3ricas a 160 km da capital - Correio Braziliense - Radar","isPartOf":{"@id":"https:\/\/www.correiobraziliense.com.br\/cbradar\/#website"},"primaryImageOfPage":{"@id":"https:\/\/www.correiobraziliense.com.br\/cbradar\/no-rio-de-janeiro-essa-cidade-guarda-fazendas-do-ciclo-do-cafe-serestas-tradicionais-e-paisagens-historicas-a-160-km-da-capital\/#primaryimage"},"image":{"@id":"https:\/\/www.correiobraziliense.com.br\/cbradar\/no-rio-de-janeiro-essa-cidade-guarda-fazendas-do-ciclo-do-cafe-serestas-tradicionais-e-paisagens-historicas-a-160-km-da-capital\/#primaryimage"},"thumbnailUrl":"https:\/\/www.correiobraziliense.com.br\/cbradar\/wp-content\/uploads\/2026\/02\/aaa-2026-02-08T140639.911.png","datePublished":"2026-03-07T14:45:00+00:00","author":{"@id":"https:\/\/www.correiobraziliense.com.br\/cbradar\/#\/schema\/person\/4053c651a9bfc785afc6f4cbc9032fd3"},"description":"Fazendas do ciclo do caf\u00e9, serestas e heran\u00e7a imperial marcam essa cidade hist\u00f3rica do Rio de Janeiro localizada a 160 km da capital.","breadcrumb":{"@id":"https:\/\/www.correiobraziliense.com.br\/cbradar\/no-rio-de-janeiro-essa-cidade-guarda-fazendas-do-ciclo-do-cafe-serestas-tradicionais-e-paisagens-historicas-a-160-km-da-capital\/#breadcrumb"},"inLanguage":"pt-BR","potentialAction":[{"@type":"ReadAction","target":["https:\/\/www.correiobraziliense.com.br\/cbradar\/no-rio-de-janeiro-essa-cidade-guarda-fazendas-do-ciclo-do-cafe-serestas-tradicionais-e-paisagens-historicas-a-160-km-da-capital\/"]}]},{"@type":"ImageObject","inLanguage":"pt-BR","@id":"https:\/\/www.correiobraziliense.com.br\/cbradar\/no-rio-de-janeiro-essa-cidade-guarda-fazendas-do-ciclo-do-cafe-serestas-tradicionais-e-paisagens-historicas-a-160-km-da-capital\/#primaryimage","url":"https:\/\/www.correiobraziliense.com.br\/cbradar\/wp-content\/uploads\/2026\/02\/aaa-2026-02-08T140639.911.png","contentUrl":"https:\/\/www.correiobraziliense.com.br\/cbradar\/wp-content\/uploads\/2026\/02\/aaa-2026-02-08T140639.911.png","width":1280,"height":720,"caption":"Valen\u00e7a det\u00e9m uma das maiores concentra\u00e7\u00f5es de fazendas hist\u00f3ricas do Brasil, heran\u00e7a do per\u00edodo em que o Vale do Para\u00edba foi o centro econ\u00f4mico do pa\u00eds. \/ Imagem ilustrativa"},{"@type":"BreadcrumbList","@id":"https:\/\/www.correiobraziliense.com.br\/cbradar\/no-rio-de-janeiro-essa-cidade-guarda-fazendas-do-ciclo-do-cafe-serestas-tradicionais-e-paisagens-historicas-a-160-km-da-capital\/#breadcrumb","itemListElement":[{"@type":"ListItem","position":1,"name":"In\u00edcio","item":"https:\/\/www.correiobraziliense.com.br\/cbradar\/"},{"@type":"ListItem","position":2,"name":"No Rio de Janeiro, essa cidade guarda fazendas do ciclo do caf\u00e9, serestas tradicionais e paisagens hist\u00f3ricas a 160 km da capital"}]},{"@type":"WebSite","@id":"https:\/\/www.correiobraziliense.com.br\/cbradar\/#website","url":"https:\/\/www.correiobraziliense.com.br\/cbradar\/","name":"Correio Braziliense - Radar","description":"Acompanhe as \u00faltimas not\u00edcias e fique bem informado sobre tudo o que acontece no Brasil e no mundo.","potentialAction":[{"@type":"SearchAction","target":{"@type":"EntryPoint","urlTemplate":"https:\/\/www.correiobraziliense.com.br\/cbradar\/?s={search_term_string}"},"query-input":{"@type":"PropertyValueSpecification","valueRequired":true,"valueName":"search_term_string"}}],"inLanguage":"pt-BR"},{"@type":"Person","@id":"https:\/\/www.correiobraziliense.com.br\/cbradar\/#\/schema\/person\/4053c651a9bfc785afc6f4cbc9032fd3","name":"Maura Pereira","image":{"@type":"ImageObject","inLanguage":"pt-BR","@id":"https:\/\/www.correiobraziliense.com.br\/cbradar\/#\/schema\/person\/image\/","url":"https:\/\/secure.gravatar.com\/avatar\/3effd6bdadfa447f15089c7f7144eaa6?s=96&d=mm&r=g","contentUrl":"https:\/\/secure.gravatar.com\/avatar\/3effd6bdadfa447f15089c7f7144eaa6?s=96&d=mm&r=g","caption":"Maura Pereira"},"sameAs":["https:\/\/www.correiobraziliense.com.br\/"],"url":"https:\/\/www.correiobraziliense.com.br\/cbradar\/author\/mauramyth\/"}]}},"_links":{"self":[{"href":"https:\/\/www.correiobraziliense.com.br\/cbradar\/wp-json\/wp\/v2\/posts\/204272","targetHints":{"allow":["GET"]}}],"collection":[{"href":"https:\/\/www.correiobraziliense.com.br\/cbradar\/wp-json\/wp\/v2\/posts"}],"about":[{"href":"https:\/\/www.correiobraziliense.com.br\/cbradar\/wp-json\/wp\/v2\/types\/post"}],"author":[{"embeddable":true,"href":"https:\/\/www.correiobraziliense.com.br\/cbradar\/wp-json\/wp\/v2\/users\/8"}],"replies":[{"embeddable":true,"href":"https:\/\/www.correiobraziliense.com.br\/cbradar\/wp-json\/wp\/v2\/comments?post=204272"}],"version-history":[{"count":10,"href":"https:\/\/www.correiobraziliense.com.br\/cbradar\/wp-json\/wp\/v2\/posts\/204272\/revisions"}],"predecessor-version":[{"id":204370,"href":"https:\/\/www.correiobraziliense.com.br\/cbradar\/wp-json\/wp\/v2\/posts\/204272\/revisions\/204370"}],"wp:featuredmedia":[{"embeddable":true,"href":"https:\/\/www.correiobraziliense.com.br\/cbradar\/wp-json\/wp\/v2\/media\/189861"}],"wp:attachment":[{"href":"https:\/\/www.correiobraziliense.com.br\/cbradar\/wp-json\/wp\/v2\/media?parent=204272"}],"wp:term":[{"taxonomy":"category","embeddable":true,"href":"https:\/\/www.correiobraziliense.com.br\/cbradar\/wp-json\/wp\/v2\/categories?post=204272"},{"taxonomy":"post_tag","embeddable":true,"href":"https:\/\/www.correiobraziliense.com.br\/cbradar\/wp-json\/wp\/v2\/tags?post=204272"}],"curies":[{"name":"wp","href":"https:\/\/api.w.org\/{rel}","templated":true}]}}