{"id":204323,"date":"2026-03-06T17:30:19","date_gmt":"2026-03-06T20:30:19","guid":{"rendered":"https:\/\/www.correiobraziliense.com.br\/cbradar\/?p=204323"},"modified":"2026-03-06T17:30:22","modified_gmt":"2026-03-06T20:30:22","slug":"mesmo-sem-clube-filipe-luis-seguira-recebendo-do-flamengo-ate-definir-futuro","status":"publish","type":"post","link":"https:\/\/www.correiobraziliense.com.br\/cbradar\/mesmo-sem-clube-filipe-luis-seguira-recebendo-do-flamengo-ate-definir-futuro\/","title":{"rendered":"Mesmo sem clube, Filipe Lu\u00eds seguir\u00e1 recebendo do Flamengo at\u00e9 definir futuro"},"content":{"rendered":"\n<p>O <strong>Flamengo<\/strong> estabeleceu um acordo financeiro in\u00e9dito com o ex-t\u00e9cnico <strong>Filipe Lu\u00eds<\/strong> para garantir a estabilidade do profissional ap\u00f3s sua sa\u00edda do comando t\u00e9cnico. Essa medida visa honrar compromissos contratuais e manter uma rela\u00e7\u00e3o harmoniosa entre o clube carioca e o \u00eddolo que marcou \u00e9poca nos gramados brasileiros recentemente.<\/p>\n\n\n\n<h2 class=\"wp-block-heading\">Como funciona o pagamento mensal ao treinador?<\/h2>\n\n\n\n<p>O departamento jur\u00eddico do <strong>Flamengo<\/strong> estruturou o distrato para que os vencimentos mensais continuem sendo depositados integralmente na conta do profissional desligado. Esse fluxo financeiro permanecer\u00e1 ativo at\u00e9 que o t\u00e9cnico firme um novo v\u00ednculo empregat\u00edcio com outra agremia\u00e7\u00e3o esportiva de grande porte. \u00c9 uma forma de <strong>prote\u00e7\u00e3o contratual<\/strong> m\u00fatua entre as partes envolvidas no processo.<\/p>\n\n\n\n<p>Essa estrat\u00e9gia administrativa evita o pagamento de multas rescis\u00f3rias astron\u00f4micas de uma \u00fanica vez, preservando o fluxo de caixa imediato da institui\u00e7\u00e3o rubro-negra. O compromisso financeiro encerra-se automaticamente no momento exato em que o novo contrato de trabalho for registrado oficialmente na entidade m\u00e1xima do futebol. Trata-se de uma <strong>gest\u00e3o financeira inteligente<\/strong> e bastante moderna.<\/p>\n\n\n\n<figure class=\"wp-block-image size-full\"><img decoding=\"async\" width=\"1280\" height=\"720\" src=\"https:\/\/www.correiobraziliense.com.br\/cbradar\/wp-content\/uploads\/2026\/03\/campeonato-brasileiro_1772827633029.jpg\" alt=\"Flamengo pagar\u00e1 sal\u00e1rios a Filipe Lu\u00eds at\u00e9 t\u00e9cnico arranjar novo clube\" class=\"wp-image-204328\" srcset=\"https:\/\/www.correiobraziliense.com.br\/cbradar\/wp-content\/uploads\/2026\/03\/campeonato-brasileiro_1772827633029.jpg 1280w, https:\/\/www.correiobraziliense.com.br\/cbradar\/wp-content\/uploads\/2026\/03\/campeonato-brasileiro_1772827633029-300x169.jpg 300w, https:\/\/www.correiobraziliense.com.br\/cbradar\/wp-content\/uploads\/2026\/03\/campeonato-brasileiro_1772827633029-768x432.jpg 768w, https:\/\/www.correiobraziliense.com.br\/cbradar\/wp-content\/uploads\/2026\/03\/campeonato-brasileiro_1772827633029-750x422.jpg 750w, https:\/\/www.correiobraziliense.com.br\/cbradar\/wp-content\/uploads\/2026\/03\/campeonato-brasileiro_1772827633029-1140x641.jpg 1140w\" sizes=\"(max-width: 1280px) 100vw, 1280px\" \/><figcaption class=\"wp-element-caption\">Flamengo firma acordo financeiro com Filipe Lu\u00eds ap\u00f3s sa\u00edda do comando t\u00e9cnico &#8211; Cr\u00e9ditos: depositphotos.com \/ celsopupo<\/figcaption><\/figure>\n\n\n\n<h2 class=\"wp-block-heading\">Por que essa estrat\u00e9gia beneficia o clube carioca?<\/h2>\n\n\n\n<p>Manter o pagamento parcelado permite que o <strong>Flamengo<\/strong> tenha maior previsibilidade or\u00e7ament\u00e1ria durante a temporada competitiva atual, sem comprometer investimentos em novos atletas. O clube demonstra respeito pela trajet\u00f3ria vitoriosa de <strong>Filipe Lu\u00eds<\/strong> enquanto assegura que os recursos sejam utilizados de maneira eficiente e planejada. A <strong>sa\u00fade financeira rubro-negra<\/strong> permanece como uma prioridade absoluta da gest\u00e3o.<\/p>\n\n\n\n<p>Al\u00e9m da quest\u00e3o econ\u00f4mica, esse modelo de acordo fortalece a imagem institucional do clube perante o mercado de treinadores e profissionais do esporte. Demonstrar seriedade no cumprimento de acordos p\u00f3s-v\u00ednculo atrai novos talentos que buscam seguran\u00e7a jur\u00eddica e transpar\u00eancia administrativa em suas carreiras. O <strong>prest\u00edgio internacional do Flamengo<\/strong> \u00e9 refor\u00e7ado por atitudes profissionais e \u00e9ticas como essa no mercado.<\/p>\n\n\n\n<h2 class=\"wp-block-heading\">Quais os pr\u00f3ximos passos para Filipe Lu\u00eds?<\/h2>\n\n\n\n<p>O ex-comandante rubro-negro agora foca em aprimorar seus conhecimentos t\u00e1ticos e estudar novas metodologias de treinamento em centros de excel\u00eancia na Europa. Essa pausa estrat\u00e9gica no comando de campo serve para consolidar sua identidade como treinador de elite no cen\u00e1rio mundial do futebol. O <strong>desenvolvimento profissional cont\u00ednuo<\/strong> \u00e9 o objetivo principal do \u00eddolo da torcida flamenguista agora. Confira a lista abaixo:<\/p>\n\n\n\n<div class=\"google-auto-ads-ignore\" style=\"box-sizing: border-box; display: flex; flex-direction: column; width: 100%; max-width: 800px; margin: 30px auto; background-color: #f0f5ff; color: #1a222c; border-radius: 12px; overflow: hidden; font-family: 'Segoe UI', Roboto, sans-serif; box-shadow: 0 4px 15px rgba(0,0,0,0.1); border: 1px solid rgba(0,0,0,0.05); position: relative; z-index: 5;\">\n\n  <div style=\"background-color: #ffffff; padding: 25px; border-bottom: 3px solid #0050b3; text-align: center;\">\n    <h2 style=\"margin: 0; color: #002766; font-size: 1.5rem;\">\u26bd Cronograma de desenvolvimento profissional<\/h2>\n    <div style=\"font-size: 0.95rem; margin-top: 8px; opacity: 0.9; color: #595959;\">Aperfei\u00e7oamento t\u00e9cnico e an\u00e1lise estrat\u00e9gica de mercado<\/div>\n  <\/div>\n\n  <div style=\"padding: 25px; display: flex; flex-wrap: wrap; gap: 20px;\">\n    \n    <div style=\"flex: 1 1 300px; background-color: #ffffff; border-radius: 8px; padding: 20px; border: 1px solid rgba(0,0,0,0.05); box-shadow: 0 2px 5px rgba(0,0,0,0.02);\">\n      <h3 style=\"margin: 0 0 15px 0; color: #0050b3; font-size: 1.1rem; font-weight: bold; border-bottom: 1px solid rgba(0,0,0,0.1); padding-bottom: 8px;\">\n        \ud83c\udf0d Experi\u00eancia internacional\n      <\/h3>\n      \n      <div style=\"margin-bottom: 12px;\">\n        <strong style=\"display: block; font-size: 0.85rem; opacity: 0.8; margin-bottom: 4px;\">Estudos t\u00e1ticos em clubes europeus renomados<\/strong>\n        <div style=\"font-size: 1rem; font-weight: 500;\">Observa\u00e7\u00e3o direta de metodologias e sistemas de jogo modernos.<\/div>\n      <\/div>\n\n      <div style=\"margin-bottom: 12px;\">\n        <strong style=\"display: block; font-size: 0.85rem; opacity: 0.8; margin-bottom: 4px;\">Participa\u00e7\u00e3o em cursos oficiais de licenciamento<\/strong>\n        <div style=\"font-size: 1rem; font-weight: 500;\">Atualiza\u00e7\u00e3o de certifica\u00e7\u00f5es exigidas pelas federa\u00e7\u00f5es de elite.<\/div>\n      <\/div>\n    <\/div>\n\n    <div style=\"flex: 1 1 300px; background-color: #ffffff; border-radius: 8px; padding: 20px; border: 1px solid rgba(0,0,0,0.05); box-shadow: 0 2px 5px rgba(0,0,0,0.02);\">\n      <h3 style=\"margin: 0 0 15px 0; color: #0050b3; font-size: 1.1rem; font-weight: bold; border-bottom: 1px solid rgba(0,0,0,0.1); padding-bottom: 8px;\">\n        \ud83d\udccb Gest\u00e3o e mercado\n      <\/h3>\n      \n      <div style=\"margin-bottom: 12px;\">\n        <strong style=\"display: block; font-size: 0.85rem; opacity: 0.8; margin-bottom: 4px;\">An\u00e1lise de propostas de equipes nacionais<\/strong>\n        <div style=\"font-size: 1rem; font-weight: 500;\">Avalia\u00e7\u00e3o de projetos esportivos e viabilidade de elenco no Brasil.<\/div>\n      <\/div>\n\n      <div style=\"margin-bottom: 12px;\">\n        <strong style=\"display: block; font-size: 0.85rem; opacity: 0.8; margin-bottom: 4px;\">Descanso remunerado para planejamento de carreira<\/strong>\n        <div style=\"font-size: 1rem; font-weight: 500;\">Per\u00edodo sab\u00e1tico focado em estrutura\u00e7\u00e3o de novas filosofias de trabalho.<\/div>\n      <\/div>\n    <\/div>\n\n  <\/div>\n<\/div>\n\n\n\n<h2 class=\"wp-block-heading\">Qual a import\u00e2ncia da \u00e9tica no futebol brasileiro?<\/h2>\n\n\n\n<p>Acordos transparentes como o firmado entre <strong>Flamengo<\/strong> e <strong>Filipe Lu\u00eds<\/strong> elevam o patamar de profissionalismo dentro das quatro linhas e nos bastidores. Quando grandes institui\u00e7\u00f5es respeitam seus \u00eddolos, todo o ecossistema do esporte brasileiro ganha em credibilidade e organiza\u00e7\u00e3o estrutural de longo prazo. A <strong>\u00e9tica esportiva profissional<\/strong> deve ser o norte para todas as futuras negocia\u00e7\u00f5es contratuais importantes.<\/p>\n\n\n\n<p>Evitar lit\u00edgios judiciais demorados e desgastantes \u00e9 fundamental para que o foco permane\u00e7a apenas no desempenho esportivo dentro das competi\u00e7\u00f5es oficiais de elite. O entendimento m\u00fatuo entre empregador e colaborador demonstra que o futebol nacional est\u00e1 evoluindo para pr\u00e1ticas de gest\u00e3o mais saud\u00e1veis e respons\u00e1veis. A <strong>transpar\u00eancia administrativa constante<\/strong> \u00e9 o segredo para o sucesso duradouro de qualquer grande clube brasileiro.<\/p>\n\n\n<div class=\"wp-block-image\">\n<figure class=\"aligncenter size-full\"><img decoding=\"async\" width=\"1280\" height=\"720\" src=\"https:\/\/www.correiobraziliense.com.br\/cbradar\/wp-content\/uploads\/2026\/03\/Gemini_Generated_Image_ijpomvijpomvijpo-1-1.png\" alt=\"Flamengo pagar\u00e1 sal\u00e1rios a Filipe Lu\u00eds at\u00e9 t\u00e9cnico arranjar novo clube\" class=\"wp-image-204340\" srcset=\"https:\/\/www.correiobraziliense.com.br\/cbradar\/wp-content\/uploads\/2026\/03\/Gemini_Generated_Image_ijpomvijpomvijpo-1-1.png 1280w, https:\/\/www.correiobraziliense.com.br\/cbradar\/wp-content\/uploads\/2026\/03\/Gemini_Generated_Image_ijpomvijpomvijpo-1-1-300x169.png 300w, https:\/\/www.correiobraziliense.com.br\/cbradar\/wp-content\/uploads\/2026\/03\/Gemini_Generated_Image_ijpomvijpomvijpo-1-1-768x432.png 768w, https:\/\/www.correiobraziliense.com.br\/cbradar\/wp-content\/uploads\/2026\/03\/Gemini_Generated_Image_ijpomvijpomvijpo-1-1-750x422.png 750w, https:\/\/www.correiobraziliense.com.br\/cbradar\/wp-content\/uploads\/2026\/03\/Gemini_Generated_Image_ijpomvijpomvijpo-1-1-1140x641.png 1140w\" sizes=\"(max-width: 1280px) 100vw, 1280px\" \/><figcaption class=\"wp-element-caption\">Flamengo firma acordo financeiro com Filipe Lu\u00eds ap\u00f3s sa\u00edda do comando t\u00e9cnico<\/figcaption><\/figure><\/div>\n\n\n<h2 class=\"wp-block-heading\">Como as normas da FIFA regem as rescis\u00f5es?<\/h2>\n\n\n\n<p>As diretrizes internacionais sobre o status e a transfer\u00eancia de jogadores e treinadores servem como base legal para a elabora\u00e7\u00e3o de contratos seguros. Seguir esses par\u00e2metros globais garante que tanto os clubes quanto os profissionais tenham seus direitos fundamentais preservados em qualquer situa\u00e7\u00e3o de desligamento. A <strong>conformidade jur\u00eddica internacional<\/strong> protege as partes contra interpreta\u00e7\u00f5es equivocadas ou poss\u00edveis abusos contratuais severos.<\/p>\n\n\n\n<p>Segundo as regulamenta\u00e7\u00f5es oficiais detalhadas pela <strong><a target=\"_blank\" rel=\"noreferrer noopener\" href=\"https:\/\/www.google.com\/search?q=https:\/\/www.fifa.com\/legal\/football-regulatory\/player-status-and-transfers\">FIFA<\/a><\/strong>, a autonomia das partes para negociar termos de rescis\u00e3o amig\u00e1vel \u00e9 respeitada e incentivada para evitar disputas arbitrais. Esse arcabou\u00e7o legal proporciona a seguran\u00e7a necess\u00e1ria para que o <strong>Flamengo<\/strong> execute seus planos de reestrutura\u00e7\u00e3o sem riscos jur\u00eddicos imprevistos. O <strong>respeito \u00e0s normas globais<\/strong> \u00e9 essencial para a integridade do esporte hoje.<\/p>\n","protected":false},"excerpt":{"rendered":"<p>O Flamengo estabeleceu um acordo financeiro in\u00e9dito com o ex-t\u00e9cnico Filipe Lu\u00eds para garantir a estabilidade do profissional ap\u00f3s sua sa\u00edda do comando t\u00e9cnico. Essa medida visa honrar compromissos contratuais e manter uma rela\u00e7\u00e3o harmoniosa entre o clube carioca e o \u00eddolo que marcou \u00e9poca nos gramados brasileiros recentemente. Como funciona o pagamento mensal ao [&hellip;]<\/p>\n","protected":false},"author":21,"featured_media":204327,"comment_status":"open","ping_status":"open","sticky":false,"template":"","format":"standard","meta":{"_yoast_wpseo_focuskw":"acordo financeiro flamengo filipe luis saida do treinador","_yoast_wpseo_title":"","_yoast_wpseo_metadesc":"O Flamengo fez um acordo incomum com Filipe Lu\u00eds ap\u00f3s a sa\u00edda do treinador. Um detalhe financeiro chama aten\u00e7\u00e3o","jnews-multi-image_gallery":[],"jnews_single_post":{"format":"standard"},"jnews_primary_category":[],"jnews_social_meta":[],"jnews_override_counter":[],"footnotes":""},"categories":[112],"tags":[15844,15843,15845],"class_list":["post-204323","post","type-post","status-publish","format-standard","has-post-thumbnail","hentry","category-curiosidades","tag-filipe-luis","tag-flamengo","tag-tecnico"],"yoast_head":"<!-- This site is optimized with the Yoast SEO plugin v24.6 - https:\/\/yoast.com\/wordpress\/plugins\/seo\/ -->\n<title>Mesmo sem clube, Filipe Lu\u00eds seguir\u00e1 recebendo do Flamengo at\u00e9 definir futuro - Correio Braziliense - Radar<\/title>\n<meta name=\"description\" content=\"O Flamengo fez um acordo incomum com Filipe Lu\u00eds ap\u00f3s a sa\u00edda do treinador. Um detalhe financeiro chama aten\u00e7\u00e3o\" \/>\n<meta name=\"robots\" content=\"index, follow, max-snippet:-1, max-image-preview:large, max-video-preview:-1\" \/>\n<link rel=\"canonical\" href=\"https:\/\/www.correiobraziliense.com.br\/cbradar\/mesmo-sem-clube-filipe-luis-seguira-recebendo-do-flamengo-ate-definir-futuro\/\" \/>\n<meta property=\"og:locale\" content=\"pt_BR\" \/>\n<meta property=\"og:type\" content=\"article\" \/>\n<meta property=\"og:title\" content=\"Mesmo sem clube, Filipe Lu\u00eds seguir\u00e1 recebendo do Flamengo at\u00e9 definir futuro - Correio Braziliense - Radar\" \/>\n<meta property=\"og:description\" content=\"O Flamengo fez um acordo incomum com Filipe Lu\u00eds ap\u00f3s a sa\u00edda do treinador. Um detalhe financeiro chama aten\u00e7\u00e3o\" \/>\n<meta property=\"og:url\" content=\"https:\/\/www.correiobraziliense.com.br\/cbradar\/mesmo-sem-clube-filipe-luis-seguira-recebendo-do-flamengo-ate-definir-futuro\/\" \/>\n<meta property=\"og:site_name\" content=\"Correio Braziliense - Radar\" \/>\n<meta property=\"article:published_time\" content=\"2026-03-06T20:30:19+00:00\" \/>\n<meta property=\"article:modified_time\" content=\"2026-03-06T20:30:22+00:00\" \/>\n<meta property=\"og:image\" content=\"https:\/\/www.correiobraziliense.com.br\/cbradar\/wp-content\/uploads\/2026\/03\/Filipe-Luis_1772827543543.jpg\" \/>\n\t<meta property=\"og:image:width\" content=\"1280\" \/>\n\t<meta property=\"og:image:height\" content=\"720\" \/>\n\t<meta property=\"og:image:type\" content=\"image\/jpeg\" \/>\n<meta name=\"author\" content=\"Patrick Silva\" \/>\n<meta name=\"twitter:card\" content=\"summary_large_image\" \/>\n<meta name=\"twitter:label1\" content=\"Escrito por\" \/>\n\t<meta name=\"twitter:data1\" content=\"Patrick Silva\" \/>\n\t<meta name=\"twitter:label2\" content=\"Est. tempo de leitura\" \/>\n\t<meta name=\"twitter:data2\" content=\"5 minutos\" \/>\n<!-- \/ Yoast SEO plugin. -->","yoast_head_json":{"title":"Mesmo sem clube, Filipe Lu\u00eds seguir\u00e1 recebendo do Flamengo at\u00e9 definir futuro - Correio Braziliense - Radar","description":"O Flamengo fez um acordo incomum com Filipe Lu\u00eds ap\u00f3s a sa\u00edda do treinador. Um detalhe financeiro chama aten\u00e7\u00e3o","robots":{"index":"index","follow":"follow","max-snippet":"max-snippet:-1","max-image-preview":"max-image-preview:large","max-video-preview":"max-video-preview:-1"},"canonical":"https:\/\/www.correiobraziliense.com.br\/cbradar\/mesmo-sem-clube-filipe-luis-seguira-recebendo-do-flamengo-ate-definir-futuro\/","og_locale":"pt_BR","og_type":"article","og_title":"Mesmo sem clube, Filipe Lu\u00eds seguir\u00e1 recebendo do Flamengo at\u00e9 definir futuro - Correio Braziliense - Radar","og_description":"O Flamengo fez um acordo incomum com Filipe Lu\u00eds ap\u00f3s a sa\u00edda do treinador. Um detalhe financeiro chama aten\u00e7\u00e3o","og_url":"https:\/\/www.correiobraziliense.com.br\/cbradar\/mesmo-sem-clube-filipe-luis-seguira-recebendo-do-flamengo-ate-definir-futuro\/","og_site_name":"Correio Braziliense - Radar","article_published_time":"2026-03-06T20:30:19+00:00","article_modified_time":"2026-03-06T20:30:22+00:00","og_image":[{"width":1280,"height":720,"url":"https:\/\/www.correiobraziliense.com.br\/cbradar\/wp-content\/uploads\/2026\/03\/Filipe-Luis_1772827543543.jpg","type":"image\/jpeg"}],"author":"Patrick Silva","twitter_card":"summary_large_image","twitter_misc":{"Escrito por":"Patrick Silva","Est. tempo de leitura":"5 minutos"},"schema":{"@context":"https:\/\/schema.org","@graph":[{"@type":"WebPage","@id":"https:\/\/www.correiobraziliense.com.br\/cbradar\/mesmo-sem-clube-filipe-luis-seguira-recebendo-do-flamengo-ate-definir-futuro\/","url":"https:\/\/www.correiobraziliense.com.br\/cbradar\/mesmo-sem-clube-filipe-luis-seguira-recebendo-do-flamengo-ate-definir-futuro\/","name":"Mesmo sem clube, Filipe Lu\u00eds seguir\u00e1 recebendo do Flamengo at\u00e9 definir futuro - Correio Braziliense - Radar","isPartOf":{"@id":"https:\/\/www.correiobraziliense.com.br\/cbradar\/#website"},"primaryImageOfPage":{"@id":"https:\/\/www.correiobraziliense.com.br\/cbradar\/mesmo-sem-clube-filipe-luis-seguira-recebendo-do-flamengo-ate-definir-futuro\/#primaryimage"},"image":{"@id":"https:\/\/www.correiobraziliense.com.br\/cbradar\/mesmo-sem-clube-filipe-luis-seguira-recebendo-do-flamengo-ate-definir-futuro\/#primaryimage"},"thumbnailUrl":"https:\/\/www.correiobraziliense.com.br\/cbradar\/wp-content\/uploads\/2026\/03\/Filipe-Luis_1772827543543.jpg","datePublished":"2026-03-06T20:30:19+00:00","dateModified":"2026-03-06T20:30:22+00:00","author":{"@id":"https:\/\/www.correiobraziliense.com.br\/cbradar\/#\/schema\/person\/5440b72be9c7eb74f446c846479dc4da"},"description":"O Flamengo fez um acordo incomum com Filipe Lu\u00eds ap\u00f3s a sa\u00edda do treinador. Um detalhe financeiro chama aten\u00e7\u00e3o","breadcrumb":{"@id":"https:\/\/www.correiobraziliense.com.br\/cbradar\/mesmo-sem-clube-filipe-luis-seguira-recebendo-do-flamengo-ate-definir-futuro\/#breadcrumb"},"inLanguage":"pt-BR","potentialAction":[{"@type":"ReadAction","target":["https:\/\/www.correiobraziliense.com.br\/cbradar\/mesmo-sem-clube-filipe-luis-seguira-recebendo-do-flamengo-ate-definir-futuro\/"]}]},{"@type":"ImageObject","inLanguage":"pt-BR","@id":"https:\/\/www.correiobraziliense.com.br\/cbradar\/mesmo-sem-clube-filipe-luis-seguira-recebendo-do-flamengo-ate-definir-futuro\/#primaryimage","url":"https:\/\/www.correiobraziliense.com.br\/cbradar\/wp-content\/uploads\/2026\/03\/Filipe-Luis_1772827543543.jpg","contentUrl":"https:\/\/www.correiobraziliense.com.br\/cbradar\/wp-content\/uploads\/2026\/03\/Filipe-Luis_1772827543543.jpg","width":1280,"height":720,"caption":"Flamengo firma acordo financeiro com Filipe Lu\u00eds ap\u00f3s sa\u00edda do comando t\u00e9cnico - Cr\u00e9ditos: depositphotos.com \/ thenews2.com"},{"@type":"BreadcrumbList","@id":"https:\/\/www.correiobraziliense.com.br\/cbradar\/mesmo-sem-clube-filipe-luis-seguira-recebendo-do-flamengo-ate-definir-futuro\/#breadcrumb","itemListElement":[{"@type":"ListItem","position":1,"name":"In\u00edcio","item":"https:\/\/www.correiobraziliense.com.br\/cbradar\/"},{"@type":"ListItem","position":2,"name":"Mesmo sem clube, Filipe Lu\u00eds seguir\u00e1 recebendo do Flamengo at\u00e9 definir futuro"}]},{"@type":"WebSite","@id":"https:\/\/www.correiobraziliense.com.br\/cbradar\/#website","url":"https:\/\/www.correiobraziliense.com.br\/cbradar\/","name":"Correio Braziliense - Radar","description":"Acompanhe as \u00faltimas not\u00edcias e fique bem informado sobre tudo o que acontece no Brasil e no mundo.","potentialAction":[{"@type":"SearchAction","target":{"@type":"EntryPoint","urlTemplate":"https:\/\/www.correiobraziliense.com.br\/cbradar\/?s={search_term_string}"},"query-input":{"@type":"PropertyValueSpecification","valueRequired":true,"valueName":"search_term_string"}}],"inLanguage":"pt-BR"},{"@type":"Person","@id":"https:\/\/www.correiobraziliense.com.br\/cbradar\/#\/schema\/person\/5440b72be9c7eb74f446c846479dc4da","name":"Patrick Silva","image":{"@type":"ImageObject","inLanguage":"pt-BR","@id":"https:\/\/www.correiobraziliense.com.br\/cbradar\/#\/schema\/person\/image\/","url":"https:\/\/secure.gravatar.com\/avatar\/944109df296fc087785c9715fd5f80b2?s=96&d=mm&r=g","contentUrl":"https:\/\/secure.gravatar.com\/avatar\/944109df296fc087785c9715fd5f80b2?s=96&d=mm&r=g","caption":"Patrick Silva"},"sameAs":["https:\/\/www.correiobraziliense.com.br\/cbradar\/"],"url":"https:\/\/www.correiobraziliense.com.br\/cbradar\/author\/patrick-silva\/"}]}},"_links":{"self":[{"href":"https:\/\/www.correiobraziliense.com.br\/cbradar\/wp-json\/wp\/v2\/posts\/204323","targetHints":{"allow":["GET"]}}],"collection":[{"href":"https:\/\/www.correiobraziliense.com.br\/cbradar\/wp-json\/wp\/v2\/posts"}],"about":[{"href":"https:\/\/www.correiobraziliense.com.br\/cbradar\/wp-json\/wp\/v2\/types\/post"}],"author":[{"embeddable":true,"href":"https:\/\/www.correiobraziliense.com.br\/cbradar\/wp-json\/wp\/v2\/users\/21"}],"replies":[{"embeddable":true,"href":"https:\/\/www.correiobraziliense.com.br\/cbradar\/wp-json\/wp\/v2\/comments?post=204323"}],"version-history":[{"count":5,"href":"https:\/\/www.correiobraziliense.com.br\/cbradar\/wp-json\/wp\/v2\/posts\/204323\/revisions"}],"predecessor-version":[{"id":204345,"href":"https:\/\/www.correiobraziliense.com.br\/cbradar\/wp-json\/wp\/v2\/posts\/204323\/revisions\/204345"}],"wp:featuredmedia":[{"embeddable":true,"href":"https:\/\/www.correiobraziliense.com.br\/cbradar\/wp-json\/wp\/v2\/media\/204327"}],"wp:attachment":[{"href":"https:\/\/www.correiobraziliense.com.br\/cbradar\/wp-json\/wp\/v2\/media?parent=204323"}],"wp:term":[{"taxonomy":"category","embeddable":true,"href":"https:\/\/www.correiobraziliense.com.br\/cbradar\/wp-json\/wp\/v2\/categories?post=204323"},{"taxonomy":"post_tag","embeddable":true,"href":"https:\/\/www.correiobraziliense.com.br\/cbradar\/wp-json\/wp\/v2\/tags?post=204323"}],"curies":[{"name":"wp","href":"https:\/\/api.w.org\/{rel}","templated":true}]}}