{"id":204341,"date":"2026-03-06T21:11:56","date_gmt":"2026-03-07T00:11:56","guid":{"rendered":"https:\/\/www.correiobraziliense.com.br\/cbradar\/?p=204341"},"modified":"2026-03-06T21:11:59","modified_gmt":"2026-03-07T00:11:59","slug":"aristoteles-filosofo-a-amizade-e-uma-alma-que-habita-dois-corpos-a-reflexao-do-pensador-grego-sobre-relacoes-verdadeiras","status":"publish","type":"post","link":"https:\/\/www.correiobraziliense.com.br\/cbradar\/aristoteles-filosofo-a-amizade-e-uma-alma-que-habita-dois-corpos-a-reflexao-do-pensador-grego-sobre-relacoes-verdadeiras\/","title":{"rendered":"Arist\u00f3teles, fil\u00f3sofo: \u201cA amizade \u00e9 uma alma que habita dois corpos\u201d, a reflex\u00e3o do pensador grego sobre rela\u00e7\u00f5es verdadeiras"},"content":{"rendered":"\n<p>A amizade verdadeira representa um dos v\u00ednculos humanos mais profundos e complexos estudados pela filosofia cl\u00e1ssica ao longo dos s\u00e9culos. Para <strong>Arist\u00f3teles<\/strong>, esse relacionamento transcende a mera conveni\u00eancia, unindo duas pessoas em um prop\u00f3sito \u00e9tico comum e compartilhado. Entender essa conex\u00e3o \u00e9 essencial para cultivar la\u00e7os que realmente tragam felicidade plena e duradoura hoje mesmo.<\/p>\n\n\n\n<h2 class=\"wp-block-heading\">Por que a alma se divide em dois corpos?<\/h2>\n\n\n\n<p>A met\u00e1fora utilizada pelo pensador sugere uma sintonia intelectual e emocional que ultrapassa os limites f\u00edsicos individuais de cada ser humano. Quando amigos compartilham valores e vis\u00f5es de mundo id\u00eanticas, eles operam como uma unidade moral coesa diante dos desafios da vida. <strong>Conex\u00e3o espiritual profunda<\/strong> define a qualidade de uma rela\u00e7\u00e3o que busca a excel\u00eancia em cada pequena atitude di\u00e1ria.<\/p>\n\n\n\n<p>Essa uni\u00e3o n\u00e3o significa a perda da identidade, mas sim o fortalecimento m\u00fatuo atrav\u00e9s do espelhamento de virtudes e comportamentos positivos. Amigos aut\u00eanticos funcionam como um suporte inabal\u00e1vel para o crescimento \u00e9tico e pessoal de quem est\u00e1 ao seu redor constantemente. <strong>Amizade de virtude<\/strong> \u00e9 o tipo mais elevado de la\u00e7o que algu\u00e9m pode conquistar durante toda a sua jornada.<\/p>\n\n\n\n<figure class=\"wp-block-image size-full\"><img decoding=\"async\" width=\"1280\" height=\"720\" src=\"https:\/\/www.correiobraziliense.com.br\/cbradar\/wp-content\/uploads\/2026\/03\/Gemini_Generated_Image_ffgc1iffgc1iffgc-1-1.png\" alt=\"Arist\u00f3teles, fil\u00f3sofo: \u201cA amizade \u00e9 uma alma que habita dois corpos\u201d, a reflex\u00e3o do pensador grego sobre rela\u00e7\u00f5es verdadeiras\" class=\"wp-image-204350\" srcset=\"https:\/\/www.correiobraziliense.com.br\/cbradar\/wp-content\/uploads\/2026\/03\/Gemini_Generated_Image_ffgc1iffgc1iffgc-1-1.png 1280w, https:\/\/www.correiobraziliense.com.br\/cbradar\/wp-content\/uploads\/2026\/03\/Gemini_Generated_Image_ffgc1iffgc1iffgc-1-1-300x169.png 300w, https:\/\/www.correiobraziliense.com.br\/cbradar\/wp-content\/uploads\/2026\/03\/Gemini_Generated_Image_ffgc1iffgc1iffgc-1-1-768x432.png 768w, https:\/\/www.correiobraziliense.com.br\/cbradar\/wp-content\/uploads\/2026\/03\/Gemini_Generated_Image_ffgc1iffgc1iffgc-1-1-750x422.png 750w, https:\/\/www.correiobraziliense.com.br\/cbradar\/wp-content\/uploads\/2026\/03\/Gemini_Generated_Image_ffgc1iffgc1iffgc-1-1-1140x641.png 1140w\" sizes=\"(max-width: 1280px) 100vw, 1280px\" \/><figcaption class=\"wp-element-caption\">Reflex\u00e3o de Arist\u00f3teles descreve amizade verdadeira como uni\u00e3o profunda entre duas almas<\/figcaption><\/figure>\n\n\n\n<h2 class=\"wp-block-heading\">Como identificar amigos que compartilham sua ess\u00eancia?<\/h2>\n\n\n\n<p>Identificar essas pessoas requer uma observa\u00e7\u00e3o atenta sobre como elas reagem aos seus momentos de maior vulnerabilidade e sucesso pessoal. O verdadeiro amigo n\u00e3o sente inveja, mas celebra suas conquistas como se fossem dele, refletindo a alma \u00fanica mencionada pelo fil\u00f3sofo. <strong>Lealdade incondicional<\/strong> \u00e9 o sinal mais claro de que voc\u00ea encontrou um parceiro de alma para toda a vida.<\/p>\n\n\n\n<p>Rela\u00e7\u00f5es baseadas apenas no prazer ou no interesse financeiro costumam ser ef\u00eameras e desmoronam diante da primeira dificuldade s\u00e9ria que surge. A amizade real resiste ao tempo e \u00e0s dist\u00e2ncias geogr\u00e1ficas, mantendo a chama da alma acesa atrav\u00e9s de conversas sinceras e apoio. <strong>Resili\u00eancia relacional<\/strong> diferencia os colegas passageiros dos amigos que estar\u00e3o presentes para sempre em sua longa hist\u00f3ria.<\/p>\n\n\n\n<h2 class=\"wp-block-heading\">Quais os benef\u00edcios de cultivar la\u00e7os profundos?<\/h2>\n\n\n\n<p>Cultivar amizades de alma proporciona uma estabilidade emocional que protege a sa\u00fade mental contra os efeitos nocivos do isolamento social severo. Ter algu\u00e9m que compreende seus pensamentos mais \u00edntimos reduz o estresse e aumenta a satisfa\u00e7\u00e3o geral com a vida em qualquer idade. <strong>Bem-estar social<\/strong> \u00e9 um pilar fundamental para quem deseja alcan\u00e7ar a felicidade plena e paz de esp\u00edrito. Confira a lista abaixo:<\/p>\n\n\n\n<div class=\"google-auto-ads-ignore\" style=\"box-sizing: border-box; display: flex; flex-direction: column; width: 100%; max-width: 800px; margin: 30px auto; background-color: #e6f7ff; color: #1a222c; border-radius: 12px; overflow: hidden; font-family: 'Segoe UI', sans-serif; box-shadow: 0 4px 15px rgba(0,0,0,0.1); border: 1px solid rgba(0,0,0,0.05); position: relative; z-index: 5;\">\n\n  <div style=\"background-color: #ffffff; padding: 25px; border-bottom: 3px solid #1890ff; text-align: center;\">\n    <h2 style=\"margin: 0; color: #003a8c; font-size: 1.5rem;\">\ud83c\udf3f Benef\u00edcios do estilo de vida equilibrado<\/h2>\n    <div style=\"font-size: 0.95rem; margin-top: 8px; opacity: 0.9;\">Impactos positivos na sa\u00fade mental, f\u00edsica e social<\/div>\n  <\/div>\n\n  <div style=\"padding: 25px; display: flex; flex-wrap: wrap; gap: 20px;\">\n    \n    <div style=\"flex: 1 1 300px; background-color: #ffffff; border-radius: 8px; padding: 20px; border: 1px solid rgba(0,0,0,0.05); box-shadow: 0 2px 5px rgba(0,0,0,0.02);\">\n      <h3 style=\"margin: 0 0 15px 0; color: #1890ff; font-size: 1.1rem; font-weight: bold; border-bottom: 1px solid rgba(0,0,0,0.1); padding-bottom: 8px;\">\n        \ud83d\udee1\ufe0f Bem-estar e sa\u00fade\n      <\/h3>\n      \n      <div style=\"margin-bottom: 12px;\">\n        <strong style=\"display: block; font-size: 0.85rem; opacity: 0.8; margin-bottom: 4px;\">Redu\u00e7\u00e3o comprovada da ansiedade cotidiana<\/strong>\n        <div style=\"font-size: 1rem; font-weight: 500;\">Estabilidade emocional atrav\u00e9s de pr\u00e1ticas constantes de autocuidado.<\/div>\n      <\/div>\n\n      <div style=\"margin-bottom: 12px;\">\n        <strong style=\"display: block; font-size: 0.85rem; opacity: 0.8; margin-bottom: 4px;\">Aumento da longevidade e sa\u00fade f\u00edsica<\/strong>\n        <div style=\"font-size: 1rem; font-weight: 500;\">Fortalecimento do organismo e preven\u00e7\u00e3o de doen\u00e7as cr\u00f4nicas.<\/div>\n      <\/div>\n    <\/div>\n\n    <div style=\"flex: 1 1 300px; background-color: #ffffff; border-radius: 8px; padding: 20px; border: 1px solid rgba(0,0,0,0.05); box-shadow: 0 2px 5px rgba(0,0,0,0.02);\">\n      <h3 style=\"margin: 0 0 15px 0; color: #1890ff; font-size: 1.1rem; font-weight: bold; border-bottom: 1px solid rgba(0,0,0,0.1); padding-bottom: 8px;\">\n        \ud83e\udd1d Evolu\u00e7\u00e3o pessoal e social\n      <\/h3>\n      \n      <div style=\"margin-bottom: 12px;\">\n        <strong style=\"display: block; font-size: 0.85rem; opacity: 0.8; margin-bottom: 4px;\">Desenvolvimento de virtudes morais elevadas<\/strong>\n        <div style=\"font-size: 1rem; font-weight: 500;\">Aprimoramento do car\u00e1ter e da \u00e9tica nas rela\u00e7\u00f5es interpessoais.<\/div>\n      <\/div>\n\n      <div style=\"margin-bottom: 12px;\">\n        <strong style=\"display: block; font-size: 0.85rem; opacity: 0.8; margin-bottom: 4px;\">Sentimento de pertencimento a um grupo<\/strong>\n        <div style=\"font-size: 1rem; font-weight: 500;\">Conex\u00e3o profunda com comunidades que compartilham valores similares.<\/div>\n      <\/div>\n    <\/div>\n\n  <\/div>\n<\/div>\n\n\n\n<h2 class=\"wp-block-heading\">Existe amizade sem o exerc\u00edcio da verdade?<\/h2>\n\n\n\n<p>A sinceridade absoluta \u00e9 o oxig\u00eanio que mant\u00e9m a alma compartilhada viva e pulsante entre dois amigos de longa data. Sem a transpar\u00eancia nos di\u00e1logos, a conex\u00e3o se torna superficial e perde a for\u00e7a transformadora que o fil\u00f3sofo grego tanto admirava. <strong>Verdade relacional<\/strong> constr\u00f3i a funda\u00e7\u00e3o necess\u00e1ria para que a amizade resista a qualquer tempestade em seu longo caminho pessoal.<\/p>\n\n\n\n<p>Corrigir um amigo com carinho \u00e9 um ato de amor profundo que demonstra o interesse real no seu aprimoramento cont\u00ednuo. Esse exerc\u00edcio de honestidade fortalece o respeito m\u00fatuo e garante que ambos caminhem na mesma dire\u00e7\u00e3o em busca da sabedoria. <strong>Crescimento conjunto<\/strong> depende da coragem de falar a verdade sempre que for necess\u00e1rio para o bem comum de todos hoje.<\/p>\n\n\n\n<figure class=\"wp-block-image size-full\"><img decoding=\"async\" width=\"1280\" height=\"720\" src=\"https:\/\/www.correiobraziliense.com.br\/cbradar\/wp-content\/uploads\/2026\/03\/Gemini_Generated_Image_wyz1z1wyz1z1wyz1-1-1.png\" alt=\"Arist\u00f3teles, fil\u00f3sofo: \u201cA amizade \u00e9 uma alma que habita dois corpos\u201d, a reflex\u00e3o do pensador grego sobre rela\u00e7\u00f5es verdadeiras\" class=\"wp-image-204351\" srcset=\"https:\/\/www.correiobraziliense.com.br\/cbradar\/wp-content\/uploads\/2026\/03\/Gemini_Generated_Image_wyz1z1wyz1z1wyz1-1-1.png 1280w, https:\/\/www.correiobraziliense.com.br\/cbradar\/wp-content\/uploads\/2026\/03\/Gemini_Generated_Image_wyz1z1wyz1z1wyz1-1-1-300x169.png 300w, https:\/\/www.correiobraziliense.com.br\/cbradar\/wp-content\/uploads\/2026\/03\/Gemini_Generated_Image_wyz1z1wyz1z1wyz1-1-1-768x432.png 768w, https:\/\/www.correiobraziliense.com.br\/cbradar\/wp-content\/uploads\/2026\/03\/Gemini_Generated_Image_wyz1z1wyz1z1wyz1-1-1-750x422.png 750w, https:\/\/www.correiobraziliense.com.br\/cbradar\/wp-content\/uploads\/2026\/03\/Gemini_Generated_Image_wyz1z1wyz1z1wyz1-1-1-1140x641.png 1140w\" sizes=\"(max-width: 1280px) 100vw, 1280px\" \/><figcaption class=\"wp-element-caption\">Reflex\u00e3o de Arist\u00f3teles descreve amizade verdadeira como uni\u00e3o profunda entre duas almas<\/figcaption><\/figure>\n\n\n\n<h2 class=\"wp-block-heading\">Como a filosofia grega define a amizade perfeita?<\/h2>\n\n\n\n<p>Para os antigos <strong><a href=\"https:\/\/www.correiobraziliense.com.br\/cbradar\/a-frase-de-aristoteles-que-compara-a-felicidade-a-um-habito-e-deixa-uma-licao-poderosa-sobre-a-vida\/\" target=\"_blank\" rel=\"noreferrer noopener\">gregos<\/a><\/strong>, a amizade era vista como uma virtude que deveria ser cultivada com disciplina e inten\u00e7\u00e3o consciente todos os dias. Ela n\u00e3o era apenas um sentimento passageiro, mas um compromisso \u00e9tico de cuidar da alma do outro com a mesma dedica\u00e7\u00e3o. <strong>\u00c9tica da amizade<\/strong> guia os relacionamentos que pretendem ser eternos e significativos em nossa sociedade atual.<\/p>\n\n\n\n<p>Segundo as obras cl\u00e1ssicas dispon\u00edveis na <strong><a target=\"_blank\" rel=\"noreferrer noopener\" href=\"https:\/\/plato.stanford.edu\/entries\/aristotle-ethics\/\">Stanford Encyclopedia of Philosophy<\/a><\/strong>, a amizade baseada na virtude \u00e9 a forma mais duradoura de coopera\u00e7\u00e3o entre os cidad\u00e3os de bem. Viver esse ideal permite que a alma se expanda e alcance novos patamares de sabedoria pr\u00e1tica e felicidade. <strong>Sabedoria aristot\u00e9lica<\/strong> continua sendo a melhor b\u00fassola para orientar nossos v\u00ednculos afetivos mais preciosos hoje.<\/p>\n","protected":false},"excerpt":{"rendered":"<p>A amizade verdadeira representa um dos v\u00ednculos humanos mais profundos e complexos estudados pela filosofia cl\u00e1ssica ao longo dos s\u00e9culos. Para Arist\u00f3teles, esse relacionamento transcende a mera conveni\u00eancia, unindo duas pessoas em um prop\u00f3sito \u00e9tico comum e compartilhado. Entender essa conex\u00e3o \u00e9 essencial para cultivar la\u00e7os que realmente tragam felicidade plena e duradoura hoje mesmo. [&hellip;]<\/p>\n","protected":false},"author":21,"featured_media":204354,"comment_status":"open","ping_status":"open","sticky":false,"template":"","format":"standard","meta":{"_yoast_wpseo_focuskw":"frase de aristoteles sobre amizade verdadeira e virtude","_yoast_wpseo_title":"","_yoast_wpseo_metadesc":"Uma frase atribu\u00edda a Arist\u00f3teles descreve a amizade verdadeira de forma marcante e provoca reflex\u00e3o sobre v\u00ednculos","jnews-multi-image_gallery":[],"jnews_single_post":{"format":"standard"},"jnews_primary_category":[],"jnews_social_meta":[],"jnews_override_counter":[],"footnotes":""},"categories":[112],"post_tag":[1489,12059,12154],"class_list":["post-204341","post","type-post","status-publish","format-standard","has-post-thumbnail","hentry","category-curiosidades","tag-amizade","tag-aristoteles","tag-filosofo"],"yoast_head":"<!-- This site is optimized with the Yoast SEO plugin v24.6 - https:\/\/yoast.com\/wordpress\/plugins\/seo\/ -->\n<title>Arist\u00f3teles, fil\u00f3sofo: \u201cA amizade \u00e9 uma alma que habita dois corpos\u201d, a reflex\u00e3o do pensador grego sobre rela\u00e7\u00f5es verdadeiras - Correio Braziliense - Radar<\/title>\n<meta name=\"description\" content=\"Uma frase atribu\u00edda a Arist\u00f3teles descreve a amizade verdadeira de forma marcante e provoca reflex\u00e3o sobre v\u00ednculos\" \/>\n<meta name=\"robots\" content=\"index, follow, max-snippet:-1, max-image-preview:large, max-video-preview:-1\" \/>\n<link rel=\"canonical\" href=\"https:\/\/www.correiobraziliense.com.br\/cbradar\/aristoteles-filosofo-a-amizade-e-uma-alma-que-habita-dois-corpos-a-reflexao-do-pensador-grego-sobre-relacoes-verdadeiras\/\" \/>\n<meta property=\"og:locale\" content=\"pt_BR\" \/>\n<meta property=\"og:type\" content=\"article\" \/>\n<meta property=\"og:title\" content=\"Arist\u00f3teles, fil\u00f3sofo: \u201cA amizade \u00e9 uma alma que habita dois corpos\u201d, a reflex\u00e3o do pensador grego sobre rela\u00e7\u00f5es verdadeiras - Correio Braziliense - Radar\" \/>\n<meta property=\"og:description\" content=\"Uma frase atribu\u00edda a Arist\u00f3teles descreve a amizade verdadeira de forma marcante e provoca reflex\u00e3o sobre v\u00ednculos\" \/>\n<meta property=\"og:url\" content=\"https:\/\/www.correiobraziliense.com.br\/cbradar\/aristoteles-filosofo-a-amizade-e-uma-alma-que-habita-dois-corpos-a-reflexao-do-pensador-grego-sobre-relacoes-verdadeiras\/\" \/>\n<meta property=\"og:site_name\" content=\"Correio Braziliense - Radar\" \/>\n<meta property=\"article:published_time\" content=\"2026-03-07T00:11:56+00:00\" \/>\n<meta property=\"article:modified_time\" content=\"2026-03-07T00:11:59+00:00\" \/>\n<meta property=\"og:image\" content=\"https:\/\/www.correiobraziliense.com.br\/cbradar\/wp-content\/uploads\/2026\/03\/Gemini_Generated_Image_57aujs57aujs57au-1-1.png\" \/>\n\t<meta property=\"og:image:width\" content=\"1280\" \/>\n\t<meta property=\"og:image:height\" content=\"720\" \/>\n\t<meta property=\"og:image:type\" content=\"image\/png\" \/>\n<meta name=\"author\" content=\"Patrick Silva\" \/>\n<meta name=\"twitter:card\" content=\"summary_large_image\" \/>\n<meta name=\"twitter:label1\" content=\"Escrito por\" \/>\n\t<meta name=\"twitter:data1\" content=\"Patrick Silva\" \/>\n\t<meta name=\"twitter:label2\" content=\"Est. tempo de leitura\" \/>\n\t<meta name=\"twitter:data2\" content=\"5 minutos\" \/>\n<!-- \/ Yoast SEO plugin. -->","yoast_head_json":{"title":"Arist\u00f3teles, fil\u00f3sofo: \u201cA amizade \u00e9 uma alma que habita dois corpos\u201d, a reflex\u00e3o do pensador grego sobre rela\u00e7\u00f5es verdadeiras - Correio Braziliense - Radar","description":"Uma frase atribu\u00edda a Arist\u00f3teles descreve a amizade verdadeira de forma marcante e provoca reflex\u00e3o sobre v\u00ednculos","robots":{"index":"index","follow":"follow","max-snippet":"max-snippet:-1","max-image-preview":"max-image-preview:large","max-video-preview":"max-video-preview:-1"},"canonical":"https:\/\/www.correiobraziliense.com.br\/cbradar\/aristoteles-filosofo-a-amizade-e-uma-alma-que-habita-dois-corpos-a-reflexao-do-pensador-grego-sobre-relacoes-verdadeiras\/","og_locale":"pt_BR","og_type":"article","og_title":"Arist\u00f3teles, fil\u00f3sofo: \u201cA amizade \u00e9 uma alma que habita dois corpos\u201d, a reflex\u00e3o do pensador grego sobre rela\u00e7\u00f5es verdadeiras - Correio Braziliense - Radar","og_description":"Uma frase atribu\u00edda a Arist\u00f3teles descreve a amizade verdadeira de forma marcante e provoca reflex\u00e3o sobre v\u00ednculos","og_url":"https:\/\/www.correiobraziliense.com.br\/cbradar\/aristoteles-filosofo-a-amizade-e-uma-alma-que-habita-dois-corpos-a-reflexao-do-pensador-grego-sobre-relacoes-verdadeiras\/","og_site_name":"Correio Braziliense - Radar","article_published_time":"2026-03-07T00:11:56+00:00","article_modified_time":"2026-03-07T00:11:59+00:00","og_image":[{"width":1280,"height":720,"url":"https:\/\/www.correiobraziliense.com.br\/cbradar\/wp-content\/uploads\/2026\/03\/Gemini_Generated_Image_57aujs57aujs57au-1-1.png","type":"image\/png"}],"author":"Patrick Silva","twitter_card":"summary_large_image","twitter_misc":{"Escrito por":"Patrick Silva","Est. tempo de leitura":"5 minutos"},"schema":{"@context":"https:\/\/schema.org","@graph":[{"@type":"WebPage","@id":"https:\/\/www.correiobraziliense.com.br\/cbradar\/aristoteles-filosofo-a-amizade-e-uma-alma-que-habita-dois-corpos-a-reflexao-do-pensador-grego-sobre-relacoes-verdadeiras\/","url":"https:\/\/www.correiobraziliense.com.br\/cbradar\/aristoteles-filosofo-a-amizade-e-uma-alma-que-habita-dois-corpos-a-reflexao-do-pensador-grego-sobre-relacoes-verdadeiras\/","name":"Arist\u00f3teles, fil\u00f3sofo: \u201cA amizade \u00e9 uma alma que habita dois corpos\u201d, a reflex\u00e3o do pensador grego sobre rela\u00e7\u00f5es verdadeiras - Correio Braziliense - Radar","isPartOf":{"@id":"https:\/\/www.correiobraziliense.com.br\/cbradar\/#website"},"primaryImageOfPage":{"@id":"https:\/\/www.correiobraziliense.com.br\/cbradar\/aristoteles-filosofo-a-amizade-e-uma-alma-que-habita-dois-corpos-a-reflexao-do-pensador-grego-sobre-relacoes-verdadeiras\/#primaryimage"},"image":{"@id":"https:\/\/www.correiobraziliense.com.br\/cbradar\/aristoteles-filosofo-a-amizade-e-uma-alma-que-habita-dois-corpos-a-reflexao-do-pensador-grego-sobre-relacoes-verdadeiras\/#primaryimage"},"thumbnailUrl":"https:\/\/www.correiobraziliense.com.br\/cbradar\/wp-content\/uploads\/2026\/03\/Gemini_Generated_Image_57aujs57aujs57au-1-1.png","datePublished":"2026-03-07T00:11:56+00:00","dateModified":"2026-03-07T00:11:59+00:00","author":{"@id":"https:\/\/www.correiobraziliense.com.br\/cbradar\/#\/schema\/person\/5440b72be9c7eb74f446c846479dc4da"},"description":"Uma frase atribu\u00edda a Arist\u00f3teles descreve a amizade verdadeira de forma marcante e provoca reflex\u00e3o sobre v\u00ednculos","breadcrumb":{"@id":"https:\/\/www.correiobraziliense.com.br\/cbradar\/aristoteles-filosofo-a-amizade-e-uma-alma-que-habita-dois-corpos-a-reflexao-do-pensador-grego-sobre-relacoes-verdadeiras\/#breadcrumb"},"inLanguage":"pt-BR","potentialAction":[{"@type":"ReadAction","target":["https:\/\/www.correiobraziliense.com.br\/cbradar\/aristoteles-filosofo-a-amizade-e-uma-alma-que-habita-dois-corpos-a-reflexao-do-pensador-grego-sobre-relacoes-verdadeiras\/"]}]},{"@type":"ImageObject","inLanguage":"pt-BR","@id":"https:\/\/www.correiobraziliense.com.br\/cbradar\/aristoteles-filosofo-a-amizade-e-uma-alma-que-habita-dois-corpos-a-reflexao-do-pensador-grego-sobre-relacoes-verdadeiras\/#primaryimage","url":"https:\/\/www.correiobraziliense.com.br\/cbradar\/wp-content\/uploads\/2026\/03\/Gemini_Generated_Image_57aujs57aujs57au-1-1.png","contentUrl":"https:\/\/www.correiobraziliense.com.br\/cbradar\/wp-content\/uploads\/2026\/03\/Gemini_Generated_Image_57aujs57aujs57au-1-1.png","width":1280,"height":720,"caption":"Reflex\u00e3o de Arist\u00f3teles descreve amizade verdadeira como uni\u00e3o profunda entre duas almas"},{"@type":"BreadcrumbList","@id":"https:\/\/www.correiobraziliense.com.br\/cbradar\/aristoteles-filosofo-a-amizade-e-uma-alma-que-habita-dois-corpos-a-reflexao-do-pensador-grego-sobre-relacoes-verdadeiras\/#breadcrumb","itemListElement":[{"@type":"ListItem","position":1,"name":"In\u00edcio","item":"https:\/\/www.correiobraziliense.com.br\/cbradar\/"},{"@type":"ListItem","position":2,"name":"Arist\u00f3teles, fil\u00f3sofo: \u201cA amizade \u00e9 uma alma que habita dois corpos\u201d, a reflex\u00e3o do pensador grego sobre rela\u00e7\u00f5es verdadeiras"}]},{"@type":"WebSite","@id":"https:\/\/www.correiobraziliense.com.br\/cbradar\/#website","url":"https:\/\/www.correiobraziliense.com.br\/cbradar\/","name":"Correio Braziliense - Radar","description":"Acompanhe as \u00faltimas not\u00edcias e fique bem informado sobre tudo o que acontece no Brasil e no mundo.","potentialAction":[{"@type":"SearchAction","target":{"@type":"EntryPoint","urlTemplate":"https:\/\/www.correiobraziliense.com.br\/cbradar\/?s={search_term_string}"},"query-input":{"@type":"PropertyValueSpecification","valueRequired":true,"valueName":"search_term_string"}}],"inLanguage":"pt-BR"},{"@type":"Person","@id":"https:\/\/www.correiobraziliense.com.br\/cbradar\/#\/schema\/person\/5440b72be9c7eb74f446c846479dc4da","name":"Patrick Silva","image":{"@type":"ImageObject","inLanguage":"pt-BR","@id":"https:\/\/www.correiobraziliense.com.br\/cbradar\/#\/schema\/person\/image\/","url":"https:\/\/secure.gravatar.com\/avatar\/944109df296fc087785c9715fd5f80b2?s=96&d=mm&r=g","contentUrl":"https:\/\/secure.gravatar.com\/avatar\/944109df296fc087785c9715fd5f80b2?s=96&d=mm&r=g","caption":"Patrick Silva"},"sameAs":["https:\/\/www.correiobraziliense.com.br\/cbradar\/"],"url":"https:\/\/www.correiobraziliense.com.br\/cbradar\/author\/patrick-silva\/"}]}},"_links":{"self":[{"href":"https:\/\/www.correiobraziliense.com.br\/cbradar\/wp-json\/wp\/v2\/posts\/204341","targetHints":{"allow":["GET"]}}],"collection":[{"href":"https:\/\/www.correiobraziliense.com.br\/cbradar\/wp-json\/wp\/v2\/posts"}],"about":[{"href":"https:\/\/www.correiobraziliense.com.br\/cbradar\/wp-json\/wp\/v2\/types\/post"}],"author":[{"embeddable":true,"href":"https:\/\/www.correiobraziliense.com.br\/cbradar\/wp-json\/wp\/v2\/users\/21"}],"replies":[{"embeddable":true,"href":"https:\/\/www.correiobraziliense.com.br\/cbradar\/wp-json\/wp\/v2\/comments?post=204341"}],"version-history":[{"count":4,"href":"https:\/\/www.correiobraziliense.com.br\/cbradar\/wp-json\/wp\/v2\/posts\/204341\/revisions"}],"predecessor-version":[{"id":204358,"href":"https:\/\/www.correiobraziliense.com.br\/cbradar\/wp-json\/wp\/v2\/posts\/204341\/revisions\/204358"}],"wp:featuredmedia":[{"embeddable":true,"href":"https:\/\/www.correiobraziliense.com.br\/cbradar\/wp-json\/wp\/v2\/media\/204354"}],"wp:attachment":[{"href":"https:\/\/www.correiobraziliense.com.br\/cbradar\/wp-json\/wp\/v2\/media?parent=204341"}],"wp:term":[{"taxonomy":"category","embeddable":true,"href":"https:\/\/www.correiobraziliense.com.br\/cbradar\/wp-json\/wp\/v2\/categories?post=204341"},{"taxonomy":"post_tag","embeddable":true,"href":"https:\/\/www.correiobraziliense.com.br\/cbradar\/wp-json\/wp\/v2\/post_tag?post=204341"}],"curies":[{"name":"wp","href":"https:\/\/api.w.org\/{rel}","templated":true}]}}