{"id":204388,"date":"2026-03-10T20:55:00","date_gmt":"2026-03-10T23:55:00","guid":{"rendered":"https:\/\/www.correiobraziliense.com.br\/cbradar\/?p=204388"},"modified":"2026-03-09T13:40:47","modified_gmt":"2026-03-09T16:40:47","slug":"potes-destampados-e-espaco-de-sobra-o-truque-que-faz-parecer-que-seu-armario-e-2x-maior","status":"publish","type":"post","link":"https:\/\/www.correiobraziliense.com.br\/cbradar\/potes-destampados-e-espaco-de-sobra-o-truque-que-faz-parecer-que-seu-armario-e-2x-maior\/","title":{"rendered":"Potes destampados e espa\u00e7o de sobra, o truque que faz parecer que seu armario \u00e9 2x maior"},"content":{"rendered":"\n<p><strong>Guardar os potes destampados<\/strong> \u00e9 o segredo de organiza\u00e7\u00e3o que resolve a bagun\u00e7a di\u00e1ria da sua cozinha e ainda dobra o espa\u00e7o livre nos arm\u00e1rios apertados. Esse m\u00e9todo pr\u00e1tico elimina aquele cheiro de pl\u00e1stico guardado e facilita muito a rotina na hora de montar as marmitas da semana.<\/p>\n\n\n\n<h2 class=\"wp-block-heading\">Por que guardar os potes destampados resolve o problema de cheiro?<\/h2>\n\n\n\n<p>Fechar os pl\u00e1sticos engordurados cria o ambiente perfeito para as bact\u00e9rias e deixa um odor forte de comida grudado na tampa da vasilha. Deixar as pe\u00e7as abertas garante a ventila\u00e7\u00e3o natural que a lou\u00e7a precisa para respirar depois da lavagem com bucha na pia.<\/p>\n\n\n\n<p>A secagem completa ao ar livre bloqueia a prolifera\u00e7\u00e3o de microorganismos perigosos no material. O vento circulando livremente impede a forma\u00e7\u00e3o de mofo nas frestas do <strong>pl\u00e1stico<\/strong> e prolonga a vida \u00fatil dos seus recipientes.<\/p>\n\n\n<div class=\"wp-block-image\">\n<figure class=\"aligncenter size-full\"><img decoding=\"async\" width=\"1280\" height=\"720\" src=\"https:\/\/www.correiobraziliense.com.br\/cbradar\/wp-content\/uploads\/2026\/03\/imagem_2026-03-06_194114465.png\" alt=\"Gaveta de cozinha brasileira com potes aninhados e organizados\" class=\"wp-image-204402\" srcset=\"https:\/\/www.correiobraziliense.com.br\/cbradar\/wp-content\/uploads\/2026\/03\/imagem_2026-03-06_194114465.png 1280w, https:\/\/www.correiobraziliense.com.br\/cbradar\/wp-content\/uploads\/2026\/03\/imagem_2026-03-06_194114465-300x169.png 300w, https:\/\/www.correiobraziliense.com.br\/cbradar\/wp-content\/uploads\/2026\/03\/imagem_2026-03-06_194114465-768x432.png 768w, https:\/\/www.correiobraziliense.com.br\/cbradar\/wp-content\/uploads\/2026\/03\/imagem_2026-03-06_194114465-750x422.png 750w, https:\/\/www.correiobraziliense.com.br\/cbradar\/wp-content\/uploads\/2026\/03\/imagem_2026-03-06_194114465-1140x641.png 1140w\" sizes=\"(max-width: 1280px) 100vw, 1280px\" \/><figcaption class=\"wp-element-caption\">Gaveta de cozinha brasileira com potes aninhados e organizados<\/figcaption><\/figure><\/div>\n\n\n<h2 class=\"wp-block-heading\">Qual \u00e9 a melhor forma de empilhar as bases redondas e quadradas?<\/h2>\n\n\n\n<p>A regra de ouro da organiza\u00e7\u00e3o de gavetas \u00e9 colocar as pe\u00e7as umas dentro das outras, come\u00e7ando sempre da base maior para a menorzinha. Esse formato de torre usa todo o espa\u00e7o vertical da sua <strong>cozinha<\/strong> e n\u00e3o trava as pe\u00e7as de marcas diferentes no fundo do m\u00f3vel.<\/p>\n\n\n\n<p>Preparei uma tabela r\u00e1pida comparando o formato tradicional com a t\u00e9cnica do empilhamento inteligente para voc\u00ea notar a diferen\u00e7a real.<\/p>\n\n\n\n<figure class=\"wp-block-table\"><table class=\"has-fixed-layout\"><tbody><tr><th>Situa\u00e7\u00e3o da gaveta<\/th><th>Pote fechado na prateleira<\/th><th>Base empilhada e aberta<\/th><\/tr><tr><td>Espa\u00e7o ocupado no arm\u00e1rio<\/td><td>Toma o dobro da altura<\/td><td>Usa o m\u00ednimo do espa\u00e7o<\/td><\/tr><tr><td>Cheiro no interior da pe\u00e7a<\/td><td>Fica com odor de guardado<\/td><td>Fica fresco e totalmente limpo<\/td><\/tr><tr><td>Velocidade para guardar<\/td><td>Demora mais tempo encaixando<\/td><td>Basta jogar um dentro do outro<\/td><\/tr><\/tbody><\/table><\/figure>\n\n\n\n<p>Leia tamb\u00e9m: <a href=\"https:\/\/www.correiobraziliense.com.br\/cbradar\/quanto-custa-transformar-o-banheiro-antigo-em-um-espaco-moderno-trocando-apenas-a-bancada-e-o-sistema-de-iluminacao\/\" target=\"_blank\" rel=\"noreferrer noopener\">Quanto custa transformar o banheiro antigo em um espa\u00e7o moderno trocando apenas a bancada e o sistema de ilumina\u00e7\u00e3o<\/a><\/p>\n\n\n\n<h2 class=\"wp-block-heading\">Onde colocar as tampas de pl\u00e1stico sem fazer uma nova bagun\u00e7a?<\/h2>\n\n\n\n<p>O pulo do gato dessa t\u00e9cnica \u00e9 arrumar um lugar exclusivo para as tampas n\u00e3o ficarem perdidas ou voando soltas pela prateleira inteira. Voc\u00ea consegue resolver esse detalhe usando coisas que j\u00e1 tem em casa e criando um arquivo pr\u00e1tico.<\/p>\n\n\n\n<p>Separei os itens mais baratos que voc\u00ea pode usar para colocar as tampas em p\u00e9 agora mesmo.<\/p>\n\n\n\n<ul class=\"wp-block-list\">\n<li>Um escorredor de lou\u00e7as de pl\u00e1stico pequeno que sobrou do lado da pia.<\/li>\n\n\n\n<li>Caixas de separar pastas suspensas feitas de <strong>acr\u00edlico<\/strong> para escrit\u00f3rio.<\/li>\n\n\n\n<li>Cestos organizadores retangulares comprados em lojas de <strong>utilidades dom\u00e9sticas<\/strong>.<\/li>\n\n\n\n<li>Suportes de metal aramado para livros fixados direto na porta do arm\u00e1rio.<\/li>\n<\/ul>\n\n\n<div class=\"wp-block-image\">\n<figure class=\"aligncenter size-full\"><img decoding=\"async\" width=\"1280\" height=\"720\" src=\"https:\/\/www.correiobraziliense.com.br\/cbradar\/wp-content\/uploads\/2026\/03\/imagem_2026-03-06_194121333.png\" alt=\"M\u00e3os aninhando potes de pl\u00e1stico em gaveta de cozinha.\" class=\"wp-image-204401\" srcset=\"https:\/\/www.correiobraziliense.com.br\/cbradar\/wp-content\/uploads\/2026\/03\/imagem_2026-03-06_194121333.png 1280w, https:\/\/www.correiobraziliense.com.br\/cbradar\/wp-content\/uploads\/2026\/03\/imagem_2026-03-06_194121333-300x169.png 300w, https:\/\/www.correiobraziliense.com.br\/cbradar\/wp-content\/uploads\/2026\/03\/imagem_2026-03-06_194121333-768x432.png 768w, https:\/\/www.correiobraziliense.com.br\/cbradar\/wp-content\/uploads\/2026\/03\/imagem_2026-03-06_194121333-750x422.png 750w, https:\/\/www.correiobraziliense.com.br\/cbradar\/wp-content\/uploads\/2026\/03\/imagem_2026-03-06_194121333-1140x641.png 1140w\" sizes=\"(max-width: 1280px) 100vw, 1280px\" \/><figcaption class=\"wp-element-caption\">M\u00e3os aninhando potes de pl\u00e1stico em gaveta de cozinha.<\/figcaption><\/figure><\/div>\n\n\n<h2 class=\"wp-block-heading\">Como essa organiza\u00e7\u00e3o acelera a rotina de montar as marmitas?<\/h2>\n\n\n\n<p>Ningu\u00e9m merece gastar minutos valiosos da manh\u00e3 revirando o arm\u00e1rio atr\u00e1s de uma tampa da <strong>Tupperware<\/strong> que simplesmente sumiu no escuro. Manter um padr\u00e3o visual claro permite que voc\u00ea bata o olho e pegue exatamente o kit do tamanho certo na hora da pressa.<\/p>\n\n\n\n<p>Essa agilidade salva a pele de quem prepara a comida da semana toda no domingo e precisa congelar as por\u00e7\u00f5es ao mesmo tempo na <strong>geladeira<\/strong>. O h\u00e1bito de ter as bases agrupadas corta o estresse da cozinha pela metade e evita atrasos na hora de sair para o trabalho.<\/p>\n\n\n<div class=\"wp-block-image\">\n<figure class=\"aligncenter size-full\"><img decoding=\"async\" width=\"1280\" height=\"720\" src=\"https:\/\/www.correiobraziliense.com.br\/cbradar\/wp-content\/uploads\/2026\/03\/imagem_2026-03-06_194127569.png\" alt=\"Vis\u00e3o ampla de arm\u00e1rio com tampas organizadas verticalmente\" class=\"wp-image-204403\" srcset=\"https:\/\/www.correiobraziliense.com.br\/cbradar\/wp-content\/uploads\/2026\/03\/imagem_2026-03-06_194127569.png 1280w, https:\/\/www.correiobraziliense.com.br\/cbradar\/wp-content\/uploads\/2026\/03\/imagem_2026-03-06_194127569-300x169.png 300w, https:\/\/www.correiobraziliense.com.br\/cbradar\/wp-content\/uploads\/2026\/03\/imagem_2026-03-06_194127569-768x432.png 768w, https:\/\/www.correiobraziliense.com.br\/cbradar\/wp-content\/uploads\/2026\/03\/imagem_2026-03-06_194127569-750x422.png 750w, https:\/\/www.correiobraziliense.com.br\/cbradar\/wp-content\/uploads\/2026\/03\/imagem_2026-03-06_194127569-1140x641.png 1140w\" sizes=\"(max-width: 1280px) 100vw, 1280px\" \/><figcaption class=\"wp-element-caption\">Vis\u00e3o ampla de arm\u00e1rio com tampas organizadas verticalmente<\/figcaption><\/figure><\/div>\n\n\n<h2 class=\"wp-block-heading\">Quais cuidados extras prolongam a durabilidade dessas vasilhas?<\/h2>\n\n\n\n<p>Lavar o pote com o lado macio da bucha evita riscos no fundo, o que impede que o molho de tomate grude eternamente na sua pe\u00e7a nova. Outra dica valiosa \u00e9 evitar colocar o recipiente super quente direto na pedra gelada da pia para n\u00e3o trincar o pl\u00e1stico duro.<\/p>\n\n\n\n<p>Tirar a gordura pesada usando um pouco de <strong>\u00e1gua morna<\/strong> e detergente neutro \u00e9 a melhor sa\u00edda para manter o material sempre transparente e bonito. Evite esponjas de a\u00e7o ou produtos qu\u00edmicos super fortes que corroem a camada protetora original da sua vasilha no dia a dia.<\/p>\n","protected":false},"excerpt":{"rendered":"<p>Guardar os potes destampados \u00e9 o segredo de organiza\u00e7\u00e3o que resolve a bagun\u00e7a di\u00e1ria da sua cozinha e ainda dobra o espa\u00e7o livre nos arm\u00e1rios apertados. Esse m\u00e9todo pr\u00e1tico elimina aquele cheiro de pl\u00e1stico guardado e facilita muito a rotina na hora de montar as marmitas da semana. Por que guardar os potes destampados resolve [&hellip;]<\/p>\n","protected":false},"author":11,"featured_media":205647,"comment_status":"open","ping_status":"open","sticky":false,"template":"","format":"standard","meta":{"_yoast_wpseo_focuskw":"guardar os potes destampados","_yoast_wpseo_title":"","_yoast_wpseo_metadesc":"O truque de guardar os potes destampados salva metade do espa\u00e7o no seu arm\u00e1rio. Acabe com aquele cheiro ruim de pl\u00e1stico velho e organize a cozinha.","jnews-multi-image_gallery":[],"jnews_single_post":{"format":"standard"},"jnews_primary_category":[],"jnews_social_meta":[],"jnews_override_counter":[],"footnotes":""},"categories":[143],"post_tag":[13715,7425],"class_list":["post-204388","post","type-post","status-publish","format-standard","has-post-thumbnail","hentry","category-casa-e-decoracao","tag-armario-2","tag-potes"],"yoast_head":"<!-- This site is optimized with the Yoast SEO plugin v24.6 - https:\/\/yoast.com\/wordpress\/plugins\/seo\/ -->\n<title>Potes destampados e espa\u00e7o de sobra, o truque que faz parecer que seu armario \u00e9 2x maior - Correio Braziliense - Radar<\/title>\n<meta name=\"description\" content=\"O truque de guardar os potes destampados salva metade do espa\u00e7o no seu arm\u00e1rio. Acabe com aquele cheiro ruim de pl\u00e1stico velho e organize a cozinha.\" \/>\n<meta name=\"robots\" content=\"index, follow, max-snippet:-1, max-image-preview:large, max-video-preview:-1\" \/>\n<link rel=\"canonical\" href=\"https:\/\/www.correiobraziliense.com.br\/cbradar\/potes-destampados-e-espaco-de-sobra-o-truque-que-faz-parecer-que-seu-armario-e-2x-maior\/\" \/>\n<meta property=\"og:locale\" content=\"pt_BR\" \/>\n<meta property=\"og:type\" content=\"article\" \/>\n<meta property=\"og:title\" content=\"Potes destampados e espa\u00e7o de sobra, o truque que faz parecer que seu armario \u00e9 2x maior - Correio Braziliense - Radar\" \/>\n<meta property=\"og:description\" content=\"O truque de guardar os potes destampados salva metade do espa\u00e7o no seu arm\u00e1rio. Acabe com aquele cheiro ruim de pl\u00e1stico velho e organize a cozinha.\" \/>\n<meta property=\"og:url\" content=\"https:\/\/www.correiobraziliense.com.br\/cbradar\/potes-destampados-e-espaco-de-sobra-o-truque-que-faz-parecer-que-seu-armario-e-2x-maior\/\" \/>\n<meta property=\"og:site_name\" content=\"Correio Braziliense - Radar\" \/>\n<meta property=\"article:published_time\" content=\"2026-03-10T23:55:00+00:00\" \/>\n<meta property=\"og:image\" content=\"https:\/\/www.correiobraziliense.com.br\/cbradar\/wp-content\/uploads\/2026\/03\/freepik__gaveta-da-cozinha-aberta-com-potes-um-dentro-do-ou__86157.jpeg\" \/>\n\t<meta property=\"og:image:width\" content=\"1280\" \/>\n\t<meta property=\"og:image:height\" content=\"720\" \/>\n\t<meta property=\"og:image:type\" content=\"image\/jpeg\" \/>\n<meta name=\"author\" content=\"Paulo Custodio\" \/>\n<meta name=\"twitter:card\" content=\"summary_large_image\" \/>\n<meta name=\"twitter:label1\" content=\"Escrito por\" \/>\n\t<meta name=\"twitter:data1\" content=\"Paulo Custodio\" \/>\n\t<meta name=\"twitter:label2\" content=\"Est. tempo de leitura\" \/>\n\t<meta name=\"twitter:data2\" content=\"5 minutos\" \/>\n<!-- \/ Yoast SEO plugin. -->","yoast_head_json":{"title":"Potes destampados e espa\u00e7o de sobra, o truque que faz parecer que seu armario \u00e9 2x maior - Correio Braziliense - Radar","description":"O truque de guardar os potes destampados salva metade do espa\u00e7o no seu arm\u00e1rio. Acabe com aquele cheiro ruim de pl\u00e1stico velho e organize a cozinha.","robots":{"index":"index","follow":"follow","max-snippet":"max-snippet:-1","max-image-preview":"max-image-preview:large","max-video-preview":"max-video-preview:-1"},"canonical":"https:\/\/www.correiobraziliense.com.br\/cbradar\/potes-destampados-e-espaco-de-sobra-o-truque-que-faz-parecer-que-seu-armario-e-2x-maior\/","og_locale":"pt_BR","og_type":"article","og_title":"Potes destampados e espa\u00e7o de sobra, o truque que faz parecer que seu armario \u00e9 2x maior - Correio Braziliense - Radar","og_description":"O truque de guardar os potes destampados salva metade do espa\u00e7o no seu arm\u00e1rio. Acabe com aquele cheiro ruim de pl\u00e1stico velho e organize a cozinha.","og_url":"https:\/\/www.correiobraziliense.com.br\/cbradar\/potes-destampados-e-espaco-de-sobra-o-truque-que-faz-parecer-que-seu-armario-e-2x-maior\/","og_site_name":"Correio Braziliense - Radar","article_published_time":"2026-03-10T23:55:00+00:00","og_image":[{"width":1280,"height":720,"url":"https:\/\/www.correiobraziliense.com.br\/cbradar\/wp-content\/uploads\/2026\/03\/freepik__gaveta-da-cozinha-aberta-com-potes-um-dentro-do-ou__86157.jpeg","type":"image\/jpeg"}],"author":"Paulo Custodio","twitter_card":"summary_large_image","twitter_misc":{"Escrito por":"Paulo Custodio","Est. tempo de leitura":"5 minutos"},"schema":{"@context":"https:\/\/schema.org","@graph":[{"@type":"WebPage","@id":"https:\/\/www.correiobraziliense.com.br\/cbradar\/potes-destampados-e-espaco-de-sobra-o-truque-que-faz-parecer-que-seu-armario-e-2x-maior\/","url":"https:\/\/www.correiobraziliense.com.br\/cbradar\/potes-destampados-e-espaco-de-sobra-o-truque-que-faz-parecer-que-seu-armario-e-2x-maior\/","name":"Potes destampados e espa\u00e7o de sobra, o truque que faz parecer que seu armario \u00e9 2x maior - Correio Braziliense - Radar","isPartOf":{"@id":"https:\/\/www.correiobraziliense.com.br\/cbradar\/#website"},"primaryImageOfPage":{"@id":"https:\/\/www.correiobraziliense.com.br\/cbradar\/potes-destampados-e-espaco-de-sobra-o-truque-que-faz-parecer-que-seu-armario-e-2x-maior\/#primaryimage"},"image":{"@id":"https:\/\/www.correiobraziliense.com.br\/cbradar\/potes-destampados-e-espaco-de-sobra-o-truque-que-faz-parecer-que-seu-armario-e-2x-maior\/#primaryimage"},"thumbnailUrl":"https:\/\/www.correiobraziliense.com.br\/cbradar\/wp-content\/uploads\/2026\/03\/freepik__gaveta-da-cozinha-aberta-com-potes-um-dentro-do-ou__86157.jpeg","datePublished":"2026-03-10T23:55:00+00:00","author":{"@id":"https:\/\/www.correiobraziliense.com.br\/cbradar\/#\/schema\/person\/4cec7857301a9a1a2ef249893cd908d3"},"description":"O truque de guardar os potes destampados salva metade do espa\u00e7o no seu arm\u00e1rio. Acabe com aquele cheiro ruim de pl\u00e1stico velho e organize a cozinha.","breadcrumb":{"@id":"https:\/\/www.correiobraziliense.com.br\/cbradar\/potes-destampados-e-espaco-de-sobra-o-truque-que-faz-parecer-que-seu-armario-e-2x-maior\/#breadcrumb"},"inLanguage":"pt-BR","potentialAction":[{"@type":"ReadAction","target":["https:\/\/www.correiobraziliense.com.br\/cbradar\/potes-destampados-e-espaco-de-sobra-o-truque-que-faz-parecer-que-seu-armario-e-2x-maior\/"]}]},{"@type":"ImageObject","inLanguage":"pt-BR","@id":"https:\/\/www.correiobraziliense.com.br\/cbradar\/potes-destampados-e-espaco-de-sobra-o-truque-que-faz-parecer-que-seu-armario-e-2x-maior\/#primaryimage","url":"https:\/\/www.correiobraziliense.com.br\/cbradar\/wp-content\/uploads\/2026\/03\/freepik__gaveta-da-cozinha-aberta-com-potes-um-dentro-do-ou__86157.jpeg","contentUrl":"https:\/\/www.correiobraziliense.com.br\/cbradar\/wp-content\/uploads\/2026\/03\/freepik__gaveta-da-cozinha-aberta-com-potes-um-dentro-do-ou__86157.jpeg","width":1280,"height":720,"caption":"Guardar potes destampados ajuda a evitar o ac\u00famulo de umidade e odores dentro dos recipientes"},{"@type":"BreadcrumbList","@id":"https:\/\/www.correiobraziliense.com.br\/cbradar\/potes-destampados-e-espaco-de-sobra-o-truque-que-faz-parecer-que-seu-armario-e-2x-maior\/#breadcrumb","itemListElement":[{"@type":"ListItem","position":1,"name":"In\u00edcio","item":"https:\/\/www.correiobraziliense.com.br\/cbradar\/"},{"@type":"ListItem","position":2,"name":"Potes destampados e espa\u00e7o de sobra, o truque que faz parecer que seu armario \u00e9 2x maior"}]},{"@type":"WebSite","@id":"https:\/\/www.correiobraziliense.com.br\/cbradar\/#website","url":"https:\/\/www.correiobraziliense.com.br\/cbradar\/","name":"Correio Braziliense - Radar","description":"Acompanhe as \u00faltimas not\u00edcias e fique bem informado sobre tudo o que acontece no Brasil e no mundo.","potentialAction":[{"@type":"SearchAction","target":{"@type":"EntryPoint","urlTemplate":"https:\/\/www.correiobraziliense.com.br\/cbradar\/?s={search_term_string}"},"query-input":{"@type":"PropertyValueSpecification","valueRequired":true,"valueName":"search_term_string"}}],"inLanguage":"pt-BR"},{"@type":"Person","@id":"https:\/\/www.correiobraziliense.com.br\/cbradar\/#\/schema\/person\/4cec7857301a9a1a2ef249893cd908d3","name":"Paulo Custodio","image":{"@type":"ImageObject","inLanguage":"pt-BR","@id":"https:\/\/www.correiobraziliense.com.br\/cbradar\/#\/schema\/person\/image\/","url":"https:\/\/secure.gravatar.com\/avatar\/bcd67168d1534e8fcf4f45c726a87cea?s=96&d=mm&r=g","contentUrl":"https:\/\/secure.gravatar.com\/avatar\/bcd67168d1534e8fcf4f45c726a87cea?s=96&d=mm&r=g","caption":"Paulo Custodio"},"sameAs":["https:\/\/www.correiobraziliense.com.br\/cbradar"],"url":"https:\/\/www.correiobraziliense.com.br\/cbradar\/author\/paulomyth\/"}]}},"_links":{"self":[{"href":"https:\/\/www.correiobraziliense.com.br\/cbradar\/wp-json\/wp\/v2\/posts\/204388","targetHints":{"allow":["GET"]}}],"collection":[{"href":"https:\/\/www.correiobraziliense.com.br\/cbradar\/wp-json\/wp\/v2\/posts"}],"about":[{"href":"https:\/\/www.correiobraziliense.com.br\/cbradar\/wp-json\/wp\/v2\/types\/post"}],"author":[{"embeddable":true,"href":"https:\/\/www.correiobraziliense.com.br\/cbradar\/wp-json\/wp\/v2\/users\/11"}],"replies":[{"embeddable":true,"href":"https:\/\/www.correiobraziliense.com.br\/cbradar\/wp-json\/wp\/v2\/comments?post=204388"}],"version-history":[{"count":1,"href":"https:\/\/www.correiobraziliense.com.br\/cbradar\/wp-json\/wp\/v2\/posts\/204388\/revisions"}],"predecessor-version":[{"id":204404,"href":"https:\/\/www.correiobraziliense.com.br\/cbradar\/wp-json\/wp\/v2\/posts\/204388\/revisions\/204404"}],"wp:featuredmedia":[{"embeddable":true,"href":"https:\/\/www.correiobraziliense.com.br\/cbradar\/wp-json\/wp\/v2\/media\/205647"}],"wp:attachment":[{"href":"https:\/\/www.correiobraziliense.com.br\/cbradar\/wp-json\/wp\/v2\/media?parent=204388"}],"wp:term":[{"taxonomy":"category","embeddable":true,"href":"https:\/\/www.correiobraziliense.com.br\/cbradar\/wp-json\/wp\/v2\/categories?post=204388"},{"taxonomy":"post_tag","embeddable":true,"href":"https:\/\/www.correiobraziliense.com.br\/cbradar\/wp-json\/wp\/v2\/post_tag?post=204388"}],"curies":[{"name":"wp","href":"https:\/\/api.w.org\/{rel}","templated":true}]}}